{"id":14523,"date":"2024-06-09T12:25:23","date_gmt":"2024-06-09T15:25:23","guid":{"rendered":"https:\/\/brasilnoticias.org\/site\/?p=14523"},"modified":"2024-06-09T12:25:23","modified_gmt":"2024-06-09T15:25:23","slug":"anac-inicia-operacao-de-retirada-de-avioes-do-aeroporto-de-porto-alegre-apos-enchentes","status":"publish","type":"post","link":"https:\/\/brasilnoticias.org\/site\/anac-inicia-operacao-de-retirada-de-avioes-do-aeroporto-de-porto-alegre-apos-enchentes\/","title":{"rendered":"Anac inicia opera\u00e7\u00e3o de retirada de avi\u00f5es do aeroporto de Porto Alegre ap\u00f3s enchentes"},"content":{"rendered":"<p>Na primeira fase da opera\u00e7\u00e3o no aeroporto, o objetivo \u00e9 retirar nove dos 47 avi\u00f5es que ficaram presos com o alagamento do terminal.<\/p>\n<p>A Ag\u00eancia Nacional de Avia\u00e7\u00e3o Civil (Anac) iniciou na manh\u00e3 deste domingo (9) a remo\u00e7\u00e3o das aeronaves que ficaram ilhadas no aeroporto Salgado Filho, em Porto Alegre, no Rio Grande do Sul, ap\u00f3s as enchentes que atingiram o estado.<\/p>\n<p>Na primeira fase da opera\u00e7\u00e3o no aeroporto, o objetivo \u00e9 retirar nove dos 47 avi\u00f5es que ficaram presos com o alagamento do terminal. De acordo com a Anac, os procedimentos acontecem com o apoio do Departamento de Controle do Espa\u00e7o A\u00e9reo (Decea), dos operadores de voos e da Fraport Brasil, concession\u00e1ria que administra o Salgado Filho.<\/p>\n<p>Para a opera\u00e7\u00e3o ocorrer sem acidentes, as remo\u00e7\u00f5es s\u00e3o realizadas em hor\u00e1rios predefinidos, com o aux\u00edlio do servi\u00e7o de tr\u00e1fego a\u00e9reo. Pousos e decolagens permanecem suspensos no aeroporto da capital ga\u00facha.<\/p>\n<p>A opera\u00e7\u00e3o para remover as aeronaves ocorre &#8220;em car\u00e1ter excepcional&#8221; e &#8220;n\u00e3o permite a libera\u00e7\u00e3o do aeroporto para voos comerciais com passageiros&#8221;, refor\u00e7ou a Anac. O terminal Salgado Filho teve suas opera\u00e7\u00f5es suspensas no dia 3 de maio e ainda n\u00e3o h\u00e1 uma data definida para a reabertura do aeroporto. A previs\u00e3o de retomada \u00e9 para dezembro, mas sem uma defini\u00e7\u00e3o formal.<\/p>\n<p>Foto: Mauricio Tonetto \/ Secom<br \/>\nPor: Metro1<\/p>\n","protected":false},"excerpt":{"rendered":"<p>Na primeira fase da opera\u00e7\u00e3o no aeroporto, o objetivo \u00e9 retirar nove dos 47 avi\u00f5es que ficaram presos com o<\/p>\n","protected":false},"author":4,"featured_media":14524,"comment_status":"open","ping_status":"open","sticky":false,"template":"","format":"standard","meta":{"colormag_page_container_layout":"default_layout","colormag_page_sidebar_layout":"default_layout","_FSMCFIC_featured_image_caption":"","_FSMCFIC_featured_image_nocaption":"","_FSMCFIC_featured_image_hide":"","footnotes":""},"categories":[2,1],"tags":[],"class_list":["post-14523","post","type-post","status-publish","format-standard","has-post-thumbnail","hentry","category-noticias","category-ultimas"],"yoast_head":"<!-- This site is optimized with the Yoast SEO plugin v27.1.1 - https:\/\/yoast.com\/product\/yoast-seo-wordpress\/ -->\n<title>Anac inicia opera\u00e7\u00e3o de retirada de avi\u00f5es do aeroporto de Porto Alegre ap\u00f3s enchentes - Brasil not\u00edcias<\/title>\n<meta name=\"robots\" content=\"index, follow, max-snippet:-1, max-image-preview:large, max-video-preview:-1\" \/>\n<link rel=\"canonical\" href=\"https:\/\/brasilnoticias.org\/site\/anac-inicia-operacao-de-retirada-de-avioes-do-aeroporto-de-porto-alegre-apos-enchentes\/\" \/>\n<meta property=\"og:locale\" content=\"pt_PT\" \/>\n<meta property=\"og:type\" content=\"article\" \/>\n<meta property=\"og:title\" content=\"Anac inicia opera\u00e7\u00e3o de retirada de avi\u00f5es do aeroporto de Porto Alegre ap\u00f3s enchentes - Brasil not\u00edcias\" \/>\n<meta property=\"og:description\" content=\"Na primeira fase da opera\u00e7\u00e3o no aeroporto, o objetivo \u00e9 retirar nove dos 47 avi\u00f5es que ficaram presos com o\" \/>\n<meta property=\"og:url\" content=\"https:\/\/brasilnoticias.org\/site\/anac-inicia-operacao-de-retirada-de-avioes-do-aeroporto-de-porto-alegre-apos-enchentes\/\" \/>\n<meta property=\"og:site_name\" content=\"Brasil not\u00edcias\" \/>\n<meta property=\"article:published_time\" content=\"2024-06-09T15:25:23+00:00\" \/>\n<meta property=\"og:image\" content=\"https:\/\/brasilnoticias.org\/site\/wp-content\/uploads\/2024\/06\/151305anac-inicia-operacao-de-retirada-de-avioes-do-aeroporto-de-porto-alegre-apos-enchentes-3.jpg\" \/>\n\t<meta property=\"og:image:width\" content=\"1600\" \/>\n\t<meta property=\"og:image:height\" content=\"752\" \/>\n\t<meta property=\"og:image:type\" content=\"image\/jpeg\" \/>\n<meta name=\"author\" content=\"Reda\u00e7\u00e3o\" \/>\n<meta name=\"twitter:card\" content=\"summary_large_image\" \/>\n<meta name=\"twitter:label1\" content=\"Escrito por\" \/>\n\t<meta name=\"twitter:data1\" content=\"Reda\u00e7\u00e3o\" \/>\n\t<meta name=\"twitter:label2\" content=\"Tempo estimado de leitura\" \/>\n\t<meta name=\"twitter:data2\" content=\"1 minuto\" \/>\n<script type=\"application\/ld+json\" class=\"yoast-schema-graph\">{\"@context\":\"https:\/\/schema.org\",\"@graph\":[{\"@type\":\"Article\",\"@id\":\"https:\/\/brasilnoticias.org\/site\/anac-inicia-operacao-de-retirada-de-avioes-do-aeroporto-de-porto-alegre-apos-enchentes\/#article\",\"isPartOf\":{\"@id\":\"https:\/\/brasilnoticias.org\/site\/anac-inicia-operacao-de-retirada-de-avioes-do-aeroporto-de-porto-alegre-apos-enchentes\/\"},\"author\":{\"name\":\"Reda\u00e7\u00e3o\",\"@id\":\"https:\/\/brasilnoticias.org\/site\/#\/schema\/person\/03bbbfe6c7634ad18c26444ea39049fa\"},\"headline\":\"Anac inicia opera\u00e7\u00e3o de retirada de avi\u00f5es do aeroporto de Porto Alegre ap\u00f3s enchentes\",\"datePublished\":\"2024-06-09T15:25:23+00:00\",\"mainEntityOfPage\":{\"@id\":\"https:\/\/brasilnoticias.org\/site\/anac-inicia-operacao-de-retirada-de-avioes-do-aeroporto-de-porto-alegre-apos-enchentes\/\"},\"wordCount\":256,\"commentCount\":0,\"publisher\":{\"@id\":\"https:\/\/brasilnoticias.org\/site\/#organization\"},\"image\":{\"@id\":\"https:\/\/brasilnoticias.org\/site\/anac-inicia-operacao-de-retirada-de-avioes-do-aeroporto-de-porto-alegre-apos-enchentes\/#primaryimage\"},\"thumbnailUrl\":\"https:\/\/brasilnoticias.org\/site\/wp-content\/uploads\/2024\/06\/151305anac-inicia-operacao-de-retirada-de-avioes-do-aeroporto-de-porto-alegre-apos-enchentes-3.jpg\",\"articleSection\":[\"Not\u00edcias\",\"\u00daltimas\"],\"inLanguage\":\"pt-PT\",\"potentialAction\":[{\"@type\":\"CommentAction\",\"name\":\"Comment\",\"target\":[\"https:\/\/brasilnoticias.org\/site\/anac-inicia-operacao-de-retirada-de-avioes-do-aeroporto-de-porto-alegre-apos-enchentes\/#respond\"]}]},{\"@type\":\"WebPage\",\"@id\":\"https:\/\/brasilnoticias.org\/site\/anac-inicia-operacao-de-retirada-de-avioes-do-aeroporto-de-porto-alegre-apos-enchentes\/\",\"url\":\"https:\/\/brasilnoticias.org\/site\/anac-inicia-operacao-de-retirada-de-avioes-do-aeroporto-de-porto-alegre-apos-enchentes\/\",\"name\":\"Anac inicia opera\u00e7\u00e3o de retirada de avi\u00f5es do aeroporto de Porto Alegre ap\u00f3s enchentes - Brasil not\u00edcias\",\"isPartOf\":{\"@id\":\"https:\/\/brasilnoticias.org\/site\/#website\"},\"primaryImageOfPage\":{\"@id\":\"https:\/\/brasilnoticias.org\/site\/anac-inicia-operacao-de-retirada-de-avioes-do-aeroporto-de-porto-alegre-apos-enchentes\/#primaryimage\"},\"image\":{\"@id\":\"https:\/\/brasilnoticias.org\/site\/anac-inicia-operacao-de-retirada-de-avioes-do-aeroporto-de-porto-alegre-apos-enchentes\/#primaryimage\"},\"thumbnailUrl\":\"https:\/\/brasilnoticias.org\/site\/wp-content\/uploads\/2024\/06\/151305anac-inicia-operacao-de-retirada-de-avioes-do-aeroporto-de-porto-alegre-apos-enchentes-3.jpg\",\"datePublished\":\"2024-06-09T15:25:23+00:00\",\"breadcrumb\":{\"@id\":\"https:\/\/brasilnoticias.org\/site\/anac-inicia-operacao-de-retirada-de-avioes-do-aeroporto-de-porto-alegre-apos-enchentes\/#breadcrumb\"},\"inLanguage\":\"pt-PT\",\"potentialAction\":[{\"@type\":\"ReadAction\",\"target\":[\"https:\/\/brasilnoticias.org\/site\/anac-inicia-operacao-de-retirada-de-avioes-do-aeroporto-de-porto-alegre-apos-enchentes\/\"]}]},{\"@type\":\"ImageObject\",\"inLanguage\":\"pt-PT\",\"@id\":\"https:\/\/brasilnoticias.org\/site\/anac-inicia-operacao-de-retirada-de-avioes-do-aeroporto-de-porto-alegre-apos-enchentes\/#primaryimage\",\"url\":\"https:\/\/brasilnoticias.org\/site\/wp-content\/uploads\/2024\/06\/151305anac-inicia-operacao-de-retirada-de-avioes-do-aeroporto-de-porto-alegre-apos-enchentes-3.jpg\",\"contentUrl\":\"https:\/\/brasilnoticias.org\/site\/wp-content\/uploads\/2024\/06\/151305anac-inicia-operacao-de-retirada-de-avioes-do-aeroporto-de-porto-alegre-apos-enchentes-3.jpg\",\"width\":1600,\"height\":752},{\"@type\":\"BreadcrumbList\",\"@id\":\"https:\/\/brasilnoticias.org\/site\/anac-inicia-operacao-de-retirada-de-avioes-do-aeroporto-de-porto-alegre-apos-enchentes\/#breadcrumb\",\"itemListElement\":[{\"@type\":\"ListItem\",\"position\":1,\"name\":\"In\u00edcio\",\"item\":\"https:\/\/brasilnoticias.org\/site\/\"},{\"@type\":\"ListItem\",\"position\":2,\"name\":\"Anac inicia opera\u00e7\u00e3o de retirada de avi\u00f5es do aeroporto de Porto Alegre ap\u00f3s enchentes\"}]},{\"@type\":\"WebSite\",\"@id\":\"https:\/\/brasilnoticias.org\/site\/#website\",\"url\":\"https:\/\/brasilnoticias.org\/site\/\",\"name\":\"Brasil not\u00edcias\",\"description\":\"Brasil not\u00edcias\",\"publisher\":{\"@id\":\"https:\/\/brasilnoticias.org\/site\/#organization\"},\"potentialAction\":[{\"@type\":\"SearchAction\",\"target\":{\"@type\":\"EntryPoint\",\"urlTemplate\":\"https:\/\/brasilnoticias.org\/site\/?s={search_term_string}\"},\"query-input\":{\"@type\":\"PropertyValueSpecification\",\"valueRequired\":true,\"valueName\":\"search_term_string\"}}],\"inLanguage\":\"pt-PT\"},{\"@type\":\"Organization\",\"@id\":\"https:\/\/brasilnoticias.org\/site\/#organization\",\"name\":\"Brasil not\u00edcias\",\"url\":\"https:\/\/brasilnoticias.org\/site\/\",\"logo\":{\"@type\":\"ImageObject\",\"inLanguage\":\"pt-PT\",\"@id\":\"https:\/\/brasilnoticias.org\/site\/#\/schema\/logo\/image\/\",\"url\":\"https:\/\/brasilnoticias.org\/site\/wp-content\/uploads\/2022\/05\/cropped-brasilnoticias-mini.jpg\",\"contentUrl\":\"https:\/\/brasilnoticias.org\/site\/wp-content\/uploads\/2022\/05\/cropped-brasilnoticias-mini.jpg\",\"width\":314,\"height\":86,\"caption\":\"Brasil not\u00edcias\"},\"image\":{\"@id\":\"https:\/\/brasilnoticias.org\/site\/#\/schema\/logo\/image\/\"}},{\"@type\":\"Person\",\"@id\":\"https:\/\/brasilnoticias.org\/site\/#\/schema\/person\/03bbbfe6c7634ad18c26444ea39049fa\",\"name\":\"Reda\u00e7\u00e3o\",\"image\":{\"@type\":\"ImageObject\",\"inLanguage\":\"pt-PT\",\"@id\":\"https:\/\/brasilnoticias.org\/site\/#\/schema\/person\/image\/\",\"url\":\"https:\/\/secure.gravatar.com\/avatar\/9ecaf7327a696cb23ad926fedded5f1f04d7049de9e445375d55b48c001a6e42?s=96&d=mm&r=g\",\"contentUrl\":\"https:\/\/secure.gravatar.com\/avatar\/9ecaf7327a696cb23ad926fedded5f1f04d7049de9e445375d55b48c001a6e42?s=96&d=mm&r=g\",\"caption\":\"Reda\u00e7\u00e3o\"},\"url\":\"https:\/\/brasilnoticias.org\/site\/author\/henrique\/\"}]}<\/script>\n<!-- \/ Yoast SEO plugin. -->","yoast_head_json":{"title":"Anac inicia opera\u00e7\u00e3o de retirada de avi\u00f5es do aeroporto de Porto Alegre ap\u00f3s enchentes - Brasil not\u00edcias","robots":{"index":"index","follow":"follow","max-snippet":"max-snippet:-1","max-image-preview":"max-image-preview:large","max-video-preview":"max-video-preview:-1"},"canonical":"https:\/\/brasilnoticias.org\/site\/anac-inicia-operacao-de-retirada-de-avioes-do-aeroporto-de-porto-alegre-apos-enchentes\/","og_locale":"pt_PT","og_type":"article","og_title":"Anac inicia opera\u00e7\u00e3o de retirada de avi\u00f5es do aeroporto de Porto Alegre ap\u00f3s enchentes - Brasil not\u00edcias","og_description":"Na primeira fase da opera\u00e7\u00e3o no aeroporto, o objetivo \u00e9 retirar nove dos 47 avi\u00f5es que ficaram presos com o","og_url":"https:\/\/brasilnoticias.org\/site\/anac-inicia-operacao-de-retirada-de-avioes-do-aeroporto-de-porto-alegre-apos-enchentes\/","og_site_name":"Brasil not\u00edcias","article_published_time":"2024-06-09T15:25:23+00:00","og_image":[{"width":1600,"height":752,"url":"https:\/\/brasilnoticias.org\/site\/wp-content\/uploads\/2024\/06\/151305anac-inicia-operacao-de-retirada-de-avioes-do-aeroporto-de-porto-alegre-apos-enchentes-3.jpg","type":"image\/jpeg"}],"author":"Reda\u00e7\u00e3o","twitter_card":"summary_large_image","twitter_misc":{"Escrito por":"Reda\u00e7\u00e3o","Tempo estimado de leitura":"1 minuto"},"schema":{"@context":"https:\/\/schema.org","@graph":[{"@type":"Article","@id":"https:\/\/brasilnoticias.org\/site\/anac-inicia-operacao-de-retirada-de-avioes-do-aeroporto-de-porto-alegre-apos-enchentes\/#article","isPartOf":{"@id":"https:\/\/brasilnoticias.org\/site\/anac-inicia-operacao-de-retirada-de-avioes-do-aeroporto-de-porto-alegre-apos-enchentes\/"},"author":{"name":"Reda\u00e7\u00e3o","@id":"https:\/\/brasilnoticias.org\/site\/#\/schema\/person\/03bbbfe6c7634ad18c26444ea39049fa"},"headline":"Anac inicia opera\u00e7\u00e3o de retirada de avi\u00f5es do aeroporto de Porto Alegre ap\u00f3s enchentes","datePublished":"2024-06-09T15:25:23+00:00","mainEntityOfPage":{"@id":"https:\/\/brasilnoticias.org\/site\/anac-inicia-operacao-de-retirada-de-avioes-do-aeroporto-de-porto-alegre-apos-enchentes\/"},"wordCount":256,"commentCount":0,"publisher":{"@id":"https:\/\/brasilnoticias.org\/site\/#organization"},"image":{"@id":"https:\/\/brasilnoticias.org\/site\/anac-inicia-operacao-de-retirada-de-avioes-do-aeroporto-de-porto-alegre-apos-enchentes\/#primaryimage"},"thumbnailUrl":"https:\/\/brasilnoticias.org\/site\/wp-content\/uploads\/2024\/06\/151305anac-inicia-operacao-de-retirada-de-avioes-do-aeroporto-de-porto-alegre-apos-enchentes-3.jpg","articleSection":["Not\u00edcias","\u00daltimas"],"inLanguage":"pt-PT","potentialAction":[{"@type":"CommentAction","name":"Comment","target":["https:\/\/brasilnoticias.org\/site\/anac-inicia-operacao-de-retirada-de-avioes-do-aeroporto-de-porto-alegre-apos-enchentes\/#respond"]}]},{"@type":"WebPage","@id":"https:\/\/brasilnoticias.org\/site\/anac-inicia-operacao-de-retirada-de-avioes-do-aeroporto-de-porto-alegre-apos-enchentes\/","url":"https:\/\/brasilnoticias.org\/site\/anac-inicia-operacao-de-retirada-de-avioes-do-aeroporto-de-porto-alegre-apos-enchentes\/","name":"Anac inicia opera\u00e7\u00e3o de retirada de avi\u00f5es do aeroporto de Porto Alegre ap\u00f3s enchentes - Brasil not\u00edcias","isPartOf":{"@id":"https:\/\/brasilnoticias.org\/site\/#website"},"primaryImageOfPage":{"@id":"https:\/\/brasilnoticias.org\/site\/anac-inicia-operacao-de-retirada-de-avioes-do-aeroporto-de-porto-alegre-apos-enchentes\/#primaryimage"},"image":{"@id":"https:\/\/brasilnoticias.org\/site\/anac-inicia-operacao-de-retirada-de-avioes-do-aeroporto-de-porto-alegre-apos-enchentes\/#primaryimage"},"thumbnailUrl":"https:\/\/brasilnoticias.org\/site\/wp-content\/uploads\/2024\/06\/151305anac-inicia-operacao-de-retirada-de-avioes-do-aeroporto-de-porto-alegre-apos-enchentes-3.jpg","datePublished":"2024-06-09T15:25:23+00:00","breadcrumb":{"@id":"https:\/\/brasilnoticias.org\/site\/anac-inicia-operacao-de-retirada-de-avioes-do-aeroporto-de-porto-alegre-apos-enchentes\/#breadcrumb"},"inLanguage":"pt-PT","potentialAction":[{"@type":"ReadAction","target":["https:\/\/brasilnoticias.org\/site\/anac-inicia-operacao-de-retirada-de-avioes-do-aeroporto-de-porto-alegre-apos-enchentes\/"]}]},{"@type":"ImageObject","inLanguage":"pt-PT","@id":"https:\/\/brasilnoticias.org\/site\/anac-inicia-operacao-de-retirada-de-avioes-do-aeroporto-de-porto-alegre-apos-enchentes\/#primaryimage","url":"https:\/\/brasilnoticias.org\/site\/wp-content\/uploads\/2024\/06\/151305anac-inicia-operacao-de-retirada-de-avioes-do-aeroporto-de-porto-alegre-apos-enchentes-3.jpg","contentUrl":"https:\/\/brasilnoticias.org\/site\/wp-content\/uploads\/2024\/06\/151305anac-inicia-operacao-de-retirada-de-avioes-do-aeroporto-de-porto-alegre-apos-enchentes-3.jpg","width":1600,"height":752},{"@type":"BreadcrumbList","@id":"https:\/\/brasilnoticias.org\/site\/anac-inicia-operacao-de-retirada-de-avioes-do-aeroporto-de-porto-alegre-apos-enchentes\/#breadcrumb","itemListElement":[{"@type":"ListItem","position":1,"name":"In\u00edcio","item":"https:\/\/brasilnoticias.org\/site\/"},{"@type":"ListItem","position":2,"name":"Anac inicia opera\u00e7\u00e3o de retirada de avi\u00f5es do aeroporto de Porto Alegre ap\u00f3s enchentes"}]},{"@type":"WebSite","@id":"https:\/\/brasilnoticias.org\/site\/#website","url":"https:\/\/brasilnoticias.org\/site\/","name":"Brasil not\u00edcias","description":"Brasil not\u00edcias","publisher":{"@id":"https:\/\/brasilnoticias.org\/site\/#organization"},"potentialAction":[{"@type":"SearchAction","target":{"@type":"EntryPoint","urlTemplate":"https:\/\/brasilnoticias.org\/site\/?s={search_term_string}"},"query-input":{"@type":"PropertyValueSpecification","valueRequired":true,"valueName":"search_term_string"}}],"inLanguage":"pt-PT"},{"@type":"Organization","@id":"https:\/\/brasilnoticias.org\/site\/#organization","name":"Brasil not\u00edcias","url":"https:\/\/brasilnoticias.org\/site\/","logo":{"@type":"ImageObject","inLanguage":"pt-PT","@id":"https:\/\/brasilnoticias.org\/site\/#\/schema\/logo\/image\/","url":"https:\/\/brasilnoticias.org\/site\/wp-content\/uploads\/2022\/05\/cropped-brasilnoticias-mini.jpg","contentUrl":"https:\/\/brasilnoticias.org\/site\/wp-content\/uploads\/2022\/05\/cropped-brasilnoticias-mini.jpg","width":314,"height":86,"caption":"Brasil not\u00edcias"},"image":{"@id":"https:\/\/brasilnoticias.org\/site\/#\/schema\/logo\/image\/"}},{"@type":"Person","@id":"https:\/\/brasilnoticias.org\/site\/#\/schema\/person\/03bbbfe6c7634ad18c26444ea39049fa","name":"Reda\u00e7\u00e3o","image":{"@type":"ImageObject","inLanguage":"pt-PT","@id":"https:\/\/brasilnoticias.org\/site\/#\/schema\/person\/image\/","url":"https:\/\/secure.gravatar.com\/avatar\/9ecaf7327a696cb23ad926fedded5f1f04d7049de9e445375d55b48c001a6e42?s=96&d=mm&r=g","contentUrl":"https:\/\/secure.gravatar.com\/avatar\/9ecaf7327a696cb23ad926fedded5f1f04d7049de9e445375d55b48c001a6e42?s=96&d=mm&r=g","caption":"Reda\u00e7\u00e3o"},"url":"https:\/\/brasilnoticias.org\/site\/author\/henrique\/"}]}},"_links":{"self":[{"href":"https:\/\/brasilnoticias.org\/site\/wp-json\/wp\/v2\/posts\/14523","targetHints":{"allow":["GET"]}}],"collection":[{"href":"https:\/\/brasilnoticias.org\/site\/wp-json\/wp\/v2\/posts"}],"about":[{"href":"https:\/\/brasilnoticias.org\/site\/wp-json\/wp\/v2\/types\/post"}],"author":[{"embeddable":true,"href":"https:\/\/brasilnoticias.org\/site\/wp-json\/wp\/v2\/users\/4"}],"replies":[{"embeddable":true,"href":"https:\/\/brasilnoticias.org\/site\/wp-json\/wp\/v2\/comments?post=14523"}],"version-history":[{"count":1,"href":"https:\/\/brasilnoticias.org\/site\/wp-json\/wp\/v2\/posts\/14523\/revisions"}],"predecessor-version":[{"id":14525,"href":"https:\/\/brasilnoticias.org\/site\/wp-json\/wp\/v2\/posts\/14523\/revisions\/14525"}],"wp:featuredmedia":[{"embeddable":true,"href":"https:\/\/brasilnoticias.org\/site\/wp-json\/wp\/v2\/media\/14524"}],"wp:attachment":[{"href":"https:\/\/brasilnoticias.org\/site\/wp-json\/wp\/v2\/media?parent=14523"}],"wp:term":[{"taxonomy":"category","embeddable":true,"href":"https:\/\/brasilnoticias.org\/site\/wp-json\/wp\/v2\/categories?post=14523"},{"taxonomy":"post_tag","embeddable":true,"href":"https:\/\/brasilnoticias.org\/site\/wp-json\/wp\/v2\/tags?post=14523"}],"curies":[{"name":"wp","href":"https:\/\/api.w.org\/{rel}","templated":true}]}}