{"id":14531,"date":"2024-06-09T23:25:56","date_gmt":"2024-06-10T02:25:56","guid":{"rendered":"https:\/\/brasilnoticias.org\/site\/?p=14531"},"modified":"2024-06-09T23:25:56","modified_gmt":"2024-06-10T02:25:56","slug":"ministro-do-gabinete-de-guerra-de-israel-benny-gantz-renuncia-ao-cargo","status":"publish","type":"post","link":"https:\/\/brasilnoticias.org\/site\/ministro-do-gabinete-de-guerra-de-israel-benny-gantz-renuncia-ao-cargo\/","title":{"rendered":"Ministro do gabinete de guerra de Israel, Benny Gantz, renuncia ao cargo"},"content":{"rendered":"<p>Ren\u00fancia ao cargo foi feita neste domingo (9) em coletiva de imprensa televisionada]<\/p>\n<p>O ministro do gabinete de guerra de Israel, Benny Gantz, renunciou o cargo e deixou o governo do primeiro-ministro Benjamin Netanyahu neste domingo (9). O an\u00fancio acontece um dia ap\u00f3s o resgate de quatro ref\u00e9ns do Hamas na Faixa de Gaza.<\/p>\n<p>Ao anunciar sua ren\u00fancia, Gantz afirmou que o mandat\u00e1rio impede o avan\u00e7o real para uma verdadeira vit\u00f3ria. &#8220;Netanyahu est\u00e1 nos impedindo de avan\u00e7ar rumo a uma verdadeira vit\u00f3ria. \u00c9 por isso que estamos deixando o governo de emerg\u00eancia hoje, com o cora\u00e7\u00e3o pesado, mas com plena confian\u00e7a&#8221;, disse Gantz em coletiva de imprensa.&#8221;Decis\u00f5es estrat\u00e9gicas fatais s\u00e3o recebidas com hesita\u00e7\u00e3o e procrastina\u00e7\u00e3o devido a considera\u00e7\u00f5es pol\u00edticas&#8221;, completou.<\/p>\n<p>Netanyahu se manifestou ap\u00f3s a ren\u00fancia de Gantz e disse que &#8220;Israel est\u00e1 em uma guerra existencial em v\u00e1rias frentes. Benny, agora n\u00e3o \u00e9 hora de abandonar a luta, \u00e9 hora de unir for\u00e7as.&#8221;<\/p>\n<p>Foto: Premier Minister&#8217;s officie<br \/>\nPor: Metro1<\/p>\n","protected":false},"excerpt":{"rendered":"<p>Ren\u00fancia ao cargo foi feita neste domingo (9) em coletiva de imprensa televisionada] O ministro do gabinete de guerra de<\/p>\n","protected":false},"author":4,"featured_media":14532,"comment_status":"open","ping_status":"open","sticky":false,"template":"","format":"standard","meta":{"colormag_page_container_layout":"default_layout","colormag_page_sidebar_layout":"default_layout","_FSMCFIC_featured_image_caption":"","_FSMCFIC_featured_image_nocaption":"","_FSMCFIC_featured_image_hide":"","footnotes":""},"categories":[6,1],"tags":[],"class_list":["post-14531","post","type-post","status-publish","format-standard","has-post-thumbnail","hentry","category-mundo","category-ultimas"],"yoast_head":"<!-- This site is optimized with the Yoast SEO plugin v27.1.1 - https:\/\/yoast.com\/product\/yoast-seo-wordpress\/ -->\n<title>Ministro do gabinete de guerra de Israel, Benny Gantz, renuncia ao cargo - Brasil not\u00edcias<\/title>\n<meta name=\"robots\" content=\"index, follow, max-snippet:-1, max-image-preview:large, max-video-preview:-1\" \/>\n<link rel=\"canonical\" href=\"https:\/\/brasilnoticias.org\/site\/ministro-do-gabinete-de-guerra-de-israel-benny-gantz-renuncia-ao-cargo\/\" \/>\n<meta property=\"og:locale\" content=\"pt_PT\" \/>\n<meta property=\"og:type\" content=\"article\" \/>\n<meta property=\"og:title\" content=\"Ministro do gabinete de guerra de Israel, Benny Gantz, renuncia ao cargo - Brasil not\u00edcias\" \/>\n<meta property=\"og:description\" content=\"Ren\u00fancia ao cargo foi feita neste domingo (9) em coletiva de imprensa televisionada] O ministro do gabinete de guerra de\" \/>\n<meta property=\"og:url\" content=\"https:\/\/brasilnoticias.org\/site\/ministro-do-gabinete-de-guerra-de-israel-benny-gantz-renuncia-ao-cargo\/\" \/>\n<meta property=\"og:site_name\" content=\"Brasil not\u00edcias\" \/>\n<meta property=\"article:published_time\" content=\"2024-06-10T02:25:56+00:00\" \/>\n<meta property=\"og:image\" content=\"https:\/\/brasilnoticias.org\/site\/wp-content\/uploads\/2024\/06\/151318ministro-do-gabinete-de-guerra-de-israel-benny-gantz-renuncia-ao-cargo-3.jpg\" \/>\n\t<meta property=\"og:image:width\" content=\"1600\" \/>\n\t<meta property=\"og:image:height\" content=\"752\" \/>\n\t<meta property=\"og:image:type\" content=\"image\/jpeg\" \/>\n<meta name=\"author\" content=\"Reda\u00e7\u00e3o\" \/>\n<meta name=\"twitter:card\" content=\"summary_large_image\" \/>\n<meta name=\"twitter:label1\" content=\"Escrito por\" \/>\n\t<meta name=\"twitter:data1\" content=\"Reda\u00e7\u00e3o\" \/>\n\t<meta name=\"twitter:label2\" content=\"Tempo estimado de leitura\" \/>\n\t<meta name=\"twitter:data2\" content=\"1 minuto\" \/>\n<script type=\"application\/ld+json\" class=\"yoast-schema-graph\">{\"@context\":\"https:\/\/schema.org\",\"@graph\":[{\"@type\":\"Article\",\"@id\":\"https:\/\/brasilnoticias.org\/site\/ministro-do-gabinete-de-guerra-de-israel-benny-gantz-renuncia-ao-cargo\/#article\",\"isPartOf\":{\"@id\":\"https:\/\/brasilnoticias.org\/site\/ministro-do-gabinete-de-guerra-de-israel-benny-gantz-renuncia-ao-cargo\/\"},\"author\":{\"name\":\"Reda\u00e7\u00e3o\",\"@id\":\"https:\/\/brasilnoticias.org\/site\/#\/schema\/person\/03bbbfe6c7634ad18c26444ea39049fa\"},\"headline\":\"Ministro do gabinete de guerra de Israel, Benny Gantz, renuncia ao cargo\",\"datePublished\":\"2024-06-10T02:25:56+00:00\",\"mainEntityOfPage\":{\"@id\":\"https:\/\/brasilnoticias.org\/site\/ministro-do-gabinete-de-guerra-de-israel-benny-gantz-renuncia-ao-cargo\/\"},\"wordCount\":193,\"commentCount\":0,\"publisher\":{\"@id\":\"https:\/\/brasilnoticias.org\/site\/#organization\"},\"image\":{\"@id\":\"https:\/\/brasilnoticias.org\/site\/ministro-do-gabinete-de-guerra-de-israel-benny-gantz-renuncia-ao-cargo\/#primaryimage\"},\"thumbnailUrl\":\"https:\/\/brasilnoticias.org\/site\/wp-content\/uploads\/2024\/06\/151318ministro-do-gabinete-de-guerra-de-israel-benny-gantz-renuncia-ao-cargo-3.jpg\",\"articleSection\":[\"Mundo\",\"\u00daltimas\"],\"inLanguage\":\"pt-PT\",\"potentialAction\":[{\"@type\":\"CommentAction\",\"name\":\"Comment\",\"target\":[\"https:\/\/brasilnoticias.org\/site\/ministro-do-gabinete-de-guerra-de-israel-benny-gantz-renuncia-ao-cargo\/#respond\"]}]},{\"@type\":\"WebPage\",\"@id\":\"https:\/\/brasilnoticias.org\/site\/ministro-do-gabinete-de-guerra-de-israel-benny-gantz-renuncia-ao-cargo\/\",\"url\":\"https:\/\/brasilnoticias.org\/site\/ministro-do-gabinete-de-guerra-de-israel-benny-gantz-renuncia-ao-cargo\/\",\"name\":\"Ministro do gabinete de guerra de Israel, Benny Gantz, renuncia ao cargo - Brasil not\u00edcias\",\"isPartOf\":{\"@id\":\"https:\/\/brasilnoticias.org\/site\/#website\"},\"primaryImageOfPage\":{\"@id\":\"https:\/\/brasilnoticias.org\/site\/ministro-do-gabinete-de-guerra-de-israel-benny-gantz-renuncia-ao-cargo\/#primaryimage\"},\"image\":{\"@id\":\"https:\/\/brasilnoticias.org\/site\/ministro-do-gabinete-de-guerra-de-israel-benny-gantz-renuncia-ao-cargo\/#primaryimage\"},\"thumbnailUrl\":\"https:\/\/brasilnoticias.org\/site\/wp-content\/uploads\/2024\/06\/151318ministro-do-gabinete-de-guerra-de-israel-benny-gantz-renuncia-ao-cargo-3.jpg\",\"datePublished\":\"2024-06-10T02:25:56+00:00\",\"breadcrumb\":{\"@id\":\"https:\/\/brasilnoticias.org\/site\/ministro-do-gabinete-de-guerra-de-israel-benny-gantz-renuncia-ao-cargo\/#breadcrumb\"},\"inLanguage\":\"pt-PT\",\"potentialAction\":[{\"@type\":\"ReadAction\",\"target\":[\"https:\/\/brasilnoticias.org\/site\/ministro-do-gabinete-de-guerra-de-israel-benny-gantz-renuncia-ao-cargo\/\"]}]},{\"@type\":\"ImageObject\",\"inLanguage\":\"pt-PT\",\"@id\":\"https:\/\/brasilnoticias.org\/site\/ministro-do-gabinete-de-guerra-de-israel-benny-gantz-renuncia-ao-cargo\/#primaryimage\",\"url\":\"https:\/\/brasilnoticias.org\/site\/wp-content\/uploads\/2024\/06\/151318ministro-do-gabinete-de-guerra-de-israel-benny-gantz-renuncia-ao-cargo-3.jpg\",\"contentUrl\":\"https:\/\/brasilnoticias.org\/site\/wp-content\/uploads\/2024\/06\/151318ministro-do-gabinete-de-guerra-de-israel-benny-gantz-renuncia-ao-cargo-3.jpg\",\"width\":1600,\"height\":752},{\"@type\":\"BreadcrumbList\",\"@id\":\"https:\/\/brasilnoticias.org\/site\/ministro-do-gabinete-de-guerra-de-israel-benny-gantz-renuncia-ao-cargo\/#breadcrumb\",\"itemListElement\":[{\"@type\":\"ListItem\",\"position\":1,\"name\":\"In\u00edcio\",\"item\":\"https:\/\/brasilnoticias.org\/site\/\"},{\"@type\":\"ListItem\",\"position\":2,\"name\":\"Ministro do gabinete de guerra de Israel, Benny Gantz, renuncia ao cargo\"}]},{\"@type\":\"WebSite\",\"@id\":\"https:\/\/brasilnoticias.org\/site\/#website\",\"url\":\"https:\/\/brasilnoticias.org\/site\/\",\"name\":\"Brasil not\u00edcias\",\"description\":\"Brasil not\u00edcias\",\"publisher\":{\"@id\":\"https:\/\/brasilnoticias.org\/site\/#organization\"},\"potentialAction\":[{\"@type\":\"SearchAction\",\"target\":{\"@type\":\"EntryPoint\",\"urlTemplate\":\"https:\/\/brasilnoticias.org\/site\/?s={search_term_string}\"},\"query-input\":{\"@type\":\"PropertyValueSpecification\",\"valueRequired\":true,\"valueName\":\"search_term_string\"}}],\"inLanguage\":\"pt-PT\"},{\"@type\":\"Organization\",\"@id\":\"https:\/\/brasilnoticias.org\/site\/#organization\",\"name\":\"Brasil not\u00edcias\",\"url\":\"https:\/\/brasilnoticias.org\/site\/\",\"logo\":{\"@type\":\"ImageObject\",\"inLanguage\":\"pt-PT\",\"@id\":\"https:\/\/brasilnoticias.org\/site\/#\/schema\/logo\/image\/\",\"url\":\"https:\/\/brasilnoticias.org\/site\/wp-content\/uploads\/2022\/05\/cropped-brasilnoticias-mini.jpg\",\"contentUrl\":\"https:\/\/brasilnoticias.org\/site\/wp-content\/uploads\/2022\/05\/cropped-brasilnoticias-mini.jpg\",\"width\":314,\"height\":86,\"caption\":\"Brasil not\u00edcias\"},\"image\":{\"@id\":\"https:\/\/brasilnoticias.org\/site\/#\/schema\/logo\/image\/\"}},{\"@type\":\"Person\",\"@id\":\"https:\/\/brasilnoticias.org\/site\/#\/schema\/person\/03bbbfe6c7634ad18c26444ea39049fa\",\"name\":\"Reda\u00e7\u00e3o\",\"image\":{\"@type\":\"ImageObject\",\"inLanguage\":\"pt-PT\",\"@id\":\"https:\/\/brasilnoticias.org\/site\/#\/schema\/person\/image\/\",\"url\":\"https:\/\/secure.gravatar.com\/avatar\/9ecaf7327a696cb23ad926fedded5f1f04d7049de9e445375d55b48c001a6e42?s=96&d=mm&r=g\",\"contentUrl\":\"https:\/\/secure.gravatar.com\/avatar\/9ecaf7327a696cb23ad926fedded5f1f04d7049de9e445375d55b48c001a6e42?s=96&d=mm&r=g\",\"caption\":\"Reda\u00e7\u00e3o\"},\"url\":\"https:\/\/brasilnoticias.org\/site\/author\/henrique\/\"}]}<\/script>\n<!-- \/ Yoast SEO plugin. -->","yoast_head_json":{"title":"Ministro do gabinete de guerra de Israel, Benny Gantz, renuncia ao cargo - Brasil not\u00edcias","robots":{"index":"index","follow":"follow","max-snippet":"max-snippet:-1","max-image-preview":"max-image-preview:large","max-video-preview":"max-video-preview:-1"},"canonical":"https:\/\/brasilnoticias.org\/site\/ministro-do-gabinete-de-guerra-de-israel-benny-gantz-renuncia-ao-cargo\/","og_locale":"pt_PT","og_type":"article","og_title":"Ministro do gabinete de guerra de Israel, Benny Gantz, renuncia ao cargo - Brasil not\u00edcias","og_description":"Ren\u00fancia ao cargo foi feita neste domingo (9) em coletiva de imprensa televisionada] O ministro do gabinete de guerra de","og_url":"https:\/\/brasilnoticias.org\/site\/ministro-do-gabinete-de-guerra-de-israel-benny-gantz-renuncia-ao-cargo\/","og_site_name":"Brasil not\u00edcias","article_published_time":"2024-06-10T02:25:56+00:00","og_image":[{"width":1600,"height":752,"url":"https:\/\/brasilnoticias.org\/site\/wp-content\/uploads\/2024\/06\/151318ministro-do-gabinete-de-guerra-de-israel-benny-gantz-renuncia-ao-cargo-3.jpg","type":"image\/jpeg"}],"author":"Reda\u00e7\u00e3o","twitter_card":"summary_large_image","twitter_misc":{"Escrito por":"Reda\u00e7\u00e3o","Tempo estimado de leitura":"1 minuto"},"schema":{"@context":"https:\/\/schema.org","@graph":[{"@type":"Article","@id":"https:\/\/brasilnoticias.org\/site\/ministro-do-gabinete-de-guerra-de-israel-benny-gantz-renuncia-ao-cargo\/#article","isPartOf":{"@id":"https:\/\/brasilnoticias.org\/site\/ministro-do-gabinete-de-guerra-de-israel-benny-gantz-renuncia-ao-cargo\/"},"author":{"name":"Reda\u00e7\u00e3o","@id":"https:\/\/brasilnoticias.org\/site\/#\/schema\/person\/03bbbfe6c7634ad18c26444ea39049fa"},"headline":"Ministro do gabinete de guerra de Israel, Benny Gantz, renuncia ao cargo","datePublished":"2024-06-10T02:25:56+00:00","mainEntityOfPage":{"@id":"https:\/\/brasilnoticias.org\/site\/ministro-do-gabinete-de-guerra-de-israel-benny-gantz-renuncia-ao-cargo\/"},"wordCount":193,"commentCount":0,"publisher":{"@id":"https:\/\/brasilnoticias.org\/site\/#organization"},"image":{"@id":"https:\/\/brasilnoticias.org\/site\/ministro-do-gabinete-de-guerra-de-israel-benny-gantz-renuncia-ao-cargo\/#primaryimage"},"thumbnailUrl":"https:\/\/brasilnoticias.org\/site\/wp-content\/uploads\/2024\/06\/151318ministro-do-gabinete-de-guerra-de-israel-benny-gantz-renuncia-ao-cargo-3.jpg","articleSection":["Mundo","\u00daltimas"],"inLanguage":"pt-PT","potentialAction":[{"@type":"CommentAction","name":"Comment","target":["https:\/\/brasilnoticias.org\/site\/ministro-do-gabinete-de-guerra-de-israel-benny-gantz-renuncia-ao-cargo\/#respond"]}]},{"@type":"WebPage","@id":"https:\/\/brasilnoticias.org\/site\/ministro-do-gabinete-de-guerra-de-israel-benny-gantz-renuncia-ao-cargo\/","url":"https:\/\/brasilnoticias.org\/site\/ministro-do-gabinete-de-guerra-de-israel-benny-gantz-renuncia-ao-cargo\/","name":"Ministro do gabinete de guerra de Israel, Benny Gantz, renuncia ao cargo - Brasil not\u00edcias","isPartOf":{"@id":"https:\/\/brasilnoticias.org\/site\/#website"},"primaryImageOfPage":{"@id":"https:\/\/brasilnoticias.org\/site\/ministro-do-gabinete-de-guerra-de-israel-benny-gantz-renuncia-ao-cargo\/#primaryimage"},"image":{"@id":"https:\/\/brasilnoticias.org\/site\/ministro-do-gabinete-de-guerra-de-israel-benny-gantz-renuncia-ao-cargo\/#primaryimage"},"thumbnailUrl":"https:\/\/brasilnoticias.org\/site\/wp-content\/uploads\/2024\/06\/151318ministro-do-gabinete-de-guerra-de-israel-benny-gantz-renuncia-ao-cargo-3.jpg","datePublished":"2024-06-10T02:25:56+00:00","breadcrumb":{"@id":"https:\/\/brasilnoticias.org\/site\/ministro-do-gabinete-de-guerra-de-israel-benny-gantz-renuncia-ao-cargo\/#breadcrumb"},"inLanguage":"pt-PT","potentialAction":[{"@type":"ReadAction","target":["https:\/\/brasilnoticias.org\/site\/ministro-do-gabinete-de-guerra-de-israel-benny-gantz-renuncia-ao-cargo\/"]}]},{"@type":"ImageObject","inLanguage":"pt-PT","@id":"https:\/\/brasilnoticias.org\/site\/ministro-do-gabinete-de-guerra-de-israel-benny-gantz-renuncia-ao-cargo\/#primaryimage","url":"https:\/\/brasilnoticias.org\/site\/wp-content\/uploads\/2024\/06\/151318ministro-do-gabinete-de-guerra-de-israel-benny-gantz-renuncia-ao-cargo-3.jpg","contentUrl":"https:\/\/brasilnoticias.org\/site\/wp-content\/uploads\/2024\/06\/151318ministro-do-gabinete-de-guerra-de-israel-benny-gantz-renuncia-ao-cargo-3.jpg","width":1600,"height":752},{"@type":"BreadcrumbList","@id":"https:\/\/brasilnoticias.org\/site\/ministro-do-gabinete-de-guerra-de-israel-benny-gantz-renuncia-ao-cargo\/#breadcrumb","itemListElement":[{"@type":"ListItem","position":1,"name":"In\u00edcio","item":"https:\/\/brasilnoticias.org\/site\/"},{"@type":"ListItem","position":2,"name":"Ministro do gabinete de guerra de Israel, Benny Gantz, renuncia ao cargo"}]},{"@type":"WebSite","@id":"https:\/\/brasilnoticias.org\/site\/#website","url":"https:\/\/brasilnoticias.org\/site\/","name":"Brasil not\u00edcias","description":"Brasil not\u00edcias","publisher":{"@id":"https:\/\/brasilnoticias.org\/site\/#organization"},"potentialAction":[{"@type":"SearchAction","target":{"@type":"EntryPoint","urlTemplate":"https:\/\/brasilnoticias.org\/site\/?s={search_term_string}"},"query-input":{"@type":"PropertyValueSpecification","valueRequired":true,"valueName":"search_term_string"}}],"inLanguage":"pt-PT"},{"@type":"Organization","@id":"https:\/\/brasilnoticias.org\/site\/#organization","name":"Brasil not\u00edcias","url":"https:\/\/brasilnoticias.org\/site\/","logo":{"@type":"ImageObject","inLanguage":"pt-PT","@id":"https:\/\/brasilnoticias.org\/site\/#\/schema\/logo\/image\/","url":"https:\/\/brasilnoticias.org\/site\/wp-content\/uploads\/2022\/05\/cropped-brasilnoticias-mini.jpg","contentUrl":"https:\/\/brasilnoticias.org\/site\/wp-content\/uploads\/2022\/05\/cropped-brasilnoticias-mini.jpg","width":314,"height":86,"caption":"Brasil not\u00edcias"},"image":{"@id":"https:\/\/brasilnoticias.org\/site\/#\/schema\/logo\/image\/"}},{"@type":"Person","@id":"https:\/\/brasilnoticias.org\/site\/#\/schema\/person\/03bbbfe6c7634ad18c26444ea39049fa","name":"Reda\u00e7\u00e3o","image":{"@type":"ImageObject","inLanguage":"pt-PT","@id":"https:\/\/brasilnoticias.org\/site\/#\/schema\/person\/image\/","url":"https:\/\/secure.gravatar.com\/avatar\/9ecaf7327a696cb23ad926fedded5f1f04d7049de9e445375d55b48c001a6e42?s=96&d=mm&r=g","contentUrl":"https:\/\/secure.gravatar.com\/avatar\/9ecaf7327a696cb23ad926fedded5f1f04d7049de9e445375d55b48c001a6e42?s=96&d=mm&r=g","caption":"Reda\u00e7\u00e3o"},"url":"https:\/\/brasilnoticias.org\/site\/author\/henrique\/"}]}},"_links":{"self":[{"href":"https:\/\/brasilnoticias.org\/site\/wp-json\/wp\/v2\/posts\/14531","targetHints":{"allow":["GET"]}}],"collection":[{"href":"https:\/\/brasilnoticias.org\/site\/wp-json\/wp\/v2\/posts"}],"about":[{"href":"https:\/\/brasilnoticias.org\/site\/wp-json\/wp\/v2\/types\/post"}],"author":[{"embeddable":true,"href":"https:\/\/brasilnoticias.org\/site\/wp-json\/wp\/v2\/users\/4"}],"replies":[{"embeddable":true,"href":"https:\/\/brasilnoticias.org\/site\/wp-json\/wp\/v2\/comments?post=14531"}],"version-history":[{"count":1,"href":"https:\/\/brasilnoticias.org\/site\/wp-json\/wp\/v2\/posts\/14531\/revisions"}],"predecessor-version":[{"id":14533,"href":"https:\/\/brasilnoticias.org\/site\/wp-json\/wp\/v2\/posts\/14531\/revisions\/14533"}],"wp:featuredmedia":[{"embeddable":true,"href":"https:\/\/brasilnoticias.org\/site\/wp-json\/wp\/v2\/media\/14532"}],"wp:attachment":[{"href":"https:\/\/brasilnoticias.org\/site\/wp-json\/wp\/v2\/media?parent=14531"}],"wp:term":[{"taxonomy":"category","embeddable":true,"href":"https:\/\/brasilnoticias.org\/site\/wp-json\/wp\/v2\/categories?post=14531"},{"taxonomy":"post_tag","embeddable":true,"href":"https:\/\/brasilnoticias.org\/site\/wp-json\/wp\/v2\/tags?post=14531"}],"curies":[{"name":"wp","href":"https:\/\/api.w.org\/{rel}","templated":true}]}}