{"id":14538,"date":"2024-06-10T12:27:15","date_gmt":"2024-06-10T15:27:15","guid":{"rendered":"https:\/\/brasilnoticias.org\/site\/?p=14538"},"modified":"2024-06-10T12:27:15","modified_gmt":"2024-06-10T15:27:15","slug":"depois-do-interior-segunda-maior-faccao-carioca-chega-a-salvador-para-acabar-com-o-comando-vermelho","status":"publish","type":"post","link":"https:\/\/brasilnoticias.org\/site\/depois-do-interior-segunda-maior-faccao-carioca-chega-a-salvador-para-acabar-com-o-comando-vermelho\/","title":{"rendered":"Depois do interior, segunda maior fac\u00e7\u00e3o carioca chega a Salvador para acabar com o Comando Vermelho"},"content":{"rendered":"<p>O que j\u00e1 era preocupante no Rec\u00f4ncavo e na regi\u00e3o Norte do estado, agora tamb\u00e9m \u00e9 uma amea\u00e7a \u00e0 seguran\u00e7a p\u00fablica na capital baiana. A segunda maior fac\u00e7\u00e3o carioca, o Terceiro Comando Puro (TCP), est\u00e1 em Mussurunga e quer tomar a Vila Verde. A alian\u00e7a com o Bonde do Maluco (BDM), selada no in\u00edcio do ano passado em Santo Amaro da Purifica\u00e7\u00e3o e Jacobina, est\u00e1 desde abril escancarada na Vila: as iniciais das fac\u00e7\u00f5es marcam os muros das casas e pontos comerciais. E essa condi\u00e7\u00e3o explica, de fato, a tens\u00e3o na regi\u00e3o que j\u00e1 dura mais de 20 dias, inclusive com a ocupa\u00e7\u00e3o da Pol\u00edcia Militar.<\/p>\n<p>A &#8220;dobradinha\u201d BDM\/TCP, que deve acirrar ainda mais o cen\u00e1rio da guerra do tr\u00e1fico, se deu atrav\u00e9s do traficante santamarense conhecido como Cabe\u00e7a, quando ele cumpriu pena em Bangu 1, no Rio de Janeiro, h\u00e1 alguns anos. De volta a Santo Amaro, Cabe\u00e7a passou a gerenciar o tr\u00e1fico nos bairros de Nova Santo Amaro e Sacramento, uma das principais \u00e1reas de atua\u00e7\u00e3o do BDM. A jun\u00e7\u00e3o do Terceiro Comando com o Bonde, a mais forte fac\u00e7\u00e3o baiana, \u00e9 para fazer frente \u00e0 expans\u00e3o do Comando Vermelho (CV) na Bahia, pois o CV tamb\u00e9m \u00e9 rival do TCP no Rio. J\u00e1 em Salvador, a chegada do TCP resultou em ataques intensos em Vila Verde, nos primeiros dias de abril.<\/p>\n<p>\u201cEsse pessoal do BDM veio com essa outra turma [TCP] para pegar o pessoal daqui, vivemos nesse inferno. \u00c9 tudo culpa de Paulinho, o Paulo Henrique. Disse que quando a pol\u00edcia sair, ele vai voltar pior. J\u00e1 divulgou \u00e1udio dizendo que pode levar dez anos, mas vai tomar aqui de qualquer jeito\u201d, contou uma senhora revoltada com a situa\u00e7\u00e3o, que preferiu n\u00e3o se identificar. Segundo ela, Paulinho liderava o tr\u00e1fico em Vila Verde at\u00e9 a chegada do CV, quando foi expulso h\u00e1 mais de cinco anos. Desde ent\u00e3o, ele se juntou com os traficantes de Colinas de Mussurunga, \u00e1rea de atua\u00e7\u00e3o do BDM.<\/p>\n<p><img loading=\"lazy\" decoding=\"async\" src=\"http:\/\/massanoticias.com.br\/wp-content\/uploads\/2024\/06\/apesar-da-alianca-bdmtcp-o-cv-ainda-predomina-em-vila-verde-2126645-article-300x223.jpeg\" alt=\"\" width=\"300\" height=\"223\" class=\"alignnone size-medium wp-image-14102\" \/><\/p>\n<p>Cr\u00e9dito: Bruno Wendel\/CORREIO<\/p>\n<p>Vila Verde \u00e9 a \u00fanica localidade dominada pelo CV que margeia a Avenida Aliomar Baleeiro, sendo cercada por bairros como Mussurunga e Parque S\u00e3o Crist\u00f3v\u00e3o, onde o BDM tem atua\u00e7\u00e3o hist\u00f3rica. O objetivo da alian\u00e7a \u00e9 acabar de vez com arquirrival, impedindo-o de chegar em outras regi\u00f5es. Em 2020, o CV se estabeleceu em Salvador ap\u00f3s absorver o Comando da Paz (CP),  trazendo do Rio mais armas (fuzis com mira laser e granadas) e efetivo, tornando a Vila praticamente uma muralha.<\/p>\n<p>Com o Terceiro Comando Puro, o Bonde do Maluco obteve o refor\u00e7o que precisava. A partir da metade de abril, as investidas da alian\u00e7a passaram a ser frequentes e os \u201cbondes\u201d (grupos de homens armados) conseguiram avan\u00e7ar no territ\u00f3rio do inimigo, marcando o feito com as iniciais \u201cBDM\/TCP\u201d em alguns pontos do final da Rua Jardim Bot\u00e2nico, trecho pr\u00f3ximo ao Condom\u00ednio Alphaville II. As picha\u00e7\u00f5es foram registradas pela reportagem durante as in\u00fameras idas para apurar os acontecimentos em Vila Verde entre os meses de abril e maio.  Apesar da alian\u00e7a, o CV ainda controla Vila Verde e sua presen\u00e7a \u00e9 mais n\u00edtida no entorno das vias principais do bairro: Rua Vila Verde, Rua Planalto Verde e in\u00edcio e meio da Rua Jardim Bot\u00e2nico. <\/p>\n<p>Os moradores viveram momentos de terror. Casas foram atingidas durante os confrontos, im\u00f3veis foram invadidos e at\u00e9 destru\u00eddos pelos traficantes. Muita gente saiu do bairro \u00e0s pressas, o transporte p\u00fablico foi suspenso mais de uma vez e a Escola Municipal Laura Sales de Almeida est\u00e1 h\u00e1 mais de 20 dias fechada. Corpos foram encontrados ap\u00f3s tiroteios. Este cen\u00e1rio, levou a Pol\u00edcia Militar a ocupar a regi\u00e3o com a instala\u00e7\u00e3o de uma base m\u00f3vel.<\/p>\n<p>\u201cA situa\u00e7\u00e3o melhorou um pouco. N\u00e3o \u00e9 como antes, que todos os dias a gente dormia e acordava com a guerra deles. \u00c0s vezes escutamos um tiro e outro, mas sempre do lado de l\u00e1 [Mussurunga]. A pol\u00edcia est\u00e1 aqui, mesmo assim a gente est\u00e1 com medo. Eu mesma fiquei traumatizada. Quando o rel\u00f3gio marca 3h, acordo assustada, na tens\u00e3o de uma bala atravessar minha janela, porque tudo acontecia nesse hor\u00e1rio. Era tiro para todo o lado\u201d, relatou uma dona de casa, sem se identificar, moradora da Rua Esperan\u00e7a de Vila Verde \u2013 o final da via d\u00e1 acesso a uma \u00e1rea de mata, que separa o bairro de Mussurunga, onde boa parte dos confrontos aconteciam diariamente. <\/p>\n<p><img loading=\"lazy\" decoding=\"async\" src=\"http:\/\/massanoticias.com.br\/wp-content\/uploads\/2024\/06\/pixacoes-na-vila-verde-2083992-article-300x172.webp\" alt=\"\" width=\"300\" height=\"172\" class=\"alignnone size-medium wp-image-14103\" \/><\/p>\n<p>Cr\u00e9dito: Reprodu\u00e7\u00e3o<\/p>\n<p>Redesenho<br \/>\nDe acordo com o especialista em Seguran\u00e7a P\u00fablica, o coronel Ant\u00f4nio Jorge Ferreira Melo, professor de Direito do Centro Universit\u00e1rio Est\u00e1cio-Fib, \u201cessas organiza\u00e7\u00f5es ligadas ao narcotr\u00e1fico est\u00e3o passando por um redesenho organizacional e pol\u00edtico\u201d. \u201cA mesma l\u00f3gica empresarial, que se compra outras empresas para crescer, neste caso, do tr\u00e1fico, se juntam para terem mais territ\u00f3rios. Nada mais natural a busca do TCP por alian\u00e7a com o BDM, pois ambas t\u00eam um inimigo em comum, o Comando Vermelho\u201d, explicou o especialista.<\/p>\n<p>Para o pesquisador do N\u00facleo de Estudo da Viol\u00eancia da USP (NEV-USP), especialista no estudo das maiores organiza\u00e7\u00f5es criminosas do pa\u00eds, o CV e o PCC (Primeiro Comando da Capital), escritor e jornalista Bruno Paes Manso, essa nova din\u00e2mica na Bahia pode estar relacionada com atual fase do PCC: o foco no mercado internacional ao mesmo tempo em que lida com o rompimento das lideran\u00e7as e o poss\u00edvel surgimento de uma nova fac\u00e7\u00e3o a partir do racha.<\/p>\n<p>\u201cEst\u00e3o procurando outros parceiros. Como o CV est\u00e1 ganhado for\u00e7a com as franquias no pa\u00eds, dando autonomia aos grupos locais, diferente do PCC, que n\u00e3o fez mais frente, o TCP est\u00e1 procurando outros parceiros para impedir o avan\u00e7o do CV, provavelmente\u201d, explicou Manso.<\/p>\n<p>No Rio de Janeiro existem tr\u00eas fac\u00e7\u00f5es: o CV, TCP e a ADA (Amigo dos Amigos) &#8211; esta \u00faltima beira a extin\u00e7\u00e3o, pois seus membros mais importantes migaram para o TCP, o que ajudou na expans\u00e3o da organiza\u00e7\u00e3o no estado. A chegada do Terceiro Comando Puro \u00e0 Bahia, em especial \u00e0 Salvador, \u00e9 uma condi\u00e7\u00e3o \u201cpreocupante\u201d. \u201cN\u00e3o \u00e9 bom ter uma outra fac\u00e7\u00e3o do Rio na Bahia. Assim como no Cear\u00e1, Amazonas, agora na Bahia, haver\u00e1 uma corrida armamentista, seguida de conflitos pela disputa de mercado, porque o Comando Vermelho n\u00e3o vai ficar por baixo\u201d, pontou o soci\u00f3logo Daniel Hirata, do Grupo de Estudos dos Novos Ilegalismos da Universidade Federal Fluminense (Geni\/UFF).<\/p>\n<p>Hirata abordou um outro problema: o TCP \u00e9 a organiza\u00e7\u00e3o carioca com mais v\u00ednculo com as mil\u00edcias \u2013 s\u00e3o grupos armados que formam um poder paralelo, \u00e0 revelia das for\u00e7as de seguran\u00e7a.  Em geral, s\u00e3o formados por agentes ou ex-agentes do pr\u00f3prio Estado, como policiais, bombeiros e guardas penitenci\u00e1rios, mas h\u00e1 casos de grupos s\u00f3 de civis. \u201cAtuam fortemente ligados \u00e0 habita\u00e7\u00e3o, fornecimento de g\u00e1s de cozinha e o transporte p\u00fablico. Isso \u00e9 mais perigoso que o tr\u00e1fico varejista, porque impactam a popula\u00e7\u00e3o mais diretamente. H\u00e1 uma rela\u00e7\u00e3o \u00edntima com o estado, a exemplo do Caso Marielle Franco\u201d, declarou Hirata, citando as pris\u00f5es de figuras p\u00fablicas envolvidas na morte da vereadora do PSOL e do seu motorista, Anderson Gomes, em 2018. Segundo relat\u00f3rio da Pol\u00edcia Federal, Marielle estava pedindo \u00e0 popula\u00e7\u00e3o para n\u00e3o dar apoio a novos loteamentos em regi\u00f5es dominadas por milicianos.<\/p>\n<p><img loading=\"lazy\" decoding=\"async\" src=\"http:\/\/massanoticias.com.br\/wp-content\/uploads\/2024\/06\/pixacoes-na-vila-verde-2083991-article-300x169.webp\" alt=\"\" width=\"300\" height=\"169\" class=\"alignnone size-medium wp-image-14104\" \/><\/p>\n<p>Cr\u00e9dito: Reprodu\u00e7\u00e3o<\/p>\n<p>Posicionamento<br \/>\nA reportagem procurou a Secretaria de Seguran\u00e7a P\u00fablica (SSP\/BA) e a Pol\u00edcia Militar do estado (PM\/BA) para saber como est\u00e1 o enfrentamento do tr\u00e1fico com a chegada do TCP em Salvador, quais medidas est\u00e3o sendo adotadas para evitar que fac\u00e7\u00f5es de outros estados se instalem na capital e como est\u00e1 situa\u00e7\u00e3o da Vila Verde, mas n\u00e3o houve respostas.<\/p>\n<p>TCP chegou primeiro no interior<br \/>\nEm abril do ano passado, os moradores do bairro do Bonfim, na cidade de Santo Amaro da Purifica\u00e7\u00e3o, acordaram com as paredes de suas casas, muros e estabelecimentos comerciais pichados com a sigla do BDM sobre as iniciais do TCP. At\u00e9 a chegada da not\u00edcia da \u201cdobradinha\u201d, era sabido que o BDM tinha o apoio do Primeiro Comando da Capital (PCC), organiza\u00e7\u00e3o criminosa de S\u00e3o Paulo e a maior do pa\u00eds. A rela\u00e7\u00e3o entre as duas foi constru\u00edda com o PCC fornecendo drogas e armas. Por\u00e9m, n\u00e3o se sabe ao certo se acabou, mas o que \u00e9 de conhecimento, inclusive comentado no meio policial, \u00e9 que essa alian\u00e7a teria sido rompida por v\u00e1rios motivos.<\/p>\n<p>O primeiro e mais importante seria o fato de o PCC n\u00e3o se estabelecer na Bahia, como fez em Sergipe, Alagoas, Cear\u00e1 e Rio Grande do Norte. Desta forma, o BDM vem enfrentando grandes batalhas com o crescimento do CV em Salvador e sua expans\u00e3o para outras cidades.<\/p>\n<p>Depois do Rec\u00f4ncavo, a alian\u00e7a BDM\/TCP chegou no munic\u00edpio de Jacobina, em setembro. Os moradores acordaram apavorados com os v\u00eddeos que os pr\u00f3prios criminosos postaram nas redes sociais. Os faccionados decretaram que as localidades de Jacobina III e IV, Vila Feliz, Bananeira, Grotinha e Caixa d\u2019\u00c1gua pertenciam ao grupo.<\/p>\n<p><img loading=\"lazy\" decoding=\"async\" src=\"http:\/\/massanoticias.com.br\/wp-content\/uploads\/2024\/06\/tcp-chega-em-santo-amaro-faz-parceira-com-o-bdm-1845674-300x170.webp\" alt=\"\" width=\"300\" height=\"170\" class=\"alignnone size-medium wp-image-14105\" \/><\/p>\n<p>Cr\u00e9dito: Reprodu\u00e7\u00e3o<\/p>\n<p>Como surgiu o TCP<br \/>\nA fac\u00e7\u00e3o tem seus prim\u00f3rdios no extinto Terceiro Comando (TC), atuante nas d\u00e9cadas de 1980 e 1990. Alguns dos l\u00edderes do TC naquela \u00e9poca eram os criminosos Zacarias Gon\u00e7alves, Zaca Jorge Zambi, Pianinho, Pitoco da Vila Alian\u00e7a, Robertinho de Lucas, Adilson Balbino, entre outros.<\/p>\n<p>Em 1998, o Terceiro Comando aliou-se \u00e0 fac\u00e7\u00e3o rec\u00e9m-criada Amigos dos Amigos (ADA), ampliando seus dom\u00ednios. Por volta de 2002, o TCP surgiu a partir de uma dissid\u00eancia do TC, chegando a coexistir com esta \u00faltima e o ADA.<\/p>\n<p>Ap\u00f3s 11 de setembro de 2002, quando Luiz Fernando da Costa, o Fernandinho Beira-Mar, liderou uma revolta no pres\u00eddio Bangu I, matando alguns rivais, entre eles U\u00ea, um dos l\u00edderes da uni\u00e3o TC\/ADA, Celsinho da Vila Vint\u00e9m, da fac\u00e7\u00e3o ADA, que n\u00e3o foi morto durante a rebeli\u00e3o, foi acusado de trai\u00e7\u00e3o, o que gerou o rompimento definitivo da alian\u00e7a com o ADA. Assim, os traficantes do quase extinto TC pularam para o TCP e outros para o ADA. Foi nessa cis\u00e3o que os integrantes da fac\u00e7\u00e3o decidiram colocar o P de &#8220;puro&#8221; na sigla da fac\u00e7\u00e3o, real\u00e7ando que os que continuaram no Terceiro Comando eram criminosos &#8220;puros&#8221; e &#8220;sem mistura&#8221;.<\/p>\n<p>Ap\u00f3s a morte de Robinho, no final de 2007, quem se tornou o primeiro homem na hierarquia de Senador Camar\u00e1, bairro da Zona Oeste carioca, o traficante Marcio Jos\u00e9 Sabino, mais conhecido como Matem\u00e1tico, assumiu o controle de seus postos de venda de droga at\u00e9 ser morto em uma emboscada em maio de 2012.<\/p>\n<p>Ao contr\u00e1rio da sua arquirrival, o Comando Vermelho, a fac\u00e7\u00e3o Terceiro Comando Puro tem uma hierarquia descentralizada. Cada \u201cdono\u201d de comunidade s\u00f3 responde por ela, sem receber interfer\u00eancias de outros l\u00edderes da c\u00fapula da fac\u00e7\u00e3o. O TCP n\u00e3o tem uma hierarquia definida e nem um alto conselho para decis\u00f5es da fac\u00e7\u00e3o. Cada dono mant\u00e9m seu poder na pr\u00f3pria comunidade ou naquela comunidade em que ele ajudou a \u201ctomar\u201d.<\/p>\n<p>No cen\u00e1rio de guerra, cada dono cede homens ou armamentos para a empreitada criminosa. No fim, esses donos v\u00e3o ter suas \u201cfatias\u201d naquela comunidade caso a fac\u00e7\u00e3o tenha \u00eaxito na disputa.<\/p>\n<p>Fotos: Divulga\u00e7\u00e3o\/ Jornal Correio<br \/>\nJornal Correio<\/p>\n","protected":false},"excerpt":{"rendered":"<p>O que j\u00e1 era preocupante no Rec\u00f4ncavo e na regi\u00e3o Norte do estado, agora tamb\u00e9m \u00e9 uma amea\u00e7a \u00e0 seguran\u00e7a<\/p>\n","protected":false},"author":4,"featured_media":14539,"comment_status":"open","ping_status":"open","sticky":false,"template":"","format":"standard","meta":{"colormag_page_container_layout":"default_layout","colormag_page_sidebar_layout":"default_layout","_FSMCFIC_featured_image_caption":"","_FSMCFIC_featured_image_nocaption":"","_FSMCFIC_featured_image_hide":"","footnotes":""},"categories":[2,1],"tags":[],"class_list":["post-14538","post","type-post","status-publish","format-standard","has-post-thumbnail","hentry","category-noticias","category-ultimas"],"yoast_head":"<!-- This site is optimized with the Yoast SEO plugin v27.1.1 - https:\/\/yoast.com\/product\/yoast-seo-wordpress\/ -->\n<title>Depois do interior, segunda maior fac\u00e7\u00e3o carioca chega a Salvador para acabar com o Comando Vermelho - Brasil not\u00edcias<\/title>\n<meta name=\"robots\" content=\"index, follow, max-snippet:-1, max-image-preview:large, max-video-preview:-1\" \/>\n<link rel=\"canonical\" href=\"https:\/\/brasilnoticias.org\/site\/depois-do-interior-segunda-maior-faccao-carioca-chega-a-salvador-para-acabar-com-o-comando-vermelho\/\" \/>\n<meta property=\"og:locale\" content=\"pt_PT\" \/>\n<meta property=\"og:type\" content=\"article\" \/>\n<meta property=\"og:title\" content=\"Depois do interior, segunda maior fac\u00e7\u00e3o carioca chega a Salvador para acabar com o Comando Vermelho - Brasil not\u00edcias\" \/>\n<meta property=\"og:description\" content=\"O que j\u00e1 era preocupante no Rec\u00f4ncavo e na regi\u00e3o Norte do estado, agora tamb\u00e9m \u00e9 uma amea\u00e7a \u00e0 seguran\u00e7a\" \/>\n<meta property=\"og:url\" content=\"https:\/\/brasilnoticias.org\/site\/depois-do-interior-segunda-maior-faccao-carioca-chega-a-salvador-para-acabar-com-o-comando-vermelho\/\" \/>\n<meta property=\"og:site_name\" content=\"Brasil not\u00edcias\" \/>\n<meta property=\"article:published_time\" content=\"2024-06-10T15:27:15+00:00\" \/>\n<meta property=\"og:image\" content=\"https:\/\/brasilnoticias.org\/site\/wp-content\/uploads\/2024\/06\/alianca-tcpbdm-chega-a-salvador-para-contraatacar-o-cv-2126736-article.webp\" \/>\n\t<meta property=\"og:image:width\" content=\"600\" \/>\n\t<meta property=\"og:image:height\" content=\"370\" \/>\n\t<meta property=\"og:image:type\" content=\"image\/webp\" \/>\n<meta name=\"author\" content=\"Reda\u00e7\u00e3o\" \/>\n<meta name=\"twitter:card\" content=\"summary_large_image\" \/>\n<meta name=\"twitter:label1\" content=\"Escrito por\" \/>\n\t<meta name=\"twitter:data1\" content=\"Reda\u00e7\u00e3o\" \/>\n\t<meta name=\"twitter:label2\" content=\"Tempo estimado de leitura\" \/>\n\t<meta name=\"twitter:data2\" content=\"1 minuto\" \/>\n<script type=\"application\/ld+json\" class=\"yoast-schema-graph\">{\"@context\":\"https:\/\/schema.org\",\"@graph\":[{\"@type\":\"Article\",\"@id\":\"https:\/\/brasilnoticias.org\/site\/depois-do-interior-segunda-maior-faccao-carioca-chega-a-salvador-para-acabar-com-o-comando-vermelho\/#article\",\"isPartOf\":{\"@id\":\"https:\/\/brasilnoticias.org\/site\/depois-do-interior-segunda-maior-faccao-carioca-chega-a-salvador-para-acabar-com-o-comando-vermelho\/\"},\"author\":{\"name\":\"Reda\u00e7\u00e3o\",\"@id\":\"https:\/\/brasilnoticias.org\/site\/#\/schema\/person\/03bbbfe6c7634ad18c26444ea39049fa\"},\"headline\":\"Depois do interior, segunda maior fac\u00e7\u00e3o carioca chega a Salvador para acabar com o Comando Vermelho\",\"datePublished\":\"2024-06-10T15:27:15+00:00\",\"mainEntityOfPage\":{\"@id\":\"https:\/\/brasilnoticias.org\/site\/depois-do-interior-segunda-maior-faccao-carioca-chega-a-salvador-para-acabar-com-o-comando-vermelho\/\"},\"wordCount\":2010,\"commentCount\":0,\"publisher\":{\"@id\":\"https:\/\/brasilnoticias.org\/site\/#organization\"},\"image\":{\"@id\":\"https:\/\/brasilnoticias.org\/site\/depois-do-interior-segunda-maior-faccao-carioca-chega-a-salvador-para-acabar-com-o-comando-vermelho\/#primaryimage\"},\"thumbnailUrl\":\"https:\/\/brasilnoticias.org\/site\/wp-content\/uploads\/2024\/06\/alianca-tcpbdm-chega-a-salvador-para-contraatacar-o-cv-2126736-article.webp\",\"articleSection\":[\"Not\u00edcias\",\"\u00daltimas\"],\"inLanguage\":\"pt-PT\",\"potentialAction\":[{\"@type\":\"CommentAction\",\"name\":\"Comment\",\"target\":[\"https:\/\/brasilnoticias.org\/site\/depois-do-interior-segunda-maior-faccao-carioca-chega-a-salvador-para-acabar-com-o-comando-vermelho\/#respond\"]}]},{\"@type\":\"WebPage\",\"@id\":\"https:\/\/brasilnoticias.org\/site\/depois-do-interior-segunda-maior-faccao-carioca-chega-a-salvador-para-acabar-com-o-comando-vermelho\/\",\"url\":\"https:\/\/brasilnoticias.org\/site\/depois-do-interior-segunda-maior-faccao-carioca-chega-a-salvador-para-acabar-com-o-comando-vermelho\/\",\"name\":\"Depois do interior, segunda maior fac\u00e7\u00e3o carioca chega a Salvador para acabar com o Comando Vermelho - Brasil not\u00edcias\",\"isPartOf\":{\"@id\":\"https:\/\/brasilnoticias.org\/site\/#website\"},\"primaryImageOfPage\":{\"@id\":\"https:\/\/brasilnoticias.org\/site\/depois-do-interior-segunda-maior-faccao-carioca-chega-a-salvador-para-acabar-com-o-comando-vermelho\/#primaryimage\"},\"image\":{\"@id\":\"https:\/\/brasilnoticias.org\/site\/depois-do-interior-segunda-maior-faccao-carioca-chega-a-salvador-para-acabar-com-o-comando-vermelho\/#primaryimage\"},\"thumbnailUrl\":\"https:\/\/brasilnoticias.org\/site\/wp-content\/uploads\/2024\/06\/alianca-tcpbdm-chega-a-salvador-para-contraatacar-o-cv-2126736-article.webp\",\"datePublished\":\"2024-06-10T15:27:15+00:00\",\"breadcrumb\":{\"@id\":\"https:\/\/brasilnoticias.org\/site\/depois-do-interior-segunda-maior-faccao-carioca-chega-a-salvador-para-acabar-com-o-comando-vermelho\/#breadcrumb\"},\"inLanguage\":\"pt-PT\",\"potentialAction\":[{\"@type\":\"ReadAction\",\"target\":[\"https:\/\/brasilnoticias.org\/site\/depois-do-interior-segunda-maior-faccao-carioca-chega-a-salvador-para-acabar-com-o-comando-vermelho\/\"]}]},{\"@type\":\"ImageObject\",\"inLanguage\":\"pt-PT\",\"@id\":\"https:\/\/brasilnoticias.org\/site\/depois-do-interior-segunda-maior-faccao-carioca-chega-a-salvador-para-acabar-com-o-comando-vermelho\/#primaryimage\",\"url\":\"https:\/\/brasilnoticias.org\/site\/wp-content\/uploads\/2024\/06\/alianca-tcpbdm-chega-a-salvador-para-contraatacar-o-cv-2126736-article.webp\",\"contentUrl\":\"https:\/\/brasilnoticias.org\/site\/wp-content\/uploads\/2024\/06\/alianca-tcpbdm-chega-a-salvador-para-contraatacar-o-cv-2126736-article.webp\",\"width\":600,\"height\":370},{\"@type\":\"BreadcrumbList\",\"@id\":\"https:\/\/brasilnoticias.org\/site\/depois-do-interior-segunda-maior-faccao-carioca-chega-a-salvador-para-acabar-com-o-comando-vermelho\/#breadcrumb\",\"itemListElement\":[{\"@type\":\"ListItem\",\"position\":1,\"name\":\"In\u00edcio\",\"item\":\"https:\/\/brasilnoticias.org\/site\/\"},{\"@type\":\"ListItem\",\"position\":2,\"name\":\"Depois do interior, segunda maior fac\u00e7\u00e3o carioca chega a Salvador para acabar com o Comando Vermelho\"}]},{\"@type\":\"WebSite\",\"@id\":\"https:\/\/brasilnoticias.org\/site\/#website\",\"url\":\"https:\/\/brasilnoticias.org\/site\/\",\"name\":\"Brasil not\u00edcias\",\"description\":\"Brasil not\u00edcias\",\"publisher\":{\"@id\":\"https:\/\/brasilnoticias.org\/site\/#organization\"},\"potentialAction\":[{\"@type\":\"SearchAction\",\"target\":{\"@type\":\"EntryPoint\",\"urlTemplate\":\"https:\/\/brasilnoticias.org\/site\/?s={search_term_string}\"},\"query-input\":{\"@type\":\"PropertyValueSpecification\",\"valueRequired\":true,\"valueName\":\"search_term_string\"}}],\"inLanguage\":\"pt-PT\"},{\"@type\":\"Organization\",\"@id\":\"https:\/\/brasilnoticias.org\/site\/#organization\",\"name\":\"Brasil not\u00edcias\",\"url\":\"https:\/\/brasilnoticias.org\/site\/\",\"logo\":{\"@type\":\"ImageObject\",\"inLanguage\":\"pt-PT\",\"@id\":\"https:\/\/brasilnoticias.org\/site\/#\/schema\/logo\/image\/\",\"url\":\"https:\/\/brasilnoticias.org\/site\/wp-content\/uploads\/2022\/05\/cropped-brasilnoticias-mini.jpg\",\"contentUrl\":\"https:\/\/brasilnoticias.org\/site\/wp-content\/uploads\/2022\/05\/cropped-brasilnoticias-mini.jpg\",\"width\":314,\"height\":86,\"caption\":\"Brasil not\u00edcias\"},\"image\":{\"@id\":\"https:\/\/brasilnoticias.org\/site\/#\/schema\/logo\/image\/\"}},{\"@type\":\"Person\",\"@id\":\"https:\/\/brasilnoticias.org\/site\/#\/schema\/person\/03bbbfe6c7634ad18c26444ea39049fa\",\"name\":\"Reda\u00e7\u00e3o\",\"image\":{\"@type\":\"ImageObject\",\"inLanguage\":\"pt-PT\",\"@id\":\"https:\/\/brasilnoticias.org\/site\/#\/schema\/person\/image\/\",\"url\":\"https:\/\/secure.gravatar.com\/avatar\/9ecaf7327a696cb23ad926fedded5f1f04d7049de9e445375d55b48c001a6e42?s=96&d=mm&r=g\",\"contentUrl\":\"https:\/\/secure.gravatar.com\/avatar\/9ecaf7327a696cb23ad926fedded5f1f04d7049de9e445375d55b48c001a6e42?s=96&d=mm&r=g\",\"caption\":\"Reda\u00e7\u00e3o\"},\"url\":\"https:\/\/brasilnoticias.org\/site\/author\/henrique\/\"}]}<\/script>\n<!-- \/ Yoast SEO plugin. -->","yoast_head_json":{"title":"Depois do interior, segunda maior fac\u00e7\u00e3o carioca chega a Salvador para acabar com o Comando Vermelho - Brasil not\u00edcias","robots":{"index":"index","follow":"follow","max-snippet":"max-snippet:-1","max-image-preview":"max-image-preview:large","max-video-preview":"max-video-preview:-1"},"canonical":"https:\/\/brasilnoticias.org\/site\/depois-do-interior-segunda-maior-faccao-carioca-chega-a-salvador-para-acabar-com-o-comando-vermelho\/","og_locale":"pt_PT","og_type":"article","og_title":"Depois do interior, segunda maior fac\u00e7\u00e3o carioca chega a Salvador para acabar com o Comando Vermelho - Brasil not\u00edcias","og_description":"O que j\u00e1 era preocupante no Rec\u00f4ncavo e na regi\u00e3o Norte do estado, agora tamb\u00e9m \u00e9 uma amea\u00e7a \u00e0 seguran\u00e7a","og_url":"https:\/\/brasilnoticias.org\/site\/depois-do-interior-segunda-maior-faccao-carioca-chega-a-salvador-para-acabar-com-o-comando-vermelho\/","og_site_name":"Brasil not\u00edcias","article_published_time":"2024-06-10T15:27:15+00:00","og_image":[{"width":600,"height":370,"url":"https:\/\/brasilnoticias.org\/site\/wp-content\/uploads\/2024\/06\/alianca-tcpbdm-chega-a-salvador-para-contraatacar-o-cv-2126736-article.webp","type":"image\/webp"}],"author":"Reda\u00e7\u00e3o","twitter_card":"summary_large_image","twitter_misc":{"Escrito por":"Reda\u00e7\u00e3o","Tempo estimado de leitura":"1 minuto"},"schema":{"@context":"https:\/\/schema.org","@graph":[{"@type":"Article","@id":"https:\/\/brasilnoticias.org\/site\/depois-do-interior-segunda-maior-faccao-carioca-chega-a-salvador-para-acabar-com-o-comando-vermelho\/#article","isPartOf":{"@id":"https:\/\/brasilnoticias.org\/site\/depois-do-interior-segunda-maior-faccao-carioca-chega-a-salvador-para-acabar-com-o-comando-vermelho\/"},"author":{"name":"Reda\u00e7\u00e3o","@id":"https:\/\/brasilnoticias.org\/site\/#\/schema\/person\/03bbbfe6c7634ad18c26444ea39049fa"},"headline":"Depois do interior, segunda maior fac\u00e7\u00e3o carioca chega a Salvador para acabar com o Comando Vermelho","datePublished":"2024-06-10T15:27:15+00:00","mainEntityOfPage":{"@id":"https:\/\/brasilnoticias.org\/site\/depois-do-interior-segunda-maior-faccao-carioca-chega-a-salvador-para-acabar-com-o-comando-vermelho\/"},"wordCount":2010,"commentCount":0,"publisher":{"@id":"https:\/\/brasilnoticias.org\/site\/#organization"},"image":{"@id":"https:\/\/brasilnoticias.org\/site\/depois-do-interior-segunda-maior-faccao-carioca-chega-a-salvador-para-acabar-com-o-comando-vermelho\/#primaryimage"},"thumbnailUrl":"https:\/\/brasilnoticias.org\/site\/wp-content\/uploads\/2024\/06\/alianca-tcpbdm-chega-a-salvador-para-contraatacar-o-cv-2126736-article.webp","articleSection":["Not\u00edcias","\u00daltimas"],"inLanguage":"pt-PT","potentialAction":[{"@type":"CommentAction","name":"Comment","target":["https:\/\/brasilnoticias.org\/site\/depois-do-interior-segunda-maior-faccao-carioca-chega-a-salvador-para-acabar-com-o-comando-vermelho\/#respond"]}]},{"@type":"WebPage","@id":"https:\/\/brasilnoticias.org\/site\/depois-do-interior-segunda-maior-faccao-carioca-chega-a-salvador-para-acabar-com-o-comando-vermelho\/","url":"https:\/\/brasilnoticias.org\/site\/depois-do-interior-segunda-maior-faccao-carioca-chega-a-salvador-para-acabar-com-o-comando-vermelho\/","name":"Depois do interior, segunda maior fac\u00e7\u00e3o carioca chega a Salvador para acabar com o Comando Vermelho - Brasil not\u00edcias","isPartOf":{"@id":"https:\/\/brasilnoticias.org\/site\/#website"},"primaryImageOfPage":{"@id":"https:\/\/brasilnoticias.org\/site\/depois-do-interior-segunda-maior-faccao-carioca-chega-a-salvador-para-acabar-com-o-comando-vermelho\/#primaryimage"},"image":{"@id":"https:\/\/brasilnoticias.org\/site\/depois-do-interior-segunda-maior-faccao-carioca-chega-a-salvador-para-acabar-com-o-comando-vermelho\/#primaryimage"},"thumbnailUrl":"https:\/\/brasilnoticias.org\/site\/wp-content\/uploads\/2024\/06\/alianca-tcpbdm-chega-a-salvador-para-contraatacar-o-cv-2126736-article.webp","datePublished":"2024-06-10T15:27:15+00:00","breadcrumb":{"@id":"https:\/\/brasilnoticias.org\/site\/depois-do-interior-segunda-maior-faccao-carioca-chega-a-salvador-para-acabar-com-o-comando-vermelho\/#breadcrumb"},"inLanguage":"pt-PT","potentialAction":[{"@type":"ReadAction","target":["https:\/\/brasilnoticias.org\/site\/depois-do-interior-segunda-maior-faccao-carioca-chega-a-salvador-para-acabar-com-o-comando-vermelho\/"]}]},{"@type":"ImageObject","inLanguage":"pt-PT","@id":"https:\/\/brasilnoticias.org\/site\/depois-do-interior-segunda-maior-faccao-carioca-chega-a-salvador-para-acabar-com-o-comando-vermelho\/#primaryimage","url":"https:\/\/brasilnoticias.org\/site\/wp-content\/uploads\/2024\/06\/alianca-tcpbdm-chega-a-salvador-para-contraatacar-o-cv-2126736-article.webp","contentUrl":"https:\/\/brasilnoticias.org\/site\/wp-content\/uploads\/2024\/06\/alianca-tcpbdm-chega-a-salvador-para-contraatacar-o-cv-2126736-article.webp","width":600,"height":370},{"@type":"BreadcrumbList","@id":"https:\/\/brasilnoticias.org\/site\/depois-do-interior-segunda-maior-faccao-carioca-chega-a-salvador-para-acabar-com-o-comando-vermelho\/#breadcrumb","itemListElement":[{"@type":"ListItem","position":1,"name":"In\u00edcio","item":"https:\/\/brasilnoticias.org\/site\/"},{"@type":"ListItem","position":2,"name":"Depois do interior, segunda maior fac\u00e7\u00e3o carioca chega a Salvador para acabar com o Comando Vermelho"}]},{"@type":"WebSite","@id":"https:\/\/brasilnoticias.org\/site\/#website","url":"https:\/\/brasilnoticias.org\/site\/","name":"Brasil not\u00edcias","description":"Brasil not\u00edcias","publisher":{"@id":"https:\/\/brasilnoticias.org\/site\/#organization"},"potentialAction":[{"@type":"SearchAction","target":{"@type":"EntryPoint","urlTemplate":"https:\/\/brasilnoticias.org\/site\/?s={search_term_string}"},"query-input":{"@type":"PropertyValueSpecification","valueRequired":true,"valueName":"search_term_string"}}],"inLanguage":"pt-PT"},{"@type":"Organization","@id":"https:\/\/brasilnoticias.org\/site\/#organization","name":"Brasil not\u00edcias","url":"https:\/\/brasilnoticias.org\/site\/","logo":{"@type":"ImageObject","inLanguage":"pt-PT","@id":"https:\/\/brasilnoticias.org\/site\/#\/schema\/logo\/image\/","url":"https:\/\/brasilnoticias.org\/site\/wp-content\/uploads\/2022\/05\/cropped-brasilnoticias-mini.jpg","contentUrl":"https:\/\/brasilnoticias.org\/site\/wp-content\/uploads\/2022\/05\/cropped-brasilnoticias-mini.jpg","width":314,"height":86,"caption":"Brasil not\u00edcias"},"image":{"@id":"https:\/\/brasilnoticias.org\/site\/#\/schema\/logo\/image\/"}},{"@type":"Person","@id":"https:\/\/brasilnoticias.org\/site\/#\/schema\/person\/03bbbfe6c7634ad18c26444ea39049fa","name":"Reda\u00e7\u00e3o","image":{"@type":"ImageObject","inLanguage":"pt-PT","@id":"https:\/\/brasilnoticias.org\/site\/#\/schema\/person\/image\/","url":"https:\/\/secure.gravatar.com\/avatar\/9ecaf7327a696cb23ad926fedded5f1f04d7049de9e445375d55b48c001a6e42?s=96&d=mm&r=g","contentUrl":"https:\/\/secure.gravatar.com\/avatar\/9ecaf7327a696cb23ad926fedded5f1f04d7049de9e445375d55b48c001a6e42?s=96&d=mm&r=g","caption":"Reda\u00e7\u00e3o"},"url":"https:\/\/brasilnoticias.org\/site\/author\/henrique\/"}]}},"_links":{"self":[{"href":"https:\/\/brasilnoticias.org\/site\/wp-json\/wp\/v2\/posts\/14538","targetHints":{"allow":["GET"]}}],"collection":[{"href":"https:\/\/brasilnoticias.org\/site\/wp-json\/wp\/v2\/posts"}],"about":[{"href":"https:\/\/brasilnoticias.org\/site\/wp-json\/wp\/v2\/types\/post"}],"author":[{"embeddable":true,"href":"https:\/\/brasilnoticias.org\/site\/wp-json\/wp\/v2\/users\/4"}],"replies":[{"embeddable":true,"href":"https:\/\/brasilnoticias.org\/site\/wp-json\/wp\/v2\/comments?post=14538"}],"version-history":[{"count":1,"href":"https:\/\/brasilnoticias.org\/site\/wp-json\/wp\/v2\/posts\/14538\/revisions"}],"predecessor-version":[{"id":14540,"href":"https:\/\/brasilnoticias.org\/site\/wp-json\/wp\/v2\/posts\/14538\/revisions\/14540"}],"wp:featuredmedia":[{"embeddable":true,"href":"https:\/\/brasilnoticias.org\/site\/wp-json\/wp\/v2\/media\/14539"}],"wp:attachment":[{"href":"https:\/\/brasilnoticias.org\/site\/wp-json\/wp\/v2\/media?parent=14538"}],"wp:term":[{"taxonomy":"category","embeddable":true,"href":"https:\/\/brasilnoticias.org\/site\/wp-json\/wp\/v2\/categories?post=14538"},{"taxonomy":"post_tag","embeddable":true,"href":"https:\/\/brasilnoticias.org\/site\/wp-json\/wp\/v2\/tags?post=14538"}],"curies":[{"name":"wp","href":"https:\/\/api.w.org\/{rel}","templated":true}]}}