{"id":14541,"date":"2024-06-10T12:29:25","date_gmt":"2024-06-10T15:29:25","guid":{"rendered":"https:\/\/brasilnoticias.org\/site\/?p=14541"},"modified":"2024-06-10T12:29:25","modified_gmt":"2024-06-10T15:29:25","slug":"candeias-concurso-da-camara-municipal-inscreve-ate-esta-semana","status":"publish","type":"post","link":"https:\/\/brasilnoticias.org\/site\/candeias-concurso-da-camara-municipal-inscreve-ate-esta-semana\/","title":{"rendered":"Candeias: Concurso da C\u00e2mara Municipal inscreve at\u00e9 esta semana"},"content":{"rendered":"<p>O certame, in\u00e9dito na hist\u00f3ria do Legislativo, vai oferecer 59 (cinquenta e nove) vagas para 10 (dez) cargos com sal\u00e1rios que variam entre R$ 2.812,34 e R$ 6.365,41<\/p>\n<p>A C\u00e2mara Municipal de Candeias vai realizar, este ano, um Concurso P\u00fablico para o quadro do Legislativo com o oferecimento de 59 (cinquenta nove e vagas) distribu\u00eddas em 10 (dez) cargos de n\u00edveis m\u00e9dio e superior.<\/p>\n<p>De acordo com o Edital n\u00ba 01, de 17 de maio de 2024, publicado no Di\u00e1rio da C\u00e2mara Municipal, e o presidente da Casa, vereador Valdir Cruz, o certame obedece os termos da Constitui\u00e7\u00e3o Federal e da Lei Municipal n\u00ba 1.428\/2023, de 29 de novembro de 2023, que disp\u00f5e sobre o plano de cargos, sal\u00e1rios, carreiras e fun\u00e7\u00f5es p\u00fablicas do Poder Legislativo do Munic\u00edpio de Candeias, no Estado da Bahia, e demais legisla\u00e7\u00f5es pertinentes e em cumprimento \u00e0s normas estabelecidas pelo Tribunal de Contas dos Munic\u00edpios do Estado da Bahia \u2013 TCM\/BA.<\/p>\n<p>\u00c9 a primeira vez que a C\u00e2mara Municipal de Candeias realiza um concurso p\u00fablico e, de acordo com o diretor-administrativo, Carlos Guedes, ser\u00e3o seguidas todas as normas e regras para se manter a lisura do pleito para atender as atividades no Legislativo, al\u00e9m de todos os vereadores e vereadoras. V\u00e3o ser oferecidas 58 vagas com sal\u00e1rios que variam entre R$ 2.812,34 e R$ 6.365,41.<\/p>\n<p>O concurso vai ser realizado pelo Instituto A\u00e7\u00e3o (http:\/\/acaobahiaorganizacao.com.br) com sede na Travessa Severino Vieira, n \u00ba 1162, ap 01, no Centro, em Alagoinhas, na Bahia.<\/p>\n<p>Inscri\u00e7\u00f5es:<\/p>\n<p>As inscri\u00e7\u00f5es ser\u00e3o realizadas no per\u00edodo de 20\/05\/2024 a 14\/06\/2024, somente via internet pelo site http:\/\/acaobahiaorganizacao.com.br\/ at\u00e9 \u00e0s 23h59 do \u00faltimo dia previsto para o t\u00e9rmino das inscri\u00e7\u00f5es (14\/6\/2024), observado o hor\u00e1rio oficial de Bras\u00edlia\/DF.<\/p>\n<p>As provas ser\u00e3o realizadas no Munic\u00edpio de Candeias.<\/p>\n<p>A data prevista para a prova \u00e9 07\/07\/2024, ser\u00e1 aplicada no(s) turno(s) e local (is) a serem definido e publicado no Di\u00e1rio Oficial da C\u00e2mara Municipal e do INSTITUTO A\u00c7\u00c3O https:\/\/acaobahiaorganizacao.com.br\/, em data oportuna, tendo como hor\u00e1rio de abertura e fechamento de port\u00f5es, no TURNO MATUTINO, abertura \u00e0s 07h e fechamento \u00e0s 07h50 e no TURNO VESPERTINO, abertura \u00e0s 13h e fechamento \u00e0s 13h50, respeitando o hor\u00e1rio local.<\/p>\n<p>O valor da taxa de inscri\u00e7\u00e3o para n\u00edvel superior vai ser de R$ 120,00 (cento e vinte reais) e para n\u00edvel m\u00e9dio R$ 100,00 (cem reais).<\/p>\n<p>Pagamento<\/p>\n<p>A segunda via do boleto banc\u00e1rio somente estar\u00e1 dispon\u00edvel at\u00e9 as 23h59min do dia 14\/6\/2024 na \u00c1rea do Candidato. O pagamento da taxa de inscri\u00e7\u00e3o pode ser efetuado em qualquer Ag\u00eancia Banc\u00e1ria vinculada ao Sistema de Compensa\u00e7\u00e3o Nacional com vencimento at\u00e9 o dia 17\/6\/2024.<\/p>\n<p>Os cargos oferecidos s\u00e3o:<\/p>\n<p>N\u00edvel superior<\/p>\n<p>Assessor de Contabilidade \/ 40h \/ Curso Superior em Contabilidade (sal\u00e1rio R$ 3.955,74) 02 vagas<\/p>\n<p>Assessor de M\u00eddia \/ 40h \/ Curso Superior em Jornalismo (sal\u00e1rio R$ 3.955,74 01) 01 vaga<\/p>\n<p>Analista Legislativo \/ 40h \/ Ensino Superior completo em Contabilidade, Engenharia Civil, Economia, Administra\u00e7\u00e3o ou Direito \/ (sal\u00e1rio R$ 6.365,41) 01 vaga<\/p>\n<p>Assessor Jur\u00eddico \/ 40h \/ Ensino Superior Completo em Direito e Registro Profissional regular na OAB (sal\u00e1rio R$ 6.365,41) 01 vaga<\/p>\n<p>N\u00edvel m\u00e9dio<\/p>\n<p>Assistente Administrativo \/ 40h \/ Ensino M\u00e9dio Completo (sal\u00e1rio R$ 2.812,34) 22 vagas<\/p>\n<p>Assistente Legislativo \/ 40h \/ Ensino M\u00e9dio Completo (Sal\u00e1rio R$ 2.812,34) 04 vagas<\/p>\n<p>Motorista \/ 40h \/ Ensino M\u00e9dio + CNH categoria B (sal\u00e1rio R$ 2.812,34) 20 vagas<\/p>\n<p>Redator Legislativo \/ 40h \/ Ensino M\u00e9dio Completo (sal\u00e1rio R$ 2.812,34) 03<\/p>\n<p>Arquivista Legislativo \/ 40h \/ Ensino M\u00e9dio Completo + N\u00edvel T\u00e9cnico (sal\u00e1rio R$ 3.193,56) 03 vagas<\/p>\n<p>Assistente de \u00c1udio e V\u00eddeo \/ 40h \/ Ensino M\u00e9dio Completo + Curso de Fotografia, \u00c1udio e V\u00eddeo em Institui\u00e7\u00e3o Registrada junto ao MEC ou Experi\u00eancia Profissional comprovada de, no m\u00ednimo, tr\u00eas anos (sal\u00e1rio R$ 3.193,56) 02 vagas.<\/p>\n<p>Fonte: Assessoria C\u00e2mara<\/p>\n","protected":false},"excerpt":{"rendered":"<p>O certame, in\u00e9dito na hist\u00f3ria do Legislativo, vai oferecer 59 (cinquenta e nove) vagas para 10 (dez) cargos com sal\u00e1rios<\/p>\n","protected":false},"author":4,"featured_media":14542,"comment_status":"open","ping_status":"open","sticky":false,"template":"","format":"standard","meta":{"colormag_page_container_layout":"default_layout","colormag_page_sidebar_layout":"default_layout","_FSMCFIC_featured_image_caption":"","_FSMCFIC_featured_image_nocaption":"","_FSMCFIC_featured_image_hide":"","footnotes":""},"categories":[2,1],"tags":[],"class_list":["post-14541","post","type-post","status-publish","format-standard","has-post-thumbnail","hentry","category-noticias","category-ultimas"],"yoast_head":"<!-- This site is optimized with the Yoast SEO plugin v27.1.1 - https:\/\/yoast.com\/product\/yoast-seo-wordpress\/ -->\n<title>Candeias: Concurso da C\u00e2mara Municipal inscreve at\u00e9 esta semana - Brasil not\u00edcias<\/title>\n<meta name=\"robots\" content=\"index, follow, max-snippet:-1, max-image-preview:large, max-video-preview:-1\" \/>\n<link rel=\"canonical\" href=\"https:\/\/brasilnoticias.org\/site\/candeias-concurso-da-camara-municipal-inscreve-ate-esta-semana\/\" \/>\n<meta property=\"og:locale\" content=\"pt_PT\" \/>\n<meta property=\"og:type\" content=\"article\" \/>\n<meta property=\"og:title\" content=\"Candeias: Concurso da C\u00e2mara Municipal inscreve at\u00e9 esta semana - Brasil not\u00edcias\" \/>\n<meta property=\"og:description\" content=\"O certame, in\u00e9dito na hist\u00f3ria do Legislativo, vai oferecer 59 (cinquenta e nove) vagas para 10 (dez) cargos com sal\u00e1rios\" \/>\n<meta property=\"og:url\" content=\"https:\/\/brasilnoticias.org\/site\/candeias-concurso-da-camara-municipal-inscreve-ate-esta-semana\/\" \/>\n<meta property=\"og:site_name\" content=\"Brasil not\u00edcias\" \/>\n<meta property=\"article:published_time\" content=\"2024-06-10T15:29:25+00:00\" \/>\n<meta property=\"og:image\" content=\"https:\/\/brasilnoticias.org\/site\/wp-content\/uploads\/2024\/06\/Concurso-Publico-07-640x375-1.webp\" \/>\n\t<meta property=\"og:image:width\" content=\"640\" \/>\n\t<meta property=\"og:image:height\" content=\"375\" \/>\n\t<meta property=\"og:image:type\" content=\"image\/webp\" \/>\n<meta name=\"author\" content=\"Reda\u00e7\u00e3o\" \/>\n<meta name=\"twitter:card\" content=\"summary_large_image\" \/>\n<meta name=\"twitter:label1\" content=\"Escrito por\" \/>\n\t<meta name=\"twitter:data1\" content=\"Reda\u00e7\u00e3o\" \/>\n\t<meta name=\"twitter:label2\" content=\"Tempo estimado de leitura\" \/>\n\t<meta name=\"twitter:data2\" content=\"1 minuto\" \/>\n<script type=\"application\/ld+json\" class=\"yoast-schema-graph\">{\"@context\":\"https:\/\/schema.org\",\"@graph\":[{\"@type\":\"Article\",\"@id\":\"https:\/\/brasilnoticias.org\/site\/candeias-concurso-da-camara-municipal-inscreve-ate-esta-semana\/#article\",\"isPartOf\":{\"@id\":\"https:\/\/brasilnoticias.org\/site\/candeias-concurso-da-camara-municipal-inscreve-ate-esta-semana\/\"},\"author\":{\"name\":\"Reda\u00e7\u00e3o\",\"@id\":\"https:\/\/brasilnoticias.org\/site\/#\/schema\/person\/03bbbfe6c7634ad18c26444ea39049fa\"},\"headline\":\"Candeias: Concurso da C\u00e2mara Municipal inscreve at\u00e9 esta semana\",\"datePublished\":\"2024-06-10T15:29:25+00:00\",\"mainEntityOfPage\":{\"@id\":\"https:\/\/brasilnoticias.org\/site\/candeias-concurso-da-camara-municipal-inscreve-ate-esta-semana\/\"},\"wordCount\":654,\"commentCount\":0,\"publisher\":{\"@id\":\"https:\/\/brasilnoticias.org\/site\/#organization\"},\"image\":{\"@id\":\"https:\/\/brasilnoticias.org\/site\/candeias-concurso-da-camara-municipal-inscreve-ate-esta-semana\/#primaryimage\"},\"thumbnailUrl\":\"https:\/\/brasilnoticias.org\/site\/wp-content\/uploads\/2024\/06\/Concurso-Publico-07-640x375-1.webp\",\"articleSection\":[\"Not\u00edcias\",\"\u00daltimas\"],\"inLanguage\":\"pt-PT\",\"potentialAction\":[{\"@type\":\"CommentAction\",\"name\":\"Comment\",\"target\":[\"https:\/\/brasilnoticias.org\/site\/candeias-concurso-da-camara-municipal-inscreve-ate-esta-semana\/#respond\"]}]},{\"@type\":\"WebPage\",\"@id\":\"https:\/\/brasilnoticias.org\/site\/candeias-concurso-da-camara-municipal-inscreve-ate-esta-semana\/\",\"url\":\"https:\/\/brasilnoticias.org\/site\/candeias-concurso-da-camara-municipal-inscreve-ate-esta-semana\/\",\"name\":\"Candeias: Concurso da C\u00e2mara Municipal inscreve at\u00e9 esta semana - Brasil not\u00edcias\",\"isPartOf\":{\"@id\":\"https:\/\/brasilnoticias.org\/site\/#website\"},\"primaryImageOfPage\":{\"@id\":\"https:\/\/brasilnoticias.org\/site\/candeias-concurso-da-camara-municipal-inscreve-ate-esta-semana\/#primaryimage\"},\"image\":{\"@id\":\"https:\/\/brasilnoticias.org\/site\/candeias-concurso-da-camara-municipal-inscreve-ate-esta-semana\/#primaryimage\"},\"thumbnailUrl\":\"https:\/\/brasilnoticias.org\/site\/wp-content\/uploads\/2024\/06\/Concurso-Publico-07-640x375-1.webp\",\"datePublished\":\"2024-06-10T15:29:25+00:00\",\"breadcrumb\":{\"@id\":\"https:\/\/brasilnoticias.org\/site\/candeias-concurso-da-camara-municipal-inscreve-ate-esta-semana\/#breadcrumb\"},\"inLanguage\":\"pt-PT\",\"potentialAction\":[{\"@type\":\"ReadAction\",\"target\":[\"https:\/\/brasilnoticias.org\/site\/candeias-concurso-da-camara-municipal-inscreve-ate-esta-semana\/\"]}]},{\"@type\":\"ImageObject\",\"inLanguage\":\"pt-PT\",\"@id\":\"https:\/\/brasilnoticias.org\/site\/candeias-concurso-da-camara-municipal-inscreve-ate-esta-semana\/#primaryimage\",\"url\":\"https:\/\/brasilnoticias.org\/site\/wp-content\/uploads\/2024\/06\/Concurso-Publico-07-640x375-1.webp\",\"contentUrl\":\"https:\/\/brasilnoticias.org\/site\/wp-content\/uploads\/2024\/06\/Concurso-Publico-07-640x375-1.webp\",\"width\":640,\"height\":375},{\"@type\":\"BreadcrumbList\",\"@id\":\"https:\/\/brasilnoticias.org\/site\/candeias-concurso-da-camara-municipal-inscreve-ate-esta-semana\/#breadcrumb\",\"itemListElement\":[{\"@type\":\"ListItem\",\"position\":1,\"name\":\"In\u00edcio\",\"item\":\"https:\/\/brasilnoticias.org\/site\/\"},{\"@type\":\"ListItem\",\"position\":2,\"name\":\"Candeias: Concurso da C\u00e2mara Municipal inscreve at\u00e9 esta semana\"}]},{\"@type\":\"WebSite\",\"@id\":\"https:\/\/brasilnoticias.org\/site\/#website\",\"url\":\"https:\/\/brasilnoticias.org\/site\/\",\"name\":\"Brasil not\u00edcias\",\"description\":\"Brasil not\u00edcias\",\"publisher\":{\"@id\":\"https:\/\/brasilnoticias.org\/site\/#organization\"},\"potentialAction\":[{\"@type\":\"SearchAction\",\"target\":{\"@type\":\"EntryPoint\",\"urlTemplate\":\"https:\/\/brasilnoticias.org\/site\/?s={search_term_string}\"},\"query-input\":{\"@type\":\"PropertyValueSpecification\",\"valueRequired\":true,\"valueName\":\"search_term_string\"}}],\"inLanguage\":\"pt-PT\"},{\"@type\":\"Organization\",\"@id\":\"https:\/\/brasilnoticias.org\/site\/#organization\",\"name\":\"Brasil not\u00edcias\",\"url\":\"https:\/\/brasilnoticias.org\/site\/\",\"logo\":{\"@type\":\"ImageObject\",\"inLanguage\":\"pt-PT\",\"@id\":\"https:\/\/brasilnoticias.org\/site\/#\/schema\/logo\/image\/\",\"url\":\"https:\/\/brasilnoticias.org\/site\/wp-content\/uploads\/2022\/05\/cropped-brasilnoticias-mini.jpg\",\"contentUrl\":\"https:\/\/brasilnoticias.org\/site\/wp-content\/uploads\/2022\/05\/cropped-brasilnoticias-mini.jpg\",\"width\":314,\"height\":86,\"caption\":\"Brasil not\u00edcias\"},\"image\":{\"@id\":\"https:\/\/brasilnoticias.org\/site\/#\/schema\/logo\/image\/\"}},{\"@type\":\"Person\",\"@id\":\"https:\/\/brasilnoticias.org\/site\/#\/schema\/person\/03bbbfe6c7634ad18c26444ea39049fa\",\"name\":\"Reda\u00e7\u00e3o\",\"image\":{\"@type\":\"ImageObject\",\"inLanguage\":\"pt-PT\",\"@id\":\"https:\/\/brasilnoticias.org\/site\/#\/schema\/person\/image\/\",\"url\":\"https:\/\/secure.gravatar.com\/avatar\/9ecaf7327a696cb23ad926fedded5f1f04d7049de9e445375d55b48c001a6e42?s=96&d=mm&r=g\",\"contentUrl\":\"https:\/\/secure.gravatar.com\/avatar\/9ecaf7327a696cb23ad926fedded5f1f04d7049de9e445375d55b48c001a6e42?s=96&d=mm&r=g\",\"caption\":\"Reda\u00e7\u00e3o\"},\"url\":\"https:\/\/brasilnoticias.org\/site\/author\/henrique\/\"}]}<\/script>\n<!-- \/ Yoast SEO plugin. -->","yoast_head_json":{"title":"Candeias: Concurso da C\u00e2mara Municipal inscreve at\u00e9 esta semana - Brasil not\u00edcias","robots":{"index":"index","follow":"follow","max-snippet":"max-snippet:-1","max-image-preview":"max-image-preview:large","max-video-preview":"max-video-preview:-1"},"canonical":"https:\/\/brasilnoticias.org\/site\/candeias-concurso-da-camara-municipal-inscreve-ate-esta-semana\/","og_locale":"pt_PT","og_type":"article","og_title":"Candeias: Concurso da C\u00e2mara Municipal inscreve at\u00e9 esta semana - Brasil not\u00edcias","og_description":"O certame, in\u00e9dito na hist\u00f3ria do Legislativo, vai oferecer 59 (cinquenta e nove) vagas para 10 (dez) cargos com sal\u00e1rios","og_url":"https:\/\/brasilnoticias.org\/site\/candeias-concurso-da-camara-municipal-inscreve-ate-esta-semana\/","og_site_name":"Brasil not\u00edcias","article_published_time":"2024-06-10T15:29:25+00:00","og_image":[{"width":640,"height":375,"url":"https:\/\/brasilnoticias.org\/site\/wp-content\/uploads\/2024\/06\/Concurso-Publico-07-640x375-1.webp","type":"image\/webp"}],"author":"Reda\u00e7\u00e3o","twitter_card":"summary_large_image","twitter_misc":{"Escrito por":"Reda\u00e7\u00e3o","Tempo estimado de leitura":"1 minuto"},"schema":{"@context":"https:\/\/schema.org","@graph":[{"@type":"Article","@id":"https:\/\/brasilnoticias.org\/site\/candeias-concurso-da-camara-municipal-inscreve-ate-esta-semana\/#article","isPartOf":{"@id":"https:\/\/brasilnoticias.org\/site\/candeias-concurso-da-camara-municipal-inscreve-ate-esta-semana\/"},"author":{"name":"Reda\u00e7\u00e3o","@id":"https:\/\/brasilnoticias.org\/site\/#\/schema\/person\/03bbbfe6c7634ad18c26444ea39049fa"},"headline":"Candeias: Concurso da C\u00e2mara Municipal inscreve at\u00e9 esta semana","datePublished":"2024-06-10T15:29:25+00:00","mainEntityOfPage":{"@id":"https:\/\/brasilnoticias.org\/site\/candeias-concurso-da-camara-municipal-inscreve-ate-esta-semana\/"},"wordCount":654,"commentCount":0,"publisher":{"@id":"https:\/\/brasilnoticias.org\/site\/#organization"},"image":{"@id":"https:\/\/brasilnoticias.org\/site\/candeias-concurso-da-camara-municipal-inscreve-ate-esta-semana\/#primaryimage"},"thumbnailUrl":"https:\/\/brasilnoticias.org\/site\/wp-content\/uploads\/2024\/06\/Concurso-Publico-07-640x375-1.webp","articleSection":["Not\u00edcias","\u00daltimas"],"inLanguage":"pt-PT","potentialAction":[{"@type":"CommentAction","name":"Comment","target":["https:\/\/brasilnoticias.org\/site\/candeias-concurso-da-camara-municipal-inscreve-ate-esta-semana\/#respond"]}]},{"@type":"WebPage","@id":"https:\/\/brasilnoticias.org\/site\/candeias-concurso-da-camara-municipal-inscreve-ate-esta-semana\/","url":"https:\/\/brasilnoticias.org\/site\/candeias-concurso-da-camara-municipal-inscreve-ate-esta-semana\/","name":"Candeias: Concurso da C\u00e2mara Municipal inscreve at\u00e9 esta semana - Brasil not\u00edcias","isPartOf":{"@id":"https:\/\/brasilnoticias.org\/site\/#website"},"primaryImageOfPage":{"@id":"https:\/\/brasilnoticias.org\/site\/candeias-concurso-da-camara-municipal-inscreve-ate-esta-semana\/#primaryimage"},"image":{"@id":"https:\/\/brasilnoticias.org\/site\/candeias-concurso-da-camara-municipal-inscreve-ate-esta-semana\/#primaryimage"},"thumbnailUrl":"https:\/\/brasilnoticias.org\/site\/wp-content\/uploads\/2024\/06\/Concurso-Publico-07-640x375-1.webp","datePublished":"2024-06-10T15:29:25+00:00","breadcrumb":{"@id":"https:\/\/brasilnoticias.org\/site\/candeias-concurso-da-camara-municipal-inscreve-ate-esta-semana\/#breadcrumb"},"inLanguage":"pt-PT","potentialAction":[{"@type":"ReadAction","target":["https:\/\/brasilnoticias.org\/site\/candeias-concurso-da-camara-municipal-inscreve-ate-esta-semana\/"]}]},{"@type":"ImageObject","inLanguage":"pt-PT","@id":"https:\/\/brasilnoticias.org\/site\/candeias-concurso-da-camara-municipal-inscreve-ate-esta-semana\/#primaryimage","url":"https:\/\/brasilnoticias.org\/site\/wp-content\/uploads\/2024\/06\/Concurso-Publico-07-640x375-1.webp","contentUrl":"https:\/\/brasilnoticias.org\/site\/wp-content\/uploads\/2024\/06\/Concurso-Publico-07-640x375-1.webp","width":640,"height":375},{"@type":"BreadcrumbList","@id":"https:\/\/brasilnoticias.org\/site\/candeias-concurso-da-camara-municipal-inscreve-ate-esta-semana\/#breadcrumb","itemListElement":[{"@type":"ListItem","position":1,"name":"In\u00edcio","item":"https:\/\/brasilnoticias.org\/site\/"},{"@type":"ListItem","position":2,"name":"Candeias: Concurso da C\u00e2mara Municipal inscreve at\u00e9 esta semana"}]},{"@type":"WebSite","@id":"https:\/\/brasilnoticias.org\/site\/#website","url":"https:\/\/brasilnoticias.org\/site\/","name":"Brasil not\u00edcias","description":"Brasil not\u00edcias","publisher":{"@id":"https:\/\/brasilnoticias.org\/site\/#organization"},"potentialAction":[{"@type":"SearchAction","target":{"@type":"EntryPoint","urlTemplate":"https:\/\/brasilnoticias.org\/site\/?s={search_term_string}"},"query-input":{"@type":"PropertyValueSpecification","valueRequired":true,"valueName":"search_term_string"}}],"inLanguage":"pt-PT"},{"@type":"Organization","@id":"https:\/\/brasilnoticias.org\/site\/#organization","name":"Brasil not\u00edcias","url":"https:\/\/brasilnoticias.org\/site\/","logo":{"@type":"ImageObject","inLanguage":"pt-PT","@id":"https:\/\/brasilnoticias.org\/site\/#\/schema\/logo\/image\/","url":"https:\/\/brasilnoticias.org\/site\/wp-content\/uploads\/2022\/05\/cropped-brasilnoticias-mini.jpg","contentUrl":"https:\/\/brasilnoticias.org\/site\/wp-content\/uploads\/2022\/05\/cropped-brasilnoticias-mini.jpg","width":314,"height":86,"caption":"Brasil not\u00edcias"},"image":{"@id":"https:\/\/brasilnoticias.org\/site\/#\/schema\/logo\/image\/"}},{"@type":"Person","@id":"https:\/\/brasilnoticias.org\/site\/#\/schema\/person\/03bbbfe6c7634ad18c26444ea39049fa","name":"Reda\u00e7\u00e3o","image":{"@type":"ImageObject","inLanguage":"pt-PT","@id":"https:\/\/brasilnoticias.org\/site\/#\/schema\/person\/image\/","url":"https:\/\/secure.gravatar.com\/avatar\/9ecaf7327a696cb23ad926fedded5f1f04d7049de9e445375d55b48c001a6e42?s=96&d=mm&r=g","contentUrl":"https:\/\/secure.gravatar.com\/avatar\/9ecaf7327a696cb23ad926fedded5f1f04d7049de9e445375d55b48c001a6e42?s=96&d=mm&r=g","caption":"Reda\u00e7\u00e3o"},"url":"https:\/\/brasilnoticias.org\/site\/author\/henrique\/"}]}},"_links":{"self":[{"href":"https:\/\/brasilnoticias.org\/site\/wp-json\/wp\/v2\/posts\/14541","targetHints":{"allow":["GET"]}}],"collection":[{"href":"https:\/\/brasilnoticias.org\/site\/wp-json\/wp\/v2\/posts"}],"about":[{"href":"https:\/\/brasilnoticias.org\/site\/wp-json\/wp\/v2\/types\/post"}],"author":[{"embeddable":true,"href":"https:\/\/brasilnoticias.org\/site\/wp-json\/wp\/v2\/users\/4"}],"replies":[{"embeddable":true,"href":"https:\/\/brasilnoticias.org\/site\/wp-json\/wp\/v2\/comments?post=14541"}],"version-history":[{"count":1,"href":"https:\/\/brasilnoticias.org\/site\/wp-json\/wp\/v2\/posts\/14541\/revisions"}],"predecessor-version":[{"id":14543,"href":"https:\/\/brasilnoticias.org\/site\/wp-json\/wp\/v2\/posts\/14541\/revisions\/14543"}],"wp:featuredmedia":[{"embeddable":true,"href":"https:\/\/brasilnoticias.org\/site\/wp-json\/wp\/v2\/media\/14542"}],"wp:attachment":[{"href":"https:\/\/brasilnoticias.org\/site\/wp-json\/wp\/v2\/media?parent=14541"}],"wp:term":[{"taxonomy":"category","embeddable":true,"href":"https:\/\/brasilnoticias.org\/site\/wp-json\/wp\/v2\/categories?post=14541"},{"taxonomy":"post_tag","embeddable":true,"href":"https:\/\/brasilnoticias.org\/site\/wp-json\/wp\/v2\/tags?post=14541"}],"curies":[{"name":"wp","href":"https:\/\/api.w.org\/{rel}","templated":true}]}}