{"id":14545,"date":"2024-06-10T12:31:24","date_gmt":"2024-06-10T15:31:24","guid":{"rendered":"https:\/\/brasilnoticias.org\/site\/?p=14545"},"modified":"2024-06-10T12:31:24","modified_gmt":"2024-06-10T15:31:24","slug":"caso-kits-de-robotica-valor-apreendido-pela-pf-com-aliado-de-lira-segue-sem-destino","status":"publish","type":"post","link":"https:\/\/brasilnoticias.org\/site\/caso-kits-de-robotica-valor-apreendido-pela-pf-com-aliado-de-lira-segue-sem-destino\/","title":{"rendered":"Caso &#8220;kits de rob\u00f3tica&#8221;: Valor apreendido pela PF com aliado de Lira segue sem destino"},"content":{"rendered":"<p>Cerca de R$ 4 milh\u00f5es est\u00e3o em conta judicial desde setembro do ano passado, mas ningu\u00e9m reivindicou o montante<\/p>\n<p>A Pol\u00edcia Federal (PF) est\u00e1 prestes a completar nove meses sem conseguir cumprir a decis\u00e3o do Supremo Tribunal Federal (STF) que determinou a devolu\u00e7\u00e3o dos bens apreendidos na opera\u00e7\u00e3o contra os aliados do presidente da C\u00e2mara dos Deputados, Arthur Lira (PP-AL). Eles eram suspeitos de envolvimento em desvio de verbas do Fundo Nacional do Desenvolvimento da Educa\u00e7\u00e3o (FNDE) em Alagoas, no que ficou conhecido .<\/p>\n<p>Cerca de R$ 4 milh\u00f5es deveriam ter sido devolvidos ao dono, conforme determinou uma decis\u00e3o do ministro Gilmar Mendes, que anulou a opera\u00e7\u00e3o e mandou destruir as provas produzidas pela PF. At\u00e9 agora, o valor, encontrado em junho de 2023 no cofre da empresa de Murilo Sergio Juc\u00e1 Nogueira Junior, um dos aliados de Lira, segue sem destino. As informa\u00e7\u00f5es s\u00e3o da coluna da jornalista Malu Gaspar, no  jornal O Globo.<\/p>\n<p>Os R$ 4 milh\u00f5es est\u00e3o em uma conta judicial desde setembro do ano passado, mas ningu\u00e9m ainda reivindicou o montante. Segundo policiais federais ouvidos pela coluna, a aus\u00eancia de reivindica\u00e7\u00e3o \u00e9 porque os envolvidos no caso n\u00e3o t\u00eam como comprovar a origem do montante. <\/p>\n<p>Foto: Jos\u00e9 Cruz\/Ag\u00eancia Brasil<br \/>\nPor: Metro1<\/p>\n","protected":false},"excerpt":{"rendered":"<p>Cerca de R$ 4 milh\u00f5es est\u00e3o em conta judicial desde setembro do ano passado, mas ningu\u00e9m reivindicou o montante A<\/p>\n","protected":false},"author":4,"featured_media":14546,"comment_status":"open","ping_status":"open","sticky":false,"template":"","format":"standard","meta":{"colormag_page_container_layout":"default_layout","colormag_page_sidebar_layout":"default_layout","_FSMCFIC_featured_image_caption":"","_FSMCFIC_featured_image_nocaption":"","_FSMCFIC_featured_image_hide":"","footnotes":""},"categories":[5,1],"tags":[],"class_list":["post-14545","post","type-post","status-publish","format-standard","has-post-thumbnail","hentry","category-politica","category-ultimas"],"yoast_head":"<!-- This site is optimized with the Yoast SEO plugin v27.1.1 - https:\/\/yoast.com\/product\/yoast-seo-wordpress\/ -->\n<title>Caso &quot;kits de rob\u00f3tica&quot;: Valor apreendido pela PF com aliado de Lira segue sem destino - Brasil not\u00edcias<\/title>\n<meta name=\"robots\" content=\"index, follow, max-snippet:-1, max-image-preview:large, max-video-preview:-1\" \/>\n<link rel=\"canonical\" href=\"https:\/\/brasilnoticias.org\/site\/caso-kits-de-robotica-valor-apreendido-pela-pf-com-aliado-de-lira-segue-sem-destino\/\" \/>\n<meta property=\"og:locale\" content=\"pt_PT\" \/>\n<meta property=\"og:type\" content=\"article\" \/>\n<meta property=\"og:title\" content=\"Caso &quot;kits de rob\u00f3tica&quot;: Valor apreendido pela PF com aliado de Lira segue sem destino - Brasil not\u00edcias\" \/>\n<meta property=\"og:description\" content=\"Cerca de R$ 4 milh\u00f5es est\u00e3o em conta judicial desde setembro do ano passado, mas ningu\u00e9m reivindicou o montante A\" \/>\n<meta property=\"og:url\" content=\"https:\/\/brasilnoticias.org\/site\/caso-kits-de-robotica-valor-apreendido-pela-pf-com-aliado-de-lira-segue-sem-destino\/\" \/>\n<meta property=\"og:site_name\" content=\"Brasil not\u00edcias\" \/>\n<meta property=\"article:published_time\" content=\"2024-06-10T15:31:24+00:00\" \/>\n<meta property=\"og:image\" content=\"https:\/\/brasilnoticias.org\/site\/wp-content\/uploads\/2024\/06\/151343caso-kits-de-robotica-valor-apreendido-pela-pf-com-aliado-de-lira-segue-sem-destino-3.jpg\" \/>\n\t<meta property=\"og:image:width\" content=\"1600\" \/>\n\t<meta property=\"og:image:height\" content=\"752\" \/>\n\t<meta property=\"og:image:type\" content=\"image\/jpeg\" \/>\n<meta name=\"author\" content=\"Reda\u00e7\u00e3o\" \/>\n<meta name=\"twitter:card\" content=\"summary_large_image\" \/>\n<meta name=\"twitter:label1\" content=\"Escrito por\" \/>\n\t<meta name=\"twitter:data1\" content=\"Reda\u00e7\u00e3o\" \/>\n\t<meta name=\"twitter:label2\" content=\"Tempo estimado de leitura\" \/>\n\t<meta name=\"twitter:data2\" content=\"1 minuto\" \/>\n<script type=\"application\/ld+json\" class=\"yoast-schema-graph\">{\"@context\":\"https:\/\/schema.org\",\"@graph\":[{\"@type\":\"Article\",\"@id\":\"https:\/\/brasilnoticias.org\/site\/caso-kits-de-robotica-valor-apreendido-pela-pf-com-aliado-de-lira-segue-sem-destino\/#article\",\"isPartOf\":{\"@id\":\"https:\/\/brasilnoticias.org\/site\/caso-kits-de-robotica-valor-apreendido-pela-pf-com-aliado-de-lira-segue-sem-destino\/\"},\"author\":{\"name\":\"Reda\u00e7\u00e3o\",\"@id\":\"https:\/\/brasilnoticias.org\/site\/#\/schema\/person\/03bbbfe6c7634ad18c26444ea39049fa\"},\"headline\":\"Caso &#8220;kits de rob\u00f3tica&#8221;: Valor apreendido pela PF com aliado de Lira segue sem destino\",\"datePublished\":\"2024-06-10T15:31:24+00:00\",\"mainEntityOfPage\":{\"@id\":\"https:\/\/brasilnoticias.org\/site\/caso-kits-de-robotica-valor-apreendido-pela-pf-com-aliado-de-lira-segue-sem-destino\/\"},\"wordCount\":238,\"commentCount\":0,\"publisher\":{\"@id\":\"https:\/\/brasilnoticias.org\/site\/#organization\"},\"image\":{\"@id\":\"https:\/\/brasilnoticias.org\/site\/caso-kits-de-robotica-valor-apreendido-pela-pf-com-aliado-de-lira-segue-sem-destino\/#primaryimage\"},\"thumbnailUrl\":\"https:\/\/brasilnoticias.org\/site\/wp-content\/uploads\/2024\/06\/151343caso-kits-de-robotica-valor-apreendido-pela-pf-com-aliado-de-lira-segue-sem-destino-3.jpg\",\"articleSection\":[\"Pol\u00edtica\",\"\u00daltimas\"],\"inLanguage\":\"pt-PT\",\"potentialAction\":[{\"@type\":\"CommentAction\",\"name\":\"Comment\",\"target\":[\"https:\/\/brasilnoticias.org\/site\/caso-kits-de-robotica-valor-apreendido-pela-pf-com-aliado-de-lira-segue-sem-destino\/#respond\"]}]},{\"@type\":\"WebPage\",\"@id\":\"https:\/\/brasilnoticias.org\/site\/caso-kits-de-robotica-valor-apreendido-pela-pf-com-aliado-de-lira-segue-sem-destino\/\",\"url\":\"https:\/\/brasilnoticias.org\/site\/caso-kits-de-robotica-valor-apreendido-pela-pf-com-aliado-de-lira-segue-sem-destino\/\",\"name\":\"Caso \\\"kits de rob\u00f3tica\\\": Valor apreendido pela PF com aliado de Lira segue sem destino - Brasil not\u00edcias\",\"isPartOf\":{\"@id\":\"https:\/\/brasilnoticias.org\/site\/#website\"},\"primaryImageOfPage\":{\"@id\":\"https:\/\/brasilnoticias.org\/site\/caso-kits-de-robotica-valor-apreendido-pela-pf-com-aliado-de-lira-segue-sem-destino\/#primaryimage\"},\"image\":{\"@id\":\"https:\/\/brasilnoticias.org\/site\/caso-kits-de-robotica-valor-apreendido-pela-pf-com-aliado-de-lira-segue-sem-destino\/#primaryimage\"},\"thumbnailUrl\":\"https:\/\/brasilnoticias.org\/site\/wp-content\/uploads\/2024\/06\/151343caso-kits-de-robotica-valor-apreendido-pela-pf-com-aliado-de-lira-segue-sem-destino-3.jpg\",\"datePublished\":\"2024-06-10T15:31:24+00:00\",\"breadcrumb\":{\"@id\":\"https:\/\/brasilnoticias.org\/site\/caso-kits-de-robotica-valor-apreendido-pela-pf-com-aliado-de-lira-segue-sem-destino\/#breadcrumb\"},\"inLanguage\":\"pt-PT\",\"potentialAction\":[{\"@type\":\"ReadAction\",\"target\":[\"https:\/\/brasilnoticias.org\/site\/caso-kits-de-robotica-valor-apreendido-pela-pf-com-aliado-de-lira-segue-sem-destino\/\"]}]},{\"@type\":\"ImageObject\",\"inLanguage\":\"pt-PT\",\"@id\":\"https:\/\/brasilnoticias.org\/site\/caso-kits-de-robotica-valor-apreendido-pela-pf-com-aliado-de-lira-segue-sem-destino\/#primaryimage\",\"url\":\"https:\/\/brasilnoticias.org\/site\/wp-content\/uploads\/2024\/06\/151343caso-kits-de-robotica-valor-apreendido-pela-pf-com-aliado-de-lira-segue-sem-destino-3.jpg\",\"contentUrl\":\"https:\/\/brasilnoticias.org\/site\/wp-content\/uploads\/2024\/06\/151343caso-kits-de-robotica-valor-apreendido-pela-pf-com-aliado-de-lira-segue-sem-destino-3.jpg\",\"width\":1600,\"height\":752},{\"@type\":\"BreadcrumbList\",\"@id\":\"https:\/\/brasilnoticias.org\/site\/caso-kits-de-robotica-valor-apreendido-pela-pf-com-aliado-de-lira-segue-sem-destino\/#breadcrumb\",\"itemListElement\":[{\"@type\":\"ListItem\",\"position\":1,\"name\":\"In\u00edcio\",\"item\":\"https:\/\/brasilnoticias.org\/site\/\"},{\"@type\":\"ListItem\",\"position\":2,\"name\":\"Caso &#8220;kits de rob\u00f3tica&#8221;: Valor apreendido pela PF com aliado de Lira segue sem destino\"}]},{\"@type\":\"WebSite\",\"@id\":\"https:\/\/brasilnoticias.org\/site\/#website\",\"url\":\"https:\/\/brasilnoticias.org\/site\/\",\"name\":\"Brasil not\u00edcias\",\"description\":\"Brasil not\u00edcias\",\"publisher\":{\"@id\":\"https:\/\/brasilnoticias.org\/site\/#organization\"},\"potentialAction\":[{\"@type\":\"SearchAction\",\"target\":{\"@type\":\"EntryPoint\",\"urlTemplate\":\"https:\/\/brasilnoticias.org\/site\/?s={search_term_string}\"},\"query-input\":{\"@type\":\"PropertyValueSpecification\",\"valueRequired\":true,\"valueName\":\"search_term_string\"}}],\"inLanguage\":\"pt-PT\"},{\"@type\":\"Organization\",\"@id\":\"https:\/\/brasilnoticias.org\/site\/#organization\",\"name\":\"Brasil not\u00edcias\",\"url\":\"https:\/\/brasilnoticias.org\/site\/\",\"logo\":{\"@type\":\"ImageObject\",\"inLanguage\":\"pt-PT\",\"@id\":\"https:\/\/brasilnoticias.org\/site\/#\/schema\/logo\/image\/\",\"url\":\"https:\/\/brasilnoticias.org\/site\/wp-content\/uploads\/2022\/05\/cropped-brasilnoticias-mini.jpg\",\"contentUrl\":\"https:\/\/brasilnoticias.org\/site\/wp-content\/uploads\/2022\/05\/cropped-brasilnoticias-mini.jpg\",\"width\":314,\"height\":86,\"caption\":\"Brasil not\u00edcias\"},\"image\":{\"@id\":\"https:\/\/brasilnoticias.org\/site\/#\/schema\/logo\/image\/\"}},{\"@type\":\"Person\",\"@id\":\"https:\/\/brasilnoticias.org\/site\/#\/schema\/person\/03bbbfe6c7634ad18c26444ea39049fa\",\"name\":\"Reda\u00e7\u00e3o\",\"image\":{\"@type\":\"ImageObject\",\"inLanguage\":\"pt-PT\",\"@id\":\"https:\/\/brasilnoticias.org\/site\/#\/schema\/person\/image\/\",\"url\":\"https:\/\/secure.gravatar.com\/avatar\/9ecaf7327a696cb23ad926fedded5f1f04d7049de9e445375d55b48c001a6e42?s=96&d=mm&r=g\",\"contentUrl\":\"https:\/\/secure.gravatar.com\/avatar\/9ecaf7327a696cb23ad926fedded5f1f04d7049de9e445375d55b48c001a6e42?s=96&d=mm&r=g\",\"caption\":\"Reda\u00e7\u00e3o\"},\"url\":\"https:\/\/brasilnoticias.org\/site\/author\/henrique\/\"}]}<\/script>\n<!-- \/ Yoast SEO plugin. -->","yoast_head_json":{"title":"Caso \"kits de rob\u00f3tica\": Valor apreendido pela PF com aliado de Lira segue sem destino - Brasil not\u00edcias","robots":{"index":"index","follow":"follow","max-snippet":"max-snippet:-1","max-image-preview":"max-image-preview:large","max-video-preview":"max-video-preview:-1"},"canonical":"https:\/\/brasilnoticias.org\/site\/caso-kits-de-robotica-valor-apreendido-pela-pf-com-aliado-de-lira-segue-sem-destino\/","og_locale":"pt_PT","og_type":"article","og_title":"Caso \"kits de rob\u00f3tica\": Valor apreendido pela PF com aliado de Lira segue sem destino - Brasil not\u00edcias","og_description":"Cerca de R$ 4 milh\u00f5es est\u00e3o em conta judicial desde setembro do ano passado, mas ningu\u00e9m reivindicou o montante A","og_url":"https:\/\/brasilnoticias.org\/site\/caso-kits-de-robotica-valor-apreendido-pela-pf-com-aliado-de-lira-segue-sem-destino\/","og_site_name":"Brasil not\u00edcias","article_published_time":"2024-06-10T15:31:24+00:00","og_image":[{"width":1600,"height":752,"url":"https:\/\/brasilnoticias.org\/site\/wp-content\/uploads\/2024\/06\/151343caso-kits-de-robotica-valor-apreendido-pela-pf-com-aliado-de-lira-segue-sem-destino-3.jpg","type":"image\/jpeg"}],"author":"Reda\u00e7\u00e3o","twitter_card":"summary_large_image","twitter_misc":{"Escrito por":"Reda\u00e7\u00e3o","Tempo estimado de leitura":"1 minuto"},"schema":{"@context":"https:\/\/schema.org","@graph":[{"@type":"Article","@id":"https:\/\/brasilnoticias.org\/site\/caso-kits-de-robotica-valor-apreendido-pela-pf-com-aliado-de-lira-segue-sem-destino\/#article","isPartOf":{"@id":"https:\/\/brasilnoticias.org\/site\/caso-kits-de-robotica-valor-apreendido-pela-pf-com-aliado-de-lira-segue-sem-destino\/"},"author":{"name":"Reda\u00e7\u00e3o","@id":"https:\/\/brasilnoticias.org\/site\/#\/schema\/person\/03bbbfe6c7634ad18c26444ea39049fa"},"headline":"Caso &#8220;kits de rob\u00f3tica&#8221;: Valor apreendido pela PF com aliado de Lira segue sem destino","datePublished":"2024-06-10T15:31:24+00:00","mainEntityOfPage":{"@id":"https:\/\/brasilnoticias.org\/site\/caso-kits-de-robotica-valor-apreendido-pela-pf-com-aliado-de-lira-segue-sem-destino\/"},"wordCount":238,"commentCount":0,"publisher":{"@id":"https:\/\/brasilnoticias.org\/site\/#organization"},"image":{"@id":"https:\/\/brasilnoticias.org\/site\/caso-kits-de-robotica-valor-apreendido-pela-pf-com-aliado-de-lira-segue-sem-destino\/#primaryimage"},"thumbnailUrl":"https:\/\/brasilnoticias.org\/site\/wp-content\/uploads\/2024\/06\/151343caso-kits-de-robotica-valor-apreendido-pela-pf-com-aliado-de-lira-segue-sem-destino-3.jpg","articleSection":["Pol\u00edtica","\u00daltimas"],"inLanguage":"pt-PT","potentialAction":[{"@type":"CommentAction","name":"Comment","target":["https:\/\/brasilnoticias.org\/site\/caso-kits-de-robotica-valor-apreendido-pela-pf-com-aliado-de-lira-segue-sem-destino\/#respond"]}]},{"@type":"WebPage","@id":"https:\/\/brasilnoticias.org\/site\/caso-kits-de-robotica-valor-apreendido-pela-pf-com-aliado-de-lira-segue-sem-destino\/","url":"https:\/\/brasilnoticias.org\/site\/caso-kits-de-robotica-valor-apreendido-pela-pf-com-aliado-de-lira-segue-sem-destino\/","name":"Caso \"kits de rob\u00f3tica\": Valor apreendido pela PF com aliado de Lira segue sem destino - Brasil not\u00edcias","isPartOf":{"@id":"https:\/\/brasilnoticias.org\/site\/#website"},"primaryImageOfPage":{"@id":"https:\/\/brasilnoticias.org\/site\/caso-kits-de-robotica-valor-apreendido-pela-pf-com-aliado-de-lira-segue-sem-destino\/#primaryimage"},"image":{"@id":"https:\/\/brasilnoticias.org\/site\/caso-kits-de-robotica-valor-apreendido-pela-pf-com-aliado-de-lira-segue-sem-destino\/#primaryimage"},"thumbnailUrl":"https:\/\/brasilnoticias.org\/site\/wp-content\/uploads\/2024\/06\/151343caso-kits-de-robotica-valor-apreendido-pela-pf-com-aliado-de-lira-segue-sem-destino-3.jpg","datePublished":"2024-06-10T15:31:24+00:00","breadcrumb":{"@id":"https:\/\/brasilnoticias.org\/site\/caso-kits-de-robotica-valor-apreendido-pela-pf-com-aliado-de-lira-segue-sem-destino\/#breadcrumb"},"inLanguage":"pt-PT","potentialAction":[{"@type":"ReadAction","target":["https:\/\/brasilnoticias.org\/site\/caso-kits-de-robotica-valor-apreendido-pela-pf-com-aliado-de-lira-segue-sem-destino\/"]}]},{"@type":"ImageObject","inLanguage":"pt-PT","@id":"https:\/\/brasilnoticias.org\/site\/caso-kits-de-robotica-valor-apreendido-pela-pf-com-aliado-de-lira-segue-sem-destino\/#primaryimage","url":"https:\/\/brasilnoticias.org\/site\/wp-content\/uploads\/2024\/06\/151343caso-kits-de-robotica-valor-apreendido-pela-pf-com-aliado-de-lira-segue-sem-destino-3.jpg","contentUrl":"https:\/\/brasilnoticias.org\/site\/wp-content\/uploads\/2024\/06\/151343caso-kits-de-robotica-valor-apreendido-pela-pf-com-aliado-de-lira-segue-sem-destino-3.jpg","width":1600,"height":752},{"@type":"BreadcrumbList","@id":"https:\/\/brasilnoticias.org\/site\/caso-kits-de-robotica-valor-apreendido-pela-pf-com-aliado-de-lira-segue-sem-destino\/#breadcrumb","itemListElement":[{"@type":"ListItem","position":1,"name":"In\u00edcio","item":"https:\/\/brasilnoticias.org\/site\/"},{"@type":"ListItem","position":2,"name":"Caso &#8220;kits de rob\u00f3tica&#8221;: Valor apreendido pela PF com aliado de Lira segue sem destino"}]},{"@type":"WebSite","@id":"https:\/\/brasilnoticias.org\/site\/#website","url":"https:\/\/brasilnoticias.org\/site\/","name":"Brasil not\u00edcias","description":"Brasil not\u00edcias","publisher":{"@id":"https:\/\/brasilnoticias.org\/site\/#organization"},"potentialAction":[{"@type":"SearchAction","target":{"@type":"EntryPoint","urlTemplate":"https:\/\/brasilnoticias.org\/site\/?s={search_term_string}"},"query-input":{"@type":"PropertyValueSpecification","valueRequired":true,"valueName":"search_term_string"}}],"inLanguage":"pt-PT"},{"@type":"Organization","@id":"https:\/\/brasilnoticias.org\/site\/#organization","name":"Brasil not\u00edcias","url":"https:\/\/brasilnoticias.org\/site\/","logo":{"@type":"ImageObject","inLanguage":"pt-PT","@id":"https:\/\/brasilnoticias.org\/site\/#\/schema\/logo\/image\/","url":"https:\/\/brasilnoticias.org\/site\/wp-content\/uploads\/2022\/05\/cropped-brasilnoticias-mini.jpg","contentUrl":"https:\/\/brasilnoticias.org\/site\/wp-content\/uploads\/2022\/05\/cropped-brasilnoticias-mini.jpg","width":314,"height":86,"caption":"Brasil not\u00edcias"},"image":{"@id":"https:\/\/brasilnoticias.org\/site\/#\/schema\/logo\/image\/"}},{"@type":"Person","@id":"https:\/\/brasilnoticias.org\/site\/#\/schema\/person\/03bbbfe6c7634ad18c26444ea39049fa","name":"Reda\u00e7\u00e3o","image":{"@type":"ImageObject","inLanguage":"pt-PT","@id":"https:\/\/brasilnoticias.org\/site\/#\/schema\/person\/image\/","url":"https:\/\/secure.gravatar.com\/avatar\/9ecaf7327a696cb23ad926fedded5f1f04d7049de9e445375d55b48c001a6e42?s=96&d=mm&r=g","contentUrl":"https:\/\/secure.gravatar.com\/avatar\/9ecaf7327a696cb23ad926fedded5f1f04d7049de9e445375d55b48c001a6e42?s=96&d=mm&r=g","caption":"Reda\u00e7\u00e3o"},"url":"https:\/\/brasilnoticias.org\/site\/author\/henrique\/"}]}},"_links":{"self":[{"href":"https:\/\/brasilnoticias.org\/site\/wp-json\/wp\/v2\/posts\/14545","targetHints":{"allow":["GET"]}}],"collection":[{"href":"https:\/\/brasilnoticias.org\/site\/wp-json\/wp\/v2\/posts"}],"about":[{"href":"https:\/\/brasilnoticias.org\/site\/wp-json\/wp\/v2\/types\/post"}],"author":[{"embeddable":true,"href":"https:\/\/brasilnoticias.org\/site\/wp-json\/wp\/v2\/users\/4"}],"replies":[{"embeddable":true,"href":"https:\/\/brasilnoticias.org\/site\/wp-json\/wp\/v2\/comments?post=14545"}],"version-history":[{"count":1,"href":"https:\/\/brasilnoticias.org\/site\/wp-json\/wp\/v2\/posts\/14545\/revisions"}],"predecessor-version":[{"id":14547,"href":"https:\/\/brasilnoticias.org\/site\/wp-json\/wp\/v2\/posts\/14545\/revisions\/14547"}],"wp:featuredmedia":[{"embeddable":true,"href":"https:\/\/brasilnoticias.org\/site\/wp-json\/wp\/v2\/media\/14546"}],"wp:attachment":[{"href":"https:\/\/brasilnoticias.org\/site\/wp-json\/wp\/v2\/media?parent=14545"}],"wp:term":[{"taxonomy":"category","embeddable":true,"href":"https:\/\/brasilnoticias.org\/site\/wp-json\/wp\/v2\/categories?post=14545"},{"taxonomy":"post_tag","embeddable":true,"href":"https:\/\/brasilnoticias.org\/site\/wp-json\/wp\/v2\/tags?post=14545"}],"curies":[{"name":"wp","href":"https:\/\/api.w.org\/{rel}","templated":true}]}}