{"id":14549,"date":"2024-06-10T12:34:13","date_gmt":"2024-06-10T15:34:13","guid":{"rendered":"https:\/\/brasilnoticias.org\/site\/?p=14549"},"modified":"2024-06-10T12:34:13","modified_gmt":"2024-06-10T15:34:13","slug":"500-anos-de-camoes-o-poeta-que-escreveu-para-eternidade","status":"publish","type":"post","link":"https:\/\/brasilnoticias.org\/site\/500-anos-de-camoes-o-poeta-que-escreveu-para-eternidade\/","title":{"rendered":"\u201c500 anos de Cam\u00f5es\u201d: O poeta que escreveu para eternidade"},"content":{"rendered":"<p>Cam\u00f5es, nascido h\u00e1 500 anos, \u00e9 celebrado por sua obra \u00e9pica, que narra poeticamente os feitos de Portugal<\/p>\n<p>Nesta segunda-feira (10), \u00e9 celebrado o quinto centen\u00e1rio de Lu\u00eds Vaz de Cam\u00f5es. Nascido por volta de 1524 ou 1525, ele viveu durante uma \u00e9poca significativa da hist\u00f3ria de Portugal, marcada pelo Renascimento e pelas grandes navega\u00e7\u00f5es. Embora pouco se saiba sobre a vida do escritor, \u00e9 ineg\u00e1vel que esse per\u00edodo foi essencial para moldar o poeta e o homem que posteriormente celebraria os feitos nos versos eternos de &#8220;Os Lus\u00edadas&#8221;.<\/p>\n<p>As experi\u00eancias de Cam\u00f5es s\u00e3o refletidas vividamente em sua poesia, repleta de refer\u00eancias a batalhas, mares distantes e encontros culturais. Ele soube captar os contrastes de seu tempo, destacando tanto o esplendor das conquistas quanto as sombras da explora\u00e7\u00e3o. Sua obra, admirada por sua beleza e profundidade, permanece relevante e \u00e9 celebrada at\u00e9 hoje.<\/p>\n<p>Por que, mesmo ap\u00f3s s\u00e9culos, a poesia de Cam\u00f5es continua t\u00e3o viva e celebrada? A resposta pode estar no fato de ser uma voz atemporal que ainda dialoga com o presente. Em entrevista ao Metro1, Ruy Espinheira Filho, professor de Literatura e escritor, explicou que Cam\u00f5es \u00e9 um autor que escreveu para a eternidade. Segundo ele, Cam\u00f5es \u00e9 uma das figuras grandiosas da hist\u00f3ria da humanidade, um \u201cpoeta de mil\u00eanios&#8221;.<\/p>\n<p>\u201cCam\u00f5es \u00e9 lido no mundo inteiro, especialmente por aqueles que se interessam por poesia, hist\u00f3ria e pelas grandes conquistas mar\u00edtimas. Sua obra \u2018Os Lus\u00edadas\u2019 narra a hist\u00f3ria de Portugal, destacando como um poeta rom\u00e2ntico e l\u00edrico. Por ser l\u00edrica, sua poesia transcende o tempo e continua relevante\u201d, contou.<\/p>\n<p>Espinheira Filho compara Cam\u00f5es aos poetas gregos, cuja obra permanece viva. \u201cAssim como os poetas que escreveram mil\u00eanios atr\u00e1s e ainda s\u00e3o lidos hoje, a poesia de Cam\u00f5es continua a dialogar com o presente, mantendo-se eternamente atual&#8221;.<\/p>\n<p>Para celebrar os 500 anos do poeta, a Academia de Letras da Bahia (ALB) realiza, junto \u00e0 Universidade Federal da Bahia (UFBA) e \u00e0 Universidade do Estado da Bahia (Uneb), o evento &#8220;Cam\u00f5es 500 Anos: A Difus\u00e3o da L\u00edngua Portuguesa pelo Mundo&#8221;. O encontro ser\u00e1 realizado nesta segunda-feira (10), partir das 14h, na sede da ALB, no bairro de Nazar\u00e9, em Salvador, e tamb\u00e9m com transmiss\u00e3o na internet.<\/p>\n<p>Foto: Retrato\/ Manuel Severim de Farias<br \/>\nPor: Daniela Gonzalez<\/p>\n","protected":false},"excerpt":{"rendered":"<p>Cam\u00f5es, nascido h\u00e1 500 anos, \u00e9 celebrado por sua obra \u00e9pica, que narra poeticamente os feitos de Portugal Nesta segunda-feira<\/p>\n","protected":false},"author":4,"featured_media":14550,"comment_status":"open","ping_status":"open","sticky":false,"template":"","format":"standard","meta":{"colormag_page_container_layout":"default_layout","colormag_page_sidebar_layout":"default_layout","_FSMCFIC_featured_image_caption":"","_FSMCFIC_featured_image_nocaption":"","_FSMCFIC_featured_image_hide":"","footnotes":""},"categories":[8,1],"tags":[],"class_list":["post-14549","post","type-post","status-publish","format-standard","has-post-thumbnail","hentry","category-entretenimento","category-ultimas"],"yoast_head":"<!-- This site is optimized with the Yoast SEO plugin v27.1.1 - https:\/\/yoast.com\/product\/yoast-seo-wordpress\/ -->\n<title>\u201c500 anos de Cam\u00f5es\u201d: O poeta que escreveu para eternidade - Brasil not\u00edcias<\/title>\n<meta name=\"robots\" content=\"index, follow, max-snippet:-1, max-image-preview:large, max-video-preview:-1\" \/>\n<link rel=\"canonical\" href=\"https:\/\/brasilnoticias.org\/site\/500-anos-de-camoes-o-poeta-que-escreveu-para-eternidade\/\" \/>\n<meta property=\"og:locale\" content=\"pt_PT\" \/>\n<meta property=\"og:type\" content=\"article\" \/>\n<meta property=\"og:title\" content=\"\u201c500 anos de Cam\u00f5es\u201d: O poeta que escreveu para eternidade - Brasil not\u00edcias\" \/>\n<meta property=\"og:description\" content=\"Cam\u00f5es, nascido h\u00e1 500 anos, \u00e9 celebrado por sua obra \u00e9pica, que narra poeticamente os feitos de Portugal Nesta segunda-feira\" \/>\n<meta property=\"og:url\" content=\"https:\/\/brasilnoticias.org\/site\/500-anos-de-camoes-o-poeta-que-escreveu-para-eternidade\/\" \/>\n<meta property=\"og:site_name\" content=\"Brasil not\u00edcias\" \/>\n<meta property=\"article:published_time\" content=\"2024-06-10T15:34:13+00:00\" \/>\n<meta property=\"og:image\" content=\"https:\/\/brasilnoticias.org\/site\/wp-content\/uploads\/2024\/06\/151330500-anos-de-camoes-o-poeta-que-escreveu-para-eternidade-3.jpg\" \/>\n\t<meta property=\"og:image:width\" content=\"1600\" \/>\n\t<meta property=\"og:image:height\" content=\"752\" \/>\n\t<meta property=\"og:image:type\" content=\"image\/jpeg\" \/>\n<meta name=\"author\" content=\"Reda\u00e7\u00e3o\" \/>\n<meta name=\"twitter:card\" content=\"summary_large_image\" \/>\n<meta name=\"twitter:label1\" content=\"Escrito por\" \/>\n\t<meta name=\"twitter:data1\" content=\"Reda\u00e7\u00e3o\" \/>\n\t<meta name=\"twitter:label2\" content=\"Tempo estimado de leitura\" \/>\n\t<meta name=\"twitter:data2\" content=\"1 minuto\" \/>\n<script type=\"application\/ld+json\" class=\"yoast-schema-graph\">{\"@context\":\"https:\/\/schema.org\",\"@graph\":[{\"@type\":\"Article\",\"@id\":\"https:\/\/brasilnoticias.org\/site\/500-anos-de-camoes-o-poeta-que-escreveu-para-eternidade\/#article\",\"isPartOf\":{\"@id\":\"https:\/\/brasilnoticias.org\/site\/500-anos-de-camoes-o-poeta-que-escreveu-para-eternidade\/\"},\"author\":{\"name\":\"Reda\u00e7\u00e3o\",\"@id\":\"https:\/\/brasilnoticias.org\/site\/#\/schema\/person\/03bbbfe6c7634ad18c26444ea39049fa\"},\"headline\":\"\u201c500 anos de Cam\u00f5es\u201d: O poeta que escreveu para eternidade\",\"datePublished\":\"2024-06-10T15:34:13+00:00\",\"mainEntityOfPage\":{\"@id\":\"https:\/\/brasilnoticias.org\/site\/500-anos-de-camoes-o-poeta-que-escreveu-para-eternidade\/\"},\"wordCount\":409,\"commentCount\":0,\"publisher\":{\"@id\":\"https:\/\/brasilnoticias.org\/site\/#organization\"},\"image\":{\"@id\":\"https:\/\/brasilnoticias.org\/site\/500-anos-de-camoes-o-poeta-que-escreveu-para-eternidade\/#primaryimage\"},\"thumbnailUrl\":\"https:\/\/brasilnoticias.org\/site\/wp-content\/uploads\/2024\/06\/151330500-anos-de-camoes-o-poeta-que-escreveu-para-eternidade-3.jpg\",\"articleSection\":[\"Entretenimento\",\"\u00daltimas\"],\"inLanguage\":\"pt-PT\",\"potentialAction\":[{\"@type\":\"CommentAction\",\"name\":\"Comment\",\"target\":[\"https:\/\/brasilnoticias.org\/site\/500-anos-de-camoes-o-poeta-que-escreveu-para-eternidade\/#respond\"]}]},{\"@type\":\"WebPage\",\"@id\":\"https:\/\/brasilnoticias.org\/site\/500-anos-de-camoes-o-poeta-que-escreveu-para-eternidade\/\",\"url\":\"https:\/\/brasilnoticias.org\/site\/500-anos-de-camoes-o-poeta-que-escreveu-para-eternidade\/\",\"name\":\"\u201c500 anos de Cam\u00f5es\u201d: O poeta que escreveu para eternidade - Brasil not\u00edcias\",\"isPartOf\":{\"@id\":\"https:\/\/brasilnoticias.org\/site\/#website\"},\"primaryImageOfPage\":{\"@id\":\"https:\/\/brasilnoticias.org\/site\/500-anos-de-camoes-o-poeta-que-escreveu-para-eternidade\/#primaryimage\"},\"image\":{\"@id\":\"https:\/\/brasilnoticias.org\/site\/500-anos-de-camoes-o-poeta-que-escreveu-para-eternidade\/#primaryimage\"},\"thumbnailUrl\":\"https:\/\/brasilnoticias.org\/site\/wp-content\/uploads\/2024\/06\/151330500-anos-de-camoes-o-poeta-que-escreveu-para-eternidade-3.jpg\",\"datePublished\":\"2024-06-10T15:34:13+00:00\",\"breadcrumb\":{\"@id\":\"https:\/\/brasilnoticias.org\/site\/500-anos-de-camoes-o-poeta-que-escreveu-para-eternidade\/#breadcrumb\"},\"inLanguage\":\"pt-PT\",\"potentialAction\":[{\"@type\":\"ReadAction\",\"target\":[\"https:\/\/brasilnoticias.org\/site\/500-anos-de-camoes-o-poeta-que-escreveu-para-eternidade\/\"]}]},{\"@type\":\"ImageObject\",\"inLanguage\":\"pt-PT\",\"@id\":\"https:\/\/brasilnoticias.org\/site\/500-anos-de-camoes-o-poeta-que-escreveu-para-eternidade\/#primaryimage\",\"url\":\"https:\/\/brasilnoticias.org\/site\/wp-content\/uploads\/2024\/06\/151330500-anos-de-camoes-o-poeta-que-escreveu-para-eternidade-3.jpg\",\"contentUrl\":\"https:\/\/brasilnoticias.org\/site\/wp-content\/uploads\/2024\/06\/151330500-anos-de-camoes-o-poeta-que-escreveu-para-eternidade-3.jpg\",\"width\":1600,\"height\":752},{\"@type\":\"BreadcrumbList\",\"@id\":\"https:\/\/brasilnoticias.org\/site\/500-anos-de-camoes-o-poeta-que-escreveu-para-eternidade\/#breadcrumb\",\"itemListElement\":[{\"@type\":\"ListItem\",\"position\":1,\"name\":\"In\u00edcio\",\"item\":\"https:\/\/brasilnoticias.org\/site\/\"},{\"@type\":\"ListItem\",\"position\":2,\"name\":\"\u201c500 anos de Cam\u00f5es\u201d: O poeta que escreveu para eternidade\"}]},{\"@type\":\"WebSite\",\"@id\":\"https:\/\/brasilnoticias.org\/site\/#website\",\"url\":\"https:\/\/brasilnoticias.org\/site\/\",\"name\":\"Brasil not\u00edcias\",\"description\":\"Brasil not\u00edcias\",\"publisher\":{\"@id\":\"https:\/\/brasilnoticias.org\/site\/#organization\"},\"potentialAction\":[{\"@type\":\"SearchAction\",\"target\":{\"@type\":\"EntryPoint\",\"urlTemplate\":\"https:\/\/brasilnoticias.org\/site\/?s={search_term_string}\"},\"query-input\":{\"@type\":\"PropertyValueSpecification\",\"valueRequired\":true,\"valueName\":\"search_term_string\"}}],\"inLanguage\":\"pt-PT\"},{\"@type\":\"Organization\",\"@id\":\"https:\/\/brasilnoticias.org\/site\/#organization\",\"name\":\"Brasil not\u00edcias\",\"url\":\"https:\/\/brasilnoticias.org\/site\/\",\"logo\":{\"@type\":\"ImageObject\",\"inLanguage\":\"pt-PT\",\"@id\":\"https:\/\/brasilnoticias.org\/site\/#\/schema\/logo\/image\/\",\"url\":\"https:\/\/brasilnoticias.org\/site\/wp-content\/uploads\/2022\/05\/cropped-brasilnoticias-mini.jpg\",\"contentUrl\":\"https:\/\/brasilnoticias.org\/site\/wp-content\/uploads\/2022\/05\/cropped-brasilnoticias-mini.jpg\",\"width\":314,\"height\":86,\"caption\":\"Brasil not\u00edcias\"},\"image\":{\"@id\":\"https:\/\/brasilnoticias.org\/site\/#\/schema\/logo\/image\/\"}},{\"@type\":\"Person\",\"@id\":\"https:\/\/brasilnoticias.org\/site\/#\/schema\/person\/03bbbfe6c7634ad18c26444ea39049fa\",\"name\":\"Reda\u00e7\u00e3o\",\"image\":{\"@type\":\"ImageObject\",\"inLanguage\":\"pt-PT\",\"@id\":\"https:\/\/brasilnoticias.org\/site\/#\/schema\/person\/image\/\",\"url\":\"https:\/\/secure.gravatar.com\/avatar\/9ecaf7327a696cb23ad926fedded5f1f04d7049de9e445375d55b48c001a6e42?s=96&d=mm&r=g\",\"contentUrl\":\"https:\/\/secure.gravatar.com\/avatar\/9ecaf7327a696cb23ad926fedded5f1f04d7049de9e445375d55b48c001a6e42?s=96&d=mm&r=g\",\"caption\":\"Reda\u00e7\u00e3o\"},\"url\":\"https:\/\/brasilnoticias.org\/site\/author\/henrique\/\"}]}<\/script>\n<!-- \/ Yoast SEO plugin. -->","yoast_head_json":{"title":"\u201c500 anos de Cam\u00f5es\u201d: O poeta que escreveu para eternidade - Brasil not\u00edcias","robots":{"index":"index","follow":"follow","max-snippet":"max-snippet:-1","max-image-preview":"max-image-preview:large","max-video-preview":"max-video-preview:-1"},"canonical":"https:\/\/brasilnoticias.org\/site\/500-anos-de-camoes-o-poeta-que-escreveu-para-eternidade\/","og_locale":"pt_PT","og_type":"article","og_title":"\u201c500 anos de Cam\u00f5es\u201d: O poeta que escreveu para eternidade - Brasil not\u00edcias","og_description":"Cam\u00f5es, nascido h\u00e1 500 anos, \u00e9 celebrado por sua obra \u00e9pica, que narra poeticamente os feitos de Portugal Nesta segunda-feira","og_url":"https:\/\/brasilnoticias.org\/site\/500-anos-de-camoes-o-poeta-que-escreveu-para-eternidade\/","og_site_name":"Brasil not\u00edcias","article_published_time":"2024-06-10T15:34:13+00:00","og_image":[{"width":1600,"height":752,"url":"https:\/\/brasilnoticias.org\/site\/wp-content\/uploads\/2024\/06\/151330500-anos-de-camoes-o-poeta-que-escreveu-para-eternidade-3.jpg","type":"image\/jpeg"}],"author":"Reda\u00e7\u00e3o","twitter_card":"summary_large_image","twitter_misc":{"Escrito por":"Reda\u00e7\u00e3o","Tempo estimado de leitura":"1 minuto"},"schema":{"@context":"https:\/\/schema.org","@graph":[{"@type":"Article","@id":"https:\/\/brasilnoticias.org\/site\/500-anos-de-camoes-o-poeta-que-escreveu-para-eternidade\/#article","isPartOf":{"@id":"https:\/\/brasilnoticias.org\/site\/500-anos-de-camoes-o-poeta-que-escreveu-para-eternidade\/"},"author":{"name":"Reda\u00e7\u00e3o","@id":"https:\/\/brasilnoticias.org\/site\/#\/schema\/person\/03bbbfe6c7634ad18c26444ea39049fa"},"headline":"\u201c500 anos de Cam\u00f5es\u201d: O poeta que escreveu para eternidade","datePublished":"2024-06-10T15:34:13+00:00","mainEntityOfPage":{"@id":"https:\/\/brasilnoticias.org\/site\/500-anos-de-camoes-o-poeta-que-escreveu-para-eternidade\/"},"wordCount":409,"commentCount":0,"publisher":{"@id":"https:\/\/brasilnoticias.org\/site\/#organization"},"image":{"@id":"https:\/\/brasilnoticias.org\/site\/500-anos-de-camoes-o-poeta-que-escreveu-para-eternidade\/#primaryimage"},"thumbnailUrl":"https:\/\/brasilnoticias.org\/site\/wp-content\/uploads\/2024\/06\/151330500-anos-de-camoes-o-poeta-que-escreveu-para-eternidade-3.jpg","articleSection":["Entretenimento","\u00daltimas"],"inLanguage":"pt-PT","potentialAction":[{"@type":"CommentAction","name":"Comment","target":["https:\/\/brasilnoticias.org\/site\/500-anos-de-camoes-o-poeta-que-escreveu-para-eternidade\/#respond"]}]},{"@type":"WebPage","@id":"https:\/\/brasilnoticias.org\/site\/500-anos-de-camoes-o-poeta-que-escreveu-para-eternidade\/","url":"https:\/\/brasilnoticias.org\/site\/500-anos-de-camoes-o-poeta-que-escreveu-para-eternidade\/","name":"\u201c500 anos de Cam\u00f5es\u201d: O poeta que escreveu para eternidade - Brasil not\u00edcias","isPartOf":{"@id":"https:\/\/brasilnoticias.org\/site\/#website"},"primaryImageOfPage":{"@id":"https:\/\/brasilnoticias.org\/site\/500-anos-de-camoes-o-poeta-que-escreveu-para-eternidade\/#primaryimage"},"image":{"@id":"https:\/\/brasilnoticias.org\/site\/500-anos-de-camoes-o-poeta-que-escreveu-para-eternidade\/#primaryimage"},"thumbnailUrl":"https:\/\/brasilnoticias.org\/site\/wp-content\/uploads\/2024\/06\/151330500-anos-de-camoes-o-poeta-que-escreveu-para-eternidade-3.jpg","datePublished":"2024-06-10T15:34:13+00:00","breadcrumb":{"@id":"https:\/\/brasilnoticias.org\/site\/500-anos-de-camoes-o-poeta-que-escreveu-para-eternidade\/#breadcrumb"},"inLanguage":"pt-PT","potentialAction":[{"@type":"ReadAction","target":["https:\/\/brasilnoticias.org\/site\/500-anos-de-camoes-o-poeta-que-escreveu-para-eternidade\/"]}]},{"@type":"ImageObject","inLanguage":"pt-PT","@id":"https:\/\/brasilnoticias.org\/site\/500-anos-de-camoes-o-poeta-que-escreveu-para-eternidade\/#primaryimage","url":"https:\/\/brasilnoticias.org\/site\/wp-content\/uploads\/2024\/06\/151330500-anos-de-camoes-o-poeta-que-escreveu-para-eternidade-3.jpg","contentUrl":"https:\/\/brasilnoticias.org\/site\/wp-content\/uploads\/2024\/06\/151330500-anos-de-camoes-o-poeta-que-escreveu-para-eternidade-3.jpg","width":1600,"height":752},{"@type":"BreadcrumbList","@id":"https:\/\/brasilnoticias.org\/site\/500-anos-de-camoes-o-poeta-que-escreveu-para-eternidade\/#breadcrumb","itemListElement":[{"@type":"ListItem","position":1,"name":"In\u00edcio","item":"https:\/\/brasilnoticias.org\/site\/"},{"@type":"ListItem","position":2,"name":"\u201c500 anos de Cam\u00f5es\u201d: O poeta que escreveu para eternidade"}]},{"@type":"WebSite","@id":"https:\/\/brasilnoticias.org\/site\/#website","url":"https:\/\/brasilnoticias.org\/site\/","name":"Brasil not\u00edcias","description":"Brasil not\u00edcias","publisher":{"@id":"https:\/\/brasilnoticias.org\/site\/#organization"},"potentialAction":[{"@type":"SearchAction","target":{"@type":"EntryPoint","urlTemplate":"https:\/\/brasilnoticias.org\/site\/?s={search_term_string}"},"query-input":{"@type":"PropertyValueSpecification","valueRequired":true,"valueName":"search_term_string"}}],"inLanguage":"pt-PT"},{"@type":"Organization","@id":"https:\/\/brasilnoticias.org\/site\/#organization","name":"Brasil not\u00edcias","url":"https:\/\/brasilnoticias.org\/site\/","logo":{"@type":"ImageObject","inLanguage":"pt-PT","@id":"https:\/\/brasilnoticias.org\/site\/#\/schema\/logo\/image\/","url":"https:\/\/brasilnoticias.org\/site\/wp-content\/uploads\/2022\/05\/cropped-brasilnoticias-mini.jpg","contentUrl":"https:\/\/brasilnoticias.org\/site\/wp-content\/uploads\/2022\/05\/cropped-brasilnoticias-mini.jpg","width":314,"height":86,"caption":"Brasil not\u00edcias"},"image":{"@id":"https:\/\/brasilnoticias.org\/site\/#\/schema\/logo\/image\/"}},{"@type":"Person","@id":"https:\/\/brasilnoticias.org\/site\/#\/schema\/person\/03bbbfe6c7634ad18c26444ea39049fa","name":"Reda\u00e7\u00e3o","image":{"@type":"ImageObject","inLanguage":"pt-PT","@id":"https:\/\/brasilnoticias.org\/site\/#\/schema\/person\/image\/","url":"https:\/\/secure.gravatar.com\/avatar\/9ecaf7327a696cb23ad926fedded5f1f04d7049de9e445375d55b48c001a6e42?s=96&d=mm&r=g","contentUrl":"https:\/\/secure.gravatar.com\/avatar\/9ecaf7327a696cb23ad926fedded5f1f04d7049de9e445375d55b48c001a6e42?s=96&d=mm&r=g","caption":"Reda\u00e7\u00e3o"},"url":"https:\/\/brasilnoticias.org\/site\/author\/henrique\/"}]}},"_links":{"self":[{"href":"https:\/\/brasilnoticias.org\/site\/wp-json\/wp\/v2\/posts\/14549","targetHints":{"allow":["GET"]}}],"collection":[{"href":"https:\/\/brasilnoticias.org\/site\/wp-json\/wp\/v2\/posts"}],"about":[{"href":"https:\/\/brasilnoticias.org\/site\/wp-json\/wp\/v2\/types\/post"}],"author":[{"embeddable":true,"href":"https:\/\/brasilnoticias.org\/site\/wp-json\/wp\/v2\/users\/4"}],"replies":[{"embeddable":true,"href":"https:\/\/brasilnoticias.org\/site\/wp-json\/wp\/v2\/comments?post=14549"}],"version-history":[{"count":1,"href":"https:\/\/brasilnoticias.org\/site\/wp-json\/wp\/v2\/posts\/14549\/revisions"}],"predecessor-version":[{"id":14551,"href":"https:\/\/brasilnoticias.org\/site\/wp-json\/wp\/v2\/posts\/14549\/revisions\/14551"}],"wp:featuredmedia":[{"embeddable":true,"href":"https:\/\/brasilnoticias.org\/site\/wp-json\/wp\/v2\/media\/14550"}],"wp:attachment":[{"href":"https:\/\/brasilnoticias.org\/site\/wp-json\/wp\/v2\/media?parent=14549"}],"wp:term":[{"taxonomy":"category","embeddable":true,"href":"https:\/\/brasilnoticias.org\/site\/wp-json\/wp\/v2\/categories?post=14549"},{"taxonomy":"post_tag","embeddable":true,"href":"https:\/\/brasilnoticias.org\/site\/wp-json\/wp\/v2\/tags?post=14549"}],"curies":[{"name":"wp","href":"https:\/\/api.w.org\/{rel}","templated":true}]}}