{"id":14554,"date":"2024-06-11T18:44:28","date_gmt":"2024-06-11T21:44:28","guid":{"rendered":"https:\/\/brasilnoticias.org\/site\/?p=14554"},"modified":"2024-06-11T18:44:28","modified_gmt":"2024-06-11T21:44:28","slug":"pai-e-mae-sao-presos-apos-morte-de-bebe-em-sao-jose-do-jacuipe-na-bahia","status":"publish","type":"post","link":"https:\/\/brasilnoticias.org\/site\/pai-e-mae-sao-presos-apos-morte-de-bebe-em-sao-jose-do-jacuipe-na-bahia\/","title":{"rendered":"Pai e m\u00e3e s\u00e3o presos ap\u00f3s morte de beb\u00ea em S\u00e3o Jos\u00e9 do Jacu\u00edpe, na Bahia"},"content":{"rendered":"<p>As investiga\u00e7\u00f5es come\u00e7aram a partir de den\u00fancias de profissionais da Unidade de Pronto Atendimento de Capim Grosso<\/p>\n<p>Um casal foi preso pelo crime de maus-tratos contra a pr\u00f3pria filha, de um ano e meio, na cidade de S\u00e3o Jos\u00e9 do Jacu\u00edpe, na Bahia. A crian\u00e7a, identificada como Sarah de Oliveira Arag\u00e3o, tinha um ano e meio. A pris\u00e3o aconteceu no \u00faltimo s\u00e1bado (8\/6).<\/p>\n<p>Segundo informa\u00e7\u00f5es de equipes da 16\u00aa Coordenadoria Regional de Pol\u00edcia do Interior (Coorpin\/Jacobina), eles s\u00e3o suspeitos de, por interm\u00e9dio da viola\u00e7\u00e3o de direitos b\u00e1sicos da crian\u00e7a, contribuir para a morte da menina.<\/p>\n<p>As investiga\u00e7\u00f5es come\u00e7aram a partir de den\u00fancias de profissionais da Unidade de Pronto Atendimento de Capim Grosso. Desconfiada dos motivos da morte de Sarah, que chegou a ser submetida a manobras de reanima\u00e7\u00e3o, a equipe entrou em contato com a pol\u00edcia. Os agentes de seguran\u00e7a apuraram, ainda, que o beb\u00ea j\u00e1 havia dado entrada em uma unidade de sa\u00fade por desnutri\u00e7\u00e3o e anemia em outro momento.<\/p>\n<p>Ainda segundo a Pol\u00edcia Civil, Sarah nasceu prematura, o que pode ter sido decorrente do tabagismo da m\u00e3e durante a gesta\u00e7\u00e3o. Os policiais tamb\u00e9m descobriram que, antes de morrer, o beb\u00ea sofreu com v\u00f4mitos e febre por pelo menos uma semana, sem ser levado a uma unidade de sa\u00fade.<\/p>\n<p>A Delegacia Territorial de S\u00e3o Jos\u00e9 do Jacu\u00edpe realizou a comunica\u00e7\u00e3o da pris\u00e3o \u00e0 Vara Criminal de Capim Grosso e pediu a pris\u00e3o preventiva dos suspeitos. De acordo com a Pol\u00edcia Civil, laudos do Departamento de Pol\u00edcia T\u00e9cnica (DPT) auxiliar\u00e3o no esclarecimento das circunst\u00e2ncias da morte.<\/p>\n<p>Foto: Divulga\u00e7\u00e3o\/SSP<br \/>\nAratu On<\/p>\n","protected":false},"excerpt":{"rendered":"<p>As investiga\u00e7\u00f5es come\u00e7aram a partir de den\u00fancias de profissionais da Unidade de Pronto Atendimento de Capim Grosso Um casal foi<\/p>\n","protected":false},"author":4,"featured_media":14555,"comment_status":"open","ping_status":"open","sticky":false,"template":"","format":"standard","meta":{"colormag_page_container_layout":"default_layout","colormag_page_sidebar_layout":"default_layout","_FSMCFIC_featured_image_caption":"","_FSMCFIC_featured_image_nocaption":"","_FSMCFIC_featured_image_hide":"","footnotes":""},"categories":[3,1],"tags":[],"class_list":["post-14554","post","type-post","status-publish","format-standard","has-post-thumbnail","hentry","category-policia","category-ultimas"],"yoast_head":"<!-- This site is optimized with the Yoast SEO plugin v27.1.1 - https:\/\/yoast.com\/product\/yoast-seo-wordpress\/ -->\n<title>Pai e m\u00e3e s\u00e3o presos ap\u00f3s morte de beb\u00ea em S\u00e3o Jos\u00e9 do Jacu\u00edpe, na Bahia - Brasil not\u00edcias<\/title>\n<meta name=\"robots\" content=\"index, follow, max-snippet:-1, max-image-preview:large, max-video-preview:-1\" \/>\n<link rel=\"canonical\" href=\"https:\/\/brasilnoticias.org\/site\/pai-e-mae-sao-presos-apos-morte-de-bebe-em-sao-jose-do-jacuipe-na-bahia\/\" \/>\n<meta property=\"og:locale\" content=\"pt_PT\" \/>\n<meta property=\"og:type\" content=\"article\" \/>\n<meta property=\"og:title\" content=\"Pai e m\u00e3e s\u00e3o presos ap\u00f3s morte de beb\u00ea em S\u00e3o Jos\u00e9 do Jacu\u00edpe, na Bahia - Brasil not\u00edcias\" \/>\n<meta property=\"og:description\" content=\"As investiga\u00e7\u00f5es come\u00e7aram a partir de den\u00fancias de profissionais da Unidade de Pronto Atendimento de Capim Grosso Um casal foi\" \/>\n<meta property=\"og:url\" content=\"https:\/\/brasilnoticias.org\/site\/pai-e-mae-sao-presos-apos-morte-de-bebe-em-sao-jose-do-jacuipe-na-bahia\/\" \/>\n<meta property=\"og:site_name\" content=\"Brasil not\u00edcias\" \/>\n<meta property=\"article:published_time\" content=\"2024-06-11T21:44:28+00:00\" \/>\n<meta property=\"og:image\" content=\"https:\/\/brasilnoticias.org\/site\/wp-content\/uploads\/2024\/06\/WhatsApp-Image-2024-06-11-at-15.20.22-960x500-1.jpeg\" \/>\n\t<meta property=\"og:image:width\" content=\"960\" \/>\n\t<meta property=\"og:image:height\" content=\"500\" \/>\n\t<meta property=\"og:image:type\" content=\"image\/jpeg\" \/>\n<meta name=\"author\" content=\"Reda\u00e7\u00e3o\" \/>\n<meta name=\"twitter:card\" content=\"summary_large_image\" \/>\n<meta name=\"twitter:label1\" content=\"Escrito por\" \/>\n\t<meta name=\"twitter:data1\" content=\"Reda\u00e7\u00e3o\" \/>\n\t<meta name=\"twitter:label2\" content=\"Tempo estimado de leitura\" \/>\n\t<meta name=\"twitter:data2\" content=\"1 minuto\" \/>\n<script type=\"application\/ld+json\" class=\"yoast-schema-graph\">{\"@context\":\"https:\/\/schema.org\",\"@graph\":[{\"@type\":\"Article\",\"@id\":\"https:\/\/brasilnoticias.org\/site\/pai-e-mae-sao-presos-apos-morte-de-bebe-em-sao-jose-do-jacuipe-na-bahia\/#article\",\"isPartOf\":{\"@id\":\"https:\/\/brasilnoticias.org\/site\/pai-e-mae-sao-presos-apos-morte-de-bebe-em-sao-jose-do-jacuipe-na-bahia\/\"},\"author\":{\"name\":\"Reda\u00e7\u00e3o\",\"@id\":\"https:\/\/brasilnoticias.org\/site\/#\/schema\/person\/03bbbfe6c7634ad18c26444ea39049fa\"},\"headline\":\"Pai e m\u00e3e s\u00e3o presos ap\u00f3s morte de beb\u00ea em S\u00e3o Jos\u00e9 do Jacu\u00edpe, na Bahia\",\"datePublished\":\"2024-06-11T21:44:28+00:00\",\"mainEntityOfPage\":{\"@id\":\"https:\/\/brasilnoticias.org\/site\/pai-e-mae-sao-presos-apos-morte-de-bebe-em-sao-jose-do-jacuipe-na-bahia\/\"},\"wordCount\":322,\"commentCount\":0,\"publisher\":{\"@id\":\"https:\/\/brasilnoticias.org\/site\/#organization\"},\"image\":{\"@id\":\"https:\/\/brasilnoticias.org\/site\/pai-e-mae-sao-presos-apos-morte-de-bebe-em-sao-jose-do-jacuipe-na-bahia\/#primaryimage\"},\"thumbnailUrl\":\"https:\/\/brasilnoticias.org\/site\/wp-content\/uploads\/2024\/06\/WhatsApp-Image-2024-06-11-at-15.20.22-960x500-1.jpeg\",\"articleSection\":[\"Pol\u00edcia\",\"\u00daltimas\"],\"inLanguage\":\"pt-PT\",\"potentialAction\":[{\"@type\":\"CommentAction\",\"name\":\"Comment\",\"target\":[\"https:\/\/brasilnoticias.org\/site\/pai-e-mae-sao-presos-apos-morte-de-bebe-em-sao-jose-do-jacuipe-na-bahia\/#respond\"]}]},{\"@type\":\"WebPage\",\"@id\":\"https:\/\/brasilnoticias.org\/site\/pai-e-mae-sao-presos-apos-morte-de-bebe-em-sao-jose-do-jacuipe-na-bahia\/\",\"url\":\"https:\/\/brasilnoticias.org\/site\/pai-e-mae-sao-presos-apos-morte-de-bebe-em-sao-jose-do-jacuipe-na-bahia\/\",\"name\":\"Pai e m\u00e3e s\u00e3o presos ap\u00f3s morte de beb\u00ea em S\u00e3o Jos\u00e9 do Jacu\u00edpe, na Bahia - Brasil not\u00edcias\",\"isPartOf\":{\"@id\":\"https:\/\/brasilnoticias.org\/site\/#website\"},\"primaryImageOfPage\":{\"@id\":\"https:\/\/brasilnoticias.org\/site\/pai-e-mae-sao-presos-apos-morte-de-bebe-em-sao-jose-do-jacuipe-na-bahia\/#primaryimage\"},\"image\":{\"@id\":\"https:\/\/brasilnoticias.org\/site\/pai-e-mae-sao-presos-apos-morte-de-bebe-em-sao-jose-do-jacuipe-na-bahia\/#primaryimage\"},\"thumbnailUrl\":\"https:\/\/brasilnoticias.org\/site\/wp-content\/uploads\/2024\/06\/WhatsApp-Image-2024-06-11-at-15.20.22-960x500-1.jpeg\",\"datePublished\":\"2024-06-11T21:44:28+00:00\",\"breadcrumb\":{\"@id\":\"https:\/\/brasilnoticias.org\/site\/pai-e-mae-sao-presos-apos-morte-de-bebe-em-sao-jose-do-jacuipe-na-bahia\/#breadcrumb\"},\"inLanguage\":\"pt-PT\",\"potentialAction\":[{\"@type\":\"ReadAction\",\"target\":[\"https:\/\/brasilnoticias.org\/site\/pai-e-mae-sao-presos-apos-morte-de-bebe-em-sao-jose-do-jacuipe-na-bahia\/\"]}]},{\"@type\":\"ImageObject\",\"inLanguage\":\"pt-PT\",\"@id\":\"https:\/\/brasilnoticias.org\/site\/pai-e-mae-sao-presos-apos-morte-de-bebe-em-sao-jose-do-jacuipe-na-bahia\/#primaryimage\",\"url\":\"https:\/\/brasilnoticias.org\/site\/wp-content\/uploads\/2024\/06\/WhatsApp-Image-2024-06-11-at-15.20.22-960x500-1.jpeg\",\"contentUrl\":\"https:\/\/brasilnoticias.org\/site\/wp-content\/uploads\/2024\/06\/WhatsApp-Image-2024-06-11-at-15.20.22-960x500-1.jpeg\",\"width\":960,\"height\":500},{\"@type\":\"BreadcrumbList\",\"@id\":\"https:\/\/brasilnoticias.org\/site\/pai-e-mae-sao-presos-apos-morte-de-bebe-em-sao-jose-do-jacuipe-na-bahia\/#breadcrumb\",\"itemListElement\":[{\"@type\":\"ListItem\",\"position\":1,\"name\":\"In\u00edcio\",\"item\":\"https:\/\/brasilnoticias.org\/site\/\"},{\"@type\":\"ListItem\",\"position\":2,\"name\":\"Pai e m\u00e3e s\u00e3o presos ap\u00f3s morte de beb\u00ea em S\u00e3o Jos\u00e9 do Jacu\u00edpe, na Bahia\"}]},{\"@type\":\"WebSite\",\"@id\":\"https:\/\/brasilnoticias.org\/site\/#website\",\"url\":\"https:\/\/brasilnoticias.org\/site\/\",\"name\":\"Brasil not\u00edcias\",\"description\":\"Brasil not\u00edcias\",\"publisher\":{\"@id\":\"https:\/\/brasilnoticias.org\/site\/#organization\"},\"potentialAction\":[{\"@type\":\"SearchAction\",\"target\":{\"@type\":\"EntryPoint\",\"urlTemplate\":\"https:\/\/brasilnoticias.org\/site\/?s={search_term_string}\"},\"query-input\":{\"@type\":\"PropertyValueSpecification\",\"valueRequired\":true,\"valueName\":\"search_term_string\"}}],\"inLanguage\":\"pt-PT\"},{\"@type\":\"Organization\",\"@id\":\"https:\/\/brasilnoticias.org\/site\/#organization\",\"name\":\"Brasil not\u00edcias\",\"url\":\"https:\/\/brasilnoticias.org\/site\/\",\"logo\":{\"@type\":\"ImageObject\",\"inLanguage\":\"pt-PT\",\"@id\":\"https:\/\/brasilnoticias.org\/site\/#\/schema\/logo\/image\/\",\"url\":\"https:\/\/brasilnoticias.org\/site\/wp-content\/uploads\/2022\/05\/cropped-brasilnoticias-mini.jpg\",\"contentUrl\":\"https:\/\/brasilnoticias.org\/site\/wp-content\/uploads\/2022\/05\/cropped-brasilnoticias-mini.jpg\",\"width\":314,\"height\":86,\"caption\":\"Brasil not\u00edcias\"},\"image\":{\"@id\":\"https:\/\/brasilnoticias.org\/site\/#\/schema\/logo\/image\/\"}},{\"@type\":\"Person\",\"@id\":\"https:\/\/brasilnoticias.org\/site\/#\/schema\/person\/03bbbfe6c7634ad18c26444ea39049fa\",\"name\":\"Reda\u00e7\u00e3o\",\"image\":{\"@type\":\"ImageObject\",\"inLanguage\":\"pt-PT\",\"@id\":\"https:\/\/brasilnoticias.org\/site\/#\/schema\/person\/image\/\",\"url\":\"https:\/\/secure.gravatar.com\/avatar\/9ecaf7327a696cb23ad926fedded5f1f04d7049de9e445375d55b48c001a6e42?s=96&d=mm&r=g\",\"contentUrl\":\"https:\/\/secure.gravatar.com\/avatar\/9ecaf7327a696cb23ad926fedded5f1f04d7049de9e445375d55b48c001a6e42?s=96&d=mm&r=g\",\"caption\":\"Reda\u00e7\u00e3o\"},\"url\":\"https:\/\/brasilnoticias.org\/site\/author\/henrique\/\"}]}<\/script>\n<!-- \/ Yoast SEO plugin. -->","yoast_head_json":{"title":"Pai e m\u00e3e s\u00e3o presos ap\u00f3s morte de beb\u00ea em S\u00e3o Jos\u00e9 do Jacu\u00edpe, na Bahia - Brasil not\u00edcias","robots":{"index":"index","follow":"follow","max-snippet":"max-snippet:-1","max-image-preview":"max-image-preview:large","max-video-preview":"max-video-preview:-1"},"canonical":"https:\/\/brasilnoticias.org\/site\/pai-e-mae-sao-presos-apos-morte-de-bebe-em-sao-jose-do-jacuipe-na-bahia\/","og_locale":"pt_PT","og_type":"article","og_title":"Pai e m\u00e3e s\u00e3o presos ap\u00f3s morte de beb\u00ea em S\u00e3o Jos\u00e9 do Jacu\u00edpe, na Bahia - Brasil not\u00edcias","og_description":"As investiga\u00e7\u00f5es come\u00e7aram a partir de den\u00fancias de profissionais da Unidade de Pronto Atendimento de Capim Grosso Um casal foi","og_url":"https:\/\/brasilnoticias.org\/site\/pai-e-mae-sao-presos-apos-morte-de-bebe-em-sao-jose-do-jacuipe-na-bahia\/","og_site_name":"Brasil not\u00edcias","article_published_time":"2024-06-11T21:44:28+00:00","og_image":[{"width":960,"height":500,"url":"https:\/\/brasilnoticias.org\/site\/wp-content\/uploads\/2024\/06\/WhatsApp-Image-2024-06-11-at-15.20.22-960x500-1.jpeg","type":"image\/jpeg"}],"author":"Reda\u00e7\u00e3o","twitter_card":"summary_large_image","twitter_misc":{"Escrito por":"Reda\u00e7\u00e3o","Tempo estimado de leitura":"1 minuto"},"schema":{"@context":"https:\/\/schema.org","@graph":[{"@type":"Article","@id":"https:\/\/brasilnoticias.org\/site\/pai-e-mae-sao-presos-apos-morte-de-bebe-em-sao-jose-do-jacuipe-na-bahia\/#article","isPartOf":{"@id":"https:\/\/brasilnoticias.org\/site\/pai-e-mae-sao-presos-apos-morte-de-bebe-em-sao-jose-do-jacuipe-na-bahia\/"},"author":{"name":"Reda\u00e7\u00e3o","@id":"https:\/\/brasilnoticias.org\/site\/#\/schema\/person\/03bbbfe6c7634ad18c26444ea39049fa"},"headline":"Pai e m\u00e3e s\u00e3o presos ap\u00f3s morte de beb\u00ea em S\u00e3o Jos\u00e9 do Jacu\u00edpe, na Bahia","datePublished":"2024-06-11T21:44:28+00:00","mainEntityOfPage":{"@id":"https:\/\/brasilnoticias.org\/site\/pai-e-mae-sao-presos-apos-morte-de-bebe-em-sao-jose-do-jacuipe-na-bahia\/"},"wordCount":322,"commentCount":0,"publisher":{"@id":"https:\/\/brasilnoticias.org\/site\/#organization"},"image":{"@id":"https:\/\/brasilnoticias.org\/site\/pai-e-mae-sao-presos-apos-morte-de-bebe-em-sao-jose-do-jacuipe-na-bahia\/#primaryimage"},"thumbnailUrl":"https:\/\/brasilnoticias.org\/site\/wp-content\/uploads\/2024\/06\/WhatsApp-Image-2024-06-11-at-15.20.22-960x500-1.jpeg","articleSection":["Pol\u00edcia","\u00daltimas"],"inLanguage":"pt-PT","potentialAction":[{"@type":"CommentAction","name":"Comment","target":["https:\/\/brasilnoticias.org\/site\/pai-e-mae-sao-presos-apos-morte-de-bebe-em-sao-jose-do-jacuipe-na-bahia\/#respond"]}]},{"@type":"WebPage","@id":"https:\/\/brasilnoticias.org\/site\/pai-e-mae-sao-presos-apos-morte-de-bebe-em-sao-jose-do-jacuipe-na-bahia\/","url":"https:\/\/brasilnoticias.org\/site\/pai-e-mae-sao-presos-apos-morte-de-bebe-em-sao-jose-do-jacuipe-na-bahia\/","name":"Pai e m\u00e3e s\u00e3o presos ap\u00f3s morte de beb\u00ea em S\u00e3o Jos\u00e9 do Jacu\u00edpe, na Bahia - Brasil not\u00edcias","isPartOf":{"@id":"https:\/\/brasilnoticias.org\/site\/#website"},"primaryImageOfPage":{"@id":"https:\/\/brasilnoticias.org\/site\/pai-e-mae-sao-presos-apos-morte-de-bebe-em-sao-jose-do-jacuipe-na-bahia\/#primaryimage"},"image":{"@id":"https:\/\/brasilnoticias.org\/site\/pai-e-mae-sao-presos-apos-morte-de-bebe-em-sao-jose-do-jacuipe-na-bahia\/#primaryimage"},"thumbnailUrl":"https:\/\/brasilnoticias.org\/site\/wp-content\/uploads\/2024\/06\/WhatsApp-Image-2024-06-11-at-15.20.22-960x500-1.jpeg","datePublished":"2024-06-11T21:44:28+00:00","breadcrumb":{"@id":"https:\/\/brasilnoticias.org\/site\/pai-e-mae-sao-presos-apos-morte-de-bebe-em-sao-jose-do-jacuipe-na-bahia\/#breadcrumb"},"inLanguage":"pt-PT","potentialAction":[{"@type":"ReadAction","target":["https:\/\/brasilnoticias.org\/site\/pai-e-mae-sao-presos-apos-morte-de-bebe-em-sao-jose-do-jacuipe-na-bahia\/"]}]},{"@type":"ImageObject","inLanguage":"pt-PT","@id":"https:\/\/brasilnoticias.org\/site\/pai-e-mae-sao-presos-apos-morte-de-bebe-em-sao-jose-do-jacuipe-na-bahia\/#primaryimage","url":"https:\/\/brasilnoticias.org\/site\/wp-content\/uploads\/2024\/06\/WhatsApp-Image-2024-06-11-at-15.20.22-960x500-1.jpeg","contentUrl":"https:\/\/brasilnoticias.org\/site\/wp-content\/uploads\/2024\/06\/WhatsApp-Image-2024-06-11-at-15.20.22-960x500-1.jpeg","width":960,"height":500},{"@type":"BreadcrumbList","@id":"https:\/\/brasilnoticias.org\/site\/pai-e-mae-sao-presos-apos-morte-de-bebe-em-sao-jose-do-jacuipe-na-bahia\/#breadcrumb","itemListElement":[{"@type":"ListItem","position":1,"name":"In\u00edcio","item":"https:\/\/brasilnoticias.org\/site\/"},{"@type":"ListItem","position":2,"name":"Pai e m\u00e3e s\u00e3o presos ap\u00f3s morte de beb\u00ea em S\u00e3o Jos\u00e9 do Jacu\u00edpe, na Bahia"}]},{"@type":"WebSite","@id":"https:\/\/brasilnoticias.org\/site\/#website","url":"https:\/\/brasilnoticias.org\/site\/","name":"Brasil not\u00edcias","description":"Brasil not\u00edcias","publisher":{"@id":"https:\/\/brasilnoticias.org\/site\/#organization"},"potentialAction":[{"@type":"SearchAction","target":{"@type":"EntryPoint","urlTemplate":"https:\/\/brasilnoticias.org\/site\/?s={search_term_string}"},"query-input":{"@type":"PropertyValueSpecification","valueRequired":true,"valueName":"search_term_string"}}],"inLanguage":"pt-PT"},{"@type":"Organization","@id":"https:\/\/brasilnoticias.org\/site\/#organization","name":"Brasil not\u00edcias","url":"https:\/\/brasilnoticias.org\/site\/","logo":{"@type":"ImageObject","inLanguage":"pt-PT","@id":"https:\/\/brasilnoticias.org\/site\/#\/schema\/logo\/image\/","url":"https:\/\/brasilnoticias.org\/site\/wp-content\/uploads\/2022\/05\/cropped-brasilnoticias-mini.jpg","contentUrl":"https:\/\/brasilnoticias.org\/site\/wp-content\/uploads\/2022\/05\/cropped-brasilnoticias-mini.jpg","width":314,"height":86,"caption":"Brasil not\u00edcias"},"image":{"@id":"https:\/\/brasilnoticias.org\/site\/#\/schema\/logo\/image\/"}},{"@type":"Person","@id":"https:\/\/brasilnoticias.org\/site\/#\/schema\/person\/03bbbfe6c7634ad18c26444ea39049fa","name":"Reda\u00e7\u00e3o","image":{"@type":"ImageObject","inLanguage":"pt-PT","@id":"https:\/\/brasilnoticias.org\/site\/#\/schema\/person\/image\/","url":"https:\/\/secure.gravatar.com\/avatar\/9ecaf7327a696cb23ad926fedded5f1f04d7049de9e445375d55b48c001a6e42?s=96&d=mm&r=g","contentUrl":"https:\/\/secure.gravatar.com\/avatar\/9ecaf7327a696cb23ad926fedded5f1f04d7049de9e445375d55b48c001a6e42?s=96&d=mm&r=g","caption":"Reda\u00e7\u00e3o"},"url":"https:\/\/brasilnoticias.org\/site\/author\/henrique\/"}]}},"_links":{"self":[{"href":"https:\/\/brasilnoticias.org\/site\/wp-json\/wp\/v2\/posts\/14554","targetHints":{"allow":["GET"]}}],"collection":[{"href":"https:\/\/brasilnoticias.org\/site\/wp-json\/wp\/v2\/posts"}],"about":[{"href":"https:\/\/brasilnoticias.org\/site\/wp-json\/wp\/v2\/types\/post"}],"author":[{"embeddable":true,"href":"https:\/\/brasilnoticias.org\/site\/wp-json\/wp\/v2\/users\/4"}],"replies":[{"embeddable":true,"href":"https:\/\/brasilnoticias.org\/site\/wp-json\/wp\/v2\/comments?post=14554"}],"version-history":[{"count":1,"href":"https:\/\/brasilnoticias.org\/site\/wp-json\/wp\/v2\/posts\/14554\/revisions"}],"predecessor-version":[{"id":14556,"href":"https:\/\/brasilnoticias.org\/site\/wp-json\/wp\/v2\/posts\/14554\/revisions\/14556"}],"wp:featuredmedia":[{"embeddable":true,"href":"https:\/\/brasilnoticias.org\/site\/wp-json\/wp\/v2\/media\/14555"}],"wp:attachment":[{"href":"https:\/\/brasilnoticias.org\/site\/wp-json\/wp\/v2\/media?parent=14554"}],"wp:term":[{"taxonomy":"category","embeddable":true,"href":"https:\/\/brasilnoticias.org\/site\/wp-json\/wp\/v2\/categories?post=14554"},{"taxonomy":"post_tag","embeddable":true,"href":"https:\/\/brasilnoticias.org\/site\/wp-json\/wp\/v2\/tags?post=14554"}],"curies":[{"name":"wp","href":"https:\/\/api.w.org\/{rel}","templated":true}]}}