{"id":14557,"date":"2024-06-11T18:45:38","date_gmt":"2024-06-11T21:45:38","guid":{"rendered":"https:\/\/brasilnoticias.org\/site\/?p=14557"},"modified":"2024-06-11T18:45:38","modified_gmt":"2024-06-11T21:45:38","slug":"paulo-pimenta-e-interrompido-em-sessao-da-ccj-e-discute-com-deputado-bolsonarista","status":"publish","type":"post","link":"https:\/\/brasilnoticias.org\/site\/paulo-pimenta-e-interrompido-em-sessao-da-ccj-e-discute-com-deputado-bolsonarista\/","title":{"rendered":"Paulo Pimenta \u00e9 interrompido em sess\u00e3o da CCJ e discute com deputado bolsonarista"},"content":{"rendered":"<p>A reuni\u00e3o foi marcada por embates entre governistas e a oposi\u00e7\u00e3o. Os deputados citaram investiga\u00e7\u00f5es da Lava Jato, Boate Kiss, rachadinhas e at\u00e9 envolvimento com mil\u00edcias<\/p>\n<p>O ministro da secretaria extraordin\u00e1ria de Reconstru\u00e7\u00e3o do Rio Grande do Sul, Paulo Pimenta, foi interrompido durante sess\u00e3o da Comiss\u00e3o de Constitui\u00e7\u00e3o e Justi\u00e7a (CCJ) da C\u00e2mara dos Deputados em que falava sobre as fake news envolvendo a trag\u00e9dia.<\/p>\n<p>Em resposta, ele pediu que a presidente da Comiss\u00e3o silenciasse o parlamentar. &#8220;N\u00e3o tem um artigo que pro\u00edbe ser aparteado? Pode mandar o parlamentar ficar quieto, presidente?&#8221;, disse ele para Caroline de Toni (PL-SC), que presidia a sess\u00e3o.<\/p>\n<p>A reuni\u00e3o foi marcada por embates entre governistas e a oposi\u00e7\u00e3o. Os deputados citaram investiga\u00e7\u00f5es da Lava Jato, Boate Kiss, rachadinhas e at\u00e9 envolvimento com mil\u00edcias. Em outro momento, o deputado bolsonarista delegado Paulo Bilynskyj (PL-SP), que pediu a audi\u00eancia com o ministro, levantou o dedo contra Pimenta e o acusou de fake news.<\/p>\n<p>No pedido pela audi\u00eancia sobre o tema, o parlamentar j\u00e1 dizia que o ministro teria cometido abuso de poder e persegui\u00e7\u00e3o aos opositores ao abrir investiga\u00e7\u00e3o contra os perfis que criticaram o governo pela forma de lidar com a calamidade no Sul.<\/p>\n<p>Foto: Joca Moura<br \/>\nPor: Metro1 <\/p>\n","protected":false},"excerpt":{"rendered":"<p>A reuni\u00e3o foi marcada por embates entre governistas e a oposi\u00e7\u00e3o. Os deputados citaram investiga\u00e7\u00f5es da Lava Jato, Boate Kiss,<\/p>\n","protected":false},"author":4,"featured_media":14558,"comment_status":"open","ping_status":"open","sticky":false,"template":"","format":"standard","meta":{"colormag_page_container_layout":"default_layout","colormag_page_sidebar_layout":"default_layout","_FSMCFIC_featured_image_caption":"","_FSMCFIC_featured_image_nocaption":"","_FSMCFIC_featured_image_hide":"","footnotes":""},"categories":[5,1],"tags":[],"class_list":["post-14557","post","type-post","status-publish","format-standard","has-post-thumbnail","hentry","category-politica","category-ultimas"],"yoast_head":"<!-- This site is optimized with the Yoast SEO plugin v27.1.1 - https:\/\/yoast.com\/product\/yoast-seo-wordpress\/ -->\n<title>Paulo Pimenta \u00e9 interrompido em sess\u00e3o da CCJ e discute com deputado bolsonarista - Brasil not\u00edcias<\/title>\n<meta name=\"robots\" content=\"index, follow, max-snippet:-1, max-image-preview:large, max-video-preview:-1\" \/>\n<link rel=\"canonical\" href=\"https:\/\/brasilnoticias.org\/site\/paulo-pimenta-e-interrompido-em-sessao-da-ccj-e-discute-com-deputado-bolsonarista\/\" \/>\n<meta property=\"og:locale\" content=\"pt_PT\" \/>\n<meta property=\"og:type\" content=\"article\" \/>\n<meta property=\"og:title\" content=\"Paulo Pimenta \u00e9 interrompido em sess\u00e3o da CCJ e discute com deputado bolsonarista - Brasil not\u00edcias\" \/>\n<meta property=\"og:description\" content=\"A reuni\u00e3o foi marcada por embates entre governistas e a oposi\u00e7\u00e3o. Os deputados citaram investiga\u00e7\u00f5es da Lava Jato, Boate Kiss,\" \/>\n<meta property=\"og:url\" content=\"https:\/\/brasilnoticias.org\/site\/paulo-pimenta-e-interrompido-em-sessao-da-ccj-e-discute-com-deputado-bolsonarista\/\" \/>\n<meta property=\"og:site_name\" content=\"Brasil not\u00edcias\" \/>\n<meta property=\"article:published_time\" content=\"2024-06-11T21:45:38+00:00\" \/>\n<meta property=\"og:image\" content=\"https:\/\/brasilnoticias.org\/site\/wp-content\/uploads\/2024\/06\/151411paulo-pimenta-e-interrompido-em-sessao-da-ccj-e-discute-com-deputado-bolsonarista-3.jpg\" \/>\n\t<meta property=\"og:image:width\" content=\"1600\" \/>\n\t<meta property=\"og:image:height\" content=\"752\" \/>\n\t<meta property=\"og:image:type\" content=\"image\/jpeg\" \/>\n<meta name=\"author\" content=\"Reda\u00e7\u00e3o\" \/>\n<meta name=\"twitter:card\" content=\"summary_large_image\" \/>\n<meta name=\"twitter:label1\" content=\"Escrito por\" \/>\n\t<meta name=\"twitter:data1\" content=\"Reda\u00e7\u00e3o\" \/>\n\t<meta name=\"twitter:label2\" content=\"Tempo estimado de leitura\" \/>\n\t<meta name=\"twitter:data2\" content=\"1 minuto\" \/>\n<script type=\"application\/ld+json\" class=\"yoast-schema-graph\">{\"@context\":\"https:\/\/schema.org\",\"@graph\":[{\"@type\":\"Article\",\"@id\":\"https:\/\/brasilnoticias.org\/site\/paulo-pimenta-e-interrompido-em-sessao-da-ccj-e-discute-com-deputado-bolsonarista\/#article\",\"isPartOf\":{\"@id\":\"https:\/\/brasilnoticias.org\/site\/paulo-pimenta-e-interrompido-em-sessao-da-ccj-e-discute-com-deputado-bolsonarista\/\"},\"author\":{\"name\":\"Reda\u00e7\u00e3o\",\"@id\":\"https:\/\/brasilnoticias.org\/site\/#\/schema\/person\/03bbbfe6c7634ad18c26444ea39049fa\"},\"headline\":\"Paulo Pimenta \u00e9 interrompido em sess\u00e3o da CCJ e discute com deputado bolsonarista\",\"datePublished\":\"2024-06-11T21:45:38+00:00\",\"mainEntityOfPage\":{\"@id\":\"https:\/\/brasilnoticias.org\/site\/paulo-pimenta-e-interrompido-em-sessao-da-ccj-e-discute-com-deputado-bolsonarista\/\"},\"wordCount\":241,\"commentCount\":0,\"publisher\":{\"@id\":\"https:\/\/brasilnoticias.org\/site\/#organization\"},\"image\":{\"@id\":\"https:\/\/brasilnoticias.org\/site\/paulo-pimenta-e-interrompido-em-sessao-da-ccj-e-discute-com-deputado-bolsonarista\/#primaryimage\"},\"thumbnailUrl\":\"https:\/\/brasilnoticias.org\/site\/wp-content\/uploads\/2024\/06\/151411paulo-pimenta-e-interrompido-em-sessao-da-ccj-e-discute-com-deputado-bolsonarista-3.jpg\",\"articleSection\":[\"Pol\u00edtica\",\"\u00daltimas\"],\"inLanguage\":\"pt-PT\",\"potentialAction\":[{\"@type\":\"CommentAction\",\"name\":\"Comment\",\"target\":[\"https:\/\/brasilnoticias.org\/site\/paulo-pimenta-e-interrompido-em-sessao-da-ccj-e-discute-com-deputado-bolsonarista\/#respond\"]}]},{\"@type\":\"WebPage\",\"@id\":\"https:\/\/brasilnoticias.org\/site\/paulo-pimenta-e-interrompido-em-sessao-da-ccj-e-discute-com-deputado-bolsonarista\/\",\"url\":\"https:\/\/brasilnoticias.org\/site\/paulo-pimenta-e-interrompido-em-sessao-da-ccj-e-discute-com-deputado-bolsonarista\/\",\"name\":\"Paulo Pimenta \u00e9 interrompido em sess\u00e3o da CCJ e discute com deputado bolsonarista - Brasil not\u00edcias\",\"isPartOf\":{\"@id\":\"https:\/\/brasilnoticias.org\/site\/#website\"},\"primaryImageOfPage\":{\"@id\":\"https:\/\/brasilnoticias.org\/site\/paulo-pimenta-e-interrompido-em-sessao-da-ccj-e-discute-com-deputado-bolsonarista\/#primaryimage\"},\"image\":{\"@id\":\"https:\/\/brasilnoticias.org\/site\/paulo-pimenta-e-interrompido-em-sessao-da-ccj-e-discute-com-deputado-bolsonarista\/#primaryimage\"},\"thumbnailUrl\":\"https:\/\/brasilnoticias.org\/site\/wp-content\/uploads\/2024\/06\/151411paulo-pimenta-e-interrompido-em-sessao-da-ccj-e-discute-com-deputado-bolsonarista-3.jpg\",\"datePublished\":\"2024-06-11T21:45:38+00:00\",\"breadcrumb\":{\"@id\":\"https:\/\/brasilnoticias.org\/site\/paulo-pimenta-e-interrompido-em-sessao-da-ccj-e-discute-com-deputado-bolsonarista\/#breadcrumb\"},\"inLanguage\":\"pt-PT\",\"potentialAction\":[{\"@type\":\"ReadAction\",\"target\":[\"https:\/\/brasilnoticias.org\/site\/paulo-pimenta-e-interrompido-em-sessao-da-ccj-e-discute-com-deputado-bolsonarista\/\"]}]},{\"@type\":\"ImageObject\",\"inLanguage\":\"pt-PT\",\"@id\":\"https:\/\/brasilnoticias.org\/site\/paulo-pimenta-e-interrompido-em-sessao-da-ccj-e-discute-com-deputado-bolsonarista\/#primaryimage\",\"url\":\"https:\/\/brasilnoticias.org\/site\/wp-content\/uploads\/2024\/06\/151411paulo-pimenta-e-interrompido-em-sessao-da-ccj-e-discute-com-deputado-bolsonarista-3.jpg\",\"contentUrl\":\"https:\/\/brasilnoticias.org\/site\/wp-content\/uploads\/2024\/06\/151411paulo-pimenta-e-interrompido-em-sessao-da-ccj-e-discute-com-deputado-bolsonarista-3.jpg\",\"width\":1600,\"height\":752},{\"@type\":\"BreadcrumbList\",\"@id\":\"https:\/\/brasilnoticias.org\/site\/paulo-pimenta-e-interrompido-em-sessao-da-ccj-e-discute-com-deputado-bolsonarista\/#breadcrumb\",\"itemListElement\":[{\"@type\":\"ListItem\",\"position\":1,\"name\":\"In\u00edcio\",\"item\":\"https:\/\/brasilnoticias.org\/site\/\"},{\"@type\":\"ListItem\",\"position\":2,\"name\":\"Paulo Pimenta \u00e9 interrompido em sess\u00e3o da CCJ e discute com deputado bolsonarista\"}]},{\"@type\":\"WebSite\",\"@id\":\"https:\/\/brasilnoticias.org\/site\/#website\",\"url\":\"https:\/\/brasilnoticias.org\/site\/\",\"name\":\"Brasil not\u00edcias\",\"description\":\"Brasil not\u00edcias\",\"publisher\":{\"@id\":\"https:\/\/brasilnoticias.org\/site\/#organization\"},\"potentialAction\":[{\"@type\":\"SearchAction\",\"target\":{\"@type\":\"EntryPoint\",\"urlTemplate\":\"https:\/\/brasilnoticias.org\/site\/?s={search_term_string}\"},\"query-input\":{\"@type\":\"PropertyValueSpecification\",\"valueRequired\":true,\"valueName\":\"search_term_string\"}}],\"inLanguage\":\"pt-PT\"},{\"@type\":\"Organization\",\"@id\":\"https:\/\/brasilnoticias.org\/site\/#organization\",\"name\":\"Brasil not\u00edcias\",\"url\":\"https:\/\/brasilnoticias.org\/site\/\",\"logo\":{\"@type\":\"ImageObject\",\"inLanguage\":\"pt-PT\",\"@id\":\"https:\/\/brasilnoticias.org\/site\/#\/schema\/logo\/image\/\",\"url\":\"https:\/\/brasilnoticias.org\/site\/wp-content\/uploads\/2022\/05\/cropped-brasilnoticias-mini.jpg\",\"contentUrl\":\"https:\/\/brasilnoticias.org\/site\/wp-content\/uploads\/2022\/05\/cropped-brasilnoticias-mini.jpg\",\"width\":314,\"height\":86,\"caption\":\"Brasil not\u00edcias\"},\"image\":{\"@id\":\"https:\/\/brasilnoticias.org\/site\/#\/schema\/logo\/image\/\"}},{\"@type\":\"Person\",\"@id\":\"https:\/\/brasilnoticias.org\/site\/#\/schema\/person\/03bbbfe6c7634ad18c26444ea39049fa\",\"name\":\"Reda\u00e7\u00e3o\",\"image\":{\"@type\":\"ImageObject\",\"inLanguage\":\"pt-PT\",\"@id\":\"https:\/\/brasilnoticias.org\/site\/#\/schema\/person\/image\/\",\"url\":\"https:\/\/secure.gravatar.com\/avatar\/9ecaf7327a696cb23ad926fedded5f1f04d7049de9e445375d55b48c001a6e42?s=96&d=mm&r=g\",\"contentUrl\":\"https:\/\/secure.gravatar.com\/avatar\/9ecaf7327a696cb23ad926fedded5f1f04d7049de9e445375d55b48c001a6e42?s=96&d=mm&r=g\",\"caption\":\"Reda\u00e7\u00e3o\"},\"url\":\"https:\/\/brasilnoticias.org\/site\/author\/henrique\/\"}]}<\/script>\n<!-- \/ Yoast SEO plugin. -->","yoast_head_json":{"title":"Paulo Pimenta \u00e9 interrompido em sess\u00e3o da CCJ e discute com deputado bolsonarista - Brasil not\u00edcias","robots":{"index":"index","follow":"follow","max-snippet":"max-snippet:-1","max-image-preview":"max-image-preview:large","max-video-preview":"max-video-preview:-1"},"canonical":"https:\/\/brasilnoticias.org\/site\/paulo-pimenta-e-interrompido-em-sessao-da-ccj-e-discute-com-deputado-bolsonarista\/","og_locale":"pt_PT","og_type":"article","og_title":"Paulo Pimenta \u00e9 interrompido em sess\u00e3o da CCJ e discute com deputado bolsonarista - Brasil not\u00edcias","og_description":"A reuni\u00e3o foi marcada por embates entre governistas e a oposi\u00e7\u00e3o. Os deputados citaram investiga\u00e7\u00f5es da Lava Jato, Boate Kiss,","og_url":"https:\/\/brasilnoticias.org\/site\/paulo-pimenta-e-interrompido-em-sessao-da-ccj-e-discute-com-deputado-bolsonarista\/","og_site_name":"Brasil not\u00edcias","article_published_time":"2024-06-11T21:45:38+00:00","og_image":[{"width":1600,"height":752,"url":"https:\/\/brasilnoticias.org\/site\/wp-content\/uploads\/2024\/06\/151411paulo-pimenta-e-interrompido-em-sessao-da-ccj-e-discute-com-deputado-bolsonarista-3.jpg","type":"image\/jpeg"}],"author":"Reda\u00e7\u00e3o","twitter_card":"summary_large_image","twitter_misc":{"Escrito por":"Reda\u00e7\u00e3o","Tempo estimado de leitura":"1 minuto"},"schema":{"@context":"https:\/\/schema.org","@graph":[{"@type":"Article","@id":"https:\/\/brasilnoticias.org\/site\/paulo-pimenta-e-interrompido-em-sessao-da-ccj-e-discute-com-deputado-bolsonarista\/#article","isPartOf":{"@id":"https:\/\/brasilnoticias.org\/site\/paulo-pimenta-e-interrompido-em-sessao-da-ccj-e-discute-com-deputado-bolsonarista\/"},"author":{"name":"Reda\u00e7\u00e3o","@id":"https:\/\/brasilnoticias.org\/site\/#\/schema\/person\/03bbbfe6c7634ad18c26444ea39049fa"},"headline":"Paulo Pimenta \u00e9 interrompido em sess\u00e3o da CCJ e discute com deputado bolsonarista","datePublished":"2024-06-11T21:45:38+00:00","mainEntityOfPage":{"@id":"https:\/\/brasilnoticias.org\/site\/paulo-pimenta-e-interrompido-em-sessao-da-ccj-e-discute-com-deputado-bolsonarista\/"},"wordCount":241,"commentCount":0,"publisher":{"@id":"https:\/\/brasilnoticias.org\/site\/#organization"},"image":{"@id":"https:\/\/brasilnoticias.org\/site\/paulo-pimenta-e-interrompido-em-sessao-da-ccj-e-discute-com-deputado-bolsonarista\/#primaryimage"},"thumbnailUrl":"https:\/\/brasilnoticias.org\/site\/wp-content\/uploads\/2024\/06\/151411paulo-pimenta-e-interrompido-em-sessao-da-ccj-e-discute-com-deputado-bolsonarista-3.jpg","articleSection":["Pol\u00edtica","\u00daltimas"],"inLanguage":"pt-PT","potentialAction":[{"@type":"CommentAction","name":"Comment","target":["https:\/\/brasilnoticias.org\/site\/paulo-pimenta-e-interrompido-em-sessao-da-ccj-e-discute-com-deputado-bolsonarista\/#respond"]}]},{"@type":"WebPage","@id":"https:\/\/brasilnoticias.org\/site\/paulo-pimenta-e-interrompido-em-sessao-da-ccj-e-discute-com-deputado-bolsonarista\/","url":"https:\/\/brasilnoticias.org\/site\/paulo-pimenta-e-interrompido-em-sessao-da-ccj-e-discute-com-deputado-bolsonarista\/","name":"Paulo Pimenta \u00e9 interrompido em sess\u00e3o da CCJ e discute com deputado bolsonarista - Brasil not\u00edcias","isPartOf":{"@id":"https:\/\/brasilnoticias.org\/site\/#website"},"primaryImageOfPage":{"@id":"https:\/\/brasilnoticias.org\/site\/paulo-pimenta-e-interrompido-em-sessao-da-ccj-e-discute-com-deputado-bolsonarista\/#primaryimage"},"image":{"@id":"https:\/\/brasilnoticias.org\/site\/paulo-pimenta-e-interrompido-em-sessao-da-ccj-e-discute-com-deputado-bolsonarista\/#primaryimage"},"thumbnailUrl":"https:\/\/brasilnoticias.org\/site\/wp-content\/uploads\/2024\/06\/151411paulo-pimenta-e-interrompido-em-sessao-da-ccj-e-discute-com-deputado-bolsonarista-3.jpg","datePublished":"2024-06-11T21:45:38+00:00","breadcrumb":{"@id":"https:\/\/brasilnoticias.org\/site\/paulo-pimenta-e-interrompido-em-sessao-da-ccj-e-discute-com-deputado-bolsonarista\/#breadcrumb"},"inLanguage":"pt-PT","potentialAction":[{"@type":"ReadAction","target":["https:\/\/brasilnoticias.org\/site\/paulo-pimenta-e-interrompido-em-sessao-da-ccj-e-discute-com-deputado-bolsonarista\/"]}]},{"@type":"ImageObject","inLanguage":"pt-PT","@id":"https:\/\/brasilnoticias.org\/site\/paulo-pimenta-e-interrompido-em-sessao-da-ccj-e-discute-com-deputado-bolsonarista\/#primaryimage","url":"https:\/\/brasilnoticias.org\/site\/wp-content\/uploads\/2024\/06\/151411paulo-pimenta-e-interrompido-em-sessao-da-ccj-e-discute-com-deputado-bolsonarista-3.jpg","contentUrl":"https:\/\/brasilnoticias.org\/site\/wp-content\/uploads\/2024\/06\/151411paulo-pimenta-e-interrompido-em-sessao-da-ccj-e-discute-com-deputado-bolsonarista-3.jpg","width":1600,"height":752},{"@type":"BreadcrumbList","@id":"https:\/\/brasilnoticias.org\/site\/paulo-pimenta-e-interrompido-em-sessao-da-ccj-e-discute-com-deputado-bolsonarista\/#breadcrumb","itemListElement":[{"@type":"ListItem","position":1,"name":"In\u00edcio","item":"https:\/\/brasilnoticias.org\/site\/"},{"@type":"ListItem","position":2,"name":"Paulo Pimenta \u00e9 interrompido em sess\u00e3o da CCJ e discute com deputado bolsonarista"}]},{"@type":"WebSite","@id":"https:\/\/brasilnoticias.org\/site\/#website","url":"https:\/\/brasilnoticias.org\/site\/","name":"Brasil not\u00edcias","description":"Brasil not\u00edcias","publisher":{"@id":"https:\/\/brasilnoticias.org\/site\/#organization"},"potentialAction":[{"@type":"SearchAction","target":{"@type":"EntryPoint","urlTemplate":"https:\/\/brasilnoticias.org\/site\/?s={search_term_string}"},"query-input":{"@type":"PropertyValueSpecification","valueRequired":true,"valueName":"search_term_string"}}],"inLanguage":"pt-PT"},{"@type":"Organization","@id":"https:\/\/brasilnoticias.org\/site\/#organization","name":"Brasil not\u00edcias","url":"https:\/\/brasilnoticias.org\/site\/","logo":{"@type":"ImageObject","inLanguage":"pt-PT","@id":"https:\/\/brasilnoticias.org\/site\/#\/schema\/logo\/image\/","url":"https:\/\/brasilnoticias.org\/site\/wp-content\/uploads\/2022\/05\/cropped-brasilnoticias-mini.jpg","contentUrl":"https:\/\/brasilnoticias.org\/site\/wp-content\/uploads\/2022\/05\/cropped-brasilnoticias-mini.jpg","width":314,"height":86,"caption":"Brasil not\u00edcias"},"image":{"@id":"https:\/\/brasilnoticias.org\/site\/#\/schema\/logo\/image\/"}},{"@type":"Person","@id":"https:\/\/brasilnoticias.org\/site\/#\/schema\/person\/03bbbfe6c7634ad18c26444ea39049fa","name":"Reda\u00e7\u00e3o","image":{"@type":"ImageObject","inLanguage":"pt-PT","@id":"https:\/\/brasilnoticias.org\/site\/#\/schema\/person\/image\/","url":"https:\/\/secure.gravatar.com\/avatar\/9ecaf7327a696cb23ad926fedded5f1f04d7049de9e445375d55b48c001a6e42?s=96&d=mm&r=g","contentUrl":"https:\/\/secure.gravatar.com\/avatar\/9ecaf7327a696cb23ad926fedded5f1f04d7049de9e445375d55b48c001a6e42?s=96&d=mm&r=g","caption":"Reda\u00e7\u00e3o"},"url":"https:\/\/brasilnoticias.org\/site\/author\/henrique\/"}]}},"_links":{"self":[{"href":"https:\/\/brasilnoticias.org\/site\/wp-json\/wp\/v2\/posts\/14557","targetHints":{"allow":["GET"]}}],"collection":[{"href":"https:\/\/brasilnoticias.org\/site\/wp-json\/wp\/v2\/posts"}],"about":[{"href":"https:\/\/brasilnoticias.org\/site\/wp-json\/wp\/v2\/types\/post"}],"author":[{"embeddable":true,"href":"https:\/\/brasilnoticias.org\/site\/wp-json\/wp\/v2\/users\/4"}],"replies":[{"embeddable":true,"href":"https:\/\/brasilnoticias.org\/site\/wp-json\/wp\/v2\/comments?post=14557"}],"version-history":[{"count":1,"href":"https:\/\/brasilnoticias.org\/site\/wp-json\/wp\/v2\/posts\/14557\/revisions"}],"predecessor-version":[{"id":14559,"href":"https:\/\/brasilnoticias.org\/site\/wp-json\/wp\/v2\/posts\/14557\/revisions\/14559"}],"wp:featuredmedia":[{"embeddable":true,"href":"https:\/\/brasilnoticias.org\/site\/wp-json\/wp\/v2\/media\/14558"}],"wp:attachment":[{"href":"https:\/\/brasilnoticias.org\/site\/wp-json\/wp\/v2\/media?parent=14557"}],"wp:term":[{"taxonomy":"category","embeddable":true,"href":"https:\/\/brasilnoticias.org\/site\/wp-json\/wp\/v2\/categories?post=14557"},{"taxonomy":"post_tag","embeddable":true,"href":"https:\/\/brasilnoticias.org\/site\/wp-json\/wp\/v2\/tags?post=14557"}],"curies":[{"name":"wp","href":"https:\/\/api.w.org\/{rel}","templated":true}]}}