{"id":14563,"date":"2024-06-11T18:49:54","date_gmt":"2024-06-11T21:49:54","guid":{"rendered":"https:\/\/brasilnoticias.org\/site\/?p=14563"},"modified":"2024-06-11T18:49:54","modified_gmt":"2024-06-11T21:49:54","slug":"pl-tramita-na-camara-de-salvador-para-criar-pontos-exclusivos-de-motoristas-por-aplicativo","status":"publish","type":"post","link":"https:\/\/brasilnoticias.org\/site\/pl-tramita-na-camara-de-salvador-para-criar-pontos-exclusivos-de-motoristas-por-aplicativo\/","title":{"rendered":"PL tramita na C\u00e2mara de Salvador para criar pontos exclusivos de motoristas por aplicativo"},"content":{"rendered":"<p>Terminal rodovi\u00e1rio, aeroporto, centros comerciais com grande circula\u00e7\u00e3o de pessoas, hospitais e outros espa\u00e7os de relev\u00e2ncia de Salvador poder\u00e3o sofrer ajustes para adequa\u00e7\u00e3o de pontos exclusivos para embarque e desembarque de passageiros de corridas por aplicativo. O Projeto de Lei (PL) 239\/2022 quer garantir a acessibilidade legalizada para evitar multas para os aut\u00f4nomos e transtorno aos passageiros.<\/p>\n<p>O autor da proposta, vereador e presidente do Sindicato dos Motoristas por Aplicativo, \u00c1tila do Congo (PMB) afirma que in\u00fameros motoristas s\u00e3o prejudicados pela falta de sinaliza\u00e7\u00e3o regular com pontos exclusivos. &#8220;Recebemos reclama\u00e7\u00f5es diariamente sobre persegui\u00e7\u00f5es e cobran\u00e7as indevidas pela falta de espa\u00e7o para o motorista por app poder estacionar em diversas partes da cidade. Isso n\u00e3o pode acontecer com uma categoria que atua de forma regular no munic\u00edpio, n\u00e3o basta habilitar, tem que dar condi\u00e7\u00f5es para fluidez do trabalho. Conto com a sensibilidade dos meus pares para fazer isso acontecer&#8221;.<\/p>\n<p>De acordo com a proposi\u00e7\u00e3o, &#8220;os pontos de embarque e desembarque dever\u00e3o ser implantados pr\u00f3ximos ao terminal rodovi\u00e1rio, aeroporto, hospitais, centros comerciais, de cultura, lazer, esportes e de grande fluxo de pessoas&#8221;.<\/p>\n<p>Caso seja aprovado em plen\u00e1rio, o texto do PL seguir\u00e1 para san\u00e7\u00e3o do prefeito Bruno Reis (UB) com todos os aspectos necess\u00e1rios para efetivar a aplica\u00e7\u00e3o da Lei na pr\u00e1tica.<\/p>\n","protected":false},"excerpt":{"rendered":"<p>Terminal rodovi\u00e1rio, aeroporto, centros comerciais com grande circula\u00e7\u00e3o de pessoas, hospitais e outros espa\u00e7os de relev\u00e2ncia de Salvador poder\u00e3o sofrer<\/p>\n","protected":false},"author":4,"featured_media":14564,"comment_status":"open","ping_status":"open","sticky":false,"template":"","format":"standard","meta":{"colormag_page_container_layout":"default_layout","colormag_page_sidebar_layout":"default_layout","_FSMCFIC_featured_image_caption":"","_FSMCFIC_featured_image_nocaption":"","_FSMCFIC_featured_image_hide":"","footnotes":""},"categories":[5,1],"tags":[],"class_list":["post-14563","post","type-post","status-publish","format-standard","has-post-thumbnail","hentry","category-politica","category-ultimas"],"yoast_head":"<!-- This site is optimized with the Yoast SEO plugin v27.1.1 - https:\/\/yoast.com\/product\/yoast-seo-wordpress\/ -->\n<title>PL tramita na C\u00e2mara de Salvador para criar pontos exclusivos de motoristas por aplicativo - Brasil not\u00edcias<\/title>\n<meta name=\"robots\" content=\"index, follow, max-snippet:-1, max-image-preview:large, max-video-preview:-1\" \/>\n<link rel=\"canonical\" href=\"https:\/\/brasilnoticias.org\/site\/pl-tramita-na-camara-de-salvador-para-criar-pontos-exclusivos-de-motoristas-por-aplicativo\/\" \/>\n<meta property=\"og:locale\" content=\"pt_PT\" \/>\n<meta property=\"og:type\" content=\"article\" \/>\n<meta property=\"og:title\" content=\"PL tramita na C\u00e2mara de Salvador para criar pontos exclusivos de motoristas por aplicativo - Brasil not\u00edcias\" \/>\n<meta property=\"og:description\" content=\"Terminal rodovi\u00e1rio, aeroporto, centros comerciais com grande circula\u00e7\u00e3o de pessoas, hospitais e outros espa\u00e7os de relev\u00e2ncia de Salvador poder\u00e3o sofrer\" \/>\n<meta property=\"og:url\" content=\"https:\/\/brasilnoticias.org\/site\/pl-tramita-na-camara-de-salvador-para-criar-pontos-exclusivos-de-motoristas-por-aplicativo\/\" \/>\n<meta property=\"og:site_name\" content=\"Brasil not\u00edcias\" \/>\n<meta property=\"article:published_time\" content=\"2024-06-11T21:49:54+00:00\" \/>\n<meta property=\"og:image\" content=\"https:\/\/brasilnoticias.org\/site\/wp-content\/uploads\/2024\/06\/IMAGEM_NOTICIA_2.jpg\" \/>\n\t<meta property=\"og:image:width\" content=\"300\" \/>\n\t<meta property=\"og:image:height\" content=\"200\" \/>\n\t<meta property=\"og:image:type\" content=\"image\/jpeg\" \/>\n<meta name=\"author\" content=\"Reda\u00e7\u00e3o\" \/>\n<meta name=\"twitter:card\" content=\"summary_large_image\" \/>\n<meta name=\"twitter:label1\" content=\"Escrito por\" \/>\n\t<meta name=\"twitter:data1\" content=\"Reda\u00e7\u00e3o\" \/>\n\t<meta name=\"twitter:label2\" content=\"Tempo estimado de leitura\" \/>\n\t<meta name=\"twitter:data2\" content=\"1 minuto\" \/>\n<script type=\"application\/ld+json\" class=\"yoast-schema-graph\">{\"@context\":\"https:\/\/schema.org\",\"@graph\":[{\"@type\":\"Article\",\"@id\":\"https:\/\/brasilnoticias.org\/site\/pl-tramita-na-camara-de-salvador-para-criar-pontos-exclusivos-de-motoristas-por-aplicativo\/#article\",\"isPartOf\":{\"@id\":\"https:\/\/brasilnoticias.org\/site\/pl-tramita-na-camara-de-salvador-para-criar-pontos-exclusivos-de-motoristas-por-aplicativo\/\"},\"author\":{\"name\":\"Reda\u00e7\u00e3o\",\"@id\":\"https:\/\/brasilnoticias.org\/site\/#\/schema\/person\/03bbbfe6c7634ad18c26444ea39049fa\"},\"headline\":\"PL tramita na C\u00e2mara de Salvador para criar pontos exclusivos de motoristas por aplicativo\",\"datePublished\":\"2024-06-11T21:49:54+00:00\",\"mainEntityOfPage\":{\"@id\":\"https:\/\/brasilnoticias.org\/site\/pl-tramita-na-camara-de-salvador-para-criar-pontos-exclusivos-de-motoristas-por-aplicativo\/\"},\"wordCount\":251,\"commentCount\":0,\"publisher\":{\"@id\":\"https:\/\/brasilnoticias.org\/site\/#organization\"},\"image\":{\"@id\":\"https:\/\/brasilnoticias.org\/site\/pl-tramita-na-camara-de-salvador-para-criar-pontos-exclusivos-de-motoristas-por-aplicativo\/#primaryimage\"},\"thumbnailUrl\":\"https:\/\/brasilnoticias.org\/site\/wp-content\/uploads\/2024\/06\/IMAGEM_NOTICIA_2.jpg\",\"articleSection\":[\"Pol\u00edtica\",\"\u00daltimas\"],\"inLanguage\":\"pt-PT\",\"potentialAction\":[{\"@type\":\"CommentAction\",\"name\":\"Comment\",\"target\":[\"https:\/\/brasilnoticias.org\/site\/pl-tramita-na-camara-de-salvador-para-criar-pontos-exclusivos-de-motoristas-por-aplicativo\/#respond\"]}]},{\"@type\":\"WebPage\",\"@id\":\"https:\/\/brasilnoticias.org\/site\/pl-tramita-na-camara-de-salvador-para-criar-pontos-exclusivos-de-motoristas-por-aplicativo\/\",\"url\":\"https:\/\/brasilnoticias.org\/site\/pl-tramita-na-camara-de-salvador-para-criar-pontos-exclusivos-de-motoristas-por-aplicativo\/\",\"name\":\"PL tramita na C\u00e2mara de Salvador para criar pontos exclusivos de motoristas por aplicativo - Brasil not\u00edcias\",\"isPartOf\":{\"@id\":\"https:\/\/brasilnoticias.org\/site\/#website\"},\"primaryImageOfPage\":{\"@id\":\"https:\/\/brasilnoticias.org\/site\/pl-tramita-na-camara-de-salvador-para-criar-pontos-exclusivos-de-motoristas-por-aplicativo\/#primaryimage\"},\"image\":{\"@id\":\"https:\/\/brasilnoticias.org\/site\/pl-tramita-na-camara-de-salvador-para-criar-pontos-exclusivos-de-motoristas-por-aplicativo\/#primaryimage\"},\"thumbnailUrl\":\"https:\/\/brasilnoticias.org\/site\/wp-content\/uploads\/2024\/06\/IMAGEM_NOTICIA_2.jpg\",\"datePublished\":\"2024-06-11T21:49:54+00:00\",\"breadcrumb\":{\"@id\":\"https:\/\/brasilnoticias.org\/site\/pl-tramita-na-camara-de-salvador-para-criar-pontos-exclusivos-de-motoristas-por-aplicativo\/#breadcrumb\"},\"inLanguage\":\"pt-PT\",\"potentialAction\":[{\"@type\":\"ReadAction\",\"target\":[\"https:\/\/brasilnoticias.org\/site\/pl-tramita-na-camara-de-salvador-para-criar-pontos-exclusivos-de-motoristas-por-aplicativo\/\"]}]},{\"@type\":\"ImageObject\",\"inLanguage\":\"pt-PT\",\"@id\":\"https:\/\/brasilnoticias.org\/site\/pl-tramita-na-camara-de-salvador-para-criar-pontos-exclusivos-de-motoristas-por-aplicativo\/#primaryimage\",\"url\":\"https:\/\/brasilnoticias.org\/site\/wp-content\/uploads\/2024\/06\/IMAGEM_NOTICIA_2.jpg\",\"contentUrl\":\"https:\/\/brasilnoticias.org\/site\/wp-content\/uploads\/2024\/06\/IMAGEM_NOTICIA_2.jpg\",\"width\":300,\"height\":200},{\"@type\":\"BreadcrumbList\",\"@id\":\"https:\/\/brasilnoticias.org\/site\/pl-tramita-na-camara-de-salvador-para-criar-pontos-exclusivos-de-motoristas-por-aplicativo\/#breadcrumb\",\"itemListElement\":[{\"@type\":\"ListItem\",\"position\":1,\"name\":\"In\u00edcio\",\"item\":\"https:\/\/brasilnoticias.org\/site\/\"},{\"@type\":\"ListItem\",\"position\":2,\"name\":\"PL tramita na C\u00e2mara de Salvador para criar pontos exclusivos de motoristas por aplicativo\"}]},{\"@type\":\"WebSite\",\"@id\":\"https:\/\/brasilnoticias.org\/site\/#website\",\"url\":\"https:\/\/brasilnoticias.org\/site\/\",\"name\":\"Brasil not\u00edcias\",\"description\":\"Brasil not\u00edcias\",\"publisher\":{\"@id\":\"https:\/\/brasilnoticias.org\/site\/#organization\"},\"potentialAction\":[{\"@type\":\"SearchAction\",\"target\":{\"@type\":\"EntryPoint\",\"urlTemplate\":\"https:\/\/brasilnoticias.org\/site\/?s={search_term_string}\"},\"query-input\":{\"@type\":\"PropertyValueSpecification\",\"valueRequired\":true,\"valueName\":\"search_term_string\"}}],\"inLanguage\":\"pt-PT\"},{\"@type\":\"Organization\",\"@id\":\"https:\/\/brasilnoticias.org\/site\/#organization\",\"name\":\"Brasil not\u00edcias\",\"url\":\"https:\/\/brasilnoticias.org\/site\/\",\"logo\":{\"@type\":\"ImageObject\",\"inLanguage\":\"pt-PT\",\"@id\":\"https:\/\/brasilnoticias.org\/site\/#\/schema\/logo\/image\/\",\"url\":\"https:\/\/brasilnoticias.org\/site\/wp-content\/uploads\/2022\/05\/cropped-brasilnoticias-mini.jpg\",\"contentUrl\":\"https:\/\/brasilnoticias.org\/site\/wp-content\/uploads\/2022\/05\/cropped-brasilnoticias-mini.jpg\",\"width\":314,\"height\":86,\"caption\":\"Brasil not\u00edcias\"},\"image\":{\"@id\":\"https:\/\/brasilnoticias.org\/site\/#\/schema\/logo\/image\/\"}},{\"@type\":\"Person\",\"@id\":\"https:\/\/brasilnoticias.org\/site\/#\/schema\/person\/03bbbfe6c7634ad18c26444ea39049fa\",\"name\":\"Reda\u00e7\u00e3o\",\"image\":{\"@type\":\"ImageObject\",\"inLanguage\":\"pt-PT\",\"@id\":\"https:\/\/brasilnoticias.org\/site\/#\/schema\/person\/image\/\",\"url\":\"https:\/\/secure.gravatar.com\/avatar\/9ecaf7327a696cb23ad926fedded5f1f04d7049de9e445375d55b48c001a6e42?s=96&d=mm&r=g\",\"contentUrl\":\"https:\/\/secure.gravatar.com\/avatar\/9ecaf7327a696cb23ad926fedded5f1f04d7049de9e445375d55b48c001a6e42?s=96&d=mm&r=g\",\"caption\":\"Reda\u00e7\u00e3o\"},\"url\":\"https:\/\/brasilnoticias.org\/site\/author\/henrique\/\"}]}<\/script>\n<!-- \/ Yoast SEO plugin. -->","yoast_head_json":{"title":"PL tramita na C\u00e2mara de Salvador para criar pontos exclusivos de motoristas por aplicativo - Brasil not\u00edcias","robots":{"index":"index","follow":"follow","max-snippet":"max-snippet:-1","max-image-preview":"max-image-preview:large","max-video-preview":"max-video-preview:-1"},"canonical":"https:\/\/brasilnoticias.org\/site\/pl-tramita-na-camara-de-salvador-para-criar-pontos-exclusivos-de-motoristas-por-aplicativo\/","og_locale":"pt_PT","og_type":"article","og_title":"PL tramita na C\u00e2mara de Salvador para criar pontos exclusivos de motoristas por aplicativo - Brasil not\u00edcias","og_description":"Terminal rodovi\u00e1rio, aeroporto, centros comerciais com grande circula\u00e7\u00e3o de pessoas, hospitais e outros espa\u00e7os de relev\u00e2ncia de Salvador poder\u00e3o sofrer","og_url":"https:\/\/brasilnoticias.org\/site\/pl-tramita-na-camara-de-salvador-para-criar-pontos-exclusivos-de-motoristas-por-aplicativo\/","og_site_name":"Brasil not\u00edcias","article_published_time":"2024-06-11T21:49:54+00:00","og_image":[{"width":300,"height":200,"url":"https:\/\/brasilnoticias.org\/site\/wp-content\/uploads\/2024\/06\/IMAGEM_NOTICIA_2.jpg","type":"image\/jpeg"}],"author":"Reda\u00e7\u00e3o","twitter_card":"summary_large_image","twitter_misc":{"Escrito por":"Reda\u00e7\u00e3o","Tempo estimado de leitura":"1 minuto"},"schema":{"@context":"https:\/\/schema.org","@graph":[{"@type":"Article","@id":"https:\/\/brasilnoticias.org\/site\/pl-tramita-na-camara-de-salvador-para-criar-pontos-exclusivos-de-motoristas-por-aplicativo\/#article","isPartOf":{"@id":"https:\/\/brasilnoticias.org\/site\/pl-tramita-na-camara-de-salvador-para-criar-pontos-exclusivos-de-motoristas-por-aplicativo\/"},"author":{"name":"Reda\u00e7\u00e3o","@id":"https:\/\/brasilnoticias.org\/site\/#\/schema\/person\/03bbbfe6c7634ad18c26444ea39049fa"},"headline":"PL tramita na C\u00e2mara de Salvador para criar pontos exclusivos de motoristas por aplicativo","datePublished":"2024-06-11T21:49:54+00:00","mainEntityOfPage":{"@id":"https:\/\/brasilnoticias.org\/site\/pl-tramita-na-camara-de-salvador-para-criar-pontos-exclusivos-de-motoristas-por-aplicativo\/"},"wordCount":251,"commentCount":0,"publisher":{"@id":"https:\/\/brasilnoticias.org\/site\/#organization"},"image":{"@id":"https:\/\/brasilnoticias.org\/site\/pl-tramita-na-camara-de-salvador-para-criar-pontos-exclusivos-de-motoristas-por-aplicativo\/#primaryimage"},"thumbnailUrl":"https:\/\/brasilnoticias.org\/site\/wp-content\/uploads\/2024\/06\/IMAGEM_NOTICIA_2.jpg","articleSection":["Pol\u00edtica","\u00daltimas"],"inLanguage":"pt-PT","potentialAction":[{"@type":"CommentAction","name":"Comment","target":["https:\/\/brasilnoticias.org\/site\/pl-tramita-na-camara-de-salvador-para-criar-pontos-exclusivos-de-motoristas-por-aplicativo\/#respond"]}]},{"@type":"WebPage","@id":"https:\/\/brasilnoticias.org\/site\/pl-tramita-na-camara-de-salvador-para-criar-pontos-exclusivos-de-motoristas-por-aplicativo\/","url":"https:\/\/brasilnoticias.org\/site\/pl-tramita-na-camara-de-salvador-para-criar-pontos-exclusivos-de-motoristas-por-aplicativo\/","name":"PL tramita na C\u00e2mara de Salvador para criar pontos exclusivos de motoristas por aplicativo - Brasil not\u00edcias","isPartOf":{"@id":"https:\/\/brasilnoticias.org\/site\/#website"},"primaryImageOfPage":{"@id":"https:\/\/brasilnoticias.org\/site\/pl-tramita-na-camara-de-salvador-para-criar-pontos-exclusivos-de-motoristas-por-aplicativo\/#primaryimage"},"image":{"@id":"https:\/\/brasilnoticias.org\/site\/pl-tramita-na-camara-de-salvador-para-criar-pontos-exclusivos-de-motoristas-por-aplicativo\/#primaryimage"},"thumbnailUrl":"https:\/\/brasilnoticias.org\/site\/wp-content\/uploads\/2024\/06\/IMAGEM_NOTICIA_2.jpg","datePublished":"2024-06-11T21:49:54+00:00","breadcrumb":{"@id":"https:\/\/brasilnoticias.org\/site\/pl-tramita-na-camara-de-salvador-para-criar-pontos-exclusivos-de-motoristas-por-aplicativo\/#breadcrumb"},"inLanguage":"pt-PT","potentialAction":[{"@type":"ReadAction","target":["https:\/\/brasilnoticias.org\/site\/pl-tramita-na-camara-de-salvador-para-criar-pontos-exclusivos-de-motoristas-por-aplicativo\/"]}]},{"@type":"ImageObject","inLanguage":"pt-PT","@id":"https:\/\/brasilnoticias.org\/site\/pl-tramita-na-camara-de-salvador-para-criar-pontos-exclusivos-de-motoristas-por-aplicativo\/#primaryimage","url":"https:\/\/brasilnoticias.org\/site\/wp-content\/uploads\/2024\/06\/IMAGEM_NOTICIA_2.jpg","contentUrl":"https:\/\/brasilnoticias.org\/site\/wp-content\/uploads\/2024\/06\/IMAGEM_NOTICIA_2.jpg","width":300,"height":200},{"@type":"BreadcrumbList","@id":"https:\/\/brasilnoticias.org\/site\/pl-tramita-na-camara-de-salvador-para-criar-pontos-exclusivos-de-motoristas-por-aplicativo\/#breadcrumb","itemListElement":[{"@type":"ListItem","position":1,"name":"In\u00edcio","item":"https:\/\/brasilnoticias.org\/site\/"},{"@type":"ListItem","position":2,"name":"PL tramita na C\u00e2mara de Salvador para criar pontos exclusivos de motoristas por aplicativo"}]},{"@type":"WebSite","@id":"https:\/\/brasilnoticias.org\/site\/#website","url":"https:\/\/brasilnoticias.org\/site\/","name":"Brasil not\u00edcias","description":"Brasil not\u00edcias","publisher":{"@id":"https:\/\/brasilnoticias.org\/site\/#organization"},"potentialAction":[{"@type":"SearchAction","target":{"@type":"EntryPoint","urlTemplate":"https:\/\/brasilnoticias.org\/site\/?s={search_term_string}"},"query-input":{"@type":"PropertyValueSpecification","valueRequired":true,"valueName":"search_term_string"}}],"inLanguage":"pt-PT"},{"@type":"Organization","@id":"https:\/\/brasilnoticias.org\/site\/#organization","name":"Brasil not\u00edcias","url":"https:\/\/brasilnoticias.org\/site\/","logo":{"@type":"ImageObject","inLanguage":"pt-PT","@id":"https:\/\/brasilnoticias.org\/site\/#\/schema\/logo\/image\/","url":"https:\/\/brasilnoticias.org\/site\/wp-content\/uploads\/2022\/05\/cropped-brasilnoticias-mini.jpg","contentUrl":"https:\/\/brasilnoticias.org\/site\/wp-content\/uploads\/2022\/05\/cropped-brasilnoticias-mini.jpg","width":314,"height":86,"caption":"Brasil not\u00edcias"},"image":{"@id":"https:\/\/brasilnoticias.org\/site\/#\/schema\/logo\/image\/"}},{"@type":"Person","@id":"https:\/\/brasilnoticias.org\/site\/#\/schema\/person\/03bbbfe6c7634ad18c26444ea39049fa","name":"Reda\u00e7\u00e3o","image":{"@type":"ImageObject","inLanguage":"pt-PT","@id":"https:\/\/brasilnoticias.org\/site\/#\/schema\/person\/image\/","url":"https:\/\/secure.gravatar.com\/avatar\/9ecaf7327a696cb23ad926fedded5f1f04d7049de9e445375d55b48c001a6e42?s=96&d=mm&r=g","contentUrl":"https:\/\/secure.gravatar.com\/avatar\/9ecaf7327a696cb23ad926fedded5f1f04d7049de9e445375d55b48c001a6e42?s=96&d=mm&r=g","caption":"Reda\u00e7\u00e3o"},"url":"https:\/\/brasilnoticias.org\/site\/author\/henrique\/"}]}},"_links":{"self":[{"href":"https:\/\/brasilnoticias.org\/site\/wp-json\/wp\/v2\/posts\/14563","targetHints":{"allow":["GET"]}}],"collection":[{"href":"https:\/\/brasilnoticias.org\/site\/wp-json\/wp\/v2\/posts"}],"about":[{"href":"https:\/\/brasilnoticias.org\/site\/wp-json\/wp\/v2\/types\/post"}],"author":[{"embeddable":true,"href":"https:\/\/brasilnoticias.org\/site\/wp-json\/wp\/v2\/users\/4"}],"replies":[{"embeddable":true,"href":"https:\/\/brasilnoticias.org\/site\/wp-json\/wp\/v2\/comments?post=14563"}],"version-history":[{"count":1,"href":"https:\/\/brasilnoticias.org\/site\/wp-json\/wp\/v2\/posts\/14563\/revisions"}],"predecessor-version":[{"id":14565,"href":"https:\/\/brasilnoticias.org\/site\/wp-json\/wp\/v2\/posts\/14563\/revisions\/14565"}],"wp:featuredmedia":[{"embeddable":true,"href":"https:\/\/brasilnoticias.org\/site\/wp-json\/wp\/v2\/media\/14564"}],"wp:attachment":[{"href":"https:\/\/brasilnoticias.org\/site\/wp-json\/wp\/v2\/media?parent=14563"}],"wp:term":[{"taxonomy":"category","embeddable":true,"href":"https:\/\/brasilnoticias.org\/site\/wp-json\/wp\/v2\/categories?post=14563"},{"taxonomy":"post_tag","embeddable":true,"href":"https:\/\/brasilnoticias.org\/site\/wp-json\/wp\/v2\/tags?post=14563"}],"curies":[{"name":"wp","href":"https:\/\/api.w.org\/{rel}","templated":true}]}}