{"id":14566,"date":"2024-06-11T18:50:40","date_gmt":"2024-06-11T21:50:40","guid":{"rendered":"https:\/\/brasilnoticias.org\/site\/?p=14566"},"modified":"2024-06-11T18:50:40","modified_gmt":"2024-06-11T21:50:40","slug":"camara-aprova-projeto-que-estabelece-gratuidade-na-distribuicao-de-sacolas-plasticas-em-salvador","status":"publish","type":"post","link":"https:\/\/brasilnoticias.org\/site\/camara-aprova-projeto-que-estabelece-gratuidade-na-distribuicao-de-sacolas-plasticas-em-salvador\/","title":{"rendered":"C\u00e2mara aprova projeto que estabelece gratuidade na distribui\u00e7\u00e3o de sacolas pl\u00e1sticas em Salvador"},"content":{"rendered":"<p>O texto segue para san\u00e7\u00e3o do prefeito Bruno Reis (Uni\u00e3o Brasil) e entrar\u00e1 em vigor 30 dias ap\u00f3s sua publica\u00e7\u00e3o<\/p>\n<p>O projeto que altera a chamada Lei das Sacolas Pl\u00e1sticas em Salvador foi aprovado na tarde desta ter\u00e7a-feira (11), no plen\u00e1rio da C\u00e2mara Municipal de Salvador.  O novo texto tem como objetivo fazer com que os consumidores n\u00e3o precisem pagar por embalagens alternativas \u00e0s sacolas n\u00e3o recicl\u00e1veis, cuja distribui\u00e7\u00e3o foi proibida nos estabelecimentos da capital baiana pela lei  anterior. <\/p>\n<p>Lei Municipal n\u00ba 9.699\/2023, de autoria do presidente da C\u00e2mara de Vereadores, Carlos Muniz (PSDB), proibia a distribui\u00e7\u00e3o e venda de sacolas pl\u00e1sticas n\u00e3o recicl\u00e1veis e determinava que os estabelecimentos fornecessem embalagens alternativas, como sacos de papel ou sacolas biodegrad\u00e1veis. Os comerciantes, no entanto, estavam vendendo as op\u00e7\u00f5es permitidas. A altera\u00e7\u00e3o pretende justamente proibir a venda para que o consumidor n\u00e3o fique no preju\u00edzo. Sacolas pl\u00e1sticas recicl\u00e1veis agora dever\u00e3o ser distribu\u00eddas gratuitamente. A medida se estende, inclusive, aos estabelecimentos atacadistas em rela\u00e7\u00e3o aos produtos comercializados no varejo. <\/p>\n<p>\u201cEsta era a altera\u00e7\u00e3o necess\u00e1ria para o povo de Salvador. Pois alguns comerciantes estavam almejando o lucro comercializando as sacolas recicl\u00e1veis. Felizmente para a popula\u00e7\u00e3o, elaboramos um projeto com a gratuidade no fornecimento de sacolas. Portanto, tr\u00eas tipos de sacolas (recicladas, biodegrad\u00e1veis ou de papel) poder\u00e3o ser utilizadas e os estabelecimentos escolher\u00e3o qual delas ser\u00e1 gratuita\u201d, explicou Muniz. Ainda de acordo com ele, a partir de julho, o Codecon j\u00e1 estar\u00e1 realizando essa fiscaliza\u00e7\u00e3o nos estabelecimentos.<\/p>\n<p>O texto segue para san\u00e7\u00e3o do prefeito Bruno Reis (Uni\u00e3o Brasil) e entrar\u00e1 em vigor 30 dias ap\u00f3s sua publica\u00e7\u00e3o.<\/p>\n<p>Foto: Fernando Fraz\u00e3o\/Ag\u00eancia Brasil<br \/>\nPor: Metro1<\/p>\n","protected":false},"excerpt":{"rendered":"<p>O texto segue para san\u00e7\u00e3o do prefeito Bruno Reis (Uni\u00e3o Brasil) e entrar\u00e1 em vigor 30 dias ap\u00f3s sua publica\u00e7\u00e3o<\/p>\n","protected":false},"author":4,"featured_media":14567,"comment_status":"open","ping_status":"open","sticky":false,"template":"","format":"standard","meta":{"colormag_page_container_layout":"default_layout","colormag_page_sidebar_layout":"default_layout","_FSMCFIC_featured_image_caption":"","_FSMCFIC_featured_image_nocaption":"","_FSMCFIC_featured_image_hide":"","footnotes":""},"categories":[5,1],"tags":[],"class_list":["post-14566","post","type-post","status-publish","format-standard","has-post-thumbnail","hentry","category-politica","category-ultimas"],"yoast_head":"<!-- This site is optimized with the Yoast SEO plugin v27.1.1 - https:\/\/yoast.com\/product\/yoast-seo-wordpress\/ -->\n<title>C\u00e2mara aprova projeto que estabelece gratuidade na distribui\u00e7\u00e3o de sacolas pl\u00e1sticas em Salvador - Brasil not\u00edcias<\/title>\n<meta name=\"robots\" content=\"index, follow, max-snippet:-1, max-image-preview:large, max-video-preview:-1\" \/>\n<link rel=\"canonical\" href=\"https:\/\/brasilnoticias.org\/site\/camara-aprova-projeto-que-estabelece-gratuidade-na-distribuicao-de-sacolas-plasticas-em-salvador\/\" \/>\n<meta property=\"og:locale\" content=\"pt_PT\" \/>\n<meta property=\"og:type\" content=\"article\" \/>\n<meta property=\"og:title\" content=\"C\u00e2mara aprova projeto que estabelece gratuidade na distribui\u00e7\u00e3o de sacolas pl\u00e1sticas em Salvador - Brasil not\u00edcias\" \/>\n<meta property=\"og:description\" content=\"O texto segue para san\u00e7\u00e3o do prefeito Bruno Reis (Uni\u00e3o Brasil) e entrar\u00e1 em vigor 30 dias ap\u00f3s sua publica\u00e7\u00e3o\" \/>\n<meta property=\"og:url\" content=\"https:\/\/brasilnoticias.org\/site\/camara-aprova-projeto-que-estabelece-gratuidade-na-distribuicao-de-sacolas-plasticas-em-salvador\/\" \/>\n<meta property=\"og:site_name\" content=\"Brasil not\u00edcias\" \/>\n<meta property=\"article:published_time\" content=\"2024-06-11T21:50:40+00:00\" \/>\n<meta property=\"og:image\" content=\"https:\/\/brasilnoticias.org\/site\/wp-content\/uploads\/2024\/06\/151405camara-aprova-projeto-que-estabelece-gratuidade-na-distribuicao-de-sacolas-plasticas-em-salvador-3.jpg\" \/>\n\t<meta property=\"og:image:width\" content=\"1600\" \/>\n\t<meta property=\"og:image:height\" content=\"752\" \/>\n\t<meta property=\"og:image:type\" content=\"image\/jpeg\" \/>\n<meta name=\"author\" content=\"Reda\u00e7\u00e3o\" \/>\n<meta name=\"twitter:card\" content=\"summary_large_image\" \/>\n<meta name=\"twitter:label1\" content=\"Escrito por\" \/>\n\t<meta name=\"twitter:data1\" content=\"Reda\u00e7\u00e3o\" \/>\n\t<meta name=\"twitter:label2\" content=\"Tempo estimado de leitura\" \/>\n\t<meta name=\"twitter:data2\" content=\"1 minuto\" \/>\n<script type=\"application\/ld+json\" class=\"yoast-schema-graph\">{\"@context\":\"https:\/\/schema.org\",\"@graph\":[{\"@type\":\"Article\",\"@id\":\"https:\/\/brasilnoticias.org\/site\/camara-aprova-projeto-que-estabelece-gratuidade-na-distribuicao-de-sacolas-plasticas-em-salvador\/#article\",\"isPartOf\":{\"@id\":\"https:\/\/brasilnoticias.org\/site\/camara-aprova-projeto-que-estabelece-gratuidade-na-distribuicao-de-sacolas-plasticas-em-salvador\/\"},\"author\":{\"name\":\"Reda\u00e7\u00e3o\",\"@id\":\"https:\/\/brasilnoticias.org\/site\/#\/schema\/person\/03bbbfe6c7634ad18c26444ea39049fa\"},\"headline\":\"C\u00e2mara aprova projeto que estabelece gratuidade na distribui\u00e7\u00e3o de sacolas pl\u00e1sticas em Salvador\",\"datePublished\":\"2024-06-11T21:50:40+00:00\",\"mainEntityOfPage\":{\"@id\":\"https:\/\/brasilnoticias.org\/site\/camara-aprova-projeto-que-estabelece-gratuidade-na-distribuicao-de-sacolas-plasticas-em-salvador\/\"},\"wordCount\":323,\"commentCount\":0,\"publisher\":{\"@id\":\"https:\/\/brasilnoticias.org\/site\/#organization\"},\"image\":{\"@id\":\"https:\/\/brasilnoticias.org\/site\/camara-aprova-projeto-que-estabelece-gratuidade-na-distribuicao-de-sacolas-plasticas-em-salvador\/#primaryimage\"},\"thumbnailUrl\":\"https:\/\/brasilnoticias.org\/site\/wp-content\/uploads\/2024\/06\/151405camara-aprova-projeto-que-estabelece-gratuidade-na-distribuicao-de-sacolas-plasticas-em-salvador-3.jpg\",\"articleSection\":[\"Pol\u00edtica\",\"\u00daltimas\"],\"inLanguage\":\"pt-PT\",\"potentialAction\":[{\"@type\":\"CommentAction\",\"name\":\"Comment\",\"target\":[\"https:\/\/brasilnoticias.org\/site\/camara-aprova-projeto-que-estabelece-gratuidade-na-distribuicao-de-sacolas-plasticas-em-salvador\/#respond\"]}]},{\"@type\":\"WebPage\",\"@id\":\"https:\/\/brasilnoticias.org\/site\/camara-aprova-projeto-que-estabelece-gratuidade-na-distribuicao-de-sacolas-plasticas-em-salvador\/\",\"url\":\"https:\/\/brasilnoticias.org\/site\/camara-aprova-projeto-que-estabelece-gratuidade-na-distribuicao-de-sacolas-plasticas-em-salvador\/\",\"name\":\"C\u00e2mara aprova projeto que estabelece gratuidade na distribui\u00e7\u00e3o de sacolas pl\u00e1sticas em Salvador - Brasil not\u00edcias\",\"isPartOf\":{\"@id\":\"https:\/\/brasilnoticias.org\/site\/#website\"},\"primaryImageOfPage\":{\"@id\":\"https:\/\/brasilnoticias.org\/site\/camara-aprova-projeto-que-estabelece-gratuidade-na-distribuicao-de-sacolas-plasticas-em-salvador\/#primaryimage\"},\"image\":{\"@id\":\"https:\/\/brasilnoticias.org\/site\/camara-aprova-projeto-que-estabelece-gratuidade-na-distribuicao-de-sacolas-plasticas-em-salvador\/#primaryimage\"},\"thumbnailUrl\":\"https:\/\/brasilnoticias.org\/site\/wp-content\/uploads\/2024\/06\/151405camara-aprova-projeto-que-estabelece-gratuidade-na-distribuicao-de-sacolas-plasticas-em-salvador-3.jpg\",\"datePublished\":\"2024-06-11T21:50:40+00:00\",\"breadcrumb\":{\"@id\":\"https:\/\/brasilnoticias.org\/site\/camara-aprova-projeto-que-estabelece-gratuidade-na-distribuicao-de-sacolas-plasticas-em-salvador\/#breadcrumb\"},\"inLanguage\":\"pt-PT\",\"potentialAction\":[{\"@type\":\"ReadAction\",\"target\":[\"https:\/\/brasilnoticias.org\/site\/camara-aprova-projeto-que-estabelece-gratuidade-na-distribuicao-de-sacolas-plasticas-em-salvador\/\"]}]},{\"@type\":\"ImageObject\",\"inLanguage\":\"pt-PT\",\"@id\":\"https:\/\/brasilnoticias.org\/site\/camara-aprova-projeto-que-estabelece-gratuidade-na-distribuicao-de-sacolas-plasticas-em-salvador\/#primaryimage\",\"url\":\"https:\/\/brasilnoticias.org\/site\/wp-content\/uploads\/2024\/06\/151405camara-aprova-projeto-que-estabelece-gratuidade-na-distribuicao-de-sacolas-plasticas-em-salvador-3.jpg\",\"contentUrl\":\"https:\/\/brasilnoticias.org\/site\/wp-content\/uploads\/2024\/06\/151405camara-aprova-projeto-que-estabelece-gratuidade-na-distribuicao-de-sacolas-plasticas-em-salvador-3.jpg\",\"width\":1600,\"height\":752},{\"@type\":\"BreadcrumbList\",\"@id\":\"https:\/\/brasilnoticias.org\/site\/camara-aprova-projeto-que-estabelece-gratuidade-na-distribuicao-de-sacolas-plasticas-em-salvador\/#breadcrumb\",\"itemListElement\":[{\"@type\":\"ListItem\",\"position\":1,\"name\":\"In\u00edcio\",\"item\":\"https:\/\/brasilnoticias.org\/site\/\"},{\"@type\":\"ListItem\",\"position\":2,\"name\":\"C\u00e2mara aprova projeto que estabelece gratuidade na distribui\u00e7\u00e3o de sacolas pl\u00e1sticas em Salvador\"}]},{\"@type\":\"WebSite\",\"@id\":\"https:\/\/brasilnoticias.org\/site\/#website\",\"url\":\"https:\/\/brasilnoticias.org\/site\/\",\"name\":\"Brasil not\u00edcias\",\"description\":\"Brasil not\u00edcias\",\"publisher\":{\"@id\":\"https:\/\/brasilnoticias.org\/site\/#organization\"},\"potentialAction\":[{\"@type\":\"SearchAction\",\"target\":{\"@type\":\"EntryPoint\",\"urlTemplate\":\"https:\/\/brasilnoticias.org\/site\/?s={search_term_string}\"},\"query-input\":{\"@type\":\"PropertyValueSpecification\",\"valueRequired\":true,\"valueName\":\"search_term_string\"}}],\"inLanguage\":\"pt-PT\"},{\"@type\":\"Organization\",\"@id\":\"https:\/\/brasilnoticias.org\/site\/#organization\",\"name\":\"Brasil not\u00edcias\",\"url\":\"https:\/\/brasilnoticias.org\/site\/\",\"logo\":{\"@type\":\"ImageObject\",\"inLanguage\":\"pt-PT\",\"@id\":\"https:\/\/brasilnoticias.org\/site\/#\/schema\/logo\/image\/\",\"url\":\"https:\/\/brasilnoticias.org\/site\/wp-content\/uploads\/2022\/05\/cropped-brasilnoticias-mini.jpg\",\"contentUrl\":\"https:\/\/brasilnoticias.org\/site\/wp-content\/uploads\/2022\/05\/cropped-brasilnoticias-mini.jpg\",\"width\":314,\"height\":86,\"caption\":\"Brasil not\u00edcias\"},\"image\":{\"@id\":\"https:\/\/brasilnoticias.org\/site\/#\/schema\/logo\/image\/\"}},{\"@type\":\"Person\",\"@id\":\"https:\/\/brasilnoticias.org\/site\/#\/schema\/person\/03bbbfe6c7634ad18c26444ea39049fa\",\"name\":\"Reda\u00e7\u00e3o\",\"image\":{\"@type\":\"ImageObject\",\"inLanguage\":\"pt-PT\",\"@id\":\"https:\/\/brasilnoticias.org\/site\/#\/schema\/person\/image\/\",\"url\":\"https:\/\/secure.gravatar.com\/avatar\/9ecaf7327a696cb23ad926fedded5f1f04d7049de9e445375d55b48c001a6e42?s=96&d=mm&r=g\",\"contentUrl\":\"https:\/\/secure.gravatar.com\/avatar\/9ecaf7327a696cb23ad926fedded5f1f04d7049de9e445375d55b48c001a6e42?s=96&d=mm&r=g\",\"caption\":\"Reda\u00e7\u00e3o\"},\"url\":\"https:\/\/brasilnoticias.org\/site\/author\/henrique\/\"}]}<\/script>\n<!-- \/ Yoast SEO plugin. -->","yoast_head_json":{"title":"C\u00e2mara aprova projeto que estabelece gratuidade na distribui\u00e7\u00e3o de sacolas pl\u00e1sticas em Salvador - Brasil not\u00edcias","robots":{"index":"index","follow":"follow","max-snippet":"max-snippet:-1","max-image-preview":"max-image-preview:large","max-video-preview":"max-video-preview:-1"},"canonical":"https:\/\/brasilnoticias.org\/site\/camara-aprova-projeto-que-estabelece-gratuidade-na-distribuicao-de-sacolas-plasticas-em-salvador\/","og_locale":"pt_PT","og_type":"article","og_title":"C\u00e2mara aprova projeto que estabelece gratuidade na distribui\u00e7\u00e3o de sacolas pl\u00e1sticas em Salvador - Brasil not\u00edcias","og_description":"O texto segue para san\u00e7\u00e3o do prefeito Bruno Reis (Uni\u00e3o Brasil) e entrar\u00e1 em vigor 30 dias ap\u00f3s sua publica\u00e7\u00e3o","og_url":"https:\/\/brasilnoticias.org\/site\/camara-aprova-projeto-que-estabelece-gratuidade-na-distribuicao-de-sacolas-plasticas-em-salvador\/","og_site_name":"Brasil not\u00edcias","article_published_time":"2024-06-11T21:50:40+00:00","og_image":[{"width":1600,"height":752,"url":"https:\/\/brasilnoticias.org\/site\/wp-content\/uploads\/2024\/06\/151405camara-aprova-projeto-que-estabelece-gratuidade-na-distribuicao-de-sacolas-plasticas-em-salvador-3.jpg","type":"image\/jpeg"}],"author":"Reda\u00e7\u00e3o","twitter_card":"summary_large_image","twitter_misc":{"Escrito por":"Reda\u00e7\u00e3o","Tempo estimado de leitura":"1 minuto"},"schema":{"@context":"https:\/\/schema.org","@graph":[{"@type":"Article","@id":"https:\/\/brasilnoticias.org\/site\/camara-aprova-projeto-que-estabelece-gratuidade-na-distribuicao-de-sacolas-plasticas-em-salvador\/#article","isPartOf":{"@id":"https:\/\/brasilnoticias.org\/site\/camara-aprova-projeto-que-estabelece-gratuidade-na-distribuicao-de-sacolas-plasticas-em-salvador\/"},"author":{"name":"Reda\u00e7\u00e3o","@id":"https:\/\/brasilnoticias.org\/site\/#\/schema\/person\/03bbbfe6c7634ad18c26444ea39049fa"},"headline":"C\u00e2mara aprova projeto que estabelece gratuidade na distribui\u00e7\u00e3o de sacolas pl\u00e1sticas em Salvador","datePublished":"2024-06-11T21:50:40+00:00","mainEntityOfPage":{"@id":"https:\/\/brasilnoticias.org\/site\/camara-aprova-projeto-que-estabelece-gratuidade-na-distribuicao-de-sacolas-plasticas-em-salvador\/"},"wordCount":323,"commentCount":0,"publisher":{"@id":"https:\/\/brasilnoticias.org\/site\/#organization"},"image":{"@id":"https:\/\/brasilnoticias.org\/site\/camara-aprova-projeto-que-estabelece-gratuidade-na-distribuicao-de-sacolas-plasticas-em-salvador\/#primaryimage"},"thumbnailUrl":"https:\/\/brasilnoticias.org\/site\/wp-content\/uploads\/2024\/06\/151405camara-aprova-projeto-que-estabelece-gratuidade-na-distribuicao-de-sacolas-plasticas-em-salvador-3.jpg","articleSection":["Pol\u00edtica","\u00daltimas"],"inLanguage":"pt-PT","potentialAction":[{"@type":"CommentAction","name":"Comment","target":["https:\/\/brasilnoticias.org\/site\/camara-aprova-projeto-que-estabelece-gratuidade-na-distribuicao-de-sacolas-plasticas-em-salvador\/#respond"]}]},{"@type":"WebPage","@id":"https:\/\/brasilnoticias.org\/site\/camara-aprova-projeto-que-estabelece-gratuidade-na-distribuicao-de-sacolas-plasticas-em-salvador\/","url":"https:\/\/brasilnoticias.org\/site\/camara-aprova-projeto-que-estabelece-gratuidade-na-distribuicao-de-sacolas-plasticas-em-salvador\/","name":"C\u00e2mara aprova projeto que estabelece gratuidade na distribui\u00e7\u00e3o de sacolas pl\u00e1sticas em Salvador - Brasil not\u00edcias","isPartOf":{"@id":"https:\/\/brasilnoticias.org\/site\/#website"},"primaryImageOfPage":{"@id":"https:\/\/brasilnoticias.org\/site\/camara-aprova-projeto-que-estabelece-gratuidade-na-distribuicao-de-sacolas-plasticas-em-salvador\/#primaryimage"},"image":{"@id":"https:\/\/brasilnoticias.org\/site\/camara-aprova-projeto-que-estabelece-gratuidade-na-distribuicao-de-sacolas-plasticas-em-salvador\/#primaryimage"},"thumbnailUrl":"https:\/\/brasilnoticias.org\/site\/wp-content\/uploads\/2024\/06\/151405camara-aprova-projeto-que-estabelece-gratuidade-na-distribuicao-de-sacolas-plasticas-em-salvador-3.jpg","datePublished":"2024-06-11T21:50:40+00:00","breadcrumb":{"@id":"https:\/\/brasilnoticias.org\/site\/camara-aprova-projeto-que-estabelece-gratuidade-na-distribuicao-de-sacolas-plasticas-em-salvador\/#breadcrumb"},"inLanguage":"pt-PT","potentialAction":[{"@type":"ReadAction","target":["https:\/\/brasilnoticias.org\/site\/camara-aprova-projeto-que-estabelece-gratuidade-na-distribuicao-de-sacolas-plasticas-em-salvador\/"]}]},{"@type":"ImageObject","inLanguage":"pt-PT","@id":"https:\/\/brasilnoticias.org\/site\/camara-aprova-projeto-que-estabelece-gratuidade-na-distribuicao-de-sacolas-plasticas-em-salvador\/#primaryimage","url":"https:\/\/brasilnoticias.org\/site\/wp-content\/uploads\/2024\/06\/151405camara-aprova-projeto-que-estabelece-gratuidade-na-distribuicao-de-sacolas-plasticas-em-salvador-3.jpg","contentUrl":"https:\/\/brasilnoticias.org\/site\/wp-content\/uploads\/2024\/06\/151405camara-aprova-projeto-que-estabelece-gratuidade-na-distribuicao-de-sacolas-plasticas-em-salvador-3.jpg","width":1600,"height":752},{"@type":"BreadcrumbList","@id":"https:\/\/brasilnoticias.org\/site\/camara-aprova-projeto-que-estabelece-gratuidade-na-distribuicao-de-sacolas-plasticas-em-salvador\/#breadcrumb","itemListElement":[{"@type":"ListItem","position":1,"name":"In\u00edcio","item":"https:\/\/brasilnoticias.org\/site\/"},{"@type":"ListItem","position":2,"name":"C\u00e2mara aprova projeto que estabelece gratuidade na distribui\u00e7\u00e3o de sacolas pl\u00e1sticas em Salvador"}]},{"@type":"WebSite","@id":"https:\/\/brasilnoticias.org\/site\/#website","url":"https:\/\/brasilnoticias.org\/site\/","name":"Brasil not\u00edcias","description":"Brasil not\u00edcias","publisher":{"@id":"https:\/\/brasilnoticias.org\/site\/#organization"},"potentialAction":[{"@type":"SearchAction","target":{"@type":"EntryPoint","urlTemplate":"https:\/\/brasilnoticias.org\/site\/?s={search_term_string}"},"query-input":{"@type":"PropertyValueSpecification","valueRequired":true,"valueName":"search_term_string"}}],"inLanguage":"pt-PT"},{"@type":"Organization","@id":"https:\/\/brasilnoticias.org\/site\/#organization","name":"Brasil not\u00edcias","url":"https:\/\/brasilnoticias.org\/site\/","logo":{"@type":"ImageObject","inLanguage":"pt-PT","@id":"https:\/\/brasilnoticias.org\/site\/#\/schema\/logo\/image\/","url":"https:\/\/brasilnoticias.org\/site\/wp-content\/uploads\/2022\/05\/cropped-brasilnoticias-mini.jpg","contentUrl":"https:\/\/brasilnoticias.org\/site\/wp-content\/uploads\/2022\/05\/cropped-brasilnoticias-mini.jpg","width":314,"height":86,"caption":"Brasil not\u00edcias"},"image":{"@id":"https:\/\/brasilnoticias.org\/site\/#\/schema\/logo\/image\/"}},{"@type":"Person","@id":"https:\/\/brasilnoticias.org\/site\/#\/schema\/person\/03bbbfe6c7634ad18c26444ea39049fa","name":"Reda\u00e7\u00e3o","image":{"@type":"ImageObject","inLanguage":"pt-PT","@id":"https:\/\/brasilnoticias.org\/site\/#\/schema\/person\/image\/","url":"https:\/\/secure.gravatar.com\/avatar\/9ecaf7327a696cb23ad926fedded5f1f04d7049de9e445375d55b48c001a6e42?s=96&d=mm&r=g","contentUrl":"https:\/\/secure.gravatar.com\/avatar\/9ecaf7327a696cb23ad926fedded5f1f04d7049de9e445375d55b48c001a6e42?s=96&d=mm&r=g","caption":"Reda\u00e7\u00e3o"},"url":"https:\/\/brasilnoticias.org\/site\/author\/henrique\/"}]}},"_links":{"self":[{"href":"https:\/\/brasilnoticias.org\/site\/wp-json\/wp\/v2\/posts\/14566","targetHints":{"allow":["GET"]}}],"collection":[{"href":"https:\/\/brasilnoticias.org\/site\/wp-json\/wp\/v2\/posts"}],"about":[{"href":"https:\/\/brasilnoticias.org\/site\/wp-json\/wp\/v2\/types\/post"}],"author":[{"embeddable":true,"href":"https:\/\/brasilnoticias.org\/site\/wp-json\/wp\/v2\/users\/4"}],"replies":[{"embeddable":true,"href":"https:\/\/brasilnoticias.org\/site\/wp-json\/wp\/v2\/comments?post=14566"}],"version-history":[{"count":1,"href":"https:\/\/brasilnoticias.org\/site\/wp-json\/wp\/v2\/posts\/14566\/revisions"}],"predecessor-version":[{"id":14568,"href":"https:\/\/brasilnoticias.org\/site\/wp-json\/wp\/v2\/posts\/14566\/revisions\/14568"}],"wp:featuredmedia":[{"embeddable":true,"href":"https:\/\/brasilnoticias.org\/site\/wp-json\/wp\/v2\/media\/14567"}],"wp:attachment":[{"href":"https:\/\/brasilnoticias.org\/site\/wp-json\/wp\/v2\/media?parent=14566"}],"wp:term":[{"taxonomy":"category","embeddable":true,"href":"https:\/\/brasilnoticias.org\/site\/wp-json\/wp\/v2\/categories?post=14566"},{"taxonomy":"post_tag","embeddable":true,"href":"https:\/\/brasilnoticias.org\/site\/wp-json\/wp\/v2\/tags?post=14566"}],"curies":[{"name":"wp","href":"https:\/\/api.w.org\/{rel}","templated":true}]}}