{"id":14575,"date":"2024-06-12T18:03:29","date_gmt":"2024-06-12T21:03:29","guid":{"rendered":"https:\/\/brasilnoticias.org\/site\/?p=14575"},"modified":"2024-06-12T18:03:29","modified_gmt":"2024-06-12T21:03:29","slug":"denuncia-contra-o-ex-prefeito-de-jaguarari-referente-ao-sao-joao-de-2017-ja-foi-julgada-improcedente-pelo-tcm-e-arquivada","status":"publish","type":"post","link":"https:\/\/brasilnoticias.org\/site\/denuncia-contra-o-ex-prefeito-de-jaguarari-referente-ao-sao-joao-de-2017-ja-foi-julgada-improcedente-pelo-tcm-e-arquivada\/","title":{"rendered":"Den\u00fancia contra o ex-prefeito de Jaguarari referente ao S\u00e3o Jo\u00e3o de 2017 j\u00e1 foi julgada improcedente pelo TCM e arquivada"},"content":{"rendered":"<p>A den\u00fancia em quest\u00e3o propagada pela imprensa regional refere-se aos gastos na realiza\u00e7\u00e3o do S\u00e3o Jo\u00e3o no ano de 2017. Denuncia essa j\u00e1 apreciada pelos conselheiros e por unanimidade, julgada e arquivada pelo Tribunal de Contas dos Munic\u00edpios. Abaixo trecho da decis\u00e3o do TCM:<\/p>\n<p>\u201c\u2026O que esta Relatoria quer apontar \u00e9 que, uma vez supridas e atendidas as a\u00e7\u00f5es necess\u00e1rias e priorit\u00e1rias no combate \u00e0 situa\u00e7\u00e3o de emerg\u00eancia observada, os gastos secund\u00e1rios com festividades, mesmo que em valores superiores aos do combate \u00e0 seca, n\u00e3o s\u00e3o ilegais, pois n\u00e3o existem ind\u00edcios de que os recursos despendidos n\u00e3o foram suficientes ao atendimento da problem\u00e1tica naquela ocasionalidade\u2026\u201d.<\/p>\n<p>O ex-prefeito de Jaguarari, Everton Carvalho Rocha (PSDB), recebeu com tranquilidade a decis\u00e3o monocr\u00e1tica do TJBA, que rejeitou o recurso contra um ac\u00f3rd\u00e3o da Primeira C\u00e2mara Criminal que votou a favor do recebimento da den\u00fancia. \u00c9 importante dizer que essa decis\u00e3o do TJBA n\u00e3o traz qualquer impedimento ao pol\u00edtico na disputa das elei\u00e7\u00f5es municipais deste ano. At\u00e9 porque, ainda est\u00e1 em processo da justi\u00e7a aceitar ou n\u00e3o a den\u00fancia.<\/p>\n<p>Em contato com o ex-prefeito Everton Rocha, o mesmo foi enf\u00e1tico ao falar sobre a den\u00fancia. \u201cEstou muito tranquilo, n\u00e3o houve nenhuma irregularidade na realiza\u00e7\u00e3o do S\u00e3o Jo\u00e3o de 2017, como ficou comprovado pelo TCM. Portanto, n\u00e3o h\u00e1 raz\u00e3o para a den\u00fancia prosseguir e o jur\u00eddico ir\u00e1 recorrer onde ser\u00e1 juntada a decis\u00e3o do Tribunal de Contas\u201d, afirmou Everton Rocha.<\/p>\n<p>Foto: Divulga\u00e7\u00e3o<br \/>\nMinuto Bahia<\/p>\n","protected":false},"excerpt":{"rendered":"<p>A den\u00fancia em quest\u00e3o propagada pela imprensa regional refere-se aos gastos na realiza\u00e7\u00e3o do S\u00e3o Jo\u00e3o no ano de 2017.<\/p>\n","protected":false},"author":4,"featured_media":14576,"comment_status":"open","ping_status":"open","sticky":false,"template":"","format":"standard","meta":{"colormag_page_container_layout":"default_layout","colormag_page_sidebar_layout":"default_layout","_FSMCFIC_featured_image_caption":"","_FSMCFIC_featured_image_nocaption":"","_FSMCFIC_featured_image_hide":"","footnotes":""},"categories":[5,1],"tags":[],"class_list":["post-14575","post","type-post","status-publish","format-standard","has-post-thumbnail","hentry","category-politica","category-ultimas"],"yoast_head":"<!-- This site is optimized with the Yoast SEO plugin v27.1.1 - https:\/\/yoast.com\/product\/yoast-seo-wordpress\/ -->\n<title>Den\u00fancia contra o ex-prefeito de Jaguarari referente ao S\u00e3o Jo\u00e3o de 2017 j\u00e1 foi julgada improcedente pelo TCM e arquivada - Brasil not\u00edcias<\/title>\n<meta name=\"robots\" content=\"index, follow, max-snippet:-1, max-image-preview:large, max-video-preview:-1\" \/>\n<link rel=\"canonical\" href=\"https:\/\/brasilnoticias.org\/site\/denuncia-contra-o-ex-prefeito-de-jaguarari-referente-ao-sao-joao-de-2017-ja-foi-julgada-improcedente-pelo-tcm-e-arquivada\/\" \/>\n<meta property=\"og:locale\" content=\"pt_PT\" \/>\n<meta property=\"og:type\" content=\"article\" \/>\n<meta property=\"og:title\" content=\"Den\u00fancia contra o ex-prefeito de Jaguarari referente ao S\u00e3o Jo\u00e3o de 2017 j\u00e1 foi julgada improcedente pelo TCM e arquivada - Brasil not\u00edcias\" \/>\n<meta property=\"og:description\" content=\"A den\u00fancia em quest\u00e3o propagada pela imprensa regional refere-se aos gastos na realiza\u00e7\u00e3o do S\u00e3o Jo\u00e3o no ano de 2017.\" \/>\n<meta property=\"og:url\" content=\"https:\/\/brasilnoticias.org\/site\/denuncia-contra-o-ex-prefeito-de-jaguarari-referente-ao-sao-joao-de-2017-ja-foi-julgada-improcedente-pelo-tcm-e-arquivada\/\" \/>\n<meta property=\"og:site_name\" content=\"Brasil not\u00edcias\" \/>\n<meta property=\"article:published_time\" content=\"2024-06-12T21:03:29+00:00\" \/>\n<meta property=\"og:image\" content=\"https:\/\/brasilnoticias.org\/site\/wp-content\/uploads\/2024\/06\/WhatsApp-Image-2024-06-12-at-16.07.14.webp\" \/>\n\t<meta property=\"og:image:width\" content=\"848\" \/>\n\t<meta property=\"og:image:height\" content=\"993\" \/>\n\t<meta property=\"og:image:type\" content=\"image\/webp\" \/>\n<meta name=\"author\" content=\"Reda\u00e7\u00e3o\" \/>\n<meta name=\"twitter:card\" content=\"summary_large_image\" \/>\n<meta name=\"twitter:label1\" content=\"Escrito por\" \/>\n\t<meta name=\"twitter:data1\" content=\"Reda\u00e7\u00e3o\" \/>\n\t<meta name=\"twitter:label2\" content=\"Tempo estimado de leitura\" \/>\n\t<meta name=\"twitter:data2\" content=\"1 minuto\" \/>\n<script type=\"application\/ld+json\" class=\"yoast-schema-graph\">{\"@context\":\"https:\/\/schema.org\",\"@graph\":[{\"@type\":\"Article\",\"@id\":\"https:\/\/brasilnoticias.org\/site\/denuncia-contra-o-ex-prefeito-de-jaguarari-referente-ao-sao-joao-de-2017-ja-foi-julgada-improcedente-pelo-tcm-e-arquivada\/#article\",\"isPartOf\":{\"@id\":\"https:\/\/brasilnoticias.org\/site\/denuncia-contra-o-ex-prefeito-de-jaguarari-referente-ao-sao-joao-de-2017-ja-foi-julgada-improcedente-pelo-tcm-e-arquivada\/\"},\"author\":{\"name\":\"Reda\u00e7\u00e3o\",\"@id\":\"https:\/\/brasilnoticias.org\/site\/#\/schema\/person\/03bbbfe6c7634ad18c26444ea39049fa\"},\"headline\":\"Den\u00fancia contra o ex-prefeito de Jaguarari referente ao S\u00e3o Jo\u00e3o de 2017 j\u00e1 foi julgada improcedente pelo TCM e arquivada\",\"datePublished\":\"2024-06-12T21:03:29+00:00\",\"mainEntityOfPage\":{\"@id\":\"https:\/\/brasilnoticias.org\/site\/denuncia-contra-o-ex-prefeito-de-jaguarari-referente-ao-sao-joao-de-2017-ja-foi-julgada-improcedente-pelo-tcm-e-arquivada\/\"},\"wordCount\":298,\"commentCount\":0,\"publisher\":{\"@id\":\"https:\/\/brasilnoticias.org\/site\/#organization\"},\"image\":{\"@id\":\"https:\/\/brasilnoticias.org\/site\/denuncia-contra-o-ex-prefeito-de-jaguarari-referente-ao-sao-joao-de-2017-ja-foi-julgada-improcedente-pelo-tcm-e-arquivada\/#primaryimage\"},\"thumbnailUrl\":\"https:\/\/brasilnoticias.org\/site\/wp-content\/uploads\/2024\/06\/WhatsApp-Image-2024-06-12-at-16.07.14.webp\",\"articleSection\":[\"Pol\u00edtica\",\"\u00daltimas\"],\"inLanguage\":\"pt-PT\",\"potentialAction\":[{\"@type\":\"CommentAction\",\"name\":\"Comment\",\"target\":[\"https:\/\/brasilnoticias.org\/site\/denuncia-contra-o-ex-prefeito-de-jaguarari-referente-ao-sao-joao-de-2017-ja-foi-julgada-improcedente-pelo-tcm-e-arquivada\/#respond\"]}]},{\"@type\":\"WebPage\",\"@id\":\"https:\/\/brasilnoticias.org\/site\/denuncia-contra-o-ex-prefeito-de-jaguarari-referente-ao-sao-joao-de-2017-ja-foi-julgada-improcedente-pelo-tcm-e-arquivada\/\",\"url\":\"https:\/\/brasilnoticias.org\/site\/denuncia-contra-o-ex-prefeito-de-jaguarari-referente-ao-sao-joao-de-2017-ja-foi-julgada-improcedente-pelo-tcm-e-arquivada\/\",\"name\":\"Den\u00fancia contra o ex-prefeito de Jaguarari referente ao S\u00e3o Jo\u00e3o de 2017 j\u00e1 foi julgada improcedente pelo TCM e arquivada - Brasil not\u00edcias\",\"isPartOf\":{\"@id\":\"https:\/\/brasilnoticias.org\/site\/#website\"},\"primaryImageOfPage\":{\"@id\":\"https:\/\/brasilnoticias.org\/site\/denuncia-contra-o-ex-prefeito-de-jaguarari-referente-ao-sao-joao-de-2017-ja-foi-julgada-improcedente-pelo-tcm-e-arquivada\/#primaryimage\"},\"image\":{\"@id\":\"https:\/\/brasilnoticias.org\/site\/denuncia-contra-o-ex-prefeito-de-jaguarari-referente-ao-sao-joao-de-2017-ja-foi-julgada-improcedente-pelo-tcm-e-arquivada\/#primaryimage\"},\"thumbnailUrl\":\"https:\/\/brasilnoticias.org\/site\/wp-content\/uploads\/2024\/06\/WhatsApp-Image-2024-06-12-at-16.07.14.webp\",\"datePublished\":\"2024-06-12T21:03:29+00:00\",\"breadcrumb\":{\"@id\":\"https:\/\/brasilnoticias.org\/site\/denuncia-contra-o-ex-prefeito-de-jaguarari-referente-ao-sao-joao-de-2017-ja-foi-julgada-improcedente-pelo-tcm-e-arquivada\/#breadcrumb\"},\"inLanguage\":\"pt-PT\",\"potentialAction\":[{\"@type\":\"ReadAction\",\"target\":[\"https:\/\/brasilnoticias.org\/site\/denuncia-contra-o-ex-prefeito-de-jaguarari-referente-ao-sao-joao-de-2017-ja-foi-julgada-improcedente-pelo-tcm-e-arquivada\/\"]}]},{\"@type\":\"ImageObject\",\"inLanguage\":\"pt-PT\",\"@id\":\"https:\/\/brasilnoticias.org\/site\/denuncia-contra-o-ex-prefeito-de-jaguarari-referente-ao-sao-joao-de-2017-ja-foi-julgada-improcedente-pelo-tcm-e-arquivada\/#primaryimage\",\"url\":\"https:\/\/brasilnoticias.org\/site\/wp-content\/uploads\/2024\/06\/WhatsApp-Image-2024-06-12-at-16.07.14.webp\",\"contentUrl\":\"https:\/\/brasilnoticias.org\/site\/wp-content\/uploads\/2024\/06\/WhatsApp-Image-2024-06-12-at-16.07.14.webp\",\"width\":848,\"height\":993},{\"@type\":\"BreadcrumbList\",\"@id\":\"https:\/\/brasilnoticias.org\/site\/denuncia-contra-o-ex-prefeito-de-jaguarari-referente-ao-sao-joao-de-2017-ja-foi-julgada-improcedente-pelo-tcm-e-arquivada\/#breadcrumb\",\"itemListElement\":[{\"@type\":\"ListItem\",\"position\":1,\"name\":\"In\u00edcio\",\"item\":\"https:\/\/brasilnoticias.org\/site\/\"},{\"@type\":\"ListItem\",\"position\":2,\"name\":\"Den\u00fancia contra o ex-prefeito de Jaguarari referente ao S\u00e3o Jo\u00e3o de 2017 j\u00e1 foi julgada improcedente pelo TCM e arquivada\"}]},{\"@type\":\"WebSite\",\"@id\":\"https:\/\/brasilnoticias.org\/site\/#website\",\"url\":\"https:\/\/brasilnoticias.org\/site\/\",\"name\":\"Brasil not\u00edcias\",\"description\":\"Brasil not\u00edcias\",\"publisher\":{\"@id\":\"https:\/\/brasilnoticias.org\/site\/#organization\"},\"potentialAction\":[{\"@type\":\"SearchAction\",\"target\":{\"@type\":\"EntryPoint\",\"urlTemplate\":\"https:\/\/brasilnoticias.org\/site\/?s={search_term_string}\"},\"query-input\":{\"@type\":\"PropertyValueSpecification\",\"valueRequired\":true,\"valueName\":\"search_term_string\"}}],\"inLanguage\":\"pt-PT\"},{\"@type\":\"Organization\",\"@id\":\"https:\/\/brasilnoticias.org\/site\/#organization\",\"name\":\"Brasil not\u00edcias\",\"url\":\"https:\/\/brasilnoticias.org\/site\/\",\"logo\":{\"@type\":\"ImageObject\",\"inLanguage\":\"pt-PT\",\"@id\":\"https:\/\/brasilnoticias.org\/site\/#\/schema\/logo\/image\/\",\"url\":\"https:\/\/brasilnoticias.org\/site\/wp-content\/uploads\/2022\/05\/cropped-brasilnoticias-mini.jpg\",\"contentUrl\":\"https:\/\/brasilnoticias.org\/site\/wp-content\/uploads\/2022\/05\/cropped-brasilnoticias-mini.jpg\",\"width\":314,\"height\":86,\"caption\":\"Brasil not\u00edcias\"},\"image\":{\"@id\":\"https:\/\/brasilnoticias.org\/site\/#\/schema\/logo\/image\/\"}},{\"@type\":\"Person\",\"@id\":\"https:\/\/brasilnoticias.org\/site\/#\/schema\/person\/03bbbfe6c7634ad18c26444ea39049fa\",\"name\":\"Reda\u00e7\u00e3o\",\"image\":{\"@type\":\"ImageObject\",\"inLanguage\":\"pt-PT\",\"@id\":\"https:\/\/brasilnoticias.org\/site\/#\/schema\/person\/image\/\",\"url\":\"https:\/\/secure.gravatar.com\/avatar\/9ecaf7327a696cb23ad926fedded5f1f04d7049de9e445375d55b48c001a6e42?s=96&d=mm&r=g\",\"contentUrl\":\"https:\/\/secure.gravatar.com\/avatar\/9ecaf7327a696cb23ad926fedded5f1f04d7049de9e445375d55b48c001a6e42?s=96&d=mm&r=g\",\"caption\":\"Reda\u00e7\u00e3o\"},\"url\":\"https:\/\/brasilnoticias.org\/site\/author\/henrique\/\"}]}<\/script>\n<!-- \/ Yoast SEO plugin. -->","yoast_head_json":{"title":"Den\u00fancia contra o ex-prefeito de Jaguarari referente ao S\u00e3o Jo\u00e3o de 2017 j\u00e1 foi julgada improcedente pelo TCM e arquivada - Brasil not\u00edcias","robots":{"index":"index","follow":"follow","max-snippet":"max-snippet:-1","max-image-preview":"max-image-preview:large","max-video-preview":"max-video-preview:-1"},"canonical":"https:\/\/brasilnoticias.org\/site\/denuncia-contra-o-ex-prefeito-de-jaguarari-referente-ao-sao-joao-de-2017-ja-foi-julgada-improcedente-pelo-tcm-e-arquivada\/","og_locale":"pt_PT","og_type":"article","og_title":"Den\u00fancia contra o ex-prefeito de Jaguarari referente ao S\u00e3o Jo\u00e3o de 2017 j\u00e1 foi julgada improcedente pelo TCM e arquivada - Brasil not\u00edcias","og_description":"A den\u00fancia em quest\u00e3o propagada pela imprensa regional refere-se aos gastos na realiza\u00e7\u00e3o do S\u00e3o Jo\u00e3o no ano de 2017.","og_url":"https:\/\/brasilnoticias.org\/site\/denuncia-contra-o-ex-prefeito-de-jaguarari-referente-ao-sao-joao-de-2017-ja-foi-julgada-improcedente-pelo-tcm-e-arquivada\/","og_site_name":"Brasil not\u00edcias","article_published_time":"2024-06-12T21:03:29+00:00","og_image":[{"width":848,"height":993,"url":"https:\/\/brasilnoticias.org\/site\/wp-content\/uploads\/2024\/06\/WhatsApp-Image-2024-06-12-at-16.07.14.webp","type":"image\/webp"}],"author":"Reda\u00e7\u00e3o","twitter_card":"summary_large_image","twitter_misc":{"Escrito por":"Reda\u00e7\u00e3o","Tempo estimado de leitura":"1 minuto"},"schema":{"@context":"https:\/\/schema.org","@graph":[{"@type":"Article","@id":"https:\/\/brasilnoticias.org\/site\/denuncia-contra-o-ex-prefeito-de-jaguarari-referente-ao-sao-joao-de-2017-ja-foi-julgada-improcedente-pelo-tcm-e-arquivada\/#article","isPartOf":{"@id":"https:\/\/brasilnoticias.org\/site\/denuncia-contra-o-ex-prefeito-de-jaguarari-referente-ao-sao-joao-de-2017-ja-foi-julgada-improcedente-pelo-tcm-e-arquivada\/"},"author":{"name":"Reda\u00e7\u00e3o","@id":"https:\/\/brasilnoticias.org\/site\/#\/schema\/person\/03bbbfe6c7634ad18c26444ea39049fa"},"headline":"Den\u00fancia contra o ex-prefeito de Jaguarari referente ao S\u00e3o Jo\u00e3o de 2017 j\u00e1 foi julgada improcedente pelo TCM e arquivada","datePublished":"2024-06-12T21:03:29+00:00","mainEntityOfPage":{"@id":"https:\/\/brasilnoticias.org\/site\/denuncia-contra-o-ex-prefeito-de-jaguarari-referente-ao-sao-joao-de-2017-ja-foi-julgada-improcedente-pelo-tcm-e-arquivada\/"},"wordCount":298,"commentCount":0,"publisher":{"@id":"https:\/\/brasilnoticias.org\/site\/#organization"},"image":{"@id":"https:\/\/brasilnoticias.org\/site\/denuncia-contra-o-ex-prefeito-de-jaguarari-referente-ao-sao-joao-de-2017-ja-foi-julgada-improcedente-pelo-tcm-e-arquivada\/#primaryimage"},"thumbnailUrl":"https:\/\/brasilnoticias.org\/site\/wp-content\/uploads\/2024\/06\/WhatsApp-Image-2024-06-12-at-16.07.14.webp","articleSection":["Pol\u00edtica","\u00daltimas"],"inLanguage":"pt-PT","potentialAction":[{"@type":"CommentAction","name":"Comment","target":["https:\/\/brasilnoticias.org\/site\/denuncia-contra-o-ex-prefeito-de-jaguarari-referente-ao-sao-joao-de-2017-ja-foi-julgada-improcedente-pelo-tcm-e-arquivada\/#respond"]}]},{"@type":"WebPage","@id":"https:\/\/brasilnoticias.org\/site\/denuncia-contra-o-ex-prefeito-de-jaguarari-referente-ao-sao-joao-de-2017-ja-foi-julgada-improcedente-pelo-tcm-e-arquivada\/","url":"https:\/\/brasilnoticias.org\/site\/denuncia-contra-o-ex-prefeito-de-jaguarari-referente-ao-sao-joao-de-2017-ja-foi-julgada-improcedente-pelo-tcm-e-arquivada\/","name":"Den\u00fancia contra o ex-prefeito de Jaguarari referente ao S\u00e3o Jo\u00e3o de 2017 j\u00e1 foi julgada improcedente pelo TCM e arquivada - Brasil not\u00edcias","isPartOf":{"@id":"https:\/\/brasilnoticias.org\/site\/#website"},"primaryImageOfPage":{"@id":"https:\/\/brasilnoticias.org\/site\/denuncia-contra-o-ex-prefeito-de-jaguarari-referente-ao-sao-joao-de-2017-ja-foi-julgada-improcedente-pelo-tcm-e-arquivada\/#primaryimage"},"image":{"@id":"https:\/\/brasilnoticias.org\/site\/denuncia-contra-o-ex-prefeito-de-jaguarari-referente-ao-sao-joao-de-2017-ja-foi-julgada-improcedente-pelo-tcm-e-arquivada\/#primaryimage"},"thumbnailUrl":"https:\/\/brasilnoticias.org\/site\/wp-content\/uploads\/2024\/06\/WhatsApp-Image-2024-06-12-at-16.07.14.webp","datePublished":"2024-06-12T21:03:29+00:00","breadcrumb":{"@id":"https:\/\/brasilnoticias.org\/site\/denuncia-contra-o-ex-prefeito-de-jaguarari-referente-ao-sao-joao-de-2017-ja-foi-julgada-improcedente-pelo-tcm-e-arquivada\/#breadcrumb"},"inLanguage":"pt-PT","potentialAction":[{"@type":"ReadAction","target":["https:\/\/brasilnoticias.org\/site\/denuncia-contra-o-ex-prefeito-de-jaguarari-referente-ao-sao-joao-de-2017-ja-foi-julgada-improcedente-pelo-tcm-e-arquivada\/"]}]},{"@type":"ImageObject","inLanguage":"pt-PT","@id":"https:\/\/brasilnoticias.org\/site\/denuncia-contra-o-ex-prefeito-de-jaguarari-referente-ao-sao-joao-de-2017-ja-foi-julgada-improcedente-pelo-tcm-e-arquivada\/#primaryimage","url":"https:\/\/brasilnoticias.org\/site\/wp-content\/uploads\/2024\/06\/WhatsApp-Image-2024-06-12-at-16.07.14.webp","contentUrl":"https:\/\/brasilnoticias.org\/site\/wp-content\/uploads\/2024\/06\/WhatsApp-Image-2024-06-12-at-16.07.14.webp","width":848,"height":993},{"@type":"BreadcrumbList","@id":"https:\/\/brasilnoticias.org\/site\/denuncia-contra-o-ex-prefeito-de-jaguarari-referente-ao-sao-joao-de-2017-ja-foi-julgada-improcedente-pelo-tcm-e-arquivada\/#breadcrumb","itemListElement":[{"@type":"ListItem","position":1,"name":"In\u00edcio","item":"https:\/\/brasilnoticias.org\/site\/"},{"@type":"ListItem","position":2,"name":"Den\u00fancia contra o ex-prefeito de Jaguarari referente ao S\u00e3o Jo\u00e3o de 2017 j\u00e1 foi julgada improcedente pelo TCM e arquivada"}]},{"@type":"WebSite","@id":"https:\/\/brasilnoticias.org\/site\/#website","url":"https:\/\/brasilnoticias.org\/site\/","name":"Brasil not\u00edcias","description":"Brasil not\u00edcias","publisher":{"@id":"https:\/\/brasilnoticias.org\/site\/#organization"},"potentialAction":[{"@type":"SearchAction","target":{"@type":"EntryPoint","urlTemplate":"https:\/\/brasilnoticias.org\/site\/?s={search_term_string}"},"query-input":{"@type":"PropertyValueSpecification","valueRequired":true,"valueName":"search_term_string"}}],"inLanguage":"pt-PT"},{"@type":"Organization","@id":"https:\/\/brasilnoticias.org\/site\/#organization","name":"Brasil not\u00edcias","url":"https:\/\/brasilnoticias.org\/site\/","logo":{"@type":"ImageObject","inLanguage":"pt-PT","@id":"https:\/\/brasilnoticias.org\/site\/#\/schema\/logo\/image\/","url":"https:\/\/brasilnoticias.org\/site\/wp-content\/uploads\/2022\/05\/cropped-brasilnoticias-mini.jpg","contentUrl":"https:\/\/brasilnoticias.org\/site\/wp-content\/uploads\/2022\/05\/cropped-brasilnoticias-mini.jpg","width":314,"height":86,"caption":"Brasil not\u00edcias"},"image":{"@id":"https:\/\/brasilnoticias.org\/site\/#\/schema\/logo\/image\/"}},{"@type":"Person","@id":"https:\/\/brasilnoticias.org\/site\/#\/schema\/person\/03bbbfe6c7634ad18c26444ea39049fa","name":"Reda\u00e7\u00e3o","image":{"@type":"ImageObject","inLanguage":"pt-PT","@id":"https:\/\/brasilnoticias.org\/site\/#\/schema\/person\/image\/","url":"https:\/\/secure.gravatar.com\/avatar\/9ecaf7327a696cb23ad926fedded5f1f04d7049de9e445375d55b48c001a6e42?s=96&d=mm&r=g","contentUrl":"https:\/\/secure.gravatar.com\/avatar\/9ecaf7327a696cb23ad926fedded5f1f04d7049de9e445375d55b48c001a6e42?s=96&d=mm&r=g","caption":"Reda\u00e7\u00e3o"},"url":"https:\/\/brasilnoticias.org\/site\/author\/henrique\/"}]}},"_links":{"self":[{"href":"https:\/\/brasilnoticias.org\/site\/wp-json\/wp\/v2\/posts\/14575","targetHints":{"allow":["GET"]}}],"collection":[{"href":"https:\/\/brasilnoticias.org\/site\/wp-json\/wp\/v2\/posts"}],"about":[{"href":"https:\/\/brasilnoticias.org\/site\/wp-json\/wp\/v2\/types\/post"}],"author":[{"embeddable":true,"href":"https:\/\/brasilnoticias.org\/site\/wp-json\/wp\/v2\/users\/4"}],"replies":[{"embeddable":true,"href":"https:\/\/brasilnoticias.org\/site\/wp-json\/wp\/v2\/comments?post=14575"}],"version-history":[{"count":1,"href":"https:\/\/brasilnoticias.org\/site\/wp-json\/wp\/v2\/posts\/14575\/revisions"}],"predecessor-version":[{"id":14577,"href":"https:\/\/brasilnoticias.org\/site\/wp-json\/wp\/v2\/posts\/14575\/revisions\/14577"}],"wp:featuredmedia":[{"embeddable":true,"href":"https:\/\/brasilnoticias.org\/site\/wp-json\/wp\/v2\/media\/14576"}],"wp:attachment":[{"href":"https:\/\/brasilnoticias.org\/site\/wp-json\/wp\/v2\/media?parent=14575"}],"wp:term":[{"taxonomy":"category","embeddable":true,"href":"https:\/\/brasilnoticias.org\/site\/wp-json\/wp\/v2\/categories?post=14575"},{"taxonomy":"post_tag","embeddable":true,"href":"https:\/\/brasilnoticias.org\/site\/wp-json\/wp\/v2\/tags?post=14575"}],"curies":[{"name":"wp","href":"https:\/\/api.w.org\/{rel}","templated":true}]}}