{"id":1460,"date":"2022-09-13T10:21:05","date_gmt":"2022-09-13T13:21:05","guid":{"rendered":"https:\/\/brasilnoticias.org\/site\/?p=1460"},"modified":"2022-09-13T10:21:05","modified_gmt":"2022-09-13T13:21:05","slug":"governo-federal-nega-pedido-de-anistia-para-amante-de-ex-presi","status":"publish","type":"post","link":"https:\/\/brasilnoticias.org\/site\/governo-federal-nega-pedido-de-anistia-para-amante-de-ex-presi\/","title":{"rendered":"Governo Federal nega pedido de anistia para amante de ex-presi"},"content":{"rendered":"<p>A amante do general Jo\u00e3o Figueiredo, \u00faltimo militar a presidir o pa\u00eds durante a\u00a0<a href=\"https:\/\/www.bnews.com.br\/tags\/ditadura\" target=\"_blank\" rel=\"noopener\">ditadura<\/a>, teve negado seu pedido de repara\u00e7\u00e3o pelo Minist\u00e9rio da Mulher, da Fam\u00edlia e dos Direitos Humanos. Edine Souza Correia, de 66 anos, aguardava uma resposta da\u00a0<a href=\"https:\/\/www.bnews.com.br\/tags\/anistia\" target=\"_blank\" rel=\"noopener\">Comiss\u00e3o de Anistia<\/a>\u00a0h\u00e1 20 anos. As informa\u00e7\u00f5es s\u00e3o de O Globo. Al\u00e9m de afirmar ser amante do ex-presidente, ela tamb\u00e9m alega ser m\u00e3e de um filho do militar. A mulher alega ter sido perseguida politicamente ap\u00f3s o t\u00e9rmino de um relacionamento extraconjugal com o ex-presidente, que era casado, entre os anos 1970 e 1980.<\/p>\n<p>\u201cA gente se amou muito, por isso que eu at\u00e9 me emociono\u201d, diz. Em entrevista ao jornal, ela se recorda que costumava cavalgar com Figueiredo, que ficou famoso por seu gosto por cavalos. Era Mita\u00ed, um dos cavalos do general, o seu preferido \u2013 ela tem uma foto montada sobre ele no seu perfil do WhatsApp. De acordo com Edine, durante idas e vindas no relacionamento com Figueiredo, de quem se afastou depois que ele assumiu a Presid\u00eancia, em 1979, ela teve mais dois filhos com homens diferentes, o que teria causado a ira do general-presidente.<\/p>\n<p>Ao jornal, o Minist\u00e9rio informou que a demora no processo de\u00a0<a href=\"https:\/\/www.bnews.com.br\/tags\/anistia\" target=\"_blank\" rel=\"noopener\">anistia<\/a>\u00a0de Edine se deu porque o caso foi &#8220;erroneamente arquivado sem a devida aprecia\u00e7\u00e3o de recurso apresentado pela requerente&#8221; depois que o pedido foi indeferido pela primeira vez, em 2004. \u201cEu tenho todas as provas de que fui perseguida, de que fui injusti\u00e7ada, mandada embora, sem justa causa. Com tr\u00eas filhos pequenos para criar, fui despejada do apartamento funcional em que morava. Fiquei na rua da amargura, igual mendigo na rua com filhos pequenos\u201d, diz Edine, que hoje vive numa casa modesta na periferia de Bras\u00edlia.<\/p>\n<p>Ao jornal, o Minist\u00e9rio informou que a demora no processo de\u00a0<a href=\"https:\/\/www.bnews.com.br\/tags\/anistia\" target=\"_blank\" rel=\"noopener\">anistia<\/a>\u00a0de Edine se deu porque o caso foi &#8220;erroneamente arquivado sem a devida aprecia\u00e7\u00e3o de recurso apresentado pela requerente&#8221; depois que o pedido foi indeferido pela primeira vez, em 2004. \u201cEu tenho todas as provas de que fui perseguida, de que fui injusti\u00e7ada, mandada embora, sem justa causa. Com tr\u00eas filhos pequenos para criar, fui despejada do apartamento funcional em que morava. Fiquei na rua da amargura, igual mendigo na rua com filhos pequenos\u201d, diz Edine, que hoje vive numa casa modesta na periferia de Bras\u00edlia.<\/p>\n<p>Ela diz que gostaria de receber uma repara\u00e7\u00e3o que compensasse esses anos todos que ficou desempregada, sofrendo torturas psicol\u00f3gicas. \u201cN\u00e3o sei quanto pagariam, n\u00e3o tenho ideia, mas que seja uma coisa justa\u201d, diz. E, acrescenta: \u201cFalta de provas n\u00e3o \u00e9. Tenho provas at\u00e9 demais, muitos documentos foram arrolados na contesta\u00e7\u00e3o que o meu advogado apresentou na Comiss\u00e3o de Anistia\u201d.<\/p>\n<p>A reportagem detalha ainda que Edine passou os \u00faltimos anos pressionando o \u00f3rg\u00e3o por meio de e-mails e telefonemas, para que seu caso fosse analisado. Em 2004, segundo o minist\u00e9rio, o pedido de repara\u00e7\u00e3o foi indeferido e arquivado. Reaberto em maio de 2019 a partir de um recurso, foi arquivado no fim de agosto. Na \u00faltima ter\u00e7a-feira, uma carta do minist\u00e9rio chegou \u00e0 Edine dizendo que n\u00e3o havia mais possibilidade de recurso e que o processo seria arquivado.<\/p>\n<p>Baseada em documentos antigos e cartas supostamente escritas por Figueiredo que guarda at\u00e9 hoje, ela repete a mesma vers\u00e3o desde os anos 1980, quando ganhou as p\u00e1ginas de jornais e revistas ao processar o ex-presidente por n\u00e3o reconhecer o filho que, segundo ela, tiveram juntos, hoje com mais de 40 anos. Morto em 1999, Figueiredo nunca admitiu o relacionamento, negou fazer exame de DNA e entrou com uma queixa-crime contra Edine nos anos 1980, por cal\u00fania \u2014 segundo ela, o caso foi arquivado pois Figueiredo n\u00e3o queria ser obrigado a fazer exame de paternidade.<\/p>\n<p>&nbsp;<\/p>\n<p>&nbsp;<\/p>\n<p>&nbsp;<\/p>\n<p>&nbsp;<\/p>\n<p>Bnews<\/p>\n","protected":false},"excerpt":{"rendered":"<p>A amante do general Jo\u00e3o Figueiredo, \u00faltimo militar a presidir o pa\u00eds durante a\u00a0ditadura, teve negado seu pedido de repara\u00e7\u00e3o<\/p>\n","protected":false},"author":2,"featured_media":1461,"comment_status":"open","ping_status":"open","sticky":false,"template":"","format":"standard","meta":{"colormag_page_container_layout":"default_layout","colormag_page_sidebar_layout":"default_layout","_FSMCFIC_featured_image_caption":"","_FSMCFIC_featured_image_nocaption":"","_FSMCFIC_featured_image_hide":"","footnotes":""},"categories":[7],"tags":[],"class_list":["post-1460","post","type-post","status-publish","format-standard","has-post-thumbnail","hentry","category-justica"],"yoast_head":"<!-- This site is optimized with the Yoast SEO plugin v27.1.1 - https:\/\/yoast.com\/product\/yoast-seo-wordpress\/ -->\n<title>Governo Federal nega pedido de anistia para amante de ex-presi - Brasil not\u00edcias<\/title>\n<meta name=\"robots\" content=\"index, follow, max-snippet:-1, max-image-preview:large, max-video-preview:-1\" \/>\n<link rel=\"canonical\" href=\"https:\/\/brasilnoticias.org\/site\/governo-federal-nega-pedido-de-anistia-para-amante-de-ex-presi\/\" \/>\n<meta property=\"og:locale\" content=\"pt_PT\" \/>\n<meta property=\"og:type\" content=\"article\" \/>\n<meta property=\"og:title\" content=\"Governo Federal nega pedido de anistia para amante de ex-presi - Brasil not\u00edcias\" \/>\n<meta property=\"og:description\" content=\"A amante do general Jo\u00e3o Figueiredo, \u00faltimo militar a presidir o pa\u00eds durante a\u00a0ditadura, teve negado seu pedido de repara\u00e7\u00e3o\" \/>\n<meta property=\"og:url\" content=\"https:\/\/brasilnoticias.org\/site\/governo-federal-nega-pedido-de-anistia-para-amante-de-ex-presi\/\" \/>\n<meta property=\"og:site_name\" content=\"Brasil not\u00edcias\" \/>\n<meta property=\"article:published_time\" content=\"2022-09-13T13:21:05+00:00\" \/>\n<meta property=\"og:image\" content=\"https:\/\/brasilnoticias.org\/site\/wp-content\/uploads\/2022\/09\/joao_batista_figueiredo_widelg.jpg\" \/>\n\t<meta property=\"og:image:width\" content=\"800\" \/>\n\t<meta property=\"og:image:height\" content=\"450\" \/>\n\t<meta property=\"og:image:type\" content=\"image\/jpeg\" \/>\n<meta name=\"author\" content=\"Reda\u00e7\u00e3o\" \/>\n<meta name=\"twitter:card\" content=\"summary_large_image\" \/>\n<meta name=\"twitter:label1\" content=\"Escrito por\" \/>\n\t<meta name=\"twitter:data1\" content=\"Reda\u00e7\u00e3o\" \/>\n\t<meta name=\"twitter:label2\" content=\"Tempo estimado de leitura\" \/>\n\t<meta name=\"twitter:data2\" content=\"3 minutos\" \/>\n<script type=\"application\/ld+json\" class=\"yoast-schema-graph\">{\"@context\":\"https:\/\/schema.org\",\"@graph\":[{\"@type\":\"Article\",\"@id\":\"https:\/\/brasilnoticias.org\/site\/governo-federal-nega-pedido-de-anistia-para-amante-de-ex-presi\/#article\",\"isPartOf\":{\"@id\":\"https:\/\/brasilnoticias.org\/site\/governo-federal-nega-pedido-de-anistia-para-amante-de-ex-presi\/\"},\"author\":{\"name\":\"Reda\u00e7\u00e3o\",\"@id\":\"https:\/\/brasilnoticias.org\/site\/#\/schema\/person\/f609fa847b5314f1c8b983342f34c798\"},\"headline\":\"Governo Federal nega pedido de anistia para amante de ex-presi\",\"datePublished\":\"2022-09-13T13:21:05+00:00\",\"mainEntityOfPage\":{\"@id\":\"https:\/\/brasilnoticias.org\/site\/governo-federal-nega-pedido-de-anistia-para-amante-de-ex-presi\/\"},\"wordCount\":659,\"commentCount\":0,\"publisher\":{\"@id\":\"https:\/\/brasilnoticias.org\/site\/#organization\"},\"image\":{\"@id\":\"https:\/\/brasilnoticias.org\/site\/governo-federal-nega-pedido-de-anistia-para-amante-de-ex-presi\/#primaryimage\"},\"thumbnailUrl\":\"https:\/\/brasilnoticias.org\/site\/wp-content\/uploads\/2022\/09\/joao_batista_figueiredo_widelg.jpg\",\"articleSection\":[\"Justi\u00e7a\"],\"inLanguage\":\"pt-PT\",\"potentialAction\":[{\"@type\":\"CommentAction\",\"name\":\"Comment\",\"target\":[\"https:\/\/brasilnoticias.org\/site\/governo-federal-nega-pedido-de-anistia-para-amante-de-ex-presi\/#respond\"]}]},{\"@type\":\"WebPage\",\"@id\":\"https:\/\/brasilnoticias.org\/site\/governo-federal-nega-pedido-de-anistia-para-amante-de-ex-presi\/\",\"url\":\"https:\/\/brasilnoticias.org\/site\/governo-federal-nega-pedido-de-anistia-para-amante-de-ex-presi\/\",\"name\":\"Governo Federal nega pedido de anistia para amante de ex-presi - Brasil not\u00edcias\",\"isPartOf\":{\"@id\":\"https:\/\/brasilnoticias.org\/site\/#website\"},\"primaryImageOfPage\":{\"@id\":\"https:\/\/brasilnoticias.org\/site\/governo-federal-nega-pedido-de-anistia-para-amante-de-ex-presi\/#primaryimage\"},\"image\":{\"@id\":\"https:\/\/brasilnoticias.org\/site\/governo-federal-nega-pedido-de-anistia-para-amante-de-ex-presi\/#primaryimage\"},\"thumbnailUrl\":\"https:\/\/brasilnoticias.org\/site\/wp-content\/uploads\/2022\/09\/joao_batista_figueiredo_widelg.jpg\",\"datePublished\":\"2022-09-13T13:21:05+00:00\",\"breadcrumb\":{\"@id\":\"https:\/\/brasilnoticias.org\/site\/governo-federal-nega-pedido-de-anistia-para-amante-de-ex-presi\/#breadcrumb\"},\"inLanguage\":\"pt-PT\",\"potentialAction\":[{\"@type\":\"ReadAction\",\"target\":[\"https:\/\/brasilnoticias.org\/site\/governo-federal-nega-pedido-de-anistia-para-amante-de-ex-presi\/\"]}]},{\"@type\":\"ImageObject\",\"inLanguage\":\"pt-PT\",\"@id\":\"https:\/\/brasilnoticias.org\/site\/governo-federal-nega-pedido-de-anistia-para-amante-de-ex-presi\/#primaryimage\",\"url\":\"https:\/\/brasilnoticias.org\/site\/wp-content\/uploads\/2022\/09\/joao_batista_figueiredo_widelg.jpg\",\"contentUrl\":\"https:\/\/brasilnoticias.org\/site\/wp-content\/uploads\/2022\/09\/joao_batista_figueiredo_widelg.jpg\",\"width\":800,\"height\":450},{\"@type\":\"BreadcrumbList\",\"@id\":\"https:\/\/brasilnoticias.org\/site\/governo-federal-nega-pedido-de-anistia-para-amante-de-ex-presi\/#breadcrumb\",\"itemListElement\":[{\"@type\":\"ListItem\",\"position\":1,\"name\":\"In\u00edcio\",\"item\":\"https:\/\/brasilnoticias.org\/site\/\"},{\"@type\":\"ListItem\",\"position\":2,\"name\":\"Governo Federal nega pedido de anistia para amante de ex-presi\"}]},{\"@type\":\"WebSite\",\"@id\":\"https:\/\/brasilnoticias.org\/site\/#website\",\"url\":\"https:\/\/brasilnoticias.org\/site\/\",\"name\":\"Brasil not\u00edcias\",\"description\":\"Brasil not\u00edcias\",\"publisher\":{\"@id\":\"https:\/\/brasilnoticias.org\/site\/#organization\"},\"potentialAction\":[{\"@type\":\"SearchAction\",\"target\":{\"@type\":\"EntryPoint\",\"urlTemplate\":\"https:\/\/brasilnoticias.org\/site\/?s={search_term_string}\"},\"query-input\":{\"@type\":\"PropertyValueSpecification\",\"valueRequired\":true,\"valueName\":\"search_term_string\"}}],\"inLanguage\":\"pt-PT\"},{\"@type\":\"Organization\",\"@id\":\"https:\/\/brasilnoticias.org\/site\/#organization\",\"name\":\"Brasil not\u00edcias\",\"url\":\"https:\/\/brasilnoticias.org\/site\/\",\"logo\":{\"@type\":\"ImageObject\",\"inLanguage\":\"pt-PT\",\"@id\":\"https:\/\/brasilnoticias.org\/site\/#\/schema\/logo\/image\/\",\"url\":\"https:\/\/brasilnoticias.org\/site\/wp-content\/uploads\/2022\/05\/cropped-brasilnoticias-mini.jpg\",\"contentUrl\":\"https:\/\/brasilnoticias.org\/site\/wp-content\/uploads\/2022\/05\/cropped-brasilnoticias-mini.jpg\",\"width\":314,\"height\":86,\"caption\":\"Brasil not\u00edcias\"},\"image\":{\"@id\":\"https:\/\/brasilnoticias.org\/site\/#\/schema\/logo\/image\/\"}},{\"@type\":\"Person\",\"@id\":\"https:\/\/brasilnoticias.org\/site\/#\/schema\/person\/f609fa847b5314f1c8b983342f34c798\",\"name\":\"Reda\u00e7\u00e3o\",\"image\":{\"@type\":\"ImageObject\",\"inLanguage\":\"pt-PT\",\"@id\":\"https:\/\/brasilnoticias.org\/site\/#\/schema\/person\/image\/\",\"url\":\"https:\/\/secure.gravatar.com\/avatar\/447284c06c1ad8b46465a36de9cd0d8326b73387a22799b8b1ffb1fbcff2ed0c?s=96&d=mm&r=g\",\"contentUrl\":\"https:\/\/secure.gravatar.com\/avatar\/447284c06c1ad8b46465a36de9cd0d8326b73387a22799b8b1ffb1fbcff2ed0c?s=96&d=mm&r=g\",\"caption\":\"Reda\u00e7\u00e3o\"},\"url\":\"https:\/\/brasilnoticias.org\/site\/author\/redacao\/\"}]}<\/script>\n<!-- \/ Yoast SEO plugin. -->","yoast_head_json":{"title":"Governo Federal nega pedido de anistia para amante de ex-presi - Brasil not\u00edcias","robots":{"index":"index","follow":"follow","max-snippet":"max-snippet:-1","max-image-preview":"max-image-preview:large","max-video-preview":"max-video-preview:-1"},"canonical":"https:\/\/brasilnoticias.org\/site\/governo-federal-nega-pedido-de-anistia-para-amante-de-ex-presi\/","og_locale":"pt_PT","og_type":"article","og_title":"Governo Federal nega pedido de anistia para amante de ex-presi - Brasil not\u00edcias","og_description":"A amante do general Jo\u00e3o Figueiredo, \u00faltimo militar a presidir o pa\u00eds durante a\u00a0ditadura, teve negado seu pedido de repara\u00e7\u00e3o","og_url":"https:\/\/brasilnoticias.org\/site\/governo-federal-nega-pedido-de-anistia-para-amante-de-ex-presi\/","og_site_name":"Brasil not\u00edcias","article_published_time":"2022-09-13T13:21:05+00:00","og_image":[{"width":800,"height":450,"url":"https:\/\/brasilnoticias.org\/site\/wp-content\/uploads\/2022\/09\/joao_batista_figueiredo_widelg.jpg","type":"image\/jpeg"}],"author":"Reda\u00e7\u00e3o","twitter_card":"summary_large_image","twitter_misc":{"Escrito por":"Reda\u00e7\u00e3o","Tempo estimado de leitura":"3 minutos"},"schema":{"@context":"https:\/\/schema.org","@graph":[{"@type":"Article","@id":"https:\/\/brasilnoticias.org\/site\/governo-federal-nega-pedido-de-anistia-para-amante-de-ex-presi\/#article","isPartOf":{"@id":"https:\/\/brasilnoticias.org\/site\/governo-federal-nega-pedido-de-anistia-para-amante-de-ex-presi\/"},"author":{"name":"Reda\u00e7\u00e3o","@id":"https:\/\/brasilnoticias.org\/site\/#\/schema\/person\/f609fa847b5314f1c8b983342f34c798"},"headline":"Governo Federal nega pedido de anistia para amante de ex-presi","datePublished":"2022-09-13T13:21:05+00:00","mainEntityOfPage":{"@id":"https:\/\/brasilnoticias.org\/site\/governo-federal-nega-pedido-de-anistia-para-amante-de-ex-presi\/"},"wordCount":659,"commentCount":0,"publisher":{"@id":"https:\/\/brasilnoticias.org\/site\/#organization"},"image":{"@id":"https:\/\/brasilnoticias.org\/site\/governo-federal-nega-pedido-de-anistia-para-amante-de-ex-presi\/#primaryimage"},"thumbnailUrl":"https:\/\/brasilnoticias.org\/site\/wp-content\/uploads\/2022\/09\/joao_batista_figueiredo_widelg.jpg","articleSection":["Justi\u00e7a"],"inLanguage":"pt-PT","potentialAction":[{"@type":"CommentAction","name":"Comment","target":["https:\/\/brasilnoticias.org\/site\/governo-federal-nega-pedido-de-anistia-para-amante-de-ex-presi\/#respond"]}]},{"@type":"WebPage","@id":"https:\/\/brasilnoticias.org\/site\/governo-federal-nega-pedido-de-anistia-para-amante-de-ex-presi\/","url":"https:\/\/brasilnoticias.org\/site\/governo-federal-nega-pedido-de-anistia-para-amante-de-ex-presi\/","name":"Governo Federal nega pedido de anistia para amante de ex-presi - Brasil not\u00edcias","isPartOf":{"@id":"https:\/\/brasilnoticias.org\/site\/#website"},"primaryImageOfPage":{"@id":"https:\/\/brasilnoticias.org\/site\/governo-federal-nega-pedido-de-anistia-para-amante-de-ex-presi\/#primaryimage"},"image":{"@id":"https:\/\/brasilnoticias.org\/site\/governo-federal-nega-pedido-de-anistia-para-amante-de-ex-presi\/#primaryimage"},"thumbnailUrl":"https:\/\/brasilnoticias.org\/site\/wp-content\/uploads\/2022\/09\/joao_batista_figueiredo_widelg.jpg","datePublished":"2022-09-13T13:21:05+00:00","breadcrumb":{"@id":"https:\/\/brasilnoticias.org\/site\/governo-federal-nega-pedido-de-anistia-para-amante-de-ex-presi\/#breadcrumb"},"inLanguage":"pt-PT","potentialAction":[{"@type":"ReadAction","target":["https:\/\/brasilnoticias.org\/site\/governo-federal-nega-pedido-de-anistia-para-amante-de-ex-presi\/"]}]},{"@type":"ImageObject","inLanguage":"pt-PT","@id":"https:\/\/brasilnoticias.org\/site\/governo-federal-nega-pedido-de-anistia-para-amante-de-ex-presi\/#primaryimage","url":"https:\/\/brasilnoticias.org\/site\/wp-content\/uploads\/2022\/09\/joao_batista_figueiredo_widelg.jpg","contentUrl":"https:\/\/brasilnoticias.org\/site\/wp-content\/uploads\/2022\/09\/joao_batista_figueiredo_widelg.jpg","width":800,"height":450},{"@type":"BreadcrumbList","@id":"https:\/\/brasilnoticias.org\/site\/governo-federal-nega-pedido-de-anistia-para-amante-de-ex-presi\/#breadcrumb","itemListElement":[{"@type":"ListItem","position":1,"name":"In\u00edcio","item":"https:\/\/brasilnoticias.org\/site\/"},{"@type":"ListItem","position":2,"name":"Governo Federal nega pedido de anistia para amante de ex-presi"}]},{"@type":"WebSite","@id":"https:\/\/brasilnoticias.org\/site\/#website","url":"https:\/\/brasilnoticias.org\/site\/","name":"Brasil not\u00edcias","description":"Brasil not\u00edcias","publisher":{"@id":"https:\/\/brasilnoticias.org\/site\/#organization"},"potentialAction":[{"@type":"SearchAction","target":{"@type":"EntryPoint","urlTemplate":"https:\/\/brasilnoticias.org\/site\/?s={search_term_string}"},"query-input":{"@type":"PropertyValueSpecification","valueRequired":true,"valueName":"search_term_string"}}],"inLanguage":"pt-PT"},{"@type":"Organization","@id":"https:\/\/brasilnoticias.org\/site\/#organization","name":"Brasil not\u00edcias","url":"https:\/\/brasilnoticias.org\/site\/","logo":{"@type":"ImageObject","inLanguage":"pt-PT","@id":"https:\/\/brasilnoticias.org\/site\/#\/schema\/logo\/image\/","url":"https:\/\/brasilnoticias.org\/site\/wp-content\/uploads\/2022\/05\/cropped-brasilnoticias-mini.jpg","contentUrl":"https:\/\/brasilnoticias.org\/site\/wp-content\/uploads\/2022\/05\/cropped-brasilnoticias-mini.jpg","width":314,"height":86,"caption":"Brasil not\u00edcias"},"image":{"@id":"https:\/\/brasilnoticias.org\/site\/#\/schema\/logo\/image\/"}},{"@type":"Person","@id":"https:\/\/brasilnoticias.org\/site\/#\/schema\/person\/f609fa847b5314f1c8b983342f34c798","name":"Reda\u00e7\u00e3o","image":{"@type":"ImageObject","inLanguage":"pt-PT","@id":"https:\/\/brasilnoticias.org\/site\/#\/schema\/person\/image\/","url":"https:\/\/secure.gravatar.com\/avatar\/447284c06c1ad8b46465a36de9cd0d8326b73387a22799b8b1ffb1fbcff2ed0c?s=96&d=mm&r=g","contentUrl":"https:\/\/secure.gravatar.com\/avatar\/447284c06c1ad8b46465a36de9cd0d8326b73387a22799b8b1ffb1fbcff2ed0c?s=96&d=mm&r=g","caption":"Reda\u00e7\u00e3o"},"url":"https:\/\/brasilnoticias.org\/site\/author\/redacao\/"}]}},"_links":{"self":[{"href":"https:\/\/brasilnoticias.org\/site\/wp-json\/wp\/v2\/posts\/1460","targetHints":{"allow":["GET"]}}],"collection":[{"href":"https:\/\/brasilnoticias.org\/site\/wp-json\/wp\/v2\/posts"}],"about":[{"href":"https:\/\/brasilnoticias.org\/site\/wp-json\/wp\/v2\/types\/post"}],"author":[{"embeddable":true,"href":"https:\/\/brasilnoticias.org\/site\/wp-json\/wp\/v2\/users\/2"}],"replies":[{"embeddable":true,"href":"https:\/\/brasilnoticias.org\/site\/wp-json\/wp\/v2\/comments?post=1460"}],"version-history":[{"count":1,"href":"https:\/\/brasilnoticias.org\/site\/wp-json\/wp\/v2\/posts\/1460\/revisions"}],"predecessor-version":[{"id":1462,"href":"https:\/\/brasilnoticias.org\/site\/wp-json\/wp\/v2\/posts\/1460\/revisions\/1462"}],"wp:featuredmedia":[{"embeddable":true,"href":"https:\/\/brasilnoticias.org\/site\/wp-json\/wp\/v2\/media\/1461"}],"wp:attachment":[{"href":"https:\/\/brasilnoticias.org\/site\/wp-json\/wp\/v2\/media?parent=1460"}],"wp:term":[{"taxonomy":"category","embeddable":true,"href":"https:\/\/brasilnoticias.org\/site\/wp-json\/wp\/v2\/categories?post=1460"},{"taxonomy":"post_tag","embeddable":true,"href":"https:\/\/brasilnoticias.org\/site\/wp-json\/wp\/v2\/tags?post=1460"}],"curies":[{"name":"wp","href":"https:\/\/api.w.org\/{rel}","templated":true}]}}