{"id":14611,"date":"2024-06-14T12:28:29","date_gmt":"2024-06-14T15:28:29","guid":{"rendered":"https:\/\/brasilnoticias.org\/site\/?p=14611"},"modified":"2024-06-14T12:28:29","modified_gmt":"2024-06-14T15:28:29","slug":"ceu-nublado-e-chuvas-fracas-confira-a-previsao-do-tempo-para-o-fim-de-semana-em-salvador","status":"publish","type":"post","link":"https:\/\/brasilnoticias.org\/site\/ceu-nublado-e-chuvas-fracas-confira-a-previsao-do-tempo-para-o-fim-de-semana-em-salvador\/","title":{"rendered":"C\u00e9u nublado e chuvas fracas; confira a previs\u00e3o do tempo para o fim de semana em Salvador"},"content":{"rendered":"<p>Segundo a Defesa Civil temperaturas devem variar entre 22\u00baC (m\u00ednima) e 30\u00baC (m\u00e1xima)<\/p>\n<p>O fim de semana na capital baiana vai ter o c\u00e9u parcialmente nublado, com chuvas fracas a moderadas, a qualquer hora do dia. Segundo a Defesa Civil de Salvador (Codesal), as temperaturas devem variar entre 22\u00baC (m\u00ednima) e 30\u00baC (m\u00e1xima).<\/p>\n<p>O \u00f3rg\u00e3o tamb\u00e9m informou que a ocorr\u00eancia de chuvas na cidade deve ser comum nos pr\u00f3ximos dias devido a atua\u00e7\u00e3o de um sistema de baixa press\u00e3o (cavado) associado aos ventos \u00famidos do oceano Atl\u00e2ntico. <\/p>\n<p>Para esta sexta-feira (14),o c\u00e9u deve permanecer claro e parcialmente nublado com chuvas fracas a moderadas a qualquer hora do dia. J\u00e1 no s\u00e1bado (15) e no domingo (16) a previs\u00e3o permanece igual. <\/p>\n<p>Foto: Reprodu\u00e7\u00e3o<br \/>\nPor: Metro1 <\/p>\n","protected":false},"excerpt":{"rendered":"<p>Segundo a Defesa Civil temperaturas devem variar entre 22\u00baC (m\u00ednima) e 30\u00baC (m\u00e1xima) O fim de semana na capital baiana<\/p>\n","protected":false},"author":4,"featured_media":14612,"comment_status":"open","ping_status":"open","sticky":false,"template":"","format":"standard","meta":{"colormag_page_container_layout":"default_layout","colormag_page_sidebar_layout":"default_layout","_FSMCFIC_featured_image_caption":"","_FSMCFIC_featured_image_nocaption":"","_FSMCFIC_featured_image_hide":"","footnotes":""},"categories":[2,1],"tags":[],"class_list":["post-14611","post","type-post","status-publish","format-standard","has-post-thumbnail","hentry","category-noticias","category-ultimas"],"yoast_head":"<!-- This site is optimized with the Yoast SEO plugin v27.1.1 - https:\/\/yoast.com\/product\/yoast-seo-wordpress\/ -->\n<title>C\u00e9u nublado e chuvas fracas; confira a previs\u00e3o do tempo para o fim de semana em Salvador - Brasil not\u00edcias<\/title>\n<meta name=\"robots\" content=\"index, follow, max-snippet:-1, max-image-preview:large, max-video-preview:-1\" \/>\n<link rel=\"canonical\" href=\"https:\/\/brasilnoticias.org\/site\/ceu-nublado-e-chuvas-fracas-confira-a-previsao-do-tempo-para-o-fim-de-semana-em-salvador\/\" \/>\n<meta property=\"og:locale\" content=\"pt_PT\" \/>\n<meta property=\"og:type\" content=\"article\" \/>\n<meta property=\"og:title\" content=\"C\u00e9u nublado e chuvas fracas; confira a previs\u00e3o do tempo para o fim de semana em Salvador - Brasil not\u00edcias\" \/>\n<meta property=\"og:description\" content=\"Segundo a Defesa Civil temperaturas devem variar entre 22\u00baC (m\u00ednima) e 30\u00baC (m\u00e1xima) O fim de semana na capital baiana\" \/>\n<meta property=\"og:url\" content=\"https:\/\/brasilnoticias.org\/site\/ceu-nublado-e-chuvas-fracas-confira-a-previsao-do-tempo-para-o-fim-de-semana-em-salvador\/\" \/>\n<meta property=\"og:site_name\" content=\"Brasil not\u00edcias\" \/>\n<meta property=\"article:published_time\" content=\"2024-06-14T15:28:29+00:00\" \/>\n<meta property=\"og:image\" content=\"https:\/\/brasilnoticias.org\/site\/wp-content\/uploads\/2024\/06\/151563ceu-nublado-e-chuvas-fracas-confira-a-previsao-do-tempo-para-o-fim-de-semana-em-salvador-3.jpg\" \/>\n\t<meta property=\"og:image:width\" content=\"1600\" \/>\n\t<meta property=\"og:image:height\" content=\"752\" \/>\n\t<meta property=\"og:image:type\" content=\"image\/jpeg\" \/>\n<meta name=\"author\" content=\"Reda\u00e7\u00e3o\" \/>\n<meta name=\"twitter:card\" content=\"summary_large_image\" \/>\n<meta name=\"twitter:label1\" content=\"Escrito por\" \/>\n\t<meta name=\"twitter:data1\" content=\"Reda\u00e7\u00e3o\" \/>\n\t<meta name=\"twitter:label2\" content=\"Tempo estimado de leitura\" \/>\n\t<meta name=\"twitter:data2\" content=\"1 minuto\" \/>\n<script type=\"application\/ld+json\" class=\"yoast-schema-graph\">{\"@context\":\"https:\/\/schema.org\",\"@graph\":[{\"@type\":\"Article\",\"@id\":\"https:\/\/brasilnoticias.org\/site\/ceu-nublado-e-chuvas-fracas-confira-a-previsao-do-tempo-para-o-fim-de-semana-em-salvador\/#article\",\"isPartOf\":{\"@id\":\"https:\/\/brasilnoticias.org\/site\/ceu-nublado-e-chuvas-fracas-confira-a-previsao-do-tempo-para-o-fim-de-semana-em-salvador\/\"},\"author\":{\"name\":\"Reda\u00e7\u00e3o\",\"@id\":\"https:\/\/brasilnoticias.org\/site\/#\/schema\/person\/03bbbfe6c7634ad18c26444ea39049fa\"},\"headline\":\"C\u00e9u nublado e chuvas fracas; confira a previs\u00e3o do tempo para o fim de semana em Salvador\",\"datePublished\":\"2024-06-14T15:28:29+00:00\",\"mainEntityOfPage\":{\"@id\":\"https:\/\/brasilnoticias.org\/site\/ceu-nublado-e-chuvas-fracas-confira-a-previsao-do-tempo-para-o-fim-de-semana-em-salvador\/\"},\"wordCount\":157,\"commentCount\":0,\"publisher\":{\"@id\":\"https:\/\/brasilnoticias.org\/site\/#organization\"},\"image\":{\"@id\":\"https:\/\/brasilnoticias.org\/site\/ceu-nublado-e-chuvas-fracas-confira-a-previsao-do-tempo-para-o-fim-de-semana-em-salvador\/#primaryimage\"},\"thumbnailUrl\":\"https:\/\/brasilnoticias.org\/site\/wp-content\/uploads\/2024\/06\/151563ceu-nublado-e-chuvas-fracas-confira-a-previsao-do-tempo-para-o-fim-de-semana-em-salvador-3.jpg\",\"articleSection\":[\"Not\u00edcias\",\"\u00daltimas\"],\"inLanguage\":\"pt-PT\",\"potentialAction\":[{\"@type\":\"CommentAction\",\"name\":\"Comment\",\"target\":[\"https:\/\/brasilnoticias.org\/site\/ceu-nublado-e-chuvas-fracas-confira-a-previsao-do-tempo-para-o-fim-de-semana-em-salvador\/#respond\"]}]},{\"@type\":\"WebPage\",\"@id\":\"https:\/\/brasilnoticias.org\/site\/ceu-nublado-e-chuvas-fracas-confira-a-previsao-do-tempo-para-o-fim-de-semana-em-salvador\/\",\"url\":\"https:\/\/brasilnoticias.org\/site\/ceu-nublado-e-chuvas-fracas-confira-a-previsao-do-tempo-para-o-fim-de-semana-em-salvador\/\",\"name\":\"C\u00e9u nublado e chuvas fracas; confira a previs\u00e3o do tempo para o fim de semana em Salvador - Brasil not\u00edcias\",\"isPartOf\":{\"@id\":\"https:\/\/brasilnoticias.org\/site\/#website\"},\"primaryImageOfPage\":{\"@id\":\"https:\/\/brasilnoticias.org\/site\/ceu-nublado-e-chuvas-fracas-confira-a-previsao-do-tempo-para-o-fim-de-semana-em-salvador\/#primaryimage\"},\"image\":{\"@id\":\"https:\/\/brasilnoticias.org\/site\/ceu-nublado-e-chuvas-fracas-confira-a-previsao-do-tempo-para-o-fim-de-semana-em-salvador\/#primaryimage\"},\"thumbnailUrl\":\"https:\/\/brasilnoticias.org\/site\/wp-content\/uploads\/2024\/06\/151563ceu-nublado-e-chuvas-fracas-confira-a-previsao-do-tempo-para-o-fim-de-semana-em-salvador-3.jpg\",\"datePublished\":\"2024-06-14T15:28:29+00:00\",\"breadcrumb\":{\"@id\":\"https:\/\/brasilnoticias.org\/site\/ceu-nublado-e-chuvas-fracas-confira-a-previsao-do-tempo-para-o-fim-de-semana-em-salvador\/#breadcrumb\"},\"inLanguage\":\"pt-PT\",\"potentialAction\":[{\"@type\":\"ReadAction\",\"target\":[\"https:\/\/brasilnoticias.org\/site\/ceu-nublado-e-chuvas-fracas-confira-a-previsao-do-tempo-para-o-fim-de-semana-em-salvador\/\"]}]},{\"@type\":\"ImageObject\",\"inLanguage\":\"pt-PT\",\"@id\":\"https:\/\/brasilnoticias.org\/site\/ceu-nublado-e-chuvas-fracas-confira-a-previsao-do-tempo-para-o-fim-de-semana-em-salvador\/#primaryimage\",\"url\":\"https:\/\/brasilnoticias.org\/site\/wp-content\/uploads\/2024\/06\/151563ceu-nublado-e-chuvas-fracas-confira-a-previsao-do-tempo-para-o-fim-de-semana-em-salvador-3.jpg\",\"contentUrl\":\"https:\/\/brasilnoticias.org\/site\/wp-content\/uploads\/2024\/06\/151563ceu-nublado-e-chuvas-fracas-confira-a-previsao-do-tempo-para-o-fim-de-semana-em-salvador-3.jpg\",\"width\":1600,\"height\":752},{\"@type\":\"BreadcrumbList\",\"@id\":\"https:\/\/brasilnoticias.org\/site\/ceu-nublado-e-chuvas-fracas-confira-a-previsao-do-tempo-para-o-fim-de-semana-em-salvador\/#breadcrumb\",\"itemListElement\":[{\"@type\":\"ListItem\",\"position\":1,\"name\":\"In\u00edcio\",\"item\":\"https:\/\/brasilnoticias.org\/site\/\"},{\"@type\":\"ListItem\",\"position\":2,\"name\":\"C\u00e9u nublado e chuvas fracas; confira a previs\u00e3o do tempo para o fim de semana em Salvador\"}]},{\"@type\":\"WebSite\",\"@id\":\"https:\/\/brasilnoticias.org\/site\/#website\",\"url\":\"https:\/\/brasilnoticias.org\/site\/\",\"name\":\"Brasil not\u00edcias\",\"description\":\"Brasil not\u00edcias\",\"publisher\":{\"@id\":\"https:\/\/brasilnoticias.org\/site\/#organization\"},\"potentialAction\":[{\"@type\":\"SearchAction\",\"target\":{\"@type\":\"EntryPoint\",\"urlTemplate\":\"https:\/\/brasilnoticias.org\/site\/?s={search_term_string}\"},\"query-input\":{\"@type\":\"PropertyValueSpecification\",\"valueRequired\":true,\"valueName\":\"search_term_string\"}}],\"inLanguage\":\"pt-PT\"},{\"@type\":\"Organization\",\"@id\":\"https:\/\/brasilnoticias.org\/site\/#organization\",\"name\":\"Brasil not\u00edcias\",\"url\":\"https:\/\/brasilnoticias.org\/site\/\",\"logo\":{\"@type\":\"ImageObject\",\"inLanguage\":\"pt-PT\",\"@id\":\"https:\/\/brasilnoticias.org\/site\/#\/schema\/logo\/image\/\",\"url\":\"https:\/\/brasilnoticias.org\/site\/wp-content\/uploads\/2022\/05\/cropped-brasilnoticias-mini.jpg\",\"contentUrl\":\"https:\/\/brasilnoticias.org\/site\/wp-content\/uploads\/2022\/05\/cropped-brasilnoticias-mini.jpg\",\"width\":314,\"height\":86,\"caption\":\"Brasil not\u00edcias\"},\"image\":{\"@id\":\"https:\/\/brasilnoticias.org\/site\/#\/schema\/logo\/image\/\"}},{\"@type\":\"Person\",\"@id\":\"https:\/\/brasilnoticias.org\/site\/#\/schema\/person\/03bbbfe6c7634ad18c26444ea39049fa\",\"name\":\"Reda\u00e7\u00e3o\",\"image\":{\"@type\":\"ImageObject\",\"inLanguage\":\"pt-PT\",\"@id\":\"https:\/\/brasilnoticias.org\/site\/#\/schema\/person\/image\/\",\"url\":\"https:\/\/secure.gravatar.com\/avatar\/9ecaf7327a696cb23ad926fedded5f1f04d7049de9e445375d55b48c001a6e42?s=96&d=mm&r=g\",\"contentUrl\":\"https:\/\/secure.gravatar.com\/avatar\/9ecaf7327a696cb23ad926fedded5f1f04d7049de9e445375d55b48c001a6e42?s=96&d=mm&r=g\",\"caption\":\"Reda\u00e7\u00e3o\"},\"url\":\"https:\/\/brasilnoticias.org\/site\/author\/henrique\/\"}]}<\/script>\n<!-- \/ Yoast SEO plugin. -->","yoast_head_json":{"title":"C\u00e9u nublado e chuvas fracas; confira a previs\u00e3o do tempo para o fim de semana em Salvador - Brasil not\u00edcias","robots":{"index":"index","follow":"follow","max-snippet":"max-snippet:-1","max-image-preview":"max-image-preview:large","max-video-preview":"max-video-preview:-1"},"canonical":"https:\/\/brasilnoticias.org\/site\/ceu-nublado-e-chuvas-fracas-confira-a-previsao-do-tempo-para-o-fim-de-semana-em-salvador\/","og_locale":"pt_PT","og_type":"article","og_title":"C\u00e9u nublado e chuvas fracas; confira a previs\u00e3o do tempo para o fim de semana em Salvador - Brasil not\u00edcias","og_description":"Segundo a Defesa Civil temperaturas devem variar entre 22\u00baC (m\u00ednima) e 30\u00baC (m\u00e1xima) O fim de semana na capital baiana","og_url":"https:\/\/brasilnoticias.org\/site\/ceu-nublado-e-chuvas-fracas-confira-a-previsao-do-tempo-para-o-fim-de-semana-em-salvador\/","og_site_name":"Brasil not\u00edcias","article_published_time":"2024-06-14T15:28:29+00:00","og_image":[{"width":1600,"height":752,"url":"https:\/\/brasilnoticias.org\/site\/wp-content\/uploads\/2024\/06\/151563ceu-nublado-e-chuvas-fracas-confira-a-previsao-do-tempo-para-o-fim-de-semana-em-salvador-3.jpg","type":"image\/jpeg"}],"author":"Reda\u00e7\u00e3o","twitter_card":"summary_large_image","twitter_misc":{"Escrito por":"Reda\u00e7\u00e3o","Tempo estimado de leitura":"1 minuto"},"schema":{"@context":"https:\/\/schema.org","@graph":[{"@type":"Article","@id":"https:\/\/brasilnoticias.org\/site\/ceu-nublado-e-chuvas-fracas-confira-a-previsao-do-tempo-para-o-fim-de-semana-em-salvador\/#article","isPartOf":{"@id":"https:\/\/brasilnoticias.org\/site\/ceu-nublado-e-chuvas-fracas-confira-a-previsao-do-tempo-para-o-fim-de-semana-em-salvador\/"},"author":{"name":"Reda\u00e7\u00e3o","@id":"https:\/\/brasilnoticias.org\/site\/#\/schema\/person\/03bbbfe6c7634ad18c26444ea39049fa"},"headline":"C\u00e9u nublado e chuvas fracas; confira a previs\u00e3o do tempo para o fim de semana em Salvador","datePublished":"2024-06-14T15:28:29+00:00","mainEntityOfPage":{"@id":"https:\/\/brasilnoticias.org\/site\/ceu-nublado-e-chuvas-fracas-confira-a-previsao-do-tempo-para-o-fim-de-semana-em-salvador\/"},"wordCount":157,"commentCount":0,"publisher":{"@id":"https:\/\/brasilnoticias.org\/site\/#organization"},"image":{"@id":"https:\/\/brasilnoticias.org\/site\/ceu-nublado-e-chuvas-fracas-confira-a-previsao-do-tempo-para-o-fim-de-semana-em-salvador\/#primaryimage"},"thumbnailUrl":"https:\/\/brasilnoticias.org\/site\/wp-content\/uploads\/2024\/06\/151563ceu-nublado-e-chuvas-fracas-confira-a-previsao-do-tempo-para-o-fim-de-semana-em-salvador-3.jpg","articleSection":["Not\u00edcias","\u00daltimas"],"inLanguage":"pt-PT","potentialAction":[{"@type":"CommentAction","name":"Comment","target":["https:\/\/brasilnoticias.org\/site\/ceu-nublado-e-chuvas-fracas-confira-a-previsao-do-tempo-para-o-fim-de-semana-em-salvador\/#respond"]}]},{"@type":"WebPage","@id":"https:\/\/brasilnoticias.org\/site\/ceu-nublado-e-chuvas-fracas-confira-a-previsao-do-tempo-para-o-fim-de-semana-em-salvador\/","url":"https:\/\/brasilnoticias.org\/site\/ceu-nublado-e-chuvas-fracas-confira-a-previsao-do-tempo-para-o-fim-de-semana-em-salvador\/","name":"C\u00e9u nublado e chuvas fracas; confira a previs\u00e3o do tempo para o fim de semana em Salvador - Brasil not\u00edcias","isPartOf":{"@id":"https:\/\/brasilnoticias.org\/site\/#website"},"primaryImageOfPage":{"@id":"https:\/\/brasilnoticias.org\/site\/ceu-nublado-e-chuvas-fracas-confira-a-previsao-do-tempo-para-o-fim-de-semana-em-salvador\/#primaryimage"},"image":{"@id":"https:\/\/brasilnoticias.org\/site\/ceu-nublado-e-chuvas-fracas-confira-a-previsao-do-tempo-para-o-fim-de-semana-em-salvador\/#primaryimage"},"thumbnailUrl":"https:\/\/brasilnoticias.org\/site\/wp-content\/uploads\/2024\/06\/151563ceu-nublado-e-chuvas-fracas-confira-a-previsao-do-tempo-para-o-fim-de-semana-em-salvador-3.jpg","datePublished":"2024-06-14T15:28:29+00:00","breadcrumb":{"@id":"https:\/\/brasilnoticias.org\/site\/ceu-nublado-e-chuvas-fracas-confira-a-previsao-do-tempo-para-o-fim-de-semana-em-salvador\/#breadcrumb"},"inLanguage":"pt-PT","potentialAction":[{"@type":"ReadAction","target":["https:\/\/brasilnoticias.org\/site\/ceu-nublado-e-chuvas-fracas-confira-a-previsao-do-tempo-para-o-fim-de-semana-em-salvador\/"]}]},{"@type":"ImageObject","inLanguage":"pt-PT","@id":"https:\/\/brasilnoticias.org\/site\/ceu-nublado-e-chuvas-fracas-confira-a-previsao-do-tempo-para-o-fim-de-semana-em-salvador\/#primaryimage","url":"https:\/\/brasilnoticias.org\/site\/wp-content\/uploads\/2024\/06\/151563ceu-nublado-e-chuvas-fracas-confira-a-previsao-do-tempo-para-o-fim-de-semana-em-salvador-3.jpg","contentUrl":"https:\/\/brasilnoticias.org\/site\/wp-content\/uploads\/2024\/06\/151563ceu-nublado-e-chuvas-fracas-confira-a-previsao-do-tempo-para-o-fim-de-semana-em-salvador-3.jpg","width":1600,"height":752},{"@type":"BreadcrumbList","@id":"https:\/\/brasilnoticias.org\/site\/ceu-nublado-e-chuvas-fracas-confira-a-previsao-do-tempo-para-o-fim-de-semana-em-salvador\/#breadcrumb","itemListElement":[{"@type":"ListItem","position":1,"name":"In\u00edcio","item":"https:\/\/brasilnoticias.org\/site\/"},{"@type":"ListItem","position":2,"name":"C\u00e9u nublado e chuvas fracas; confira a previs\u00e3o do tempo para o fim de semana em Salvador"}]},{"@type":"WebSite","@id":"https:\/\/brasilnoticias.org\/site\/#website","url":"https:\/\/brasilnoticias.org\/site\/","name":"Brasil not\u00edcias","description":"Brasil not\u00edcias","publisher":{"@id":"https:\/\/brasilnoticias.org\/site\/#organization"},"potentialAction":[{"@type":"SearchAction","target":{"@type":"EntryPoint","urlTemplate":"https:\/\/brasilnoticias.org\/site\/?s={search_term_string}"},"query-input":{"@type":"PropertyValueSpecification","valueRequired":true,"valueName":"search_term_string"}}],"inLanguage":"pt-PT"},{"@type":"Organization","@id":"https:\/\/brasilnoticias.org\/site\/#organization","name":"Brasil not\u00edcias","url":"https:\/\/brasilnoticias.org\/site\/","logo":{"@type":"ImageObject","inLanguage":"pt-PT","@id":"https:\/\/brasilnoticias.org\/site\/#\/schema\/logo\/image\/","url":"https:\/\/brasilnoticias.org\/site\/wp-content\/uploads\/2022\/05\/cropped-brasilnoticias-mini.jpg","contentUrl":"https:\/\/brasilnoticias.org\/site\/wp-content\/uploads\/2022\/05\/cropped-brasilnoticias-mini.jpg","width":314,"height":86,"caption":"Brasil not\u00edcias"},"image":{"@id":"https:\/\/brasilnoticias.org\/site\/#\/schema\/logo\/image\/"}},{"@type":"Person","@id":"https:\/\/brasilnoticias.org\/site\/#\/schema\/person\/03bbbfe6c7634ad18c26444ea39049fa","name":"Reda\u00e7\u00e3o","image":{"@type":"ImageObject","inLanguage":"pt-PT","@id":"https:\/\/brasilnoticias.org\/site\/#\/schema\/person\/image\/","url":"https:\/\/secure.gravatar.com\/avatar\/9ecaf7327a696cb23ad926fedded5f1f04d7049de9e445375d55b48c001a6e42?s=96&d=mm&r=g","contentUrl":"https:\/\/secure.gravatar.com\/avatar\/9ecaf7327a696cb23ad926fedded5f1f04d7049de9e445375d55b48c001a6e42?s=96&d=mm&r=g","caption":"Reda\u00e7\u00e3o"},"url":"https:\/\/brasilnoticias.org\/site\/author\/henrique\/"}]}},"_links":{"self":[{"href":"https:\/\/brasilnoticias.org\/site\/wp-json\/wp\/v2\/posts\/14611","targetHints":{"allow":["GET"]}}],"collection":[{"href":"https:\/\/brasilnoticias.org\/site\/wp-json\/wp\/v2\/posts"}],"about":[{"href":"https:\/\/brasilnoticias.org\/site\/wp-json\/wp\/v2\/types\/post"}],"author":[{"embeddable":true,"href":"https:\/\/brasilnoticias.org\/site\/wp-json\/wp\/v2\/users\/4"}],"replies":[{"embeddable":true,"href":"https:\/\/brasilnoticias.org\/site\/wp-json\/wp\/v2\/comments?post=14611"}],"version-history":[{"count":1,"href":"https:\/\/brasilnoticias.org\/site\/wp-json\/wp\/v2\/posts\/14611\/revisions"}],"predecessor-version":[{"id":14613,"href":"https:\/\/brasilnoticias.org\/site\/wp-json\/wp\/v2\/posts\/14611\/revisions\/14613"}],"wp:featuredmedia":[{"embeddable":true,"href":"https:\/\/brasilnoticias.org\/site\/wp-json\/wp\/v2\/media\/14612"}],"wp:attachment":[{"href":"https:\/\/brasilnoticias.org\/site\/wp-json\/wp\/v2\/media?parent=14611"}],"wp:term":[{"taxonomy":"category","embeddable":true,"href":"https:\/\/brasilnoticias.org\/site\/wp-json\/wp\/v2\/categories?post=14611"},{"taxonomy":"post_tag","embeddable":true,"href":"https:\/\/brasilnoticias.org\/site\/wp-json\/wp\/v2\/tags?post=14611"}],"curies":[{"name":"wp","href":"https:\/\/api.w.org\/{rel}","templated":true}]}}