{"id":14620,"date":"2024-06-14T12:36:03","date_gmt":"2024-06-14T15:36:03","guid":{"rendered":"https:\/\/brasilnoticias.org\/site\/?p=14620"},"modified":"2024-06-14T12:36:03","modified_gmt":"2024-06-14T15:36:03","slug":"reynaldo-gianecchini-revela-que-tem-doenca-autoimune-que-pode-levar-a-paralisia","status":"publish","type":"post","link":"https:\/\/brasilnoticias.org\/site\/reynaldo-gianecchini-revela-que-tem-doenca-autoimune-que-pode-levar-a-paralisia\/","title":{"rendered":"Reynaldo Gianecchini revela que tem doen\u00e7a autoimune que pode levar \u00e0 paralisia"},"content":{"rendered":"<p>O ator descobriu ser portador da S\u00edndrome de Guillain-Barr\u00e9 enquanto preparava o musical &#8220;Priscilla, a Rainha do Deserto&#8221;<\/p>\n<p>Reynaldo Gianecchini foi diagnosticado com a S\u00edndrome de Guillain-Barr\u00e9. O ator, que tem 51 anos, tomou conhecimento da doen\u00e7a autoimune durante a prepara\u00e7\u00e3o do musical &#8220;Priscilla, a Rainha do Deserto&#8221;, onde encarna a drag queen Mitzi\/Tick.<\/p>\n<p>&#8220;Desenvolvi at\u00e9 uma doen\u00e7a autoimune muito louca que foi me paralisando as m\u00e3os, as pernas. Tive uma coisa que se chama Guillain-Barr\u00e9, que \u00e9 uma doen\u00e7a autoimune, que seu pr\u00f3prio sistema imunol\u00f3gico, os seus nervos, v\u00e3o te paralisando&#8221;, declarou ele em participa\u00e7\u00e3o no PodDelas. <\/p>\n<p>Giane disse que, inicialmente, atribuiu os sinais a quest\u00f5es psicol\u00f3gicas devido a estresse e nervosismo. No entanto, ao notar-se incapacitado de levantar da cama, ele percebeu que se tratava de algo mais grave, o que o levou a procurar um m\u00e9dico.<\/p>\n<p>A S\u00edndrome de Guillain-Barr\u00e9 \u00e9 uma condi\u00e7\u00e3o rara e grave em que o sistema imunol\u00f3gico do corpo ataca parte do sistema nervoso. Isso gera fraqueza e, frequentemente, paralisia dos m\u00fasculos. O Centro de Controle e Preven\u00e7\u00e3o de Doen\u00e7as (CDC) dos Estados Unidos cataloga como um dist\u00farbio pouco comum que requer aten\u00e7\u00e3o m\u00e9dica especializada imediata. A doen\u00e7a pode levar \u00e0 danifica\u00e7\u00e3o da mielina, uma camada de gordura que reveste as fibras nervosas. Um dos seus sintomas \u00e9 formigamento nas m\u00e3os, p\u00e9s, dedos, tornozelos e pulsos.<\/p>\n<p>Foto: Divulga\u00e7\u00e3o<br \/>\nPor: Metro1<\/p>\n","protected":false},"excerpt":{"rendered":"<p>O ator descobriu ser portador da S\u00edndrome de Guillain-Barr\u00e9 enquanto preparava o musical &#8220;Priscilla, a Rainha do Deserto&#8221; Reynaldo Gianecchini<\/p>\n","protected":false},"author":4,"featured_media":14621,"comment_status":"open","ping_status":"open","sticky":false,"template":"","format":"standard","meta":{"colormag_page_container_layout":"default_layout","colormag_page_sidebar_layout":"default_layout","_FSMCFIC_featured_image_caption":"","_FSMCFIC_featured_image_nocaption":"","_FSMCFIC_featured_image_hide":"","footnotes":""},"categories":[8,1],"tags":[],"class_list":["post-14620","post","type-post","status-publish","format-standard","has-post-thumbnail","hentry","category-entretenimento","category-ultimas"],"yoast_head":"<!-- This site is optimized with the Yoast SEO plugin v27.1.1 - https:\/\/yoast.com\/product\/yoast-seo-wordpress\/ -->\n<title>Reynaldo Gianecchini revela que tem doen\u00e7a autoimune que pode levar \u00e0 paralisia - Brasil not\u00edcias<\/title>\n<meta name=\"robots\" content=\"index, follow, max-snippet:-1, max-image-preview:large, max-video-preview:-1\" \/>\n<link rel=\"canonical\" href=\"https:\/\/brasilnoticias.org\/site\/reynaldo-gianecchini-revela-que-tem-doenca-autoimune-que-pode-levar-a-paralisia\/\" \/>\n<meta property=\"og:locale\" content=\"pt_PT\" \/>\n<meta property=\"og:type\" content=\"article\" \/>\n<meta property=\"og:title\" content=\"Reynaldo Gianecchini revela que tem doen\u00e7a autoimune que pode levar \u00e0 paralisia - Brasil not\u00edcias\" \/>\n<meta property=\"og:description\" content=\"O ator descobriu ser portador da S\u00edndrome de Guillain-Barr\u00e9 enquanto preparava o musical &#8220;Priscilla, a Rainha do Deserto&#8221; Reynaldo Gianecchini\" \/>\n<meta property=\"og:url\" content=\"https:\/\/brasilnoticias.org\/site\/reynaldo-gianecchini-revela-que-tem-doenca-autoimune-que-pode-levar-a-paralisia\/\" \/>\n<meta property=\"og:site_name\" content=\"Brasil not\u00edcias\" \/>\n<meta property=\"article:published_time\" content=\"2024-06-14T15:36:03+00:00\" \/>\n<meta property=\"og:image\" content=\"https:\/\/brasilnoticias.org\/site\/wp-content\/uploads\/2024\/06\/151547reynaldo-gianecchini-revela-que-tem-doenca-autoimune-que-pode-levar-a-paralisia-3.jpg\" \/>\n\t<meta property=\"og:image:width\" content=\"1600\" \/>\n\t<meta property=\"og:image:height\" content=\"752\" \/>\n\t<meta property=\"og:image:type\" content=\"image\/jpeg\" \/>\n<meta name=\"author\" content=\"Reda\u00e7\u00e3o\" \/>\n<meta name=\"twitter:card\" content=\"summary_large_image\" \/>\n<meta name=\"twitter:label1\" content=\"Escrito por\" \/>\n\t<meta name=\"twitter:data1\" content=\"Reda\u00e7\u00e3o\" \/>\n<script type=\"application\/ld+json\" class=\"yoast-schema-graph\">{\"@context\":\"https:\/\/schema.org\",\"@graph\":[{\"@type\":\"Article\",\"@id\":\"https:\/\/brasilnoticias.org\/site\/reynaldo-gianecchini-revela-que-tem-doenca-autoimune-que-pode-levar-a-paralisia\/#article\",\"isPartOf\":{\"@id\":\"https:\/\/brasilnoticias.org\/site\/reynaldo-gianecchini-revela-que-tem-doenca-autoimune-que-pode-levar-a-paralisia\/\"},\"author\":{\"name\":\"Reda\u00e7\u00e3o\",\"@id\":\"https:\/\/brasilnoticias.org\/site\/#\/schema\/person\/03bbbfe6c7634ad18c26444ea39049fa\"},\"headline\":\"Reynaldo Gianecchini revela que tem doen\u00e7a autoimune que pode levar \u00e0 paralisia\",\"datePublished\":\"2024-06-14T15:36:03+00:00\",\"mainEntityOfPage\":{\"@id\":\"https:\/\/brasilnoticias.org\/site\/reynaldo-gianecchini-revela-que-tem-doenca-autoimune-que-pode-levar-a-paralisia\/\"},\"wordCount\":263,\"commentCount\":0,\"publisher\":{\"@id\":\"https:\/\/brasilnoticias.org\/site\/#organization\"},\"image\":{\"@id\":\"https:\/\/brasilnoticias.org\/site\/reynaldo-gianecchini-revela-que-tem-doenca-autoimune-que-pode-levar-a-paralisia\/#primaryimage\"},\"thumbnailUrl\":\"https:\/\/brasilnoticias.org\/site\/wp-content\/uploads\/2024\/06\/151547reynaldo-gianecchini-revela-que-tem-doenca-autoimune-que-pode-levar-a-paralisia-3.jpg\",\"articleSection\":[\"Entretenimento\",\"\u00daltimas\"],\"inLanguage\":\"pt-PT\",\"potentialAction\":[{\"@type\":\"CommentAction\",\"name\":\"Comment\",\"target\":[\"https:\/\/brasilnoticias.org\/site\/reynaldo-gianecchini-revela-que-tem-doenca-autoimune-que-pode-levar-a-paralisia\/#respond\"]}]},{\"@type\":\"WebPage\",\"@id\":\"https:\/\/brasilnoticias.org\/site\/reynaldo-gianecchini-revela-que-tem-doenca-autoimune-que-pode-levar-a-paralisia\/\",\"url\":\"https:\/\/brasilnoticias.org\/site\/reynaldo-gianecchini-revela-que-tem-doenca-autoimune-que-pode-levar-a-paralisia\/\",\"name\":\"Reynaldo Gianecchini revela que tem doen\u00e7a autoimune que pode levar \u00e0 paralisia - Brasil not\u00edcias\",\"isPartOf\":{\"@id\":\"https:\/\/brasilnoticias.org\/site\/#website\"},\"primaryImageOfPage\":{\"@id\":\"https:\/\/brasilnoticias.org\/site\/reynaldo-gianecchini-revela-que-tem-doenca-autoimune-que-pode-levar-a-paralisia\/#primaryimage\"},\"image\":{\"@id\":\"https:\/\/brasilnoticias.org\/site\/reynaldo-gianecchini-revela-que-tem-doenca-autoimune-que-pode-levar-a-paralisia\/#primaryimage\"},\"thumbnailUrl\":\"https:\/\/brasilnoticias.org\/site\/wp-content\/uploads\/2024\/06\/151547reynaldo-gianecchini-revela-que-tem-doenca-autoimune-que-pode-levar-a-paralisia-3.jpg\",\"datePublished\":\"2024-06-14T15:36:03+00:00\",\"breadcrumb\":{\"@id\":\"https:\/\/brasilnoticias.org\/site\/reynaldo-gianecchini-revela-que-tem-doenca-autoimune-que-pode-levar-a-paralisia\/#breadcrumb\"},\"inLanguage\":\"pt-PT\",\"potentialAction\":[{\"@type\":\"ReadAction\",\"target\":[\"https:\/\/brasilnoticias.org\/site\/reynaldo-gianecchini-revela-que-tem-doenca-autoimune-que-pode-levar-a-paralisia\/\"]}]},{\"@type\":\"ImageObject\",\"inLanguage\":\"pt-PT\",\"@id\":\"https:\/\/brasilnoticias.org\/site\/reynaldo-gianecchini-revela-que-tem-doenca-autoimune-que-pode-levar-a-paralisia\/#primaryimage\",\"url\":\"https:\/\/brasilnoticias.org\/site\/wp-content\/uploads\/2024\/06\/151547reynaldo-gianecchini-revela-que-tem-doenca-autoimune-que-pode-levar-a-paralisia-3.jpg\",\"contentUrl\":\"https:\/\/brasilnoticias.org\/site\/wp-content\/uploads\/2024\/06\/151547reynaldo-gianecchini-revela-que-tem-doenca-autoimune-que-pode-levar-a-paralisia-3.jpg\",\"width\":1600,\"height\":752},{\"@type\":\"BreadcrumbList\",\"@id\":\"https:\/\/brasilnoticias.org\/site\/reynaldo-gianecchini-revela-que-tem-doenca-autoimune-que-pode-levar-a-paralisia\/#breadcrumb\",\"itemListElement\":[{\"@type\":\"ListItem\",\"position\":1,\"name\":\"In\u00edcio\",\"item\":\"https:\/\/brasilnoticias.org\/site\/\"},{\"@type\":\"ListItem\",\"position\":2,\"name\":\"Reynaldo Gianecchini revela que tem doen\u00e7a autoimune que pode levar \u00e0 paralisia\"}]},{\"@type\":\"WebSite\",\"@id\":\"https:\/\/brasilnoticias.org\/site\/#website\",\"url\":\"https:\/\/brasilnoticias.org\/site\/\",\"name\":\"Brasil not\u00edcias\",\"description\":\"Brasil not\u00edcias\",\"publisher\":{\"@id\":\"https:\/\/brasilnoticias.org\/site\/#organization\"},\"potentialAction\":[{\"@type\":\"SearchAction\",\"target\":{\"@type\":\"EntryPoint\",\"urlTemplate\":\"https:\/\/brasilnoticias.org\/site\/?s={search_term_string}\"},\"query-input\":{\"@type\":\"PropertyValueSpecification\",\"valueRequired\":true,\"valueName\":\"search_term_string\"}}],\"inLanguage\":\"pt-PT\"},{\"@type\":\"Organization\",\"@id\":\"https:\/\/brasilnoticias.org\/site\/#organization\",\"name\":\"Brasil not\u00edcias\",\"url\":\"https:\/\/brasilnoticias.org\/site\/\",\"logo\":{\"@type\":\"ImageObject\",\"inLanguage\":\"pt-PT\",\"@id\":\"https:\/\/brasilnoticias.org\/site\/#\/schema\/logo\/image\/\",\"url\":\"https:\/\/brasilnoticias.org\/site\/wp-content\/uploads\/2022\/05\/cropped-brasilnoticias-mini.jpg\",\"contentUrl\":\"https:\/\/brasilnoticias.org\/site\/wp-content\/uploads\/2022\/05\/cropped-brasilnoticias-mini.jpg\",\"width\":314,\"height\":86,\"caption\":\"Brasil not\u00edcias\"},\"image\":{\"@id\":\"https:\/\/brasilnoticias.org\/site\/#\/schema\/logo\/image\/\"}},{\"@type\":\"Person\",\"@id\":\"https:\/\/brasilnoticias.org\/site\/#\/schema\/person\/03bbbfe6c7634ad18c26444ea39049fa\",\"name\":\"Reda\u00e7\u00e3o\",\"image\":{\"@type\":\"ImageObject\",\"inLanguage\":\"pt-PT\",\"@id\":\"https:\/\/brasilnoticias.org\/site\/#\/schema\/person\/image\/\",\"url\":\"https:\/\/secure.gravatar.com\/avatar\/9ecaf7327a696cb23ad926fedded5f1f04d7049de9e445375d55b48c001a6e42?s=96&d=mm&r=g\",\"contentUrl\":\"https:\/\/secure.gravatar.com\/avatar\/9ecaf7327a696cb23ad926fedded5f1f04d7049de9e445375d55b48c001a6e42?s=96&d=mm&r=g\",\"caption\":\"Reda\u00e7\u00e3o\"},\"url\":\"https:\/\/brasilnoticias.org\/site\/author\/henrique\/\"}]}<\/script>\n<!-- \/ Yoast SEO plugin. -->","yoast_head_json":{"title":"Reynaldo Gianecchini revela que tem doen\u00e7a autoimune que pode levar \u00e0 paralisia - Brasil not\u00edcias","robots":{"index":"index","follow":"follow","max-snippet":"max-snippet:-1","max-image-preview":"max-image-preview:large","max-video-preview":"max-video-preview:-1"},"canonical":"https:\/\/brasilnoticias.org\/site\/reynaldo-gianecchini-revela-que-tem-doenca-autoimune-que-pode-levar-a-paralisia\/","og_locale":"pt_PT","og_type":"article","og_title":"Reynaldo Gianecchini revela que tem doen\u00e7a autoimune que pode levar \u00e0 paralisia - Brasil not\u00edcias","og_description":"O ator descobriu ser portador da S\u00edndrome de Guillain-Barr\u00e9 enquanto preparava o musical &#8220;Priscilla, a Rainha do Deserto&#8221; Reynaldo Gianecchini","og_url":"https:\/\/brasilnoticias.org\/site\/reynaldo-gianecchini-revela-que-tem-doenca-autoimune-que-pode-levar-a-paralisia\/","og_site_name":"Brasil not\u00edcias","article_published_time":"2024-06-14T15:36:03+00:00","og_image":[{"width":1600,"height":752,"url":"https:\/\/brasilnoticias.org\/site\/wp-content\/uploads\/2024\/06\/151547reynaldo-gianecchini-revela-que-tem-doenca-autoimune-que-pode-levar-a-paralisia-3.jpg","type":"image\/jpeg"}],"author":"Reda\u00e7\u00e3o","twitter_card":"summary_large_image","twitter_misc":{"Escrito por":"Reda\u00e7\u00e3o"},"schema":{"@context":"https:\/\/schema.org","@graph":[{"@type":"Article","@id":"https:\/\/brasilnoticias.org\/site\/reynaldo-gianecchini-revela-que-tem-doenca-autoimune-que-pode-levar-a-paralisia\/#article","isPartOf":{"@id":"https:\/\/brasilnoticias.org\/site\/reynaldo-gianecchini-revela-que-tem-doenca-autoimune-que-pode-levar-a-paralisia\/"},"author":{"name":"Reda\u00e7\u00e3o","@id":"https:\/\/brasilnoticias.org\/site\/#\/schema\/person\/03bbbfe6c7634ad18c26444ea39049fa"},"headline":"Reynaldo Gianecchini revela que tem doen\u00e7a autoimune que pode levar \u00e0 paralisia","datePublished":"2024-06-14T15:36:03+00:00","mainEntityOfPage":{"@id":"https:\/\/brasilnoticias.org\/site\/reynaldo-gianecchini-revela-que-tem-doenca-autoimune-que-pode-levar-a-paralisia\/"},"wordCount":263,"commentCount":0,"publisher":{"@id":"https:\/\/brasilnoticias.org\/site\/#organization"},"image":{"@id":"https:\/\/brasilnoticias.org\/site\/reynaldo-gianecchini-revela-que-tem-doenca-autoimune-que-pode-levar-a-paralisia\/#primaryimage"},"thumbnailUrl":"https:\/\/brasilnoticias.org\/site\/wp-content\/uploads\/2024\/06\/151547reynaldo-gianecchini-revela-que-tem-doenca-autoimune-que-pode-levar-a-paralisia-3.jpg","articleSection":["Entretenimento","\u00daltimas"],"inLanguage":"pt-PT","potentialAction":[{"@type":"CommentAction","name":"Comment","target":["https:\/\/brasilnoticias.org\/site\/reynaldo-gianecchini-revela-que-tem-doenca-autoimune-que-pode-levar-a-paralisia\/#respond"]}]},{"@type":"WebPage","@id":"https:\/\/brasilnoticias.org\/site\/reynaldo-gianecchini-revela-que-tem-doenca-autoimune-que-pode-levar-a-paralisia\/","url":"https:\/\/brasilnoticias.org\/site\/reynaldo-gianecchini-revela-que-tem-doenca-autoimune-que-pode-levar-a-paralisia\/","name":"Reynaldo Gianecchini revela que tem doen\u00e7a autoimune que pode levar \u00e0 paralisia - Brasil not\u00edcias","isPartOf":{"@id":"https:\/\/brasilnoticias.org\/site\/#website"},"primaryImageOfPage":{"@id":"https:\/\/brasilnoticias.org\/site\/reynaldo-gianecchini-revela-que-tem-doenca-autoimune-que-pode-levar-a-paralisia\/#primaryimage"},"image":{"@id":"https:\/\/brasilnoticias.org\/site\/reynaldo-gianecchini-revela-que-tem-doenca-autoimune-que-pode-levar-a-paralisia\/#primaryimage"},"thumbnailUrl":"https:\/\/brasilnoticias.org\/site\/wp-content\/uploads\/2024\/06\/151547reynaldo-gianecchini-revela-que-tem-doenca-autoimune-que-pode-levar-a-paralisia-3.jpg","datePublished":"2024-06-14T15:36:03+00:00","breadcrumb":{"@id":"https:\/\/brasilnoticias.org\/site\/reynaldo-gianecchini-revela-que-tem-doenca-autoimune-que-pode-levar-a-paralisia\/#breadcrumb"},"inLanguage":"pt-PT","potentialAction":[{"@type":"ReadAction","target":["https:\/\/brasilnoticias.org\/site\/reynaldo-gianecchini-revela-que-tem-doenca-autoimune-que-pode-levar-a-paralisia\/"]}]},{"@type":"ImageObject","inLanguage":"pt-PT","@id":"https:\/\/brasilnoticias.org\/site\/reynaldo-gianecchini-revela-que-tem-doenca-autoimune-que-pode-levar-a-paralisia\/#primaryimage","url":"https:\/\/brasilnoticias.org\/site\/wp-content\/uploads\/2024\/06\/151547reynaldo-gianecchini-revela-que-tem-doenca-autoimune-que-pode-levar-a-paralisia-3.jpg","contentUrl":"https:\/\/brasilnoticias.org\/site\/wp-content\/uploads\/2024\/06\/151547reynaldo-gianecchini-revela-que-tem-doenca-autoimune-que-pode-levar-a-paralisia-3.jpg","width":1600,"height":752},{"@type":"BreadcrumbList","@id":"https:\/\/brasilnoticias.org\/site\/reynaldo-gianecchini-revela-que-tem-doenca-autoimune-que-pode-levar-a-paralisia\/#breadcrumb","itemListElement":[{"@type":"ListItem","position":1,"name":"In\u00edcio","item":"https:\/\/brasilnoticias.org\/site\/"},{"@type":"ListItem","position":2,"name":"Reynaldo Gianecchini revela que tem doen\u00e7a autoimune que pode levar \u00e0 paralisia"}]},{"@type":"WebSite","@id":"https:\/\/brasilnoticias.org\/site\/#website","url":"https:\/\/brasilnoticias.org\/site\/","name":"Brasil not\u00edcias","description":"Brasil not\u00edcias","publisher":{"@id":"https:\/\/brasilnoticias.org\/site\/#organization"},"potentialAction":[{"@type":"SearchAction","target":{"@type":"EntryPoint","urlTemplate":"https:\/\/brasilnoticias.org\/site\/?s={search_term_string}"},"query-input":{"@type":"PropertyValueSpecification","valueRequired":true,"valueName":"search_term_string"}}],"inLanguage":"pt-PT"},{"@type":"Organization","@id":"https:\/\/brasilnoticias.org\/site\/#organization","name":"Brasil not\u00edcias","url":"https:\/\/brasilnoticias.org\/site\/","logo":{"@type":"ImageObject","inLanguage":"pt-PT","@id":"https:\/\/brasilnoticias.org\/site\/#\/schema\/logo\/image\/","url":"https:\/\/brasilnoticias.org\/site\/wp-content\/uploads\/2022\/05\/cropped-brasilnoticias-mini.jpg","contentUrl":"https:\/\/brasilnoticias.org\/site\/wp-content\/uploads\/2022\/05\/cropped-brasilnoticias-mini.jpg","width":314,"height":86,"caption":"Brasil not\u00edcias"},"image":{"@id":"https:\/\/brasilnoticias.org\/site\/#\/schema\/logo\/image\/"}},{"@type":"Person","@id":"https:\/\/brasilnoticias.org\/site\/#\/schema\/person\/03bbbfe6c7634ad18c26444ea39049fa","name":"Reda\u00e7\u00e3o","image":{"@type":"ImageObject","inLanguage":"pt-PT","@id":"https:\/\/brasilnoticias.org\/site\/#\/schema\/person\/image\/","url":"https:\/\/secure.gravatar.com\/avatar\/9ecaf7327a696cb23ad926fedded5f1f04d7049de9e445375d55b48c001a6e42?s=96&d=mm&r=g","contentUrl":"https:\/\/secure.gravatar.com\/avatar\/9ecaf7327a696cb23ad926fedded5f1f04d7049de9e445375d55b48c001a6e42?s=96&d=mm&r=g","caption":"Reda\u00e7\u00e3o"},"url":"https:\/\/brasilnoticias.org\/site\/author\/henrique\/"}]}},"_links":{"self":[{"href":"https:\/\/brasilnoticias.org\/site\/wp-json\/wp\/v2\/posts\/14620","targetHints":{"allow":["GET"]}}],"collection":[{"href":"https:\/\/brasilnoticias.org\/site\/wp-json\/wp\/v2\/posts"}],"about":[{"href":"https:\/\/brasilnoticias.org\/site\/wp-json\/wp\/v2\/types\/post"}],"author":[{"embeddable":true,"href":"https:\/\/brasilnoticias.org\/site\/wp-json\/wp\/v2\/users\/4"}],"replies":[{"embeddable":true,"href":"https:\/\/brasilnoticias.org\/site\/wp-json\/wp\/v2\/comments?post=14620"}],"version-history":[{"count":1,"href":"https:\/\/brasilnoticias.org\/site\/wp-json\/wp\/v2\/posts\/14620\/revisions"}],"predecessor-version":[{"id":14622,"href":"https:\/\/brasilnoticias.org\/site\/wp-json\/wp\/v2\/posts\/14620\/revisions\/14622"}],"wp:featuredmedia":[{"embeddable":true,"href":"https:\/\/brasilnoticias.org\/site\/wp-json\/wp\/v2\/media\/14621"}],"wp:attachment":[{"href":"https:\/\/brasilnoticias.org\/site\/wp-json\/wp\/v2\/media?parent=14620"}],"wp:term":[{"taxonomy":"category","embeddable":true,"href":"https:\/\/brasilnoticias.org\/site\/wp-json\/wp\/v2\/categories?post=14620"},{"taxonomy":"post_tag","embeddable":true,"href":"https:\/\/brasilnoticias.org\/site\/wp-json\/wp\/v2\/tags?post=14620"}],"curies":[{"name":"wp","href":"https:\/\/api.w.org\/{rel}","templated":true}]}}