{"id":14626,"date":"2024-06-14T12:38:05","date_gmt":"2024-06-14T15:38:05","guid":{"rendered":"https:\/\/brasilnoticias.org\/site\/?p=14626"},"modified":"2024-06-14T12:38:05","modified_gmt":"2024-06-14T15:38:05","slug":"stf-forma-maioria-para-prorrogar-lei-de-cotas-em-concursos-publicos","status":"publish","type":"post","link":"https:\/\/brasilnoticias.org\/site\/stf-forma-maioria-para-prorrogar-lei-de-cotas-em-concursos-publicos\/","title":{"rendered":"STF forma maioria para prorrogar lei de cotas em concursos p\u00fablicos"},"content":{"rendered":"<p>Lei que reserva 20% das vagas em concursos p\u00fablicos federais para negros foi sancionada em 2014 e estabeleceu dez anos para o encerramento da pol\u00edtica; norma perde a validade no dia 9 de junho<\/p>\n<p>O Supremo Tribunal Federal (STF) formou maioria para dar continuidade \u00e0 lei de cotas raciais em concursos p\u00fablicos. A decis\u00e3o, que foi tomada na quinta-feira (13), indica que a lei ser\u00e1 v\u00e1lida at\u00e9 que o Congresso Nacional aprove uma nova regra sobre o tema. <\/p>\n<p>Criada em 2014, a lei previu o prazo de dez anos para que pol\u00edticas p\u00fablicas fossem desenvolvidas sobre o tema. O prazo de encerramento da pol\u00edtica marcado no projeto aprovado era o dia 9 de junho. No voto, Dino disse que, como a lei tem como objetivo firmar um marco para a pol\u00edtica de cotas, o prazo de validade n\u00e3o poderia ser r\u00edgido. <\/p>\n<p>\u201cTais cotas permanecer\u00e3o sendo observadas at\u00e9 que se conclua o processo legislativo de compet\u00eancia do Congresso Nacional e, subsequentemente, do Poder Executivo\u201d, afirmou Dino. O caso est\u00e1 sendo analisado no plen\u00e1rio virtual e teve in\u00edcio na \u00faltima sexta-feira (7). No formato, n\u00e3o h\u00e1 debate entre os ministros, que apresentam seus votos de forma escrita em um sistema eletr\u00f4nico. O julgamento se encerra nesta sexta-feira (14).<\/p>\n<p>Foto: Andressa Anholete\/SCO\/STF<br \/>\nPor: Metro1<\/p>\n","protected":false},"excerpt":{"rendered":"<p>Lei que reserva 20% das vagas em concursos p\u00fablicos federais para negros foi sancionada em 2014 e estabeleceu dez anos<\/p>\n","protected":false},"author":4,"featured_media":14627,"comment_status":"open","ping_status":"open","sticky":false,"template":"","format":"standard","meta":{"colormag_page_container_layout":"default_layout","colormag_page_sidebar_layout":"default_layout","_FSMCFIC_featured_image_caption":"","_FSMCFIC_featured_image_nocaption":"","_FSMCFIC_featured_image_hide":"","footnotes":""},"categories":[7,1],"tags":[],"class_list":["post-14626","post","type-post","status-publish","format-standard","has-post-thumbnail","hentry","category-justica","category-ultimas"],"yoast_head":"<!-- This site is optimized with the Yoast SEO plugin v27.1.1 - https:\/\/yoast.com\/product\/yoast-seo-wordpress\/ -->\n<title>STF forma maioria para prorrogar lei de cotas em concursos p\u00fablicos - Brasil not\u00edcias<\/title>\n<meta name=\"robots\" content=\"index, follow, max-snippet:-1, max-image-preview:large, max-video-preview:-1\" \/>\n<link rel=\"canonical\" href=\"https:\/\/brasilnoticias.org\/site\/stf-forma-maioria-para-prorrogar-lei-de-cotas-em-concursos-publicos\/\" \/>\n<meta property=\"og:locale\" content=\"pt_PT\" \/>\n<meta property=\"og:type\" content=\"article\" \/>\n<meta property=\"og:title\" content=\"STF forma maioria para prorrogar lei de cotas em concursos p\u00fablicos - Brasil not\u00edcias\" \/>\n<meta property=\"og:description\" content=\"Lei que reserva 20% das vagas em concursos p\u00fablicos federais para negros foi sancionada em 2014 e estabeleceu dez anos\" \/>\n<meta property=\"og:url\" content=\"https:\/\/brasilnoticias.org\/site\/stf-forma-maioria-para-prorrogar-lei-de-cotas-em-concursos-publicos\/\" \/>\n<meta property=\"og:site_name\" content=\"Brasil not\u00edcias\" \/>\n<meta property=\"article:published_time\" content=\"2024-06-14T15:38:05+00:00\" \/>\n<meta property=\"og:image\" content=\"https:\/\/brasilnoticias.org\/site\/wp-content\/uploads\/2024\/06\/151558stf-forma-maioria-para-prorrogar-lei-de-cotas-em-concursos-publicos-3.jpg\" \/>\n\t<meta property=\"og:image:width\" content=\"1600\" \/>\n\t<meta property=\"og:image:height\" content=\"752\" \/>\n\t<meta property=\"og:image:type\" content=\"image\/jpeg\" \/>\n<meta name=\"author\" content=\"Reda\u00e7\u00e3o\" \/>\n<meta name=\"twitter:card\" content=\"summary_large_image\" \/>\n<meta name=\"twitter:label1\" content=\"Escrito por\" \/>\n\t<meta name=\"twitter:data1\" content=\"Reda\u00e7\u00e3o\" \/>\n<script type=\"application\/ld+json\" class=\"yoast-schema-graph\">{\"@context\":\"https:\/\/schema.org\",\"@graph\":[{\"@type\":\"Article\",\"@id\":\"https:\/\/brasilnoticias.org\/site\/stf-forma-maioria-para-prorrogar-lei-de-cotas-em-concursos-publicos\/#article\",\"isPartOf\":{\"@id\":\"https:\/\/brasilnoticias.org\/site\/stf-forma-maioria-para-prorrogar-lei-de-cotas-em-concursos-publicos\/\"},\"author\":{\"name\":\"Reda\u00e7\u00e3o\",\"@id\":\"https:\/\/brasilnoticias.org\/site\/#\/schema\/person\/03bbbfe6c7634ad18c26444ea39049fa\"},\"headline\":\"STF forma maioria para prorrogar lei de cotas em concursos p\u00fablicos\",\"datePublished\":\"2024-06-14T15:38:05+00:00\",\"mainEntityOfPage\":{\"@id\":\"https:\/\/brasilnoticias.org\/site\/stf-forma-maioria-para-prorrogar-lei-de-cotas-em-concursos-publicos\/\"},\"wordCount\":233,\"commentCount\":0,\"publisher\":{\"@id\":\"https:\/\/brasilnoticias.org\/site\/#organization\"},\"image\":{\"@id\":\"https:\/\/brasilnoticias.org\/site\/stf-forma-maioria-para-prorrogar-lei-de-cotas-em-concursos-publicos\/#primaryimage\"},\"thumbnailUrl\":\"https:\/\/brasilnoticias.org\/site\/wp-content\/uploads\/2024\/06\/151558stf-forma-maioria-para-prorrogar-lei-de-cotas-em-concursos-publicos-3.jpg\",\"articleSection\":[\"Justi\u00e7a\",\"\u00daltimas\"],\"inLanguage\":\"pt-PT\",\"potentialAction\":[{\"@type\":\"CommentAction\",\"name\":\"Comment\",\"target\":[\"https:\/\/brasilnoticias.org\/site\/stf-forma-maioria-para-prorrogar-lei-de-cotas-em-concursos-publicos\/#respond\"]}]},{\"@type\":\"WebPage\",\"@id\":\"https:\/\/brasilnoticias.org\/site\/stf-forma-maioria-para-prorrogar-lei-de-cotas-em-concursos-publicos\/\",\"url\":\"https:\/\/brasilnoticias.org\/site\/stf-forma-maioria-para-prorrogar-lei-de-cotas-em-concursos-publicos\/\",\"name\":\"STF forma maioria para prorrogar lei de cotas em concursos p\u00fablicos - Brasil not\u00edcias\",\"isPartOf\":{\"@id\":\"https:\/\/brasilnoticias.org\/site\/#website\"},\"primaryImageOfPage\":{\"@id\":\"https:\/\/brasilnoticias.org\/site\/stf-forma-maioria-para-prorrogar-lei-de-cotas-em-concursos-publicos\/#primaryimage\"},\"image\":{\"@id\":\"https:\/\/brasilnoticias.org\/site\/stf-forma-maioria-para-prorrogar-lei-de-cotas-em-concursos-publicos\/#primaryimage\"},\"thumbnailUrl\":\"https:\/\/brasilnoticias.org\/site\/wp-content\/uploads\/2024\/06\/151558stf-forma-maioria-para-prorrogar-lei-de-cotas-em-concursos-publicos-3.jpg\",\"datePublished\":\"2024-06-14T15:38:05+00:00\",\"breadcrumb\":{\"@id\":\"https:\/\/brasilnoticias.org\/site\/stf-forma-maioria-para-prorrogar-lei-de-cotas-em-concursos-publicos\/#breadcrumb\"},\"inLanguage\":\"pt-PT\",\"potentialAction\":[{\"@type\":\"ReadAction\",\"target\":[\"https:\/\/brasilnoticias.org\/site\/stf-forma-maioria-para-prorrogar-lei-de-cotas-em-concursos-publicos\/\"]}]},{\"@type\":\"ImageObject\",\"inLanguage\":\"pt-PT\",\"@id\":\"https:\/\/brasilnoticias.org\/site\/stf-forma-maioria-para-prorrogar-lei-de-cotas-em-concursos-publicos\/#primaryimage\",\"url\":\"https:\/\/brasilnoticias.org\/site\/wp-content\/uploads\/2024\/06\/151558stf-forma-maioria-para-prorrogar-lei-de-cotas-em-concursos-publicos-3.jpg\",\"contentUrl\":\"https:\/\/brasilnoticias.org\/site\/wp-content\/uploads\/2024\/06\/151558stf-forma-maioria-para-prorrogar-lei-de-cotas-em-concursos-publicos-3.jpg\",\"width\":1600,\"height\":752},{\"@type\":\"BreadcrumbList\",\"@id\":\"https:\/\/brasilnoticias.org\/site\/stf-forma-maioria-para-prorrogar-lei-de-cotas-em-concursos-publicos\/#breadcrumb\",\"itemListElement\":[{\"@type\":\"ListItem\",\"position\":1,\"name\":\"In\u00edcio\",\"item\":\"https:\/\/brasilnoticias.org\/site\/\"},{\"@type\":\"ListItem\",\"position\":2,\"name\":\"STF forma maioria para prorrogar lei de cotas em concursos p\u00fablicos\"}]},{\"@type\":\"WebSite\",\"@id\":\"https:\/\/brasilnoticias.org\/site\/#website\",\"url\":\"https:\/\/brasilnoticias.org\/site\/\",\"name\":\"Brasil not\u00edcias\",\"description\":\"Brasil not\u00edcias\",\"publisher\":{\"@id\":\"https:\/\/brasilnoticias.org\/site\/#organization\"},\"potentialAction\":[{\"@type\":\"SearchAction\",\"target\":{\"@type\":\"EntryPoint\",\"urlTemplate\":\"https:\/\/brasilnoticias.org\/site\/?s={search_term_string}\"},\"query-input\":{\"@type\":\"PropertyValueSpecification\",\"valueRequired\":true,\"valueName\":\"search_term_string\"}}],\"inLanguage\":\"pt-PT\"},{\"@type\":\"Organization\",\"@id\":\"https:\/\/brasilnoticias.org\/site\/#organization\",\"name\":\"Brasil not\u00edcias\",\"url\":\"https:\/\/brasilnoticias.org\/site\/\",\"logo\":{\"@type\":\"ImageObject\",\"inLanguage\":\"pt-PT\",\"@id\":\"https:\/\/brasilnoticias.org\/site\/#\/schema\/logo\/image\/\",\"url\":\"https:\/\/brasilnoticias.org\/site\/wp-content\/uploads\/2022\/05\/cropped-brasilnoticias-mini.jpg\",\"contentUrl\":\"https:\/\/brasilnoticias.org\/site\/wp-content\/uploads\/2022\/05\/cropped-brasilnoticias-mini.jpg\",\"width\":314,\"height\":86,\"caption\":\"Brasil not\u00edcias\"},\"image\":{\"@id\":\"https:\/\/brasilnoticias.org\/site\/#\/schema\/logo\/image\/\"}},{\"@type\":\"Person\",\"@id\":\"https:\/\/brasilnoticias.org\/site\/#\/schema\/person\/03bbbfe6c7634ad18c26444ea39049fa\",\"name\":\"Reda\u00e7\u00e3o\",\"image\":{\"@type\":\"ImageObject\",\"inLanguage\":\"pt-PT\",\"@id\":\"https:\/\/brasilnoticias.org\/site\/#\/schema\/person\/image\/\",\"url\":\"https:\/\/secure.gravatar.com\/avatar\/9ecaf7327a696cb23ad926fedded5f1f04d7049de9e445375d55b48c001a6e42?s=96&d=mm&r=g\",\"contentUrl\":\"https:\/\/secure.gravatar.com\/avatar\/9ecaf7327a696cb23ad926fedded5f1f04d7049de9e445375d55b48c001a6e42?s=96&d=mm&r=g\",\"caption\":\"Reda\u00e7\u00e3o\"},\"url\":\"https:\/\/brasilnoticias.org\/site\/author\/henrique\/\"}]}<\/script>\n<!-- \/ Yoast SEO plugin. -->","yoast_head_json":{"title":"STF forma maioria para prorrogar lei de cotas em concursos p\u00fablicos - Brasil not\u00edcias","robots":{"index":"index","follow":"follow","max-snippet":"max-snippet:-1","max-image-preview":"max-image-preview:large","max-video-preview":"max-video-preview:-1"},"canonical":"https:\/\/brasilnoticias.org\/site\/stf-forma-maioria-para-prorrogar-lei-de-cotas-em-concursos-publicos\/","og_locale":"pt_PT","og_type":"article","og_title":"STF forma maioria para prorrogar lei de cotas em concursos p\u00fablicos - Brasil not\u00edcias","og_description":"Lei que reserva 20% das vagas em concursos p\u00fablicos federais para negros foi sancionada em 2014 e estabeleceu dez anos","og_url":"https:\/\/brasilnoticias.org\/site\/stf-forma-maioria-para-prorrogar-lei-de-cotas-em-concursos-publicos\/","og_site_name":"Brasil not\u00edcias","article_published_time":"2024-06-14T15:38:05+00:00","og_image":[{"width":1600,"height":752,"url":"https:\/\/brasilnoticias.org\/site\/wp-content\/uploads\/2024\/06\/151558stf-forma-maioria-para-prorrogar-lei-de-cotas-em-concursos-publicos-3.jpg","type":"image\/jpeg"}],"author":"Reda\u00e7\u00e3o","twitter_card":"summary_large_image","twitter_misc":{"Escrito por":"Reda\u00e7\u00e3o"},"schema":{"@context":"https:\/\/schema.org","@graph":[{"@type":"Article","@id":"https:\/\/brasilnoticias.org\/site\/stf-forma-maioria-para-prorrogar-lei-de-cotas-em-concursos-publicos\/#article","isPartOf":{"@id":"https:\/\/brasilnoticias.org\/site\/stf-forma-maioria-para-prorrogar-lei-de-cotas-em-concursos-publicos\/"},"author":{"name":"Reda\u00e7\u00e3o","@id":"https:\/\/brasilnoticias.org\/site\/#\/schema\/person\/03bbbfe6c7634ad18c26444ea39049fa"},"headline":"STF forma maioria para prorrogar lei de cotas em concursos p\u00fablicos","datePublished":"2024-06-14T15:38:05+00:00","mainEntityOfPage":{"@id":"https:\/\/brasilnoticias.org\/site\/stf-forma-maioria-para-prorrogar-lei-de-cotas-em-concursos-publicos\/"},"wordCount":233,"commentCount":0,"publisher":{"@id":"https:\/\/brasilnoticias.org\/site\/#organization"},"image":{"@id":"https:\/\/brasilnoticias.org\/site\/stf-forma-maioria-para-prorrogar-lei-de-cotas-em-concursos-publicos\/#primaryimage"},"thumbnailUrl":"https:\/\/brasilnoticias.org\/site\/wp-content\/uploads\/2024\/06\/151558stf-forma-maioria-para-prorrogar-lei-de-cotas-em-concursos-publicos-3.jpg","articleSection":["Justi\u00e7a","\u00daltimas"],"inLanguage":"pt-PT","potentialAction":[{"@type":"CommentAction","name":"Comment","target":["https:\/\/brasilnoticias.org\/site\/stf-forma-maioria-para-prorrogar-lei-de-cotas-em-concursos-publicos\/#respond"]}]},{"@type":"WebPage","@id":"https:\/\/brasilnoticias.org\/site\/stf-forma-maioria-para-prorrogar-lei-de-cotas-em-concursos-publicos\/","url":"https:\/\/brasilnoticias.org\/site\/stf-forma-maioria-para-prorrogar-lei-de-cotas-em-concursos-publicos\/","name":"STF forma maioria para prorrogar lei de cotas em concursos p\u00fablicos - Brasil not\u00edcias","isPartOf":{"@id":"https:\/\/brasilnoticias.org\/site\/#website"},"primaryImageOfPage":{"@id":"https:\/\/brasilnoticias.org\/site\/stf-forma-maioria-para-prorrogar-lei-de-cotas-em-concursos-publicos\/#primaryimage"},"image":{"@id":"https:\/\/brasilnoticias.org\/site\/stf-forma-maioria-para-prorrogar-lei-de-cotas-em-concursos-publicos\/#primaryimage"},"thumbnailUrl":"https:\/\/brasilnoticias.org\/site\/wp-content\/uploads\/2024\/06\/151558stf-forma-maioria-para-prorrogar-lei-de-cotas-em-concursos-publicos-3.jpg","datePublished":"2024-06-14T15:38:05+00:00","breadcrumb":{"@id":"https:\/\/brasilnoticias.org\/site\/stf-forma-maioria-para-prorrogar-lei-de-cotas-em-concursos-publicos\/#breadcrumb"},"inLanguage":"pt-PT","potentialAction":[{"@type":"ReadAction","target":["https:\/\/brasilnoticias.org\/site\/stf-forma-maioria-para-prorrogar-lei-de-cotas-em-concursos-publicos\/"]}]},{"@type":"ImageObject","inLanguage":"pt-PT","@id":"https:\/\/brasilnoticias.org\/site\/stf-forma-maioria-para-prorrogar-lei-de-cotas-em-concursos-publicos\/#primaryimage","url":"https:\/\/brasilnoticias.org\/site\/wp-content\/uploads\/2024\/06\/151558stf-forma-maioria-para-prorrogar-lei-de-cotas-em-concursos-publicos-3.jpg","contentUrl":"https:\/\/brasilnoticias.org\/site\/wp-content\/uploads\/2024\/06\/151558stf-forma-maioria-para-prorrogar-lei-de-cotas-em-concursos-publicos-3.jpg","width":1600,"height":752},{"@type":"BreadcrumbList","@id":"https:\/\/brasilnoticias.org\/site\/stf-forma-maioria-para-prorrogar-lei-de-cotas-em-concursos-publicos\/#breadcrumb","itemListElement":[{"@type":"ListItem","position":1,"name":"In\u00edcio","item":"https:\/\/brasilnoticias.org\/site\/"},{"@type":"ListItem","position":2,"name":"STF forma maioria para prorrogar lei de cotas em concursos p\u00fablicos"}]},{"@type":"WebSite","@id":"https:\/\/brasilnoticias.org\/site\/#website","url":"https:\/\/brasilnoticias.org\/site\/","name":"Brasil not\u00edcias","description":"Brasil not\u00edcias","publisher":{"@id":"https:\/\/brasilnoticias.org\/site\/#organization"},"potentialAction":[{"@type":"SearchAction","target":{"@type":"EntryPoint","urlTemplate":"https:\/\/brasilnoticias.org\/site\/?s={search_term_string}"},"query-input":{"@type":"PropertyValueSpecification","valueRequired":true,"valueName":"search_term_string"}}],"inLanguage":"pt-PT"},{"@type":"Organization","@id":"https:\/\/brasilnoticias.org\/site\/#organization","name":"Brasil not\u00edcias","url":"https:\/\/brasilnoticias.org\/site\/","logo":{"@type":"ImageObject","inLanguage":"pt-PT","@id":"https:\/\/brasilnoticias.org\/site\/#\/schema\/logo\/image\/","url":"https:\/\/brasilnoticias.org\/site\/wp-content\/uploads\/2022\/05\/cropped-brasilnoticias-mini.jpg","contentUrl":"https:\/\/brasilnoticias.org\/site\/wp-content\/uploads\/2022\/05\/cropped-brasilnoticias-mini.jpg","width":314,"height":86,"caption":"Brasil not\u00edcias"},"image":{"@id":"https:\/\/brasilnoticias.org\/site\/#\/schema\/logo\/image\/"}},{"@type":"Person","@id":"https:\/\/brasilnoticias.org\/site\/#\/schema\/person\/03bbbfe6c7634ad18c26444ea39049fa","name":"Reda\u00e7\u00e3o","image":{"@type":"ImageObject","inLanguage":"pt-PT","@id":"https:\/\/brasilnoticias.org\/site\/#\/schema\/person\/image\/","url":"https:\/\/secure.gravatar.com\/avatar\/9ecaf7327a696cb23ad926fedded5f1f04d7049de9e445375d55b48c001a6e42?s=96&d=mm&r=g","contentUrl":"https:\/\/secure.gravatar.com\/avatar\/9ecaf7327a696cb23ad926fedded5f1f04d7049de9e445375d55b48c001a6e42?s=96&d=mm&r=g","caption":"Reda\u00e7\u00e3o"},"url":"https:\/\/brasilnoticias.org\/site\/author\/henrique\/"}]}},"_links":{"self":[{"href":"https:\/\/brasilnoticias.org\/site\/wp-json\/wp\/v2\/posts\/14626","targetHints":{"allow":["GET"]}}],"collection":[{"href":"https:\/\/brasilnoticias.org\/site\/wp-json\/wp\/v2\/posts"}],"about":[{"href":"https:\/\/brasilnoticias.org\/site\/wp-json\/wp\/v2\/types\/post"}],"author":[{"embeddable":true,"href":"https:\/\/brasilnoticias.org\/site\/wp-json\/wp\/v2\/users\/4"}],"replies":[{"embeddable":true,"href":"https:\/\/brasilnoticias.org\/site\/wp-json\/wp\/v2\/comments?post=14626"}],"version-history":[{"count":1,"href":"https:\/\/brasilnoticias.org\/site\/wp-json\/wp\/v2\/posts\/14626\/revisions"}],"predecessor-version":[{"id":14628,"href":"https:\/\/brasilnoticias.org\/site\/wp-json\/wp\/v2\/posts\/14626\/revisions\/14628"}],"wp:featuredmedia":[{"embeddable":true,"href":"https:\/\/brasilnoticias.org\/site\/wp-json\/wp\/v2\/media\/14627"}],"wp:attachment":[{"href":"https:\/\/brasilnoticias.org\/site\/wp-json\/wp\/v2\/media?parent=14626"}],"wp:term":[{"taxonomy":"category","embeddable":true,"href":"https:\/\/brasilnoticias.org\/site\/wp-json\/wp\/v2\/categories?post=14626"},{"taxonomy":"post_tag","embeddable":true,"href":"https:\/\/brasilnoticias.org\/site\/wp-json\/wp\/v2\/tags?post=14626"}],"curies":[{"name":"wp","href":"https:\/\/api.w.org\/{rel}","templated":true}]}}