{"id":14634,"date":"2024-06-15T18:53:31","date_gmt":"2024-06-15T21:53:31","guid":{"rendered":"https:\/\/brasilnoticias.org\/site\/?p=14634"},"modified":"2024-06-15T18:53:31","modified_gmt":"2024-06-15T21:53:31","slug":"apos-4-dias-foragido-presidente-do-solidariedade-se-entrega-a-policia-federal","status":"publish","type":"post","link":"https:\/\/brasilnoticias.org\/site\/apos-4-dias-foragido-presidente-do-solidariedade-se-entrega-a-policia-federal\/","title":{"rendered":"Ap\u00f3s 4 dias foragido, presidente do Solidariedade se entrega \u00e0 Pol\u00edcia Federal"},"content":{"rendered":"<p>Eur\u00edpides Gomes Jr. \u00e9 suspeito de desvio milion\u00e1rio de verba partid\u00e1ria. Ele estava foragido desde a \u00faltima quarta-feira (12)<\/p>\n<p>O presidente do Solidariedade, Eur\u00edpedes Gomes J\u00fanior, se entregou \u00e0 Pol\u00edcia Federal (PF) em Bras\u00edlia na manh\u00e3 deste s\u00e1bado (15). Ele estava foragido desde a \u00faltima quarta-feira (12) e, segundo a corpora\u00e7\u00e3o, permanecer\u00e1 sob cust\u00f3dia at\u00e9 libera\u00e7\u00e3o para ingresso no sistema penitenci\u00e1rio.<\/p>\n<p>Eur\u00edpedes se entregou \u00e0 pol\u00edcia por volta das 11h45. Ele \u00e9 alvo de opera\u00e7\u00e3o que apura supostos desvios de recursos, nas elei\u00e7\u00f5es de 2022, dos fundos partid\u00e1rio e eleitoral do partido PROS \u2013 que foi incorporado pelo Solidariedade no ano passado. De acordo com o portal g1, as investiga\u00e7\u00f5es come\u00e7aram a partir de uma den\u00fancia feita por Marcus Vinicius Chaves de Holanda, que foi presidente do PROS. Ele acusou Eur\u00edpedes J\u00fanior de desviar cerca de R$ 36 milh\u00f5es do partido.<\/p>\n<p>Na opera\u00e7\u00e3o da \u00faltima quarta-feira (12), os policiais tentam bloquear e indisponibilizar R$ 36 milh\u00f5es e 33 im\u00f3veis do grupo. Na ocasi\u00e3o, Eur\u00edpides n\u00e3o foi encontrado em casa pelos agentes durante a opera\u00e7\u00e3o. Ele tinha uma viagem marcada, mas tamb\u00e9m n\u00e3o compareceu ao aeroporto.<\/p>\n<p>Foto: Reprodu\u00e7\u00e3o\/Redes sociais<br \/>\nPor: Metro1<\/p>\n","protected":false},"excerpt":{"rendered":"<p>Eur\u00edpides Gomes Jr. \u00e9 suspeito de desvio milion\u00e1rio de verba partid\u00e1ria. Ele estava foragido desde a \u00faltima quarta-feira (12) O<\/p>\n","protected":false},"author":4,"featured_media":14635,"comment_status":"open","ping_status":"open","sticky":false,"template":"","format":"standard","meta":{"colormag_page_container_layout":"default_layout","colormag_page_sidebar_layout":"default_layout","_FSMCFIC_featured_image_caption":"","_FSMCFIC_featured_image_nocaption":"","_FSMCFIC_featured_image_hide":"","footnotes":""},"categories":[5,1],"tags":[],"class_list":["post-14634","post","type-post","status-publish","format-standard","has-post-thumbnail","hentry","category-politica","category-ultimas"],"yoast_head":"<!-- This site is optimized with the Yoast SEO plugin v27.1.1 - https:\/\/yoast.com\/product\/yoast-seo-wordpress\/ -->\n<title>Ap\u00f3s 4 dias foragido, presidente do Solidariedade se entrega \u00e0 Pol\u00edcia Federal - Brasil not\u00edcias<\/title>\n<meta name=\"robots\" content=\"index, follow, max-snippet:-1, max-image-preview:large, max-video-preview:-1\" \/>\n<link rel=\"canonical\" href=\"https:\/\/brasilnoticias.org\/site\/apos-4-dias-foragido-presidente-do-solidariedade-se-entrega-a-policia-federal\/\" \/>\n<meta property=\"og:locale\" content=\"pt_PT\" \/>\n<meta property=\"og:type\" content=\"article\" \/>\n<meta property=\"og:title\" content=\"Ap\u00f3s 4 dias foragido, presidente do Solidariedade se entrega \u00e0 Pol\u00edcia Federal - Brasil not\u00edcias\" \/>\n<meta property=\"og:description\" content=\"Eur\u00edpides Gomes Jr. \u00e9 suspeito de desvio milion\u00e1rio de verba partid\u00e1ria. Ele estava foragido desde a \u00faltima quarta-feira (12) O\" \/>\n<meta property=\"og:url\" content=\"https:\/\/brasilnoticias.org\/site\/apos-4-dias-foragido-presidente-do-solidariedade-se-entrega-a-policia-federal\/\" \/>\n<meta property=\"og:site_name\" content=\"Brasil not\u00edcias\" \/>\n<meta property=\"article:published_time\" content=\"2024-06-15T21:53:31+00:00\" \/>\n<meta property=\"og:image\" content=\"https:\/\/brasilnoticias.org\/site\/wp-content\/uploads\/2024\/06\/151601apos-4-dias-foragido-presidente-do-solidariedade-se-entrega-a-policia-federal-3.jpg\" \/>\n\t<meta property=\"og:image:width\" content=\"1600\" \/>\n\t<meta property=\"og:image:height\" content=\"752\" \/>\n\t<meta property=\"og:image:type\" content=\"image\/jpeg\" \/>\n<meta name=\"author\" content=\"Reda\u00e7\u00e3o\" \/>\n<meta name=\"twitter:card\" content=\"summary_large_image\" \/>\n<meta name=\"twitter:label1\" content=\"Escrito por\" \/>\n\t<meta name=\"twitter:data1\" content=\"Reda\u00e7\u00e3o\" \/>\n\t<meta name=\"twitter:label2\" content=\"Tempo estimado de leitura\" \/>\n\t<meta name=\"twitter:data2\" content=\"1 minuto\" \/>\n<script type=\"application\/ld+json\" class=\"yoast-schema-graph\">{\"@context\":\"https:\/\/schema.org\",\"@graph\":[{\"@type\":\"Article\",\"@id\":\"https:\/\/brasilnoticias.org\/site\/apos-4-dias-foragido-presidente-do-solidariedade-se-entrega-a-policia-federal\/#article\",\"isPartOf\":{\"@id\":\"https:\/\/brasilnoticias.org\/site\/apos-4-dias-foragido-presidente-do-solidariedade-se-entrega-a-policia-federal\/\"},\"author\":{\"name\":\"Reda\u00e7\u00e3o\",\"@id\":\"https:\/\/brasilnoticias.org\/site\/#\/schema\/person\/03bbbfe6c7634ad18c26444ea39049fa\"},\"headline\":\"Ap\u00f3s 4 dias foragido, presidente do Solidariedade se entrega \u00e0 Pol\u00edcia Federal\",\"datePublished\":\"2024-06-15T21:53:31+00:00\",\"mainEntityOfPage\":{\"@id\":\"https:\/\/brasilnoticias.org\/site\/apos-4-dias-foragido-presidente-do-solidariedade-se-entrega-a-policia-federal\/\"},\"wordCount\":223,\"commentCount\":0,\"publisher\":{\"@id\":\"https:\/\/brasilnoticias.org\/site\/#organization\"},\"image\":{\"@id\":\"https:\/\/brasilnoticias.org\/site\/apos-4-dias-foragido-presidente-do-solidariedade-se-entrega-a-policia-federal\/#primaryimage\"},\"thumbnailUrl\":\"https:\/\/brasilnoticias.org\/site\/wp-content\/uploads\/2024\/06\/151601apos-4-dias-foragido-presidente-do-solidariedade-se-entrega-a-policia-federal-3.jpg\",\"articleSection\":[\"Pol\u00edtica\",\"\u00daltimas\"],\"inLanguage\":\"pt-PT\",\"potentialAction\":[{\"@type\":\"CommentAction\",\"name\":\"Comment\",\"target\":[\"https:\/\/brasilnoticias.org\/site\/apos-4-dias-foragido-presidente-do-solidariedade-se-entrega-a-policia-federal\/#respond\"]}]},{\"@type\":\"WebPage\",\"@id\":\"https:\/\/brasilnoticias.org\/site\/apos-4-dias-foragido-presidente-do-solidariedade-se-entrega-a-policia-federal\/\",\"url\":\"https:\/\/brasilnoticias.org\/site\/apos-4-dias-foragido-presidente-do-solidariedade-se-entrega-a-policia-federal\/\",\"name\":\"Ap\u00f3s 4 dias foragido, presidente do Solidariedade se entrega \u00e0 Pol\u00edcia Federal - Brasil not\u00edcias\",\"isPartOf\":{\"@id\":\"https:\/\/brasilnoticias.org\/site\/#website\"},\"primaryImageOfPage\":{\"@id\":\"https:\/\/brasilnoticias.org\/site\/apos-4-dias-foragido-presidente-do-solidariedade-se-entrega-a-policia-federal\/#primaryimage\"},\"image\":{\"@id\":\"https:\/\/brasilnoticias.org\/site\/apos-4-dias-foragido-presidente-do-solidariedade-se-entrega-a-policia-federal\/#primaryimage\"},\"thumbnailUrl\":\"https:\/\/brasilnoticias.org\/site\/wp-content\/uploads\/2024\/06\/151601apos-4-dias-foragido-presidente-do-solidariedade-se-entrega-a-policia-federal-3.jpg\",\"datePublished\":\"2024-06-15T21:53:31+00:00\",\"breadcrumb\":{\"@id\":\"https:\/\/brasilnoticias.org\/site\/apos-4-dias-foragido-presidente-do-solidariedade-se-entrega-a-policia-federal\/#breadcrumb\"},\"inLanguage\":\"pt-PT\",\"potentialAction\":[{\"@type\":\"ReadAction\",\"target\":[\"https:\/\/brasilnoticias.org\/site\/apos-4-dias-foragido-presidente-do-solidariedade-se-entrega-a-policia-federal\/\"]}]},{\"@type\":\"ImageObject\",\"inLanguage\":\"pt-PT\",\"@id\":\"https:\/\/brasilnoticias.org\/site\/apos-4-dias-foragido-presidente-do-solidariedade-se-entrega-a-policia-federal\/#primaryimage\",\"url\":\"https:\/\/brasilnoticias.org\/site\/wp-content\/uploads\/2024\/06\/151601apos-4-dias-foragido-presidente-do-solidariedade-se-entrega-a-policia-federal-3.jpg\",\"contentUrl\":\"https:\/\/brasilnoticias.org\/site\/wp-content\/uploads\/2024\/06\/151601apos-4-dias-foragido-presidente-do-solidariedade-se-entrega-a-policia-federal-3.jpg\",\"width\":1600,\"height\":752},{\"@type\":\"BreadcrumbList\",\"@id\":\"https:\/\/brasilnoticias.org\/site\/apos-4-dias-foragido-presidente-do-solidariedade-se-entrega-a-policia-federal\/#breadcrumb\",\"itemListElement\":[{\"@type\":\"ListItem\",\"position\":1,\"name\":\"In\u00edcio\",\"item\":\"https:\/\/brasilnoticias.org\/site\/\"},{\"@type\":\"ListItem\",\"position\":2,\"name\":\"Ap\u00f3s 4 dias foragido, presidente do Solidariedade se entrega \u00e0 Pol\u00edcia Federal\"}]},{\"@type\":\"WebSite\",\"@id\":\"https:\/\/brasilnoticias.org\/site\/#website\",\"url\":\"https:\/\/brasilnoticias.org\/site\/\",\"name\":\"Brasil not\u00edcias\",\"description\":\"Brasil not\u00edcias\",\"publisher\":{\"@id\":\"https:\/\/brasilnoticias.org\/site\/#organization\"},\"potentialAction\":[{\"@type\":\"SearchAction\",\"target\":{\"@type\":\"EntryPoint\",\"urlTemplate\":\"https:\/\/brasilnoticias.org\/site\/?s={search_term_string}\"},\"query-input\":{\"@type\":\"PropertyValueSpecification\",\"valueRequired\":true,\"valueName\":\"search_term_string\"}}],\"inLanguage\":\"pt-PT\"},{\"@type\":\"Organization\",\"@id\":\"https:\/\/brasilnoticias.org\/site\/#organization\",\"name\":\"Brasil not\u00edcias\",\"url\":\"https:\/\/brasilnoticias.org\/site\/\",\"logo\":{\"@type\":\"ImageObject\",\"inLanguage\":\"pt-PT\",\"@id\":\"https:\/\/brasilnoticias.org\/site\/#\/schema\/logo\/image\/\",\"url\":\"https:\/\/brasilnoticias.org\/site\/wp-content\/uploads\/2022\/05\/cropped-brasilnoticias-mini.jpg\",\"contentUrl\":\"https:\/\/brasilnoticias.org\/site\/wp-content\/uploads\/2022\/05\/cropped-brasilnoticias-mini.jpg\",\"width\":314,\"height\":86,\"caption\":\"Brasil not\u00edcias\"},\"image\":{\"@id\":\"https:\/\/brasilnoticias.org\/site\/#\/schema\/logo\/image\/\"}},{\"@type\":\"Person\",\"@id\":\"https:\/\/brasilnoticias.org\/site\/#\/schema\/person\/03bbbfe6c7634ad18c26444ea39049fa\",\"name\":\"Reda\u00e7\u00e3o\",\"image\":{\"@type\":\"ImageObject\",\"inLanguage\":\"pt-PT\",\"@id\":\"https:\/\/brasilnoticias.org\/site\/#\/schema\/person\/image\/\",\"url\":\"https:\/\/secure.gravatar.com\/avatar\/9ecaf7327a696cb23ad926fedded5f1f04d7049de9e445375d55b48c001a6e42?s=96&d=mm&r=g\",\"contentUrl\":\"https:\/\/secure.gravatar.com\/avatar\/9ecaf7327a696cb23ad926fedded5f1f04d7049de9e445375d55b48c001a6e42?s=96&d=mm&r=g\",\"caption\":\"Reda\u00e7\u00e3o\"},\"url\":\"https:\/\/brasilnoticias.org\/site\/author\/henrique\/\"}]}<\/script>\n<!-- \/ Yoast SEO plugin. -->","yoast_head_json":{"title":"Ap\u00f3s 4 dias foragido, presidente do Solidariedade se entrega \u00e0 Pol\u00edcia Federal - Brasil not\u00edcias","robots":{"index":"index","follow":"follow","max-snippet":"max-snippet:-1","max-image-preview":"max-image-preview:large","max-video-preview":"max-video-preview:-1"},"canonical":"https:\/\/brasilnoticias.org\/site\/apos-4-dias-foragido-presidente-do-solidariedade-se-entrega-a-policia-federal\/","og_locale":"pt_PT","og_type":"article","og_title":"Ap\u00f3s 4 dias foragido, presidente do Solidariedade se entrega \u00e0 Pol\u00edcia Federal - Brasil not\u00edcias","og_description":"Eur\u00edpides Gomes Jr. \u00e9 suspeito de desvio milion\u00e1rio de verba partid\u00e1ria. Ele estava foragido desde a \u00faltima quarta-feira (12) O","og_url":"https:\/\/brasilnoticias.org\/site\/apos-4-dias-foragido-presidente-do-solidariedade-se-entrega-a-policia-federal\/","og_site_name":"Brasil not\u00edcias","article_published_time":"2024-06-15T21:53:31+00:00","og_image":[{"width":1600,"height":752,"url":"https:\/\/brasilnoticias.org\/site\/wp-content\/uploads\/2024\/06\/151601apos-4-dias-foragido-presidente-do-solidariedade-se-entrega-a-policia-federal-3.jpg","type":"image\/jpeg"}],"author":"Reda\u00e7\u00e3o","twitter_card":"summary_large_image","twitter_misc":{"Escrito por":"Reda\u00e7\u00e3o","Tempo estimado de leitura":"1 minuto"},"schema":{"@context":"https:\/\/schema.org","@graph":[{"@type":"Article","@id":"https:\/\/brasilnoticias.org\/site\/apos-4-dias-foragido-presidente-do-solidariedade-se-entrega-a-policia-federal\/#article","isPartOf":{"@id":"https:\/\/brasilnoticias.org\/site\/apos-4-dias-foragido-presidente-do-solidariedade-se-entrega-a-policia-federal\/"},"author":{"name":"Reda\u00e7\u00e3o","@id":"https:\/\/brasilnoticias.org\/site\/#\/schema\/person\/03bbbfe6c7634ad18c26444ea39049fa"},"headline":"Ap\u00f3s 4 dias foragido, presidente do Solidariedade se entrega \u00e0 Pol\u00edcia Federal","datePublished":"2024-06-15T21:53:31+00:00","mainEntityOfPage":{"@id":"https:\/\/brasilnoticias.org\/site\/apos-4-dias-foragido-presidente-do-solidariedade-se-entrega-a-policia-federal\/"},"wordCount":223,"commentCount":0,"publisher":{"@id":"https:\/\/brasilnoticias.org\/site\/#organization"},"image":{"@id":"https:\/\/brasilnoticias.org\/site\/apos-4-dias-foragido-presidente-do-solidariedade-se-entrega-a-policia-federal\/#primaryimage"},"thumbnailUrl":"https:\/\/brasilnoticias.org\/site\/wp-content\/uploads\/2024\/06\/151601apos-4-dias-foragido-presidente-do-solidariedade-se-entrega-a-policia-federal-3.jpg","articleSection":["Pol\u00edtica","\u00daltimas"],"inLanguage":"pt-PT","potentialAction":[{"@type":"CommentAction","name":"Comment","target":["https:\/\/brasilnoticias.org\/site\/apos-4-dias-foragido-presidente-do-solidariedade-se-entrega-a-policia-federal\/#respond"]}]},{"@type":"WebPage","@id":"https:\/\/brasilnoticias.org\/site\/apos-4-dias-foragido-presidente-do-solidariedade-se-entrega-a-policia-federal\/","url":"https:\/\/brasilnoticias.org\/site\/apos-4-dias-foragido-presidente-do-solidariedade-se-entrega-a-policia-federal\/","name":"Ap\u00f3s 4 dias foragido, presidente do Solidariedade se entrega \u00e0 Pol\u00edcia Federal - Brasil not\u00edcias","isPartOf":{"@id":"https:\/\/brasilnoticias.org\/site\/#website"},"primaryImageOfPage":{"@id":"https:\/\/brasilnoticias.org\/site\/apos-4-dias-foragido-presidente-do-solidariedade-se-entrega-a-policia-federal\/#primaryimage"},"image":{"@id":"https:\/\/brasilnoticias.org\/site\/apos-4-dias-foragido-presidente-do-solidariedade-se-entrega-a-policia-federal\/#primaryimage"},"thumbnailUrl":"https:\/\/brasilnoticias.org\/site\/wp-content\/uploads\/2024\/06\/151601apos-4-dias-foragido-presidente-do-solidariedade-se-entrega-a-policia-federal-3.jpg","datePublished":"2024-06-15T21:53:31+00:00","breadcrumb":{"@id":"https:\/\/brasilnoticias.org\/site\/apos-4-dias-foragido-presidente-do-solidariedade-se-entrega-a-policia-federal\/#breadcrumb"},"inLanguage":"pt-PT","potentialAction":[{"@type":"ReadAction","target":["https:\/\/brasilnoticias.org\/site\/apos-4-dias-foragido-presidente-do-solidariedade-se-entrega-a-policia-federal\/"]}]},{"@type":"ImageObject","inLanguage":"pt-PT","@id":"https:\/\/brasilnoticias.org\/site\/apos-4-dias-foragido-presidente-do-solidariedade-se-entrega-a-policia-federal\/#primaryimage","url":"https:\/\/brasilnoticias.org\/site\/wp-content\/uploads\/2024\/06\/151601apos-4-dias-foragido-presidente-do-solidariedade-se-entrega-a-policia-federal-3.jpg","contentUrl":"https:\/\/brasilnoticias.org\/site\/wp-content\/uploads\/2024\/06\/151601apos-4-dias-foragido-presidente-do-solidariedade-se-entrega-a-policia-federal-3.jpg","width":1600,"height":752},{"@type":"BreadcrumbList","@id":"https:\/\/brasilnoticias.org\/site\/apos-4-dias-foragido-presidente-do-solidariedade-se-entrega-a-policia-federal\/#breadcrumb","itemListElement":[{"@type":"ListItem","position":1,"name":"In\u00edcio","item":"https:\/\/brasilnoticias.org\/site\/"},{"@type":"ListItem","position":2,"name":"Ap\u00f3s 4 dias foragido, presidente do Solidariedade se entrega \u00e0 Pol\u00edcia Federal"}]},{"@type":"WebSite","@id":"https:\/\/brasilnoticias.org\/site\/#website","url":"https:\/\/brasilnoticias.org\/site\/","name":"Brasil not\u00edcias","description":"Brasil not\u00edcias","publisher":{"@id":"https:\/\/brasilnoticias.org\/site\/#organization"},"potentialAction":[{"@type":"SearchAction","target":{"@type":"EntryPoint","urlTemplate":"https:\/\/brasilnoticias.org\/site\/?s={search_term_string}"},"query-input":{"@type":"PropertyValueSpecification","valueRequired":true,"valueName":"search_term_string"}}],"inLanguage":"pt-PT"},{"@type":"Organization","@id":"https:\/\/brasilnoticias.org\/site\/#organization","name":"Brasil not\u00edcias","url":"https:\/\/brasilnoticias.org\/site\/","logo":{"@type":"ImageObject","inLanguage":"pt-PT","@id":"https:\/\/brasilnoticias.org\/site\/#\/schema\/logo\/image\/","url":"https:\/\/brasilnoticias.org\/site\/wp-content\/uploads\/2022\/05\/cropped-brasilnoticias-mini.jpg","contentUrl":"https:\/\/brasilnoticias.org\/site\/wp-content\/uploads\/2022\/05\/cropped-brasilnoticias-mini.jpg","width":314,"height":86,"caption":"Brasil not\u00edcias"},"image":{"@id":"https:\/\/brasilnoticias.org\/site\/#\/schema\/logo\/image\/"}},{"@type":"Person","@id":"https:\/\/brasilnoticias.org\/site\/#\/schema\/person\/03bbbfe6c7634ad18c26444ea39049fa","name":"Reda\u00e7\u00e3o","image":{"@type":"ImageObject","inLanguage":"pt-PT","@id":"https:\/\/brasilnoticias.org\/site\/#\/schema\/person\/image\/","url":"https:\/\/secure.gravatar.com\/avatar\/9ecaf7327a696cb23ad926fedded5f1f04d7049de9e445375d55b48c001a6e42?s=96&d=mm&r=g","contentUrl":"https:\/\/secure.gravatar.com\/avatar\/9ecaf7327a696cb23ad926fedded5f1f04d7049de9e445375d55b48c001a6e42?s=96&d=mm&r=g","caption":"Reda\u00e7\u00e3o"},"url":"https:\/\/brasilnoticias.org\/site\/author\/henrique\/"}]}},"_links":{"self":[{"href":"https:\/\/brasilnoticias.org\/site\/wp-json\/wp\/v2\/posts\/14634","targetHints":{"allow":["GET"]}}],"collection":[{"href":"https:\/\/brasilnoticias.org\/site\/wp-json\/wp\/v2\/posts"}],"about":[{"href":"https:\/\/brasilnoticias.org\/site\/wp-json\/wp\/v2\/types\/post"}],"author":[{"embeddable":true,"href":"https:\/\/brasilnoticias.org\/site\/wp-json\/wp\/v2\/users\/4"}],"replies":[{"embeddable":true,"href":"https:\/\/brasilnoticias.org\/site\/wp-json\/wp\/v2\/comments?post=14634"}],"version-history":[{"count":1,"href":"https:\/\/brasilnoticias.org\/site\/wp-json\/wp\/v2\/posts\/14634\/revisions"}],"predecessor-version":[{"id":14636,"href":"https:\/\/brasilnoticias.org\/site\/wp-json\/wp\/v2\/posts\/14634\/revisions\/14636"}],"wp:featuredmedia":[{"embeddable":true,"href":"https:\/\/brasilnoticias.org\/site\/wp-json\/wp\/v2\/media\/14635"}],"wp:attachment":[{"href":"https:\/\/brasilnoticias.org\/site\/wp-json\/wp\/v2\/media?parent=14634"}],"wp:term":[{"taxonomy":"category","embeddable":true,"href":"https:\/\/brasilnoticias.org\/site\/wp-json\/wp\/v2\/categories?post=14634"},{"taxonomy":"post_tag","embeddable":true,"href":"https:\/\/brasilnoticias.org\/site\/wp-json\/wp\/v2\/tags?post=14634"}],"curies":[{"name":"wp","href":"https:\/\/api.w.org\/{rel}","templated":true}]}}