{"id":14677,"date":"2024-06-16T20:46:15","date_gmt":"2024-06-16T23:46:15","guid":{"rendered":"https:\/\/brasilnoticias.org\/site\/?p=14677"},"modified":"2024-06-16T20:46:15","modified_gmt":"2024-06-16T23:46:15","slug":"lira-avanca-pautas-conservadoras-visando-apoio-em-eleicao-da-camara","status":"publish","type":"post","link":"https:\/\/brasilnoticias.org\/site\/lira-avanca-pautas-conservadoras-visando-apoio-em-eleicao-da-camara\/","title":{"rendered":"Lira avan\u00e7a pautas conservadoras visando apoio em elei\u00e7\u00e3o da C\u00e2mara"},"content":{"rendered":"<p>As elei\u00e7\u00f5es est\u00e3o marcadas para acontecer em fevereiro de 2025<\/p>\n<p>A aprova\u00e7\u00e3o da urg\u00eancia do \u201cPL antiaborto\u201d foi um aceno do presidente da C\u00e2mara dos Deputados, Arthur Lira (PP-AL), aos deputados da oposi\u00e7\u00e3o que ainda n\u00e3o decidiram quem v\u00e3o apoiar na elei\u00e7\u00e3o para presidente da C\u00e2mara, em fevereiro de 2025. Segundo informa\u00e7\u00f5es do Poder360, a a\u00e7\u00e3o transparece o compromisso do parlamentar com a ala conservadora para eleger o seu candidato \u00e0 sucess\u00e3o na Casa Baixa.<\/p>\n<p>O favorito de Lira \u00e9 Elmar Nascimento (Uni\u00e3o Brasil-BA), mas o deputado baiano n\u00e3o \u00e9 bem avaliado pelos aliados do presidente Luiz In\u00e1cio Lula da Silva (PT) no Congresso. <\/p>\n<p> Para n\u00e3o precisar do apoio dos governistas, o atual presidente da C\u00e2mara buscou se aproximar dos conservadores. Com isso, de fevereiro para mar\u00e7o, nenhuma proposta controversa avan\u00e7ou na C\u00e2mara.<\/p>\n<p>Foto: Lula Marques\/ Ag\u00eancia Brasil<br \/>\nPor: Metro1<\/p>\n","protected":false},"excerpt":{"rendered":"<p>As elei\u00e7\u00f5es est\u00e3o marcadas para acontecer em fevereiro de 2025 A aprova\u00e7\u00e3o da urg\u00eancia do \u201cPL antiaborto\u201d foi um aceno<\/p>\n","protected":false},"author":4,"featured_media":14678,"comment_status":"open","ping_status":"open","sticky":false,"template":"","format":"standard","meta":{"colormag_page_container_layout":"default_layout","colormag_page_sidebar_layout":"default_layout","_FSMCFIC_featured_image_caption":"","_FSMCFIC_featured_image_nocaption":"","_FSMCFIC_featured_image_hide":"","footnotes":""},"categories":[5,1],"tags":[],"class_list":["post-14677","post","type-post","status-publish","format-standard","has-post-thumbnail","hentry","category-politica","category-ultimas"],"yoast_head":"<!-- This site is optimized with the Yoast SEO plugin v27.1.1 - https:\/\/yoast.com\/product\/yoast-seo-wordpress\/ -->\n<title>Lira avan\u00e7a pautas conservadoras visando apoio em elei\u00e7\u00e3o da C\u00e2mara - Brasil not\u00edcias<\/title>\n<meta name=\"robots\" content=\"index, follow, max-snippet:-1, max-image-preview:large, max-video-preview:-1\" \/>\n<link rel=\"canonical\" href=\"https:\/\/brasilnoticias.org\/site\/lira-avanca-pautas-conservadoras-visando-apoio-em-eleicao-da-camara\/\" \/>\n<meta property=\"og:locale\" content=\"pt_PT\" \/>\n<meta property=\"og:type\" content=\"article\" \/>\n<meta property=\"og:title\" content=\"Lira avan\u00e7a pautas conservadoras visando apoio em elei\u00e7\u00e3o da C\u00e2mara - Brasil not\u00edcias\" \/>\n<meta property=\"og:description\" content=\"As elei\u00e7\u00f5es est\u00e3o marcadas para acontecer em fevereiro de 2025 A aprova\u00e7\u00e3o da urg\u00eancia do \u201cPL antiaborto\u201d foi um aceno\" \/>\n<meta property=\"og:url\" content=\"https:\/\/brasilnoticias.org\/site\/lira-avanca-pautas-conservadoras-visando-apoio-em-eleicao-da-camara\/\" \/>\n<meta property=\"og:site_name\" content=\"Brasil not\u00edcias\" \/>\n<meta property=\"article:published_time\" content=\"2024-06-16T23:46:15+00:00\" \/>\n<meta property=\"og:image\" content=\"https:\/\/brasilnoticias.org\/site\/wp-content\/uploads\/2024\/06\/151625lira-avanca-pautas-conservadoras-visando-apoio-em-eleicao-da-camara-3.jpg\" \/>\n\t<meta property=\"og:image:width\" content=\"1600\" \/>\n\t<meta property=\"og:image:height\" content=\"752\" \/>\n\t<meta property=\"og:image:type\" content=\"image\/jpeg\" \/>\n<meta name=\"author\" content=\"Reda\u00e7\u00e3o\" \/>\n<meta name=\"twitter:card\" content=\"summary_large_image\" \/>\n<meta name=\"twitter:label1\" content=\"Escrito por\" \/>\n\t<meta name=\"twitter:data1\" content=\"Reda\u00e7\u00e3o\" \/>\n\t<meta name=\"twitter:label2\" content=\"Tempo estimado de leitura\" \/>\n\t<meta name=\"twitter:data2\" content=\"1 minuto\" \/>\n<script type=\"application\/ld+json\" class=\"yoast-schema-graph\">{\"@context\":\"https:\/\/schema.org\",\"@graph\":[{\"@type\":\"Article\",\"@id\":\"https:\/\/brasilnoticias.org\/site\/lira-avanca-pautas-conservadoras-visando-apoio-em-eleicao-da-camara\/#article\",\"isPartOf\":{\"@id\":\"https:\/\/brasilnoticias.org\/site\/lira-avanca-pautas-conservadoras-visando-apoio-em-eleicao-da-camara\/\"},\"author\":{\"name\":\"Reda\u00e7\u00e3o\",\"@id\":\"https:\/\/brasilnoticias.org\/site\/#\/schema\/person\/03bbbfe6c7634ad18c26444ea39049fa\"},\"headline\":\"Lira avan\u00e7a pautas conservadoras visando apoio em elei\u00e7\u00e3o da C\u00e2mara\",\"datePublished\":\"2024-06-16T23:46:15+00:00\",\"mainEntityOfPage\":{\"@id\":\"https:\/\/brasilnoticias.org\/site\/lira-avanca-pautas-conservadoras-visando-apoio-em-eleicao-da-camara\/\"},\"wordCount\":170,\"commentCount\":0,\"publisher\":{\"@id\":\"https:\/\/brasilnoticias.org\/site\/#organization\"},\"image\":{\"@id\":\"https:\/\/brasilnoticias.org\/site\/lira-avanca-pautas-conservadoras-visando-apoio-em-eleicao-da-camara\/#primaryimage\"},\"thumbnailUrl\":\"https:\/\/brasilnoticias.org\/site\/wp-content\/uploads\/2024\/06\/151625lira-avanca-pautas-conservadoras-visando-apoio-em-eleicao-da-camara-3.jpg\",\"articleSection\":[\"Pol\u00edtica\",\"\u00daltimas\"],\"inLanguage\":\"pt-PT\",\"potentialAction\":[{\"@type\":\"CommentAction\",\"name\":\"Comment\",\"target\":[\"https:\/\/brasilnoticias.org\/site\/lira-avanca-pautas-conservadoras-visando-apoio-em-eleicao-da-camara\/#respond\"]}]},{\"@type\":\"WebPage\",\"@id\":\"https:\/\/brasilnoticias.org\/site\/lira-avanca-pautas-conservadoras-visando-apoio-em-eleicao-da-camara\/\",\"url\":\"https:\/\/brasilnoticias.org\/site\/lira-avanca-pautas-conservadoras-visando-apoio-em-eleicao-da-camara\/\",\"name\":\"Lira avan\u00e7a pautas conservadoras visando apoio em elei\u00e7\u00e3o da C\u00e2mara - Brasil not\u00edcias\",\"isPartOf\":{\"@id\":\"https:\/\/brasilnoticias.org\/site\/#website\"},\"primaryImageOfPage\":{\"@id\":\"https:\/\/brasilnoticias.org\/site\/lira-avanca-pautas-conservadoras-visando-apoio-em-eleicao-da-camara\/#primaryimage\"},\"image\":{\"@id\":\"https:\/\/brasilnoticias.org\/site\/lira-avanca-pautas-conservadoras-visando-apoio-em-eleicao-da-camara\/#primaryimage\"},\"thumbnailUrl\":\"https:\/\/brasilnoticias.org\/site\/wp-content\/uploads\/2024\/06\/151625lira-avanca-pautas-conservadoras-visando-apoio-em-eleicao-da-camara-3.jpg\",\"datePublished\":\"2024-06-16T23:46:15+00:00\",\"breadcrumb\":{\"@id\":\"https:\/\/brasilnoticias.org\/site\/lira-avanca-pautas-conservadoras-visando-apoio-em-eleicao-da-camara\/#breadcrumb\"},\"inLanguage\":\"pt-PT\",\"potentialAction\":[{\"@type\":\"ReadAction\",\"target\":[\"https:\/\/brasilnoticias.org\/site\/lira-avanca-pautas-conservadoras-visando-apoio-em-eleicao-da-camara\/\"]}]},{\"@type\":\"ImageObject\",\"inLanguage\":\"pt-PT\",\"@id\":\"https:\/\/brasilnoticias.org\/site\/lira-avanca-pautas-conservadoras-visando-apoio-em-eleicao-da-camara\/#primaryimage\",\"url\":\"https:\/\/brasilnoticias.org\/site\/wp-content\/uploads\/2024\/06\/151625lira-avanca-pautas-conservadoras-visando-apoio-em-eleicao-da-camara-3.jpg\",\"contentUrl\":\"https:\/\/brasilnoticias.org\/site\/wp-content\/uploads\/2024\/06\/151625lira-avanca-pautas-conservadoras-visando-apoio-em-eleicao-da-camara-3.jpg\",\"width\":1600,\"height\":752},{\"@type\":\"BreadcrumbList\",\"@id\":\"https:\/\/brasilnoticias.org\/site\/lira-avanca-pautas-conservadoras-visando-apoio-em-eleicao-da-camara\/#breadcrumb\",\"itemListElement\":[{\"@type\":\"ListItem\",\"position\":1,\"name\":\"In\u00edcio\",\"item\":\"https:\/\/brasilnoticias.org\/site\/\"},{\"@type\":\"ListItem\",\"position\":2,\"name\":\"Lira avan\u00e7a pautas conservadoras visando apoio em elei\u00e7\u00e3o da C\u00e2mara\"}]},{\"@type\":\"WebSite\",\"@id\":\"https:\/\/brasilnoticias.org\/site\/#website\",\"url\":\"https:\/\/brasilnoticias.org\/site\/\",\"name\":\"Brasil not\u00edcias\",\"description\":\"Brasil not\u00edcias\",\"publisher\":{\"@id\":\"https:\/\/brasilnoticias.org\/site\/#organization\"},\"potentialAction\":[{\"@type\":\"SearchAction\",\"target\":{\"@type\":\"EntryPoint\",\"urlTemplate\":\"https:\/\/brasilnoticias.org\/site\/?s={search_term_string}\"},\"query-input\":{\"@type\":\"PropertyValueSpecification\",\"valueRequired\":true,\"valueName\":\"search_term_string\"}}],\"inLanguage\":\"pt-PT\"},{\"@type\":\"Organization\",\"@id\":\"https:\/\/brasilnoticias.org\/site\/#organization\",\"name\":\"Brasil not\u00edcias\",\"url\":\"https:\/\/brasilnoticias.org\/site\/\",\"logo\":{\"@type\":\"ImageObject\",\"inLanguage\":\"pt-PT\",\"@id\":\"https:\/\/brasilnoticias.org\/site\/#\/schema\/logo\/image\/\",\"url\":\"https:\/\/brasilnoticias.org\/site\/wp-content\/uploads\/2022\/05\/cropped-brasilnoticias-mini.jpg\",\"contentUrl\":\"https:\/\/brasilnoticias.org\/site\/wp-content\/uploads\/2022\/05\/cropped-brasilnoticias-mini.jpg\",\"width\":314,\"height\":86,\"caption\":\"Brasil not\u00edcias\"},\"image\":{\"@id\":\"https:\/\/brasilnoticias.org\/site\/#\/schema\/logo\/image\/\"}},{\"@type\":\"Person\",\"@id\":\"https:\/\/brasilnoticias.org\/site\/#\/schema\/person\/03bbbfe6c7634ad18c26444ea39049fa\",\"name\":\"Reda\u00e7\u00e3o\",\"image\":{\"@type\":\"ImageObject\",\"inLanguage\":\"pt-PT\",\"@id\":\"https:\/\/brasilnoticias.org\/site\/#\/schema\/person\/image\/\",\"url\":\"https:\/\/secure.gravatar.com\/avatar\/9ecaf7327a696cb23ad926fedded5f1f04d7049de9e445375d55b48c001a6e42?s=96&d=mm&r=g\",\"contentUrl\":\"https:\/\/secure.gravatar.com\/avatar\/9ecaf7327a696cb23ad926fedded5f1f04d7049de9e445375d55b48c001a6e42?s=96&d=mm&r=g\",\"caption\":\"Reda\u00e7\u00e3o\"},\"url\":\"https:\/\/brasilnoticias.org\/site\/author\/henrique\/\"}]}<\/script>\n<!-- \/ Yoast SEO plugin. -->","yoast_head_json":{"title":"Lira avan\u00e7a pautas conservadoras visando apoio em elei\u00e7\u00e3o da C\u00e2mara - Brasil not\u00edcias","robots":{"index":"index","follow":"follow","max-snippet":"max-snippet:-1","max-image-preview":"max-image-preview:large","max-video-preview":"max-video-preview:-1"},"canonical":"https:\/\/brasilnoticias.org\/site\/lira-avanca-pautas-conservadoras-visando-apoio-em-eleicao-da-camara\/","og_locale":"pt_PT","og_type":"article","og_title":"Lira avan\u00e7a pautas conservadoras visando apoio em elei\u00e7\u00e3o da C\u00e2mara - Brasil not\u00edcias","og_description":"As elei\u00e7\u00f5es est\u00e3o marcadas para acontecer em fevereiro de 2025 A aprova\u00e7\u00e3o da urg\u00eancia do \u201cPL antiaborto\u201d foi um aceno","og_url":"https:\/\/brasilnoticias.org\/site\/lira-avanca-pautas-conservadoras-visando-apoio-em-eleicao-da-camara\/","og_site_name":"Brasil not\u00edcias","article_published_time":"2024-06-16T23:46:15+00:00","og_image":[{"width":1600,"height":752,"url":"https:\/\/brasilnoticias.org\/site\/wp-content\/uploads\/2024\/06\/151625lira-avanca-pautas-conservadoras-visando-apoio-em-eleicao-da-camara-3.jpg","type":"image\/jpeg"}],"author":"Reda\u00e7\u00e3o","twitter_card":"summary_large_image","twitter_misc":{"Escrito por":"Reda\u00e7\u00e3o","Tempo estimado de leitura":"1 minuto"},"schema":{"@context":"https:\/\/schema.org","@graph":[{"@type":"Article","@id":"https:\/\/brasilnoticias.org\/site\/lira-avanca-pautas-conservadoras-visando-apoio-em-eleicao-da-camara\/#article","isPartOf":{"@id":"https:\/\/brasilnoticias.org\/site\/lira-avanca-pautas-conservadoras-visando-apoio-em-eleicao-da-camara\/"},"author":{"name":"Reda\u00e7\u00e3o","@id":"https:\/\/brasilnoticias.org\/site\/#\/schema\/person\/03bbbfe6c7634ad18c26444ea39049fa"},"headline":"Lira avan\u00e7a pautas conservadoras visando apoio em elei\u00e7\u00e3o da C\u00e2mara","datePublished":"2024-06-16T23:46:15+00:00","mainEntityOfPage":{"@id":"https:\/\/brasilnoticias.org\/site\/lira-avanca-pautas-conservadoras-visando-apoio-em-eleicao-da-camara\/"},"wordCount":170,"commentCount":0,"publisher":{"@id":"https:\/\/brasilnoticias.org\/site\/#organization"},"image":{"@id":"https:\/\/brasilnoticias.org\/site\/lira-avanca-pautas-conservadoras-visando-apoio-em-eleicao-da-camara\/#primaryimage"},"thumbnailUrl":"https:\/\/brasilnoticias.org\/site\/wp-content\/uploads\/2024\/06\/151625lira-avanca-pautas-conservadoras-visando-apoio-em-eleicao-da-camara-3.jpg","articleSection":["Pol\u00edtica","\u00daltimas"],"inLanguage":"pt-PT","potentialAction":[{"@type":"CommentAction","name":"Comment","target":["https:\/\/brasilnoticias.org\/site\/lira-avanca-pautas-conservadoras-visando-apoio-em-eleicao-da-camara\/#respond"]}]},{"@type":"WebPage","@id":"https:\/\/brasilnoticias.org\/site\/lira-avanca-pautas-conservadoras-visando-apoio-em-eleicao-da-camara\/","url":"https:\/\/brasilnoticias.org\/site\/lira-avanca-pautas-conservadoras-visando-apoio-em-eleicao-da-camara\/","name":"Lira avan\u00e7a pautas conservadoras visando apoio em elei\u00e7\u00e3o da C\u00e2mara - Brasil not\u00edcias","isPartOf":{"@id":"https:\/\/brasilnoticias.org\/site\/#website"},"primaryImageOfPage":{"@id":"https:\/\/brasilnoticias.org\/site\/lira-avanca-pautas-conservadoras-visando-apoio-em-eleicao-da-camara\/#primaryimage"},"image":{"@id":"https:\/\/brasilnoticias.org\/site\/lira-avanca-pautas-conservadoras-visando-apoio-em-eleicao-da-camara\/#primaryimage"},"thumbnailUrl":"https:\/\/brasilnoticias.org\/site\/wp-content\/uploads\/2024\/06\/151625lira-avanca-pautas-conservadoras-visando-apoio-em-eleicao-da-camara-3.jpg","datePublished":"2024-06-16T23:46:15+00:00","breadcrumb":{"@id":"https:\/\/brasilnoticias.org\/site\/lira-avanca-pautas-conservadoras-visando-apoio-em-eleicao-da-camara\/#breadcrumb"},"inLanguage":"pt-PT","potentialAction":[{"@type":"ReadAction","target":["https:\/\/brasilnoticias.org\/site\/lira-avanca-pautas-conservadoras-visando-apoio-em-eleicao-da-camara\/"]}]},{"@type":"ImageObject","inLanguage":"pt-PT","@id":"https:\/\/brasilnoticias.org\/site\/lira-avanca-pautas-conservadoras-visando-apoio-em-eleicao-da-camara\/#primaryimage","url":"https:\/\/brasilnoticias.org\/site\/wp-content\/uploads\/2024\/06\/151625lira-avanca-pautas-conservadoras-visando-apoio-em-eleicao-da-camara-3.jpg","contentUrl":"https:\/\/brasilnoticias.org\/site\/wp-content\/uploads\/2024\/06\/151625lira-avanca-pautas-conservadoras-visando-apoio-em-eleicao-da-camara-3.jpg","width":1600,"height":752},{"@type":"BreadcrumbList","@id":"https:\/\/brasilnoticias.org\/site\/lira-avanca-pautas-conservadoras-visando-apoio-em-eleicao-da-camara\/#breadcrumb","itemListElement":[{"@type":"ListItem","position":1,"name":"In\u00edcio","item":"https:\/\/brasilnoticias.org\/site\/"},{"@type":"ListItem","position":2,"name":"Lira avan\u00e7a pautas conservadoras visando apoio em elei\u00e7\u00e3o da C\u00e2mara"}]},{"@type":"WebSite","@id":"https:\/\/brasilnoticias.org\/site\/#website","url":"https:\/\/brasilnoticias.org\/site\/","name":"Brasil not\u00edcias","description":"Brasil not\u00edcias","publisher":{"@id":"https:\/\/brasilnoticias.org\/site\/#organization"},"potentialAction":[{"@type":"SearchAction","target":{"@type":"EntryPoint","urlTemplate":"https:\/\/brasilnoticias.org\/site\/?s={search_term_string}"},"query-input":{"@type":"PropertyValueSpecification","valueRequired":true,"valueName":"search_term_string"}}],"inLanguage":"pt-PT"},{"@type":"Organization","@id":"https:\/\/brasilnoticias.org\/site\/#organization","name":"Brasil not\u00edcias","url":"https:\/\/brasilnoticias.org\/site\/","logo":{"@type":"ImageObject","inLanguage":"pt-PT","@id":"https:\/\/brasilnoticias.org\/site\/#\/schema\/logo\/image\/","url":"https:\/\/brasilnoticias.org\/site\/wp-content\/uploads\/2022\/05\/cropped-brasilnoticias-mini.jpg","contentUrl":"https:\/\/brasilnoticias.org\/site\/wp-content\/uploads\/2022\/05\/cropped-brasilnoticias-mini.jpg","width":314,"height":86,"caption":"Brasil not\u00edcias"},"image":{"@id":"https:\/\/brasilnoticias.org\/site\/#\/schema\/logo\/image\/"}},{"@type":"Person","@id":"https:\/\/brasilnoticias.org\/site\/#\/schema\/person\/03bbbfe6c7634ad18c26444ea39049fa","name":"Reda\u00e7\u00e3o","image":{"@type":"ImageObject","inLanguage":"pt-PT","@id":"https:\/\/brasilnoticias.org\/site\/#\/schema\/person\/image\/","url":"https:\/\/secure.gravatar.com\/avatar\/9ecaf7327a696cb23ad926fedded5f1f04d7049de9e445375d55b48c001a6e42?s=96&d=mm&r=g","contentUrl":"https:\/\/secure.gravatar.com\/avatar\/9ecaf7327a696cb23ad926fedded5f1f04d7049de9e445375d55b48c001a6e42?s=96&d=mm&r=g","caption":"Reda\u00e7\u00e3o"},"url":"https:\/\/brasilnoticias.org\/site\/author\/henrique\/"}]}},"_links":{"self":[{"href":"https:\/\/brasilnoticias.org\/site\/wp-json\/wp\/v2\/posts\/14677","targetHints":{"allow":["GET"]}}],"collection":[{"href":"https:\/\/brasilnoticias.org\/site\/wp-json\/wp\/v2\/posts"}],"about":[{"href":"https:\/\/brasilnoticias.org\/site\/wp-json\/wp\/v2\/types\/post"}],"author":[{"embeddable":true,"href":"https:\/\/brasilnoticias.org\/site\/wp-json\/wp\/v2\/users\/4"}],"replies":[{"embeddable":true,"href":"https:\/\/brasilnoticias.org\/site\/wp-json\/wp\/v2\/comments?post=14677"}],"version-history":[{"count":1,"href":"https:\/\/brasilnoticias.org\/site\/wp-json\/wp\/v2\/posts\/14677\/revisions"}],"predecessor-version":[{"id":14679,"href":"https:\/\/brasilnoticias.org\/site\/wp-json\/wp\/v2\/posts\/14677\/revisions\/14679"}],"wp:featuredmedia":[{"embeddable":true,"href":"https:\/\/brasilnoticias.org\/site\/wp-json\/wp\/v2\/media\/14678"}],"wp:attachment":[{"href":"https:\/\/brasilnoticias.org\/site\/wp-json\/wp\/v2\/media?parent=14677"}],"wp:term":[{"taxonomy":"category","embeddable":true,"href":"https:\/\/brasilnoticias.org\/site\/wp-json\/wp\/v2\/categories?post=14677"},{"taxonomy":"post_tag","embeddable":true,"href":"https:\/\/brasilnoticias.org\/site\/wp-json\/wp\/v2\/tags?post=14677"}],"curies":[{"name":"wp","href":"https:\/\/api.w.org\/{rel}","templated":true}]}}