{"id":14680,"date":"2024-06-16T20:47:09","date_gmt":"2024-06-16T23:47:09","guid":{"rendered":"https:\/\/brasilnoticias.org\/site\/?p=14680"},"modified":"2024-06-16T20:47:09","modified_gmt":"2024-06-16T23:47:09","slug":"com-gol-no-apagar-das-luzes-vitoria-bate-o-internacional-e-poe-fim-a-jejum-no-brasileirao","status":"publish","type":"post","link":"https:\/\/brasilnoticias.org\/site\/com-gol-no-apagar-das-luzes-vitoria-bate-o-internacional-e-poe-fim-a-jejum-no-brasileirao\/","title":{"rendered":"Com gol no apagar das luzes, Vit\u00f3ria bate o Internacional e p\u00f5e fim a jejum no Brasileir\u00e3o"},"content":{"rendered":"<p>Willian Oliveira e Wagner Leonardo marcaram para interromper sequ\u00eancia de onze jogos sem vit\u00f3rias; Rubro-Negro foi a seis pontos<\/p>\n<p>X\u00f4, jejum! Setenta e sete dias depois, o Vit\u00f3ria voltou a vencer ao bater o Internacional por 2 x 1, neste domingo (16). O Rubro-Negro quebrou a sequ\u00eancia negativa com gols de Willian Oliveira e Wagner Leonardo, no Barrad\u00e3o. O Le\u00e3o n\u00e3o vencia h\u00e1 onze partidas, oito delas pelo Campeonato Brasileiro.<\/p>\n<p>O Vit\u00f3ria teve um in\u00edcio avassalador e, logo aos oito minutos, Willian Oliveira inaugurou o marcador. Depois, Wesley deixou tudo igual para os visitantes. Quando parecia que tudo ia terminar empatado, Wagner Leonardo, de p\u00eanalti, sacramentou o resultado positivo.<\/p>\n<p>Com o placar na nona rodada, o Rubro-Negro foi a seis pontos na tabela. Mesmo assim, o time baiano segue no Z-4, em 18\u00ba lugar, mas ter\u00e1 a chance de sair da zona de rebaixamento no duelo seguinte.<\/p>\n<p>No pr\u00f3ximo confronto, o Vit\u00f3ria ter\u00e1 mais uma vez o Barrad\u00e3o como palco. Na quinta-feira (20), a equipe baiana recebe o Atl\u00e9tico Mineiro, \u00e0s 18h30, pela 10\u00aa rodada do Brasileir\u00e3o.<\/p>\n<p>O JOGO<\/p>\n<p>Primeiro tempo<\/p>\n<p>In\u00edcio avassalador do Vit\u00f3ria. O time da casa n\u00e3o tomou conhecimento e partiu para cima do Internacional. A press\u00e3o surtiu efeito e logo aos oito minutos, Willian Oliveira abriu o placar ap\u00f3s recuperar sa\u00edda errada da equipe ga\u00facha. Na sequ\u00eancia, o Rubro-Negro seguiu com o \u00edmpeto ofensivo e fez o segundo, por\u00e9m o gol foi anulado por impedimento de Alerrandro. Depois, o Colorado equilibrou a partida &#8211; aproveitando a queda de intensidade do Le\u00e3o. A melhor chance ga\u00facha foi no final, com chute de Robert Renan, mas Lucas Arcanjo defendeu sem problemas. <\/p>\n<p>Gol do Vit\u00f3ria! Aos oito minutos, a zaga do Internacional saiu jogando errado e Alerrandro recuperou a bola. Na sequ\u00eancia, o centroavante tocou para Willian Oliveira, que invadiu a \u00e1rea e chegou batendo rasteiro, sem chances para o goleiro ga\u00facho.<\/p>\n<p>VAR em a\u00e7\u00e3o! Matheuzinho recebeu na intermedi\u00e1ria e abriu na direita para Willean Lepo. O lateral cruzou rasteiro e Alerrandro completou para o fundo das redes. Por\u00e9m, o \u00e1rbitro de v\u00eddeo constatou impedimento do camisa 9 e o gol foi anulado.<\/p>\n<p>Aos 46 minutos, Robert Renan recebeu na \u00e1rea e soltou uma bomba. Bem posicionado, Lucas Arcanjo defendeu em dois tempos, sem dar rebote.<\/p>\n<p>Segundo tempo<\/p>\n<p>O Internacional voltou melhor do intevalo &#8211; com volume de jogo e mais presente no campo de ataque. Apesar disso, o Vit\u00f3ria se comportou bem na defesa e conseguia sair da press\u00e3o ga\u00facha em velocidade. Perto do fim, Matheuzinho errou passe no ataque e entregou de gra\u00e7a para o Colorado. Na sequ\u00eancia, o time ga\u00facho aproveitou o contra-ataque e empatou a partida com gol de Wesley. Quando parecia que tudo ia terminar empatado, Wagner Leonardo, de p\u00eanalti, sacramentou o resultado positivo.<\/p>\n<p>Aos 10 minutos, Robert Renan cruzou na segunda trave e Bruno Henrique completou de cabe\u00e7a, mas Lucas Arcanjo rebateu o perigo para longe.<\/p>\n<p>Defesa\u00e7a! Willena Lepo fez bela jogada pela direita aos 13 e cruzou para Osvaldo na \u00e1rea. O atacante pegou de primeira e obrigou o goleiro Fabr\u00edcio a fazer uma grande defesa.<\/p>\n<p>Gol do Internacional! Aos 36 minutos, Matheuzinho errou o passe no campo de ataque, o Colorado recuperou e partiu em velocidade. Wesley recebeu livre, driblou o goleiro rubro-negro e empatou a partida no Barrad\u00e3o.<\/p>\n<p>Jean Mota cobrou falta na \u00e1rea aos 42 e Camutanga raspou de cabe\u00e7a. A bola passou rente \u00e0 trave direita do goleiro Fabr\u00edcio.<\/p>\n<p>No \u00faltimo minuto, Wagner Leonardo marcou o gol da vit\u00f3ria de p\u00eanalti.<\/p>\n<p>FICHA T\u00c9CNICA<\/p>\n<p>Vit\u00f3ria 2 x 1 Internacional<br \/>\nS\u00e9rie A &#8211; 9\u00aa rodada<br \/>\nLocal: Est\u00e1dio Barrad\u00e3o, em Salvador (BA)<br \/>\nData: 16\/06\/2024 (domingo)<br \/>\nHor\u00e1rio: 16h<br \/>\n\u00c1rbitro: Bruno Arleu de Ara\u00fajo (FIFA-RJ)<br \/>\nAssistentes: Thiago Henrique Neto Correa Farinha (RJ) e Thiago Rosa de Oliveira (RJ)<br \/>\nQuarto \u00e1rbitro: Yuri Elino Ferreira da Cruz (RJ)<br \/>\nVAR: Carlos Eduardo Nunes Braga (RJ)<\/p>\n<p>Gols: Willian Oliveira e Wagner Leonardo (Vit\u00f3ria) \/ Wesley (Internacional)<br \/>\nCart\u00f5es amarelos: Willean Lepo (Vit\u00f3ria) \/ Matheus Dias, Vit\u00e3o, Bruno Henrique, Gabriel Mercado e Lucas Alario (Internacional)<\/p>\n<p>Vit\u00f3ria: Lucas Arcanjo; Willean Lepo, Camutanga, Wagner Leonardo \u00a9 e Lucas Esteves (Eryc Castillo); Willian Oliveira, Luan Santos (PK), L\u00e9o Naldi e Matheuzinho (Jean Mota); Osvaldo (Z\u00e9 Hugo) e Alerrandro (Luiz Adriano). T\u00e9cnico: Thiago Carpini<\/p>\n<p>Internacional: Fabr\u00edcio; Hugo Mallo, Vit\u00e3o (Bustos), Gabriel Mercado \u00a9 e Robert Renan; Thiago Maia, Matheus Dias (Bruno Hnerique) e Ar\u00e1nguiz (Gabriel Carvalho); Wanderson (Wesley), Hyoran (Gustavo Prado) e Lucas Alario. T\u00e9cnico: Eduardo Coudet<\/p>\n<p>Foto: Victor Ferreira\/EC Vit\u00f3ria<br \/>\nPor: Jos\u00e9 Gabriel<\/p>\n","protected":false},"excerpt":{"rendered":"<p>Willian Oliveira e Wagner Leonardo marcaram para interromper sequ\u00eancia de onze jogos sem vit\u00f3rias; Rubro-Negro foi a seis pontos X\u00f4,<\/p>\n","protected":false},"author":4,"featured_media":14681,"comment_status":"open","ping_status":"open","sticky":false,"template":"","format":"standard","meta":{"colormag_page_container_layout":"default_layout","colormag_page_sidebar_layout":"default_layout","_FSMCFIC_featured_image_caption":"","_FSMCFIC_featured_image_nocaption":"","_FSMCFIC_featured_image_hide":"","footnotes":""},"categories":[4,1],"tags":[],"class_list":["post-14680","post","type-post","status-publish","format-standard","has-post-thumbnail","hentry","category-esporte","category-ultimas"],"yoast_head":"<!-- This site is optimized with the Yoast SEO plugin v27.1.1 - https:\/\/yoast.com\/product\/yoast-seo-wordpress\/ -->\n<title>Com gol no apagar das luzes, Vit\u00f3ria bate o Internacional e p\u00f5e fim a jejum no Brasileir\u00e3o - Brasil not\u00edcias<\/title>\n<meta name=\"robots\" content=\"index, follow, max-snippet:-1, max-image-preview:large, max-video-preview:-1\" \/>\n<link rel=\"canonical\" href=\"https:\/\/brasilnoticias.org\/site\/com-gol-no-apagar-das-luzes-vitoria-bate-o-internacional-e-poe-fim-a-jejum-no-brasileirao\/\" \/>\n<meta property=\"og:locale\" content=\"pt_PT\" \/>\n<meta property=\"og:type\" content=\"article\" \/>\n<meta property=\"og:title\" content=\"Com gol no apagar das luzes, Vit\u00f3ria bate o Internacional e p\u00f5e fim a jejum no Brasileir\u00e3o - Brasil not\u00edcias\" \/>\n<meta property=\"og:description\" content=\"Willian Oliveira e Wagner Leonardo marcaram para interromper sequ\u00eancia de onze jogos sem vit\u00f3rias; Rubro-Negro foi a seis pontos X\u00f4,\" \/>\n<meta property=\"og:url\" content=\"https:\/\/brasilnoticias.org\/site\/com-gol-no-apagar-das-luzes-vitoria-bate-o-internacional-e-poe-fim-a-jejum-no-brasileirao\/\" \/>\n<meta property=\"og:site_name\" content=\"Brasil not\u00edcias\" \/>\n<meta property=\"article:published_time\" content=\"2024-06-16T23:47:09+00:00\" \/>\n<meta property=\"og:image\" content=\"https:\/\/brasilnoticias.org\/site\/wp-content\/uploads\/2024\/06\/151634com-gol-no-apagar-das-luzes-vitoria-bate-o-internacional-e-poe-fim-a-jejum-no-brasileirao-3.jpg\" \/>\n\t<meta property=\"og:image:width\" content=\"1600\" \/>\n\t<meta property=\"og:image:height\" content=\"752\" \/>\n\t<meta property=\"og:image:type\" content=\"image\/jpeg\" \/>\n<meta name=\"author\" content=\"Reda\u00e7\u00e3o\" \/>\n<meta name=\"twitter:card\" content=\"summary_large_image\" \/>\n<meta name=\"twitter:label1\" content=\"Escrito por\" \/>\n\t<meta name=\"twitter:data1\" content=\"Reda\u00e7\u00e3o\" \/>\n<script type=\"application\/ld+json\" class=\"yoast-schema-graph\">{\"@context\":\"https:\/\/schema.org\",\"@graph\":[{\"@type\":\"Article\",\"@id\":\"https:\/\/brasilnoticias.org\/site\/com-gol-no-apagar-das-luzes-vitoria-bate-o-internacional-e-poe-fim-a-jejum-no-brasileirao\/#article\",\"isPartOf\":{\"@id\":\"https:\/\/brasilnoticias.org\/site\/com-gol-no-apagar-das-luzes-vitoria-bate-o-internacional-e-poe-fim-a-jejum-no-brasileirao\/\"},\"author\":{\"name\":\"Reda\u00e7\u00e3o\",\"@id\":\"https:\/\/brasilnoticias.org\/site\/#\/schema\/person\/03bbbfe6c7634ad18c26444ea39049fa\"},\"headline\":\"Com gol no apagar das luzes, Vit\u00f3ria bate o Internacional e p\u00f5e fim a jejum no Brasileir\u00e3o\",\"datePublished\":\"2024-06-16T23:47:09+00:00\",\"mainEntityOfPage\":{\"@id\":\"https:\/\/brasilnoticias.org\/site\/com-gol-no-apagar-das-luzes-vitoria-bate-o-internacional-e-poe-fim-a-jejum-no-brasileirao\/\"},\"wordCount\":808,\"commentCount\":0,\"publisher\":{\"@id\":\"https:\/\/brasilnoticias.org\/site\/#organization\"},\"image\":{\"@id\":\"https:\/\/brasilnoticias.org\/site\/com-gol-no-apagar-das-luzes-vitoria-bate-o-internacional-e-poe-fim-a-jejum-no-brasileirao\/#primaryimage\"},\"thumbnailUrl\":\"https:\/\/brasilnoticias.org\/site\/wp-content\/uploads\/2024\/06\/151634com-gol-no-apagar-das-luzes-vitoria-bate-o-internacional-e-poe-fim-a-jejum-no-brasileirao-3.jpg\",\"articleSection\":[\"Esporte\",\"\u00daltimas\"],\"inLanguage\":\"pt-PT\",\"potentialAction\":[{\"@type\":\"CommentAction\",\"name\":\"Comment\",\"target\":[\"https:\/\/brasilnoticias.org\/site\/com-gol-no-apagar-das-luzes-vitoria-bate-o-internacional-e-poe-fim-a-jejum-no-brasileirao\/#respond\"]}]},{\"@type\":\"WebPage\",\"@id\":\"https:\/\/brasilnoticias.org\/site\/com-gol-no-apagar-das-luzes-vitoria-bate-o-internacional-e-poe-fim-a-jejum-no-brasileirao\/\",\"url\":\"https:\/\/brasilnoticias.org\/site\/com-gol-no-apagar-das-luzes-vitoria-bate-o-internacional-e-poe-fim-a-jejum-no-brasileirao\/\",\"name\":\"Com gol no apagar das luzes, Vit\u00f3ria bate o Internacional e p\u00f5e fim a jejum no Brasileir\u00e3o - Brasil not\u00edcias\",\"isPartOf\":{\"@id\":\"https:\/\/brasilnoticias.org\/site\/#website\"},\"primaryImageOfPage\":{\"@id\":\"https:\/\/brasilnoticias.org\/site\/com-gol-no-apagar-das-luzes-vitoria-bate-o-internacional-e-poe-fim-a-jejum-no-brasileirao\/#primaryimage\"},\"image\":{\"@id\":\"https:\/\/brasilnoticias.org\/site\/com-gol-no-apagar-das-luzes-vitoria-bate-o-internacional-e-poe-fim-a-jejum-no-brasileirao\/#primaryimage\"},\"thumbnailUrl\":\"https:\/\/brasilnoticias.org\/site\/wp-content\/uploads\/2024\/06\/151634com-gol-no-apagar-das-luzes-vitoria-bate-o-internacional-e-poe-fim-a-jejum-no-brasileirao-3.jpg\",\"datePublished\":\"2024-06-16T23:47:09+00:00\",\"breadcrumb\":{\"@id\":\"https:\/\/brasilnoticias.org\/site\/com-gol-no-apagar-das-luzes-vitoria-bate-o-internacional-e-poe-fim-a-jejum-no-brasileirao\/#breadcrumb\"},\"inLanguage\":\"pt-PT\",\"potentialAction\":[{\"@type\":\"ReadAction\",\"target\":[\"https:\/\/brasilnoticias.org\/site\/com-gol-no-apagar-das-luzes-vitoria-bate-o-internacional-e-poe-fim-a-jejum-no-brasileirao\/\"]}]},{\"@type\":\"ImageObject\",\"inLanguage\":\"pt-PT\",\"@id\":\"https:\/\/brasilnoticias.org\/site\/com-gol-no-apagar-das-luzes-vitoria-bate-o-internacional-e-poe-fim-a-jejum-no-brasileirao\/#primaryimage\",\"url\":\"https:\/\/brasilnoticias.org\/site\/wp-content\/uploads\/2024\/06\/151634com-gol-no-apagar-das-luzes-vitoria-bate-o-internacional-e-poe-fim-a-jejum-no-brasileirao-3.jpg\",\"contentUrl\":\"https:\/\/brasilnoticias.org\/site\/wp-content\/uploads\/2024\/06\/151634com-gol-no-apagar-das-luzes-vitoria-bate-o-internacional-e-poe-fim-a-jejum-no-brasileirao-3.jpg\",\"width\":1600,\"height\":752},{\"@type\":\"BreadcrumbList\",\"@id\":\"https:\/\/brasilnoticias.org\/site\/com-gol-no-apagar-das-luzes-vitoria-bate-o-internacional-e-poe-fim-a-jejum-no-brasileirao\/#breadcrumb\",\"itemListElement\":[{\"@type\":\"ListItem\",\"position\":1,\"name\":\"In\u00edcio\",\"item\":\"https:\/\/brasilnoticias.org\/site\/\"},{\"@type\":\"ListItem\",\"position\":2,\"name\":\"Com gol no apagar das luzes, Vit\u00f3ria bate o Internacional e p\u00f5e fim a jejum no Brasileir\u00e3o\"}]},{\"@type\":\"WebSite\",\"@id\":\"https:\/\/brasilnoticias.org\/site\/#website\",\"url\":\"https:\/\/brasilnoticias.org\/site\/\",\"name\":\"Brasil not\u00edcias\",\"description\":\"Brasil not\u00edcias\",\"publisher\":{\"@id\":\"https:\/\/brasilnoticias.org\/site\/#organization\"},\"potentialAction\":[{\"@type\":\"SearchAction\",\"target\":{\"@type\":\"EntryPoint\",\"urlTemplate\":\"https:\/\/brasilnoticias.org\/site\/?s={search_term_string}\"},\"query-input\":{\"@type\":\"PropertyValueSpecification\",\"valueRequired\":true,\"valueName\":\"search_term_string\"}}],\"inLanguage\":\"pt-PT\"},{\"@type\":\"Organization\",\"@id\":\"https:\/\/brasilnoticias.org\/site\/#organization\",\"name\":\"Brasil not\u00edcias\",\"url\":\"https:\/\/brasilnoticias.org\/site\/\",\"logo\":{\"@type\":\"ImageObject\",\"inLanguage\":\"pt-PT\",\"@id\":\"https:\/\/brasilnoticias.org\/site\/#\/schema\/logo\/image\/\",\"url\":\"https:\/\/brasilnoticias.org\/site\/wp-content\/uploads\/2022\/05\/cropped-brasilnoticias-mini.jpg\",\"contentUrl\":\"https:\/\/brasilnoticias.org\/site\/wp-content\/uploads\/2022\/05\/cropped-brasilnoticias-mini.jpg\",\"width\":314,\"height\":86,\"caption\":\"Brasil not\u00edcias\"},\"image\":{\"@id\":\"https:\/\/brasilnoticias.org\/site\/#\/schema\/logo\/image\/\"}},{\"@type\":\"Person\",\"@id\":\"https:\/\/brasilnoticias.org\/site\/#\/schema\/person\/03bbbfe6c7634ad18c26444ea39049fa\",\"name\":\"Reda\u00e7\u00e3o\",\"image\":{\"@type\":\"ImageObject\",\"inLanguage\":\"pt-PT\",\"@id\":\"https:\/\/brasilnoticias.org\/site\/#\/schema\/person\/image\/\",\"url\":\"https:\/\/secure.gravatar.com\/avatar\/9ecaf7327a696cb23ad926fedded5f1f04d7049de9e445375d55b48c001a6e42?s=96&d=mm&r=g\",\"contentUrl\":\"https:\/\/secure.gravatar.com\/avatar\/9ecaf7327a696cb23ad926fedded5f1f04d7049de9e445375d55b48c001a6e42?s=96&d=mm&r=g\",\"caption\":\"Reda\u00e7\u00e3o\"},\"url\":\"https:\/\/brasilnoticias.org\/site\/author\/henrique\/\"}]}<\/script>\n<!-- \/ Yoast SEO plugin. -->","yoast_head_json":{"title":"Com gol no apagar das luzes, Vit\u00f3ria bate o Internacional e p\u00f5e fim a jejum no Brasileir\u00e3o - Brasil not\u00edcias","robots":{"index":"index","follow":"follow","max-snippet":"max-snippet:-1","max-image-preview":"max-image-preview:large","max-video-preview":"max-video-preview:-1"},"canonical":"https:\/\/brasilnoticias.org\/site\/com-gol-no-apagar-das-luzes-vitoria-bate-o-internacional-e-poe-fim-a-jejum-no-brasileirao\/","og_locale":"pt_PT","og_type":"article","og_title":"Com gol no apagar das luzes, Vit\u00f3ria bate o Internacional e p\u00f5e fim a jejum no Brasileir\u00e3o - Brasil not\u00edcias","og_description":"Willian Oliveira e Wagner Leonardo marcaram para interromper sequ\u00eancia de onze jogos sem vit\u00f3rias; Rubro-Negro foi a seis pontos X\u00f4,","og_url":"https:\/\/brasilnoticias.org\/site\/com-gol-no-apagar-das-luzes-vitoria-bate-o-internacional-e-poe-fim-a-jejum-no-brasileirao\/","og_site_name":"Brasil not\u00edcias","article_published_time":"2024-06-16T23:47:09+00:00","og_image":[{"width":1600,"height":752,"url":"https:\/\/brasilnoticias.org\/site\/wp-content\/uploads\/2024\/06\/151634com-gol-no-apagar-das-luzes-vitoria-bate-o-internacional-e-poe-fim-a-jejum-no-brasileirao-3.jpg","type":"image\/jpeg"}],"author":"Reda\u00e7\u00e3o","twitter_card":"summary_large_image","twitter_misc":{"Escrito por":"Reda\u00e7\u00e3o"},"schema":{"@context":"https:\/\/schema.org","@graph":[{"@type":"Article","@id":"https:\/\/brasilnoticias.org\/site\/com-gol-no-apagar-das-luzes-vitoria-bate-o-internacional-e-poe-fim-a-jejum-no-brasileirao\/#article","isPartOf":{"@id":"https:\/\/brasilnoticias.org\/site\/com-gol-no-apagar-das-luzes-vitoria-bate-o-internacional-e-poe-fim-a-jejum-no-brasileirao\/"},"author":{"name":"Reda\u00e7\u00e3o","@id":"https:\/\/brasilnoticias.org\/site\/#\/schema\/person\/03bbbfe6c7634ad18c26444ea39049fa"},"headline":"Com gol no apagar das luzes, Vit\u00f3ria bate o Internacional e p\u00f5e fim a jejum no Brasileir\u00e3o","datePublished":"2024-06-16T23:47:09+00:00","mainEntityOfPage":{"@id":"https:\/\/brasilnoticias.org\/site\/com-gol-no-apagar-das-luzes-vitoria-bate-o-internacional-e-poe-fim-a-jejum-no-brasileirao\/"},"wordCount":808,"commentCount":0,"publisher":{"@id":"https:\/\/brasilnoticias.org\/site\/#organization"},"image":{"@id":"https:\/\/brasilnoticias.org\/site\/com-gol-no-apagar-das-luzes-vitoria-bate-o-internacional-e-poe-fim-a-jejum-no-brasileirao\/#primaryimage"},"thumbnailUrl":"https:\/\/brasilnoticias.org\/site\/wp-content\/uploads\/2024\/06\/151634com-gol-no-apagar-das-luzes-vitoria-bate-o-internacional-e-poe-fim-a-jejum-no-brasileirao-3.jpg","articleSection":["Esporte","\u00daltimas"],"inLanguage":"pt-PT","potentialAction":[{"@type":"CommentAction","name":"Comment","target":["https:\/\/brasilnoticias.org\/site\/com-gol-no-apagar-das-luzes-vitoria-bate-o-internacional-e-poe-fim-a-jejum-no-brasileirao\/#respond"]}]},{"@type":"WebPage","@id":"https:\/\/brasilnoticias.org\/site\/com-gol-no-apagar-das-luzes-vitoria-bate-o-internacional-e-poe-fim-a-jejum-no-brasileirao\/","url":"https:\/\/brasilnoticias.org\/site\/com-gol-no-apagar-das-luzes-vitoria-bate-o-internacional-e-poe-fim-a-jejum-no-brasileirao\/","name":"Com gol no apagar das luzes, Vit\u00f3ria bate o Internacional e p\u00f5e fim a jejum no Brasileir\u00e3o - Brasil not\u00edcias","isPartOf":{"@id":"https:\/\/brasilnoticias.org\/site\/#website"},"primaryImageOfPage":{"@id":"https:\/\/brasilnoticias.org\/site\/com-gol-no-apagar-das-luzes-vitoria-bate-o-internacional-e-poe-fim-a-jejum-no-brasileirao\/#primaryimage"},"image":{"@id":"https:\/\/brasilnoticias.org\/site\/com-gol-no-apagar-das-luzes-vitoria-bate-o-internacional-e-poe-fim-a-jejum-no-brasileirao\/#primaryimage"},"thumbnailUrl":"https:\/\/brasilnoticias.org\/site\/wp-content\/uploads\/2024\/06\/151634com-gol-no-apagar-das-luzes-vitoria-bate-o-internacional-e-poe-fim-a-jejum-no-brasileirao-3.jpg","datePublished":"2024-06-16T23:47:09+00:00","breadcrumb":{"@id":"https:\/\/brasilnoticias.org\/site\/com-gol-no-apagar-das-luzes-vitoria-bate-o-internacional-e-poe-fim-a-jejum-no-brasileirao\/#breadcrumb"},"inLanguage":"pt-PT","potentialAction":[{"@type":"ReadAction","target":["https:\/\/brasilnoticias.org\/site\/com-gol-no-apagar-das-luzes-vitoria-bate-o-internacional-e-poe-fim-a-jejum-no-brasileirao\/"]}]},{"@type":"ImageObject","inLanguage":"pt-PT","@id":"https:\/\/brasilnoticias.org\/site\/com-gol-no-apagar-das-luzes-vitoria-bate-o-internacional-e-poe-fim-a-jejum-no-brasileirao\/#primaryimage","url":"https:\/\/brasilnoticias.org\/site\/wp-content\/uploads\/2024\/06\/151634com-gol-no-apagar-das-luzes-vitoria-bate-o-internacional-e-poe-fim-a-jejum-no-brasileirao-3.jpg","contentUrl":"https:\/\/brasilnoticias.org\/site\/wp-content\/uploads\/2024\/06\/151634com-gol-no-apagar-das-luzes-vitoria-bate-o-internacional-e-poe-fim-a-jejum-no-brasileirao-3.jpg","width":1600,"height":752},{"@type":"BreadcrumbList","@id":"https:\/\/brasilnoticias.org\/site\/com-gol-no-apagar-das-luzes-vitoria-bate-o-internacional-e-poe-fim-a-jejum-no-brasileirao\/#breadcrumb","itemListElement":[{"@type":"ListItem","position":1,"name":"In\u00edcio","item":"https:\/\/brasilnoticias.org\/site\/"},{"@type":"ListItem","position":2,"name":"Com gol no apagar das luzes, Vit\u00f3ria bate o Internacional e p\u00f5e fim a jejum no Brasileir\u00e3o"}]},{"@type":"WebSite","@id":"https:\/\/brasilnoticias.org\/site\/#website","url":"https:\/\/brasilnoticias.org\/site\/","name":"Brasil not\u00edcias","description":"Brasil not\u00edcias","publisher":{"@id":"https:\/\/brasilnoticias.org\/site\/#organization"},"potentialAction":[{"@type":"SearchAction","target":{"@type":"EntryPoint","urlTemplate":"https:\/\/brasilnoticias.org\/site\/?s={search_term_string}"},"query-input":{"@type":"PropertyValueSpecification","valueRequired":true,"valueName":"search_term_string"}}],"inLanguage":"pt-PT"},{"@type":"Organization","@id":"https:\/\/brasilnoticias.org\/site\/#organization","name":"Brasil not\u00edcias","url":"https:\/\/brasilnoticias.org\/site\/","logo":{"@type":"ImageObject","inLanguage":"pt-PT","@id":"https:\/\/brasilnoticias.org\/site\/#\/schema\/logo\/image\/","url":"https:\/\/brasilnoticias.org\/site\/wp-content\/uploads\/2022\/05\/cropped-brasilnoticias-mini.jpg","contentUrl":"https:\/\/brasilnoticias.org\/site\/wp-content\/uploads\/2022\/05\/cropped-brasilnoticias-mini.jpg","width":314,"height":86,"caption":"Brasil not\u00edcias"},"image":{"@id":"https:\/\/brasilnoticias.org\/site\/#\/schema\/logo\/image\/"}},{"@type":"Person","@id":"https:\/\/brasilnoticias.org\/site\/#\/schema\/person\/03bbbfe6c7634ad18c26444ea39049fa","name":"Reda\u00e7\u00e3o","image":{"@type":"ImageObject","inLanguage":"pt-PT","@id":"https:\/\/brasilnoticias.org\/site\/#\/schema\/person\/image\/","url":"https:\/\/secure.gravatar.com\/avatar\/9ecaf7327a696cb23ad926fedded5f1f04d7049de9e445375d55b48c001a6e42?s=96&d=mm&r=g","contentUrl":"https:\/\/secure.gravatar.com\/avatar\/9ecaf7327a696cb23ad926fedded5f1f04d7049de9e445375d55b48c001a6e42?s=96&d=mm&r=g","caption":"Reda\u00e7\u00e3o"},"url":"https:\/\/brasilnoticias.org\/site\/author\/henrique\/"}]}},"_links":{"self":[{"href":"https:\/\/brasilnoticias.org\/site\/wp-json\/wp\/v2\/posts\/14680","targetHints":{"allow":["GET"]}}],"collection":[{"href":"https:\/\/brasilnoticias.org\/site\/wp-json\/wp\/v2\/posts"}],"about":[{"href":"https:\/\/brasilnoticias.org\/site\/wp-json\/wp\/v2\/types\/post"}],"author":[{"embeddable":true,"href":"https:\/\/brasilnoticias.org\/site\/wp-json\/wp\/v2\/users\/4"}],"replies":[{"embeddable":true,"href":"https:\/\/brasilnoticias.org\/site\/wp-json\/wp\/v2\/comments?post=14680"}],"version-history":[{"count":1,"href":"https:\/\/brasilnoticias.org\/site\/wp-json\/wp\/v2\/posts\/14680\/revisions"}],"predecessor-version":[{"id":14682,"href":"https:\/\/brasilnoticias.org\/site\/wp-json\/wp\/v2\/posts\/14680\/revisions\/14682"}],"wp:featuredmedia":[{"embeddable":true,"href":"https:\/\/brasilnoticias.org\/site\/wp-json\/wp\/v2\/media\/14681"}],"wp:attachment":[{"href":"https:\/\/brasilnoticias.org\/site\/wp-json\/wp\/v2\/media?parent=14680"}],"wp:term":[{"taxonomy":"category","embeddable":true,"href":"https:\/\/brasilnoticias.org\/site\/wp-json\/wp\/v2\/categories?post=14680"},{"taxonomy":"post_tag","embeddable":true,"href":"https:\/\/brasilnoticias.org\/site\/wp-json\/wp\/v2\/tags?post=14680"}],"curies":[{"name":"wp","href":"https:\/\/api.w.org\/{rel}","templated":true}]}}