{"id":1469,"date":"2022-09-14T09:29:33","date_gmt":"2022-09-14T12:29:33","guid":{"rendered":"https:\/\/brasilnoticias.org\/site\/?p=1469"},"modified":"2022-09-14T09:29:33","modified_gmt":"2022-09-14T12:29:33","slug":"aecio-rebate-lula-e-diz-lamentar-nao-ter-evitado-tragedia-de-dilma","status":"publish","type":"post","link":"https:\/\/brasilnoticias.org\/site\/aecio-rebate-lula-e-diz-lamentar-nao-ter-evitado-tragedia-de-dilma\/","title":{"rendered":"A\u00e9cio rebate Lula e diz lamentar n\u00e3o ter evitado &#8216;trag\u00e9dia&#8217; de Dilma"},"content":{"rendered":"<p>O deputado federal\u00a0<a href=\"https:\/\/www.bnews.com.br\/tags\/aecio-neves\" target=\"_blank\" rel=\"noopener\">A\u00e9cio Neves (PSDB-MG)<\/a>\u00a0reagiu com ironia \u00e0 declara\u00e7\u00e3o dada nesta segunda-feira (12) por Luiz In\u00e1cio Lula da Silva (PT) \u00e0 CNN Brasil, em que o ex-presidente culpa o tucano pelo clima de animosidade existente hoje no Brasil.<\/p>\n<p>Lula se referia \u00e0 a\u00e7\u00e3o que o PSDB protocolou em 2014 questionando a reelei\u00e7\u00e3o de Dilma Rousseff (PT). A\u00e9cio era o candidato opositor naquele momento.<\/p>\n<p>Fico extremamente lisonjeado com as sucessivas homenagens que o presidente Lula me tem feito. Eu gostaria de ter tido a for\u00e7a pol\u00edtica que ele me atribui para ter vencido as elei\u00e7\u00f5es em 2014 e poupado o Brasil da trag\u00e9dia que veio depois&#8221;, afirmou A\u00e9cio, que \u00e9 candidato a novo mandato de deputado federal.<\/p>\n<p>Para o presidente do PSDB de Minas Gerais, deputado federal Paulo Abi-Ackel, &#8220;parece que Lula j\u00e1 escolheu o l\u00edder da oposi\u00e7\u00e3o ao seu pretenso futuro governo, na hip\u00f3tese ainda distante de vencer a elei\u00e7\u00e3o&#8221;.<\/p>\n<p>&#8220;Como se diz aqui em Minas, ele est\u00e1 chamando o A\u00e9cio para dan\u00e7ar. E ele costuma ser bom de dan\u00e7a&#8221;, afirmou.<\/p>\n<p>&nbsp;<\/p>\n<p>&nbsp;<\/p>\n<p>&nbsp;<\/p>\n<p>Bnews<\/p>\n<p>&nbsp;<\/p>\n","protected":false},"excerpt":{"rendered":"<p>O deputado federal\u00a0A\u00e9cio Neves (PSDB-MG)\u00a0reagiu com ironia \u00e0 declara\u00e7\u00e3o dada nesta segunda-feira (12) por Luiz In\u00e1cio Lula da Silva (PT)<\/p>\n","protected":false},"author":2,"featured_media":1470,"comment_status":"open","ping_status":"open","sticky":false,"template":"","format":"standard","meta":{"colormag_page_container_layout":"default_layout","colormag_page_sidebar_layout":"default_layout","_FSMCFIC_featured_image_caption":"","_FSMCFIC_featured_image_nocaption":"","_FSMCFIC_featured_image_hide":"","footnotes":""},"categories":[5,1],"tags":[],"class_list":["post-1469","post","type-post","status-publish","format-standard","has-post-thumbnail","hentry","category-politica","category-ultimas"],"yoast_head":"<!-- This site is optimized with the Yoast SEO plugin v27.1.1 - https:\/\/yoast.com\/product\/yoast-seo-wordpress\/ -->\n<title>A\u00e9cio rebate Lula e diz lamentar n\u00e3o ter evitado &#039;trag\u00e9dia&#039; de Dilma - Brasil not\u00edcias<\/title>\n<meta name=\"robots\" content=\"index, follow, max-snippet:-1, max-image-preview:large, max-video-preview:-1\" \/>\n<link rel=\"canonical\" href=\"https:\/\/brasilnoticias.org\/site\/aecio-rebate-lula-e-diz-lamentar-nao-ter-evitado-tragedia-de-dilma\/\" \/>\n<meta property=\"og:locale\" content=\"pt_PT\" \/>\n<meta property=\"og:type\" content=\"article\" \/>\n<meta property=\"og:title\" content=\"A\u00e9cio rebate Lula e diz lamentar n\u00e3o ter evitado &#039;trag\u00e9dia&#039; de Dilma - Brasil not\u00edcias\" \/>\n<meta property=\"og:description\" content=\"O deputado federal\u00a0A\u00e9cio Neves (PSDB-MG)\u00a0reagiu com ironia \u00e0 declara\u00e7\u00e3o dada nesta segunda-feira (12) por Luiz In\u00e1cio Lula da Silva (PT)\" \/>\n<meta property=\"og:url\" content=\"https:\/\/brasilnoticias.org\/site\/aecio-rebate-lula-e-diz-lamentar-nao-ter-evitado-tragedia-de-dilma\/\" \/>\n<meta property=\"og:site_name\" content=\"Brasil not\u00edcias\" \/>\n<meta property=\"article:published_time\" content=\"2022-09-14T12:29:33+00:00\" \/>\n<meta property=\"og:image\" content=\"https:\/\/brasilnoticias.org\/site\/wp-content\/uploads\/2022\/09\/aecio_neves_jose_cruz_agenciabrasil_1_widelg_widelg.jpg\" \/>\n\t<meta property=\"og:image:width\" content=\"800\" \/>\n\t<meta property=\"og:image:height\" content=\"450\" \/>\n\t<meta property=\"og:image:type\" content=\"image\/jpeg\" \/>\n<meta name=\"author\" content=\"Reda\u00e7\u00e3o\" \/>\n<meta name=\"twitter:card\" content=\"summary_large_image\" \/>\n<meta name=\"twitter:label1\" content=\"Escrito por\" \/>\n\t<meta name=\"twitter:data1\" content=\"Reda\u00e7\u00e3o\" \/>\n\t<meta name=\"twitter:label2\" content=\"Tempo estimado de leitura\" \/>\n\t<meta name=\"twitter:data2\" content=\"1 minuto\" \/>\n<script type=\"application\/ld+json\" class=\"yoast-schema-graph\">{\"@context\":\"https:\/\/schema.org\",\"@graph\":[{\"@type\":\"Article\",\"@id\":\"https:\/\/brasilnoticias.org\/site\/aecio-rebate-lula-e-diz-lamentar-nao-ter-evitado-tragedia-de-dilma\/#article\",\"isPartOf\":{\"@id\":\"https:\/\/brasilnoticias.org\/site\/aecio-rebate-lula-e-diz-lamentar-nao-ter-evitado-tragedia-de-dilma\/\"},\"author\":{\"name\":\"Reda\u00e7\u00e3o\",\"@id\":\"https:\/\/brasilnoticias.org\/site\/#\/schema\/person\/f609fa847b5314f1c8b983342f34c798\"},\"headline\":\"A\u00e9cio rebate Lula e diz lamentar n\u00e3o ter evitado &#8216;trag\u00e9dia&#8217; de Dilma\",\"datePublished\":\"2022-09-14T12:29:33+00:00\",\"mainEntityOfPage\":{\"@id\":\"https:\/\/brasilnoticias.org\/site\/aecio-rebate-lula-e-diz-lamentar-nao-ter-evitado-tragedia-de-dilma\/\"},\"wordCount\":204,\"commentCount\":0,\"publisher\":{\"@id\":\"https:\/\/brasilnoticias.org\/site\/#organization\"},\"image\":{\"@id\":\"https:\/\/brasilnoticias.org\/site\/aecio-rebate-lula-e-diz-lamentar-nao-ter-evitado-tragedia-de-dilma\/#primaryimage\"},\"thumbnailUrl\":\"https:\/\/brasilnoticias.org\/site\/wp-content\/uploads\/2022\/09\/aecio_neves_jose_cruz_agenciabrasil_1_widelg_widelg.jpg\",\"articleSection\":[\"Pol\u00edtica\",\"\u00daltimas\"],\"inLanguage\":\"pt-PT\",\"potentialAction\":[{\"@type\":\"CommentAction\",\"name\":\"Comment\",\"target\":[\"https:\/\/brasilnoticias.org\/site\/aecio-rebate-lula-e-diz-lamentar-nao-ter-evitado-tragedia-de-dilma\/#respond\"]}]},{\"@type\":\"WebPage\",\"@id\":\"https:\/\/brasilnoticias.org\/site\/aecio-rebate-lula-e-diz-lamentar-nao-ter-evitado-tragedia-de-dilma\/\",\"url\":\"https:\/\/brasilnoticias.org\/site\/aecio-rebate-lula-e-diz-lamentar-nao-ter-evitado-tragedia-de-dilma\/\",\"name\":\"A\u00e9cio rebate Lula e diz lamentar n\u00e3o ter evitado 'trag\u00e9dia' de Dilma - Brasil not\u00edcias\",\"isPartOf\":{\"@id\":\"https:\/\/brasilnoticias.org\/site\/#website\"},\"primaryImageOfPage\":{\"@id\":\"https:\/\/brasilnoticias.org\/site\/aecio-rebate-lula-e-diz-lamentar-nao-ter-evitado-tragedia-de-dilma\/#primaryimage\"},\"image\":{\"@id\":\"https:\/\/brasilnoticias.org\/site\/aecio-rebate-lula-e-diz-lamentar-nao-ter-evitado-tragedia-de-dilma\/#primaryimage\"},\"thumbnailUrl\":\"https:\/\/brasilnoticias.org\/site\/wp-content\/uploads\/2022\/09\/aecio_neves_jose_cruz_agenciabrasil_1_widelg_widelg.jpg\",\"datePublished\":\"2022-09-14T12:29:33+00:00\",\"breadcrumb\":{\"@id\":\"https:\/\/brasilnoticias.org\/site\/aecio-rebate-lula-e-diz-lamentar-nao-ter-evitado-tragedia-de-dilma\/#breadcrumb\"},\"inLanguage\":\"pt-PT\",\"potentialAction\":[{\"@type\":\"ReadAction\",\"target\":[\"https:\/\/brasilnoticias.org\/site\/aecio-rebate-lula-e-diz-lamentar-nao-ter-evitado-tragedia-de-dilma\/\"]}]},{\"@type\":\"ImageObject\",\"inLanguage\":\"pt-PT\",\"@id\":\"https:\/\/brasilnoticias.org\/site\/aecio-rebate-lula-e-diz-lamentar-nao-ter-evitado-tragedia-de-dilma\/#primaryimage\",\"url\":\"https:\/\/brasilnoticias.org\/site\/wp-content\/uploads\/2022\/09\/aecio_neves_jose_cruz_agenciabrasil_1_widelg_widelg.jpg\",\"contentUrl\":\"https:\/\/brasilnoticias.org\/site\/wp-content\/uploads\/2022\/09\/aecio_neves_jose_cruz_agenciabrasil_1_widelg_widelg.jpg\",\"width\":800,\"height\":450},{\"@type\":\"BreadcrumbList\",\"@id\":\"https:\/\/brasilnoticias.org\/site\/aecio-rebate-lula-e-diz-lamentar-nao-ter-evitado-tragedia-de-dilma\/#breadcrumb\",\"itemListElement\":[{\"@type\":\"ListItem\",\"position\":1,\"name\":\"In\u00edcio\",\"item\":\"https:\/\/brasilnoticias.org\/site\/\"},{\"@type\":\"ListItem\",\"position\":2,\"name\":\"A\u00e9cio rebate Lula e diz lamentar n\u00e3o ter evitado &#8216;trag\u00e9dia&#8217; de Dilma\"}]},{\"@type\":\"WebSite\",\"@id\":\"https:\/\/brasilnoticias.org\/site\/#website\",\"url\":\"https:\/\/brasilnoticias.org\/site\/\",\"name\":\"Brasil not\u00edcias\",\"description\":\"Brasil not\u00edcias\",\"publisher\":{\"@id\":\"https:\/\/brasilnoticias.org\/site\/#organization\"},\"potentialAction\":[{\"@type\":\"SearchAction\",\"target\":{\"@type\":\"EntryPoint\",\"urlTemplate\":\"https:\/\/brasilnoticias.org\/site\/?s={search_term_string}\"},\"query-input\":{\"@type\":\"PropertyValueSpecification\",\"valueRequired\":true,\"valueName\":\"search_term_string\"}}],\"inLanguage\":\"pt-PT\"},{\"@type\":\"Organization\",\"@id\":\"https:\/\/brasilnoticias.org\/site\/#organization\",\"name\":\"Brasil not\u00edcias\",\"url\":\"https:\/\/brasilnoticias.org\/site\/\",\"logo\":{\"@type\":\"ImageObject\",\"inLanguage\":\"pt-PT\",\"@id\":\"https:\/\/brasilnoticias.org\/site\/#\/schema\/logo\/image\/\",\"url\":\"https:\/\/brasilnoticias.org\/site\/wp-content\/uploads\/2022\/05\/cropped-brasilnoticias-mini.jpg\",\"contentUrl\":\"https:\/\/brasilnoticias.org\/site\/wp-content\/uploads\/2022\/05\/cropped-brasilnoticias-mini.jpg\",\"width\":314,\"height\":86,\"caption\":\"Brasil not\u00edcias\"},\"image\":{\"@id\":\"https:\/\/brasilnoticias.org\/site\/#\/schema\/logo\/image\/\"}},{\"@type\":\"Person\",\"@id\":\"https:\/\/brasilnoticias.org\/site\/#\/schema\/person\/f609fa847b5314f1c8b983342f34c798\",\"name\":\"Reda\u00e7\u00e3o\",\"image\":{\"@type\":\"ImageObject\",\"inLanguage\":\"pt-PT\",\"@id\":\"https:\/\/brasilnoticias.org\/site\/#\/schema\/person\/image\/\",\"url\":\"https:\/\/secure.gravatar.com\/avatar\/447284c06c1ad8b46465a36de9cd0d8326b73387a22799b8b1ffb1fbcff2ed0c?s=96&d=mm&r=g\",\"contentUrl\":\"https:\/\/secure.gravatar.com\/avatar\/447284c06c1ad8b46465a36de9cd0d8326b73387a22799b8b1ffb1fbcff2ed0c?s=96&d=mm&r=g\",\"caption\":\"Reda\u00e7\u00e3o\"},\"url\":\"https:\/\/brasilnoticias.org\/site\/author\/redacao\/\"}]}<\/script>\n<!-- \/ Yoast SEO plugin. -->","yoast_head_json":{"title":"A\u00e9cio rebate Lula e diz lamentar n\u00e3o ter evitado 'trag\u00e9dia' de Dilma - Brasil not\u00edcias","robots":{"index":"index","follow":"follow","max-snippet":"max-snippet:-1","max-image-preview":"max-image-preview:large","max-video-preview":"max-video-preview:-1"},"canonical":"https:\/\/brasilnoticias.org\/site\/aecio-rebate-lula-e-diz-lamentar-nao-ter-evitado-tragedia-de-dilma\/","og_locale":"pt_PT","og_type":"article","og_title":"A\u00e9cio rebate Lula e diz lamentar n\u00e3o ter evitado 'trag\u00e9dia' de Dilma - Brasil not\u00edcias","og_description":"O deputado federal\u00a0A\u00e9cio Neves (PSDB-MG)\u00a0reagiu com ironia \u00e0 declara\u00e7\u00e3o dada nesta segunda-feira (12) por Luiz In\u00e1cio Lula da Silva (PT)","og_url":"https:\/\/brasilnoticias.org\/site\/aecio-rebate-lula-e-diz-lamentar-nao-ter-evitado-tragedia-de-dilma\/","og_site_name":"Brasil not\u00edcias","article_published_time":"2022-09-14T12:29:33+00:00","og_image":[{"width":800,"height":450,"url":"https:\/\/brasilnoticias.org\/site\/wp-content\/uploads\/2022\/09\/aecio_neves_jose_cruz_agenciabrasil_1_widelg_widelg.jpg","type":"image\/jpeg"}],"author":"Reda\u00e7\u00e3o","twitter_card":"summary_large_image","twitter_misc":{"Escrito por":"Reda\u00e7\u00e3o","Tempo estimado de leitura":"1 minuto"},"schema":{"@context":"https:\/\/schema.org","@graph":[{"@type":"Article","@id":"https:\/\/brasilnoticias.org\/site\/aecio-rebate-lula-e-diz-lamentar-nao-ter-evitado-tragedia-de-dilma\/#article","isPartOf":{"@id":"https:\/\/brasilnoticias.org\/site\/aecio-rebate-lula-e-diz-lamentar-nao-ter-evitado-tragedia-de-dilma\/"},"author":{"name":"Reda\u00e7\u00e3o","@id":"https:\/\/brasilnoticias.org\/site\/#\/schema\/person\/f609fa847b5314f1c8b983342f34c798"},"headline":"A\u00e9cio rebate Lula e diz lamentar n\u00e3o ter evitado &#8216;trag\u00e9dia&#8217; de Dilma","datePublished":"2022-09-14T12:29:33+00:00","mainEntityOfPage":{"@id":"https:\/\/brasilnoticias.org\/site\/aecio-rebate-lula-e-diz-lamentar-nao-ter-evitado-tragedia-de-dilma\/"},"wordCount":204,"commentCount":0,"publisher":{"@id":"https:\/\/brasilnoticias.org\/site\/#organization"},"image":{"@id":"https:\/\/brasilnoticias.org\/site\/aecio-rebate-lula-e-diz-lamentar-nao-ter-evitado-tragedia-de-dilma\/#primaryimage"},"thumbnailUrl":"https:\/\/brasilnoticias.org\/site\/wp-content\/uploads\/2022\/09\/aecio_neves_jose_cruz_agenciabrasil_1_widelg_widelg.jpg","articleSection":["Pol\u00edtica","\u00daltimas"],"inLanguage":"pt-PT","potentialAction":[{"@type":"CommentAction","name":"Comment","target":["https:\/\/brasilnoticias.org\/site\/aecio-rebate-lula-e-diz-lamentar-nao-ter-evitado-tragedia-de-dilma\/#respond"]}]},{"@type":"WebPage","@id":"https:\/\/brasilnoticias.org\/site\/aecio-rebate-lula-e-diz-lamentar-nao-ter-evitado-tragedia-de-dilma\/","url":"https:\/\/brasilnoticias.org\/site\/aecio-rebate-lula-e-diz-lamentar-nao-ter-evitado-tragedia-de-dilma\/","name":"A\u00e9cio rebate Lula e diz lamentar n\u00e3o ter evitado 'trag\u00e9dia' de Dilma - Brasil not\u00edcias","isPartOf":{"@id":"https:\/\/brasilnoticias.org\/site\/#website"},"primaryImageOfPage":{"@id":"https:\/\/brasilnoticias.org\/site\/aecio-rebate-lula-e-diz-lamentar-nao-ter-evitado-tragedia-de-dilma\/#primaryimage"},"image":{"@id":"https:\/\/brasilnoticias.org\/site\/aecio-rebate-lula-e-diz-lamentar-nao-ter-evitado-tragedia-de-dilma\/#primaryimage"},"thumbnailUrl":"https:\/\/brasilnoticias.org\/site\/wp-content\/uploads\/2022\/09\/aecio_neves_jose_cruz_agenciabrasil_1_widelg_widelg.jpg","datePublished":"2022-09-14T12:29:33+00:00","breadcrumb":{"@id":"https:\/\/brasilnoticias.org\/site\/aecio-rebate-lula-e-diz-lamentar-nao-ter-evitado-tragedia-de-dilma\/#breadcrumb"},"inLanguage":"pt-PT","potentialAction":[{"@type":"ReadAction","target":["https:\/\/brasilnoticias.org\/site\/aecio-rebate-lula-e-diz-lamentar-nao-ter-evitado-tragedia-de-dilma\/"]}]},{"@type":"ImageObject","inLanguage":"pt-PT","@id":"https:\/\/brasilnoticias.org\/site\/aecio-rebate-lula-e-diz-lamentar-nao-ter-evitado-tragedia-de-dilma\/#primaryimage","url":"https:\/\/brasilnoticias.org\/site\/wp-content\/uploads\/2022\/09\/aecio_neves_jose_cruz_agenciabrasil_1_widelg_widelg.jpg","contentUrl":"https:\/\/brasilnoticias.org\/site\/wp-content\/uploads\/2022\/09\/aecio_neves_jose_cruz_agenciabrasil_1_widelg_widelg.jpg","width":800,"height":450},{"@type":"BreadcrumbList","@id":"https:\/\/brasilnoticias.org\/site\/aecio-rebate-lula-e-diz-lamentar-nao-ter-evitado-tragedia-de-dilma\/#breadcrumb","itemListElement":[{"@type":"ListItem","position":1,"name":"In\u00edcio","item":"https:\/\/brasilnoticias.org\/site\/"},{"@type":"ListItem","position":2,"name":"A\u00e9cio rebate Lula e diz lamentar n\u00e3o ter evitado &#8216;trag\u00e9dia&#8217; de Dilma"}]},{"@type":"WebSite","@id":"https:\/\/brasilnoticias.org\/site\/#website","url":"https:\/\/brasilnoticias.org\/site\/","name":"Brasil not\u00edcias","description":"Brasil not\u00edcias","publisher":{"@id":"https:\/\/brasilnoticias.org\/site\/#organization"},"potentialAction":[{"@type":"SearchAction","target":{"@type":"EntryPoint","urlTemplate":"https:\/\/brasilnoticias.org\/site\/?s={search_term_string}"},"query-input":{"@type":"PropertyValueSpecification","valueRequired":true,"valueName":"search_term_string"}}],"inLanguage":"pt-PT"},{"@type":"Organization","@id":"https:\/\/brasilnoticias.org\/site\/#organization","name":"Brasil not\u00edcias","url":"https:\/\/brasilnoticias.org\/site\/","logo":{"@type":"ImageObject","inLanguage":"pt-PT","@id":"https:\/\/brasilnoticias.org\/site\/#\/schema\/logo\/image\/","url":"https:\/\/brasilnoticias.org\/site\/wp-content\/uploads\/2022\/05\/cropped-brasilnoticias-mini.jpg","contentUrl":"https:\/\/brasilnoticias.org\/site\/wp-content\/uploads\/2022\/05\/cropped-brasilnoticias-mini.jpg","width":314,"height":86,"caption":"Brasil not\u00edcias"},"image":{"@id":"https:\/\/brasilnoticias.org\/site\/#\/schema\/logo\/image\/"}},{"@type":"Person","@id":"https:\/\/brasilnoticias.org\/site\/#\/schema\/person\/f609fa847b5314f1c8b983342f34c798","name":"Reda\u00e7\u00e3o","image":{"@type":"ImageObject","inLanguage":"pt-PT","@id":"https:\/\/brasilnoticias.org\/site\/#\/schema\/person\/image\/","url":"https:\/\/secure.gravatar.com\/avatar\/447284c06c1ad8b46465a36de9cd0d8326b73387a22799b8b1ffb1fbcff2ed0c?s=96&d=mm&r=g","contentUrl":"https:\/\/secure.gravatar.com\/avatar\/447284c06c1ad8b46465a36de9cd0d8326b73387a22799b8b1ffb1fbcff2ed0c?s=96&d=mm&r=g","caption":"Reda\u00e7\u00e3o"},"url":"https:\/\/brasilnoticias.org\/site\/author\/redacao\/"}]}},"_links":{"self":[{"href":"https:\/\/brasilnoticias.org\/site\/wp-json\/wp\/v2\/posts\/1469","targetHints":{"allow":["GET"]}}],"collection":[{"href":"https:\/\/brasilnoticias.org\/site\/wp-json\/wp\/v2\/posts"}],"about":[{"href":"https:\/\/brasilnoticias.org\/site\/wp-json\/wp\/v2\/types\/post"}],"author":[{"embeddable":true,"href":"https:\/\/brasilnoticias.org\/site\/wp-json\/wp\/v2\/users\/2"}],"replies":[{"embeddable":true,"href":"https:\/\/brasilnoticias.org\/site\/wp-json\/wp\/v2\/comments?post=1469"}],"version-history":[{"count":1,"href":"https:\/\/brasilnoticias.org\/site\/wp-json\/wp\/v2\/posts\/1469\/revisions"}],"predecessor-version":[{"id":1471,"href":"https:\/\/brasilnoticias.org\/site\/wp-json\/wp\/v2\/posts\/1469\/revisions\/1471"}],"wp:featuredmedia":[{"embeddable":true,"href":"https:\/\/brasilnoticias.org\/site\/wp-json\/wp\/v2\/media\/1470"}],"wp:attachment":[{"href":"https:\/\/brasilnoticias.org\/site\/wp-json\/wp\/v2\/media?parent=1469"}],"wp:term":[{"taxonomy":"category","embeddable":true,"href":"https:\/\/brasilnoticias.org\/site\/wp-json\/wp\/v2\/categories?post=1469"},{"taxonomy":"post_tag","embeddable":true,"href":"https:\/\/brasilnoticias.org\/site\/wp-json\/wp\/v2\/tags?post=1469"}],"curies":[{"name":"wp","href":"https:\/\/api.w.org\/{rel}","templated":true}]}}