{"id":14696,"date":"2024-06-18T11:17:12","date_gmt":"2024-06-18T14:17:12","guid":{"rendered":"https:\/\/brasilnoticias.org\/site\/?p=14696"},"modified":"2024-06-18T11:17:12","modified_gmt":"2024-06-18T14:17:12","slug":"martagao-gesteira-confirma-fechamento-de-uti-especifica","status":"publish","type":"post","link":"https:\/\/brasilnoticias.org\/site\/martagao-gesteira-confirma-fechamento-de-uti-especifica\/","title":{"rendered":"Martag\u00e3o Gesteira confirma fechamento de UTI espec\u00edfica"},"content":{"rendered":"<p>Hospital aponta que recursos repassados pelo SUS n\u00e3o s\u00e3o suficientes para custear 100% a opera\u00e7\u00e3o do local<\/p>\n<p>Ap\u00f3s a coluna Metropol\u00edtica antecipar que o Martag\u00e3o Gesteira cogitava desativar uma de suas UTIs, o hospital confirmou o fechamento e a redu\u00e7\u00e3o no quantitativo de cirurgias card\u00edacas a serem realizadas. <\/p>\n<p>Em nota divulgada \u00e0 imprensa, a institui\u00e7\u00e3o filantr\u00f3pica afirmou que enfrenta h\u00e1 anos um d\u00e9ficit mensal que, para 2024, era estimado em R$ 15 milh\u00f5es. O Martag\u00e3o apontou que os recursos repassados atrav\u00e9s do Sistema \u00danico de Sa\u00fade (SUS) n\u00e3o cobrem os custos totais da opera\u00e7\u00e3o do hospital. &#8220;Especificamente para a UTI, o subfinanciamento do SUS e uma escassez de profissionais habilitados em pediatria criaram uma situa\u00e7\u00e3o extremamente dif\u00edcil&#8221;, afirmou o Hospital.<\/p>\n<p>O Martag\u00e3o Gesteira ainda explicitou que h\u00e1 contratos de servi\u00e7os ofertados no local que n\u00e3o s\u00e3o atualizados h\u00e1 mais de dez anos e que a situa\u00e7\u00e3o atualmente \u00e9 resolvida gra\u00e7as a receitas extraordin\u00e1rias, especialmente com o apoio da bancada parlamentar baiana e doa\u00e7\u00f5es de in\u00fameros apoiadores.<\/p>\n<p>Apesar deste fechamento, o Martag\u00e3o informou que manter\u00e1 outras duas UTI\u2019s em pleno funcionamento e afirmou que n\u00e3o h\u00e1 previs\u00e3o de demiss\u00f5es em massa nem insolv\u00eancia financeira e que todos os contratos e pagamentos est\u00e3o em dia. &#8220;N\u00e3o h\u00e1 amea\u00e7a de fechamento do Hospital, que permanece funcionando normalmente&#8221;, ressaltou.<\/p>\n<p>&#8220;A interrup\u00e7\u00e3o de um determinado servi\u00e7o \u00e9 o \u00faltimo desfecho desejado pelo hospital, que j\u00e1 est\u00e1 em tratativas com seus contratantes para encontrar estrat\u00e9gias para que o servi\u00e7o seja retomado em sua plenitude. Diante desta situa\u00e7\u00e3o, o hospital ir\u00e1 readequar seu rol de servi\u00e7os e intensificar\u00e1 cirurgias eletivas&#8221;, apontou.<\/p>\n<p>Foto: Ascom\/Hospital Martag\u00e3o Gesteira<br \/>\nPor: Metro1<\/p>\n","protected":false},"excerpt":{"rendered":"<p>Hospital aponta que recursos repassados pelo SUS n\u00e3o s\u00e3o suficientes para custear 100% a opera\u00e7\u00e3o do local Ap\u00f3s a coluna<\/p>\n","protected":false},"author":4,"featured_media":14697,"comment_status":"open","ping_status":"open","sticky":false,"template":"","format":"standard","meta":{"colormag_page_container_layout":"default_layout","colormag_page_sidebar_layout":"default_layout","_FSMCFIC_featured_image_caption":"","_FSMCFIC_featured_image_nocaption":"","_FSMCFIC_featured_image_hide":"","footnotes":""},"categories":[2,1],"tags":[],"class_list":["post-14696","post","type-post","status-publish","format-standard","has-post-thumbnail","hentry","category-noticias","category-ultimas"],"yoast_head":"<!-- This site is optimized with the Yoast SEO plugin v27.1.1 - https:\/\/yoast.com\/product\/yoast-seo-wordpress\/ -->\n<title>Martag\u00e3o Gesteira confirma fechamento de UTI espec\u00edfica - Brasil not\u00edcias<\/title>\n<meta name=\"robots\" content=\"index, follow, max-snippet:-1, max-image-preview:large, max-video-preview:-1\" \/>\n<link rel=\"canonical\" href=\"https:\/\/brasilnoticias.org\/site\/martagao-gesteira-confirma-fechamento-de-uti-especifica\/\" \/>\n<meta property=\"og:locale\" content=\"pt_PT\" \/>\n<meta property=\"og:type\" content=\"article\" \/>\n<meta property=\"og:title\" content=\"Martag\u00e3o Gesteira confirma fechamento de UTI espec\u00edfica - Brasil not\u00edcias\" \/>\n<meta property=\"og:description\" content=\"Hospital aponta que recursos repassados pelo SUS n\u00e3o s\u00e3o suficientes para custear 100% a opera\u00e7\u00e3o do local Ap\u00f3s a coluna\" \/>\n<meta property=\"og:url\" content=\"https:\/\/brasilnoticias.org\/site\/martagao-gesteira-confirma-fechamento-de-uti-especifica\/\" \/>\n<meta property=\"og:site_name\" content=\"Brasil not\u00edcias\" \/>\n<meta property=\"article:published_time\" content=\"2024-06-18T14:17:12+00:00\" \/>\n<meta property=\"og:image\" content=\"https:\/\/brasilnoticias.org\/site\/wp-content\/uploads\/2024\/06\/151708martagao-gesteira-confirma-fechamento-de-uti-especifica-3.jpg\" \/>\n\t<meta property=\"og:image:width\" content=\"1600\" \/>\n\t<meta property=\"og:image:height\" content=\"752\" \/>\n\t<meta property=\"og:image:type\" content=\"image\/jpeg\" \/>\n<meta name=\"author\" content=\"Reda\u00e7\u00e3o\" \/>\n<meta name=\"twitter:card\" content=\"summary_large_image\" \/>\n<meta name=\"twitter:label1\" content=\"Escrito por\" \/>\n\t<meta name=\"twitter:data1\" content=\"Reda\u00e7\u00e3o\" \/>\n\t<meta name=\"twitter:label2\" content=\"Tempo estimado de leitura\" \/>\n\t<meta name=\"twitter:data2\" content=\"1 minuto\" \/>\n<script type=\"application\/ld+json\" class=\"yoast-schema-graph\">{\"@context\":\"https:\/\/schema.org\",\"@graph\":[{\"@type\":\"Article\",\"@id\":\"https:\/\/brasilnoticias.org\/site\/martagao-gesteira-confirma-fechamento-de-uti-especifica\/#article\",\"isPartOf\":{\"@id\":\"https:\/\/brasilnoticias.org\/site\/martagao-gesteira-confirma-fechamento-de-uti-especifica\/\"},\"author\":{\"name\":\"Reda\u00e7\u00e3o\",\"@id\":\"https:\/\/brasilnoticias.org\/site\/#\/schema\/person\/03bbbfe6c7634ad18c26444ea39049fa\"},\"headline\":\"Martag\u00e3o Gesteira confirma fechamento de UTI espec\u00edfica\",\"datePublished\":\"2024-06-18T14:17:12+00:00\",\"mainEntityOfPage\":{\"@id\":\"https:\/\/brasilnoticias.org\/site\/martagao-gesteira-confirma-fechamento-de-uti-especifica\/\"},\"wordCount\":318,\"commentCount\":0,\"publisher\":{\"@id\":\"https:\/\/brasilnoticias.org\/site\/#organization\"},\"image\":{\"@id\":\"https:\/\/brasilnoticias.org\/site\/martagao-gesteira-confirma-fechamento-de-uti-especifica\/#primaryimage\"},\"thumbnailUrl\":\"https:\/\/brasilnoticias.org\/site\/wp-content\/uploads\/2024\/06\/151708martagao-gesteira-confirma-fechamento-de-uti-especifica-3.jpg\",\"articleSection\":[\"Not\u00edcias\",\"\u00daltimas\"],\"inLanguage\":\"pt-PT\",\"potentialAction\":[{\"@type\":\"CommentAction\",\"name\":\"Comment\",\"target\":[\"https:\/\/brasilnoticias.org\/site\/martagao-gesteira-confirma-fechamento-de-uti-especifica\/#respond\"]}]},{\"@type\":\"WebPage\",\"@id\":\"https:\/\/brasilnoticias.org\/site\/martagao-gesteira-confirma-fechamento-de-uti-especifica\/\",\"url\":\"https:\/\/brasilnoticias.org\/site\/martagao-gesteira-confirma-fechamento-de-uti-especifica\/\",\"name\":\"Martag\u00e3o Gesteira confirma fechamento de UTI espec\u00edfica - Brasil not\u00edcias\",\"isPartOf\":{\"@id\":\"https:\/\/brasilnoticias.org\/site\/#website\"},\"primaryImageOfPage\":{\"@id\":\"https:\/\/brasilnoticias.org\/site\/martagao-gesteira-confirma-fechamento-de-uti-especifica\/#primaryimage\"},\"image\":{\"@id\":\"https:\/\/brasilnoticias.org\/site\/martagao-gesteira-confirma-fechamento-de-uti-especifica\/#primaryimage\"},\"thumbnailUrl\":\"https:\/\/brasilnoticias.org\/site\/wp-content\/uploads\/2024\/06\/151708martagao-gesteira-confirma-fechamento-de-uti-especifica-3.jpg\",\"datePublished\":\"2024-06-18T14:17:12+00:00\",\"breadcrumb\":{\"@id\":\"https:\/\/brasilnoticias.org\/site\/martagao-gesteira-confirma-fechamento-de-uti-especifica\/#breadcrumb\"},\"inLanguage\":\"pt-PT\",\"potentialAction\":[{\"@type\":\"ReadAction\",\"target\":[\"https:\/\/brasilnoticias.org\/site\/martagao-gesteira-confirma-fechamento-de-uti-especifica\/\"]}]},{\"@type\":\"ImageObject\",\"inLanguage\":\"pt-PT\",\"@id\":\"https:\/\/brasilnoticias.org\/site\/martagao-gesteira-confirma-fechamento-de-uti-especifica\/#primaryimage\",\"url\":\"https:\/\/brasilnoticias.org\/site\/wp-content\/uploads\/2024\/06\/151708martagao-gesteira-confirma-fechamento-de-uti-especifica-3.jpg\",\"contentUrl\":\"https:\/\/brasilnoticias.org\/site\/wp-content\/uploads\/2024\/06\/151708martagao-gesteira-confirma-fechamento-de-uti-especifica-3.jpg\",\"width\":1600,\"height\":752},{\"@type\":\"BreadcrumbList\",\"@id\":\"https:\/\/brasilnoticias.org\/site\/martagao-gesteira-confirma-fechamento-de-uti-especifica\/#breadcrumb\",\"itemListElement\":[{\"@type\":\"ListItem\",\"position\":1,\"name\":\"In\u00edcio\",\"item\":\"https:\/\/brasilnoticias.org\/site\/\"},{\"@type\":\"ListItem\",\"position\":2,\"name\":\"Martag\u00e3o Gesteira confirma fechamento de UTI espec\u00edfica\"}]},{\"@type\":\"WebSite\",\"@id\":\"https:\/\/brasilnoticias.org\/site\/#website\",\"url\":\"https:\/\/brasilnoticias.org\/site\/\",\"name\":\"Brasil not\u00edcias\",\"description\":\"Brasil not\u00edcias\",\"publisher\":{\"@id\":\"https:\/\/brasilnoticias.org\/site\/#organization\"},\"potentialAction\":[{\"@type\":\"SearchAction\",\"target\":{\"@type\":\"EntryPoint\",\"urlTemplate\":\"https:\/\/brasilnoticias.org\/site\/?s={search_term_string}\"},\"query-input\":{\"@type\":\"PropertyValueSpecification\",\"valueRequired\":true,\"valueName\":\"search_term_string\"}}],\"inLanguage\":\"pt-PT\"},{\"@type\":\"Organization\",\"@id\":\"https:\/\/brasilnoticias.org\/site\/#organization\",\"name\":\"Brasil not\u00edcias\",\"url\":\"https:\/\/brasilnoticias.org\/site\/\",\"logo\":{\"@type\":\"ImageObject\",\"inLanguage\":\"pt-PT\",\"@id\":\"https:\/\/brasilnoticias.org\/site\/#\/schema\/logo\/image\/\",\"url\":\"https:\/\/brasilnoticias.org\/site\/wp-content\/uploads\/2022\/05\/cropped-brasilnoticias-mini.jpg\",\"contentUrl\":\"https:\/\/brasilnoticias.org\/site\/wp-content\/uploads\/2022\/05\/cropped-brasilnoticias-mini.jpg\",\"width\":314,\"height\":86,\"caption\":\"Brasil not\u00edcias\"},\"image\":{\"@id\":\"https:\/\/brasilnoticias.org\/site\/#\/schema\/logo\/image\/\"}},{\"@type\":\"Person\",\"@id\":\"https:\/\/brasilnoticias.org\/site\/#\/schema\/person\/03bbbfe6c7634ad18c26444ea39049fa\",\"name\":\"Reda\u00e7\u00e3o\",\"image\":{\"@type\":\"ImageObject\",\"inLanguage\":\"pt-PT\",\"@id\":\"https:\/\/brasilnoticias.org\/site\/#\/schema\/person\/image\/\",\"url\":\"https:\/\/secure.gravatar.com\/avatar\/9ecaf7327a696cb23ad926fedded5f1f04d7049de9e445375d55b48c001a6e42?s=96&d=mm&r=g\",\"contentUrl\":\"https:\/\/secure.gravatar.com\/avatar\/9ecaf7327a696cb23ad926fedded5f1f04d7049de9e445375d55b48c001a6e42?s=96&d=mm&r=g\",\"caption\":\"Reda\u00e7\u00e3o\"},\"url\":\"https:\/\/brasilnoticias.org\/site\/author\/henrique\/\"}]}<\/script>\n<!-- \/ Yoast SEO plugin. -->","yoast_head_json":{"title":"Martag\u00e3o Gesteira confirma fechamento de UTI espec\u00edfica - Brasil not\u00edcias","robots":{"index":"index","follow":"follow","max-snippet":"max-snippet:-1","max-image-preview":"max-image-preview:large","max-video-preview":"max-video-preview:-1"},"canonical":"https:\/\/brasilnoticias.org\/site\/martagao-gesteira-confirma-fechamento-de-uti-especifica\/","og_locale":"pt_PT","og_type":"article","og_title":"Martag\u00e3o Gesteira confirma fechamento de UTI espec\u00edfica - Brasil not\u00edcias","og_description":"Hospital aponta que recursos repassados pelo SUS n\u00e3o s\u00e3o suficientes para custear 100% a opera\u00e7\u00e3o do local Ap\u00f3s a coluna","og_url":"https:\/\/brasilnoticias.org\/site\/martagao-gesteira-confirma-fechamento-de-uti-especifica\/","og_site_name":"Brasil not\u00edcias","article_published_time":"2024-06-18T14:17:12+00:00","og_image":[{"width":1600,"height":752,"url":"https:\/\/brasilnoticias.org\/site\/wp-content\/uploads\/2024\/06\/151708martagao-gesteira-confirma-fechamento-de-uti-especifica-3.jpg","type":"image\/jpeg"}],"author":"Reda\u00e7\u00e3o","twitter_card":"summary_large_image","twitter_misc":{"Escrito por":"Reda\u00e7\u00e3o","Tempo estimado de leitura":"1 minuto"},"schema":{"@context":"https:\/\/schema.org","@graph":[{"@type":"Article","@id":"https:\/\/brasilnoticias.org\/site\/martagao-gesteira-confirma-fechamento-de-uti-especifica\/#article","isPartOf":{"@id":"https:\/\/brasilnoticias.org\/site\/martagao-gesteira-confirma-fechamento-de-uti-especifica\/"},"author":{"name":"Reda\u00e7\u00e3o","@id":"https:\/\/brasilnoticias.org\/site\/#\/schema\/person\/03bbbfe6c7634ad18c26444ea39049fa"},"headline":"Martag\u00e3o Gesteira confirma fechamento de UTI espec\u00edfica","datePublished":"2024-06-18T14:17:12+00:00","mainEntityOfPage":{"@id":"https:\/\/brasilnoticias.org\/site\/martagao-gesteira-confirma-fechamento-de-uti-especifica\/"},"wordCount":318,"commentCount":0,"publisher":{"@id":"https:\/\/brasilnoticias.org\/site\/#organization"},"image":{"@id":"https:\/\/brasilnoticias.org\/site\/martagao-gesteira-confirma-fechamento-de-uti-especifica\/#primaryimage"},"thumbnailUrl":"https:\/\/brasilnoticias.org\/site\/wp-content\/uploads\/2024\/06\/151708martagao-gesteira-confirma-fechamento-de-uti-especifica-3.jpg","articleSection":["Not\u00edcias","\u00daltimas"],"inLanguage":"pt-PT","potentialAction":[{"@type":"CommentAction","name":"Comment","target":["https:\/\/brasilnoticias.org\/site\/martagao-gesteira-confirma-fechamento-de-uti-especifica\/#respond"]}]},{"@type":"WebPage","@id":"https:\/\/brasilnoticias.org\/site\/martagao-gesteira-confirma-fechamento-de-uti-especifica\/","url":"https:\/\/brasilnoticias.org\/site\/martagao-gesteira-confirma-fechamento-de-uti-especifica\/","name":"Martag\u00e3o Gesteira confirma fechamento de UTI espec\u00edfica - Brasil not\u00edcias","isPartOf":{"@id":"https:\/\/brasilnoticias.org\/site\/#website"},"primaryImageOfPage":{"@id":"https:\/\/brasilnoticias.org\/site\/martagao-gesteira-confirma-fechamento-de-uti-especifica\/#primaryimage"},"image":{"@id":"https:\/\/brasilnoticias.org\/site\/martagao-gesteira-confirma-fechamento-de-uti-especifica\/#primaryimage"},"thumbnailUrl":"https:\/\/brasilnoticias.org\/site\/wp-content\/uploads\/2024\/06\/151708martagao-gesteira-confirma-fechamento-de-uti-especifica-3.jpg","datePublished":"2024-06-18T14:17:12+00:00","breadcrumb":{"@id":"https:\/\/brasilnoticias.org\/site\/martagao-gesteira-confirma-fechamento-de-uti-especifica\/#breadcrumb"},"inLanguage":"pt-PT","potentialAction":[{"@type":"ReadAction","target":["https:\/\/brasilnoticias.org\/site\/martagao-gesteira-confirma-fechamento-de-uti-especifica\/"]}]},{"@type":"ImageObject","inLanguage":"pt-PT","@id":"https:\/\/brasilnoticias.org\/site\/martagao-gesteira-confirma-fechamento-de-uti-especifica\/#primaryimage","url":"https:\/\/brasilnoticias.org\/site\/wp-content\/uploads\/2024\/06\/151708martagao-gesteira-confirma-fechamento-de-uti-especifica-3.jpg","contentUrl":"https:\/\/brasilnoticias.org\/site\/wp-content\/uploads\/2024\/06\/151708martagao-gesteira-confirma-fechamento-de-uti-especifica-3.jpg","width":1600,"height":752},{"@type":"BreadcrumbList","@id":"https:\/\/brasilnoticias.org\/site\/martagao-gesteira-confirma-fechamento-de-uti-especifica\/#breadcrumb","itemListElement":[{"@type":"ListItem","position":1,"name":"In\u00edcio","item":"https:\/\/brasilnoticias.org\/site\/"},{"@type":"ListItem","position":2,"name":"Martag\u00e3o Gesteira confirma fechamento de UTI espec\u00edfica"}]},{"@type":"WebSite","@id":"https:\/\/brasilnoticias.org\/site\/#website","url":"https:\/\/brasilnoticias.org\/site\/","name":"Brasil not\u00edcias","description":"Brasil not\u00edcias","publisher":{"@id":"https:\/\/brasilnoticias.org\/site\/#organization"},"potentialAction":[{"@type":"SearchAction","target":{"@type":"EntryPoint","urlTemplate":"https:\/\/brasilnoticias.org\/site\/?s={search_term_string}"},"query-input":{"@type":"PropertyValueSpecification","valueRequired":true,"valueName":"search_term_string"}}],"inLanguage":"pt-PT"},{"@type":"Organization","@id":"https:\/\/brasilnoticias.org\/site\/#organization","name":"Brasil not\u00edcias","url":"https:\/\/brasilnoticias.org\/site\/","logo":{"@type":"ImageObject","inLanguage":"pt-PT","@id":"https:\/\/brasilnoticias.org\/site\/#\/schema\/logo\/image\/","url":"https:\/\/brasilnoticias.org\/site\/wp-content\/uploads\/2022\/05\/cropped-brasilnoticias-mini.jpg","contentUrl":"https:\/\/brasilnoticias.org\/site\/wp-content\/uploads\/2022\/05\/cropped-brasilnoticias-mini.jpg","width":314,"height":86,"caption":"Brasil not\u00edcias"},"image":{"@id":"https:\/\/brasilnoticias.org\/site\/#\/schema\/logo\/image\/"}},{"@type":"Person","@id":"https:\/\/brasilnoticias.org\/site\/#\/schema\/person\/03bbbfe6c7634ad18c26444ea39049fa","name":"Reda\u00e7\u00e3o","image":{"@type":"ImageObject","inLanguage":"pt-PT","@id":"https:\/\/brasilnoticias.org\/site\/#\/schema\/person\/image\/","url":"https:\/\/secure.gravatar.com\/avatar\/9ecaf7327a696cb23ad926fedded5f1f04d7049de9e445375d55b48c001a6e42?s=96&d=mm&r=g","contentUrl":"https:\/\/secure.gravatar.com\/avatar\/9ecaf7327a696cb23ad926fedded5f1f04d7049de9e445375d55b48c001a6e42?s=96&d=mm&r=g","caption":"Reda\u00e7\u00e3o"},"url":"https:\/\/brasilnoticias.org\/site\/author\/henrique\/"}]}},"_links":{"self":[{"href":"https:\/\/brasilnoticias.org\/site\/wp-json\/wp\/v2\/posts\/14696","targetHints":{"allow":["GET"]}}],"collection":[{"href":"https:\/\/brasilnoticias.org\/site\/wp-json\/wp\/v2\/posts"}],"about":[{"href":"https:\/\/brasilnoticias.org\/site\/wp-json\/wp\/v2\/types\/post"}],"author":[{"embeddable":true,"href":"https:\/\/brasilnoticias.org\/site\/wp-json\/wp\/v2\/users\/4"}],"replies":[{"embeddable":true,"href":"https:\/\/brasilnoticias.org\/site\/wp-json\/wp\/v2\/comments?post=14696"}],"version-history":[{"count":1,"href":"https:\/\/brasilnoticias.org\/site\/wp-json\/wp\/v2\/posts\/14696\/revisions"}],"predecessor-version":[{"id":14698,"href":"https:\/\/brasilnoticias.org\/site\/wp-json\/wp\/v2\/posts\/14696\/revisions\/14698"}],"wp:featuredmedia":[{"embeddable":true,"href":"https:\/\/brasilnoticias.org\/site\/wp-json\/wp\/v2\/media\/14697"}],"wp:attachment":[{"href":"https:\/\/brasilnoticias.org\/site\/wp-json\/wp\/v2\/media?parent=14696"}],"wp:term":[{"taxonomy":"category","embeddable":true,"href":"https:\/\/brasilnoticias.org\/site\/wp-json\/wp\/v2\/categories?post=14696"},{"taxonomy":"post_tag","embeddable":true,"href":"https:\/\/brasilnoticias.org\/site\/wp-json\/wp\/v2\/tags?post=14696"}],"curies":[{"name":"wp","href":"https:\/\/api.w.org\/{rel}","templated":true}]}}