{"id":14716,"date":"2024-06-18T11:25:53","date_gmt":"2024-06-18T14:25:53","guid":{"rendered":"https:\/\/brasilnoticias.org\/site\/?p=14716"},"modified":"2024-06-18T11:25:53","modified_gmt":"2024-06-18T14:25:53","slug":"cruzeiro-desiste-de-contratar-dudu-do-palmeiras-apos-polemica-na-negociacao","status":"publish","type":"post","link":"https:\/\/brasilnoticias.org\/site\/cruzeiro-desiste-de-contratar-dudu-do-palmeiras-apos-polemica-na-negociacao\/","title":{"rendered":"Cruzeiro desiste de contratar Dudu, do Palmeiras, ap\u00f3s pol\u00eamica na negocia\u00e7\u00e3o"},"content":{"rendered":"<p>Dudu tamb\u00e9m se manifestou via perfil oficial do Instagram, alegando ter passado por \u201cdias muito tristes e dif\u00edceis\u201d e justificou a quebra de negocia\u00e7\u00e3o com o Cruzeiro por n\u00e3o sentir que era o momento de sair<\/p>\n<p>A negocia\u00e7\u00e3o entre Cruzeiro, Palmeiras e o meia-atacante Dudu foi oficialmente encerrada pelo clube mineiro ap\u00f3s a transfer\u00eancia, vista como simples, ter ganhado ares de pol\u00eamica devido \u00e0s atitudes do jogador com os clubes. Por meio das redes sociais, o Cruzeiro afirmou que \u201cretirou oficialmente a proposta\u201d.<\/p>\n<p>De acordo com a postagem da Raposa, a indecis\u00e3o do jogador e a falta de lealdade fizeram com que o neg\u00f3cio fosse finalizado: \u201cO Cruzeiro encara este assunto como encerrado, pois tem a obriga\u00e7\u00e3o de contar em seu elenco com atletas de palavra, compromissados, leais e que VERDADEIRAMENTE queiram estar no Cruzeiro.\u201d<\/p>\n<blockquote class=\"instagram-media\" data-instgrm-captioned data-instgrm-permalink=\"https:\/\/www.instagram.com\/p\/C8VTbOKSnrJ\/?utm_source=ig_embed&amp;utm_campaign=loading\" data-instgrm-version=\"14\" style=\" background:#FFF; border:0; border-radius:3px; box-shadow:0 0 1px 0 rgba(0,0,0,0.5),0 1px 10px 0 rgba(0,0,0,0.15); margin: 1px; max-width:540px; min-width:326px; padding:0; width:99.375%; width:-webkit-calc(100% - 2px); width:calc(100% - 2px);\">\n<div style=\"padding:16px;\"> <a href=\"https:\/\/www.instagram.com\/p\/C8VTbOKSnrJ\/?utm_source=ig_embed&amp;utm_campaign=loading\" style=\" background:#FFFFFF; line-height:0; padding:0 0; text-align:center; text-decoration:none; width:100%;\" target=\"_blank\" rel=\"noopener\"> <\/p>\n<div style=\" display: flex; flex-direction: row; align-items: center;\">\n<div style=\"background-color: #F4F4F4; border-radius: 50%; flex-grow: 0; height: 40px; margin-right: 14px; width: 40px;\"><\/div>\n<div style=\"display: flex; flex-direction: column; flex-grow: 1; justify-content: center;\">\n<div style=\" background-color: #F4F4F4; border-radius: 4px; flex-grow: 0; height: 14px; margin-bottom: 6px; width: 100px;\"><\/div>\n<div style=\" background-color: #F4F4F4; border-radius: 4px; flex-grow: 0; height: 14px; width: 60px;\"><\/div>\n<\/div>\n<\/div>\n<div style=\"padding: 19% 0;\"><\/div>\n<div style=\"display:block; height:50px; margin:0 auto 12px; width:50px;\"><svg width=\"50px\" height=\"50px\" viewBox=\"0 0 60 60\" version=\"1.1\" xmlns=\"https:\/\/www.w3.org\/2000\/svg\" xmlns:xlink=\"https:\/\/www.w3.org\/1999\/xlink\"><g stroke=\"none\" stroke-width=\"1\" fill=\"none\" fill-rule=\"evenodd\"><g transform=\"translate(-511.000000, -20.000000)\" fill=\"#000000\"><g><path d=\"M556.869,30.41 C554.814,30.41 553.148,32.076 553.148,34.131 C553.148,36.186 554.814,37.852 556.869,37.852 C558.924,37.852 560.59,36.186 560.59,34.131 C560.59,32.076 558.924,30.41 556.869,30.41 M541,60.657 C535.114,60.657 530.342,55.887 530.342,50 C530.342,44.114 535.114,39.342 541,39.342 C546.887,39.342 551.658,44.114 551.658,50 C551.658,55.887 546.887,60.657 541,60.657 M541,33.886 C532.1,33.886 524.886,41.1 524.886,50 C524.886,58.899 532.1,66.113 541,66.113 C549.9,66.113 557.115,58.899 557.115,50 C557.115,41.1 549.9,33.886 541,33.886 M565.378,62.101 C565.244,65.022 564.756,66.606 564.346,67.663 C563.803,69.06 563.154,70.057 562.106,71.106 C561.058,72.155 560.06,72.803 558.662,73.347 C557.607,73.757 556.021,74.244 553.102,74.378 C549.944,74.521 548.997,74.552 541,74.552 C533.003,74.552 532.056,74.521 528.898,74.378 C525.979,74.244 524.393,73.757 523.338,73.347 C521.94,72.803 520.942,72.155 519.894,71.106 C518.846,70.057 518.197,69.06 517.654,67.663 C517.244,66.606 516.755,65.022 516.623,62.101 C516.479,58.943 516.448,57.996 516.448,50 C516.448,42.003 516.479,41.056 516.623,37.899 C516.755,34.978 517.244,33.391 517.654,32.338 C518.197,30.938 518.846,29.942 519.894,28.894 C520.942,27.846 521.94,27.196 523.338,26.654 C524.393,26.244 525.979,25.756 528.898,25.623 C532.057,25.479 533.004,25.448 541,25.448 C548.997,25.448 549.943,25.479 553.102,25.623 C556.021,25.756 557.607,26.244 558.662,26.654 C560.06,27.196 561.058,27.846 562.106,28.894 C563.154,29.942 563.803,30.938 564.346,32.338 C564.756,33.391 565.244,34.978 565.378,37.899 C565.522,41.056 565.552,42.003 565.552,50 C565.552,57.996 565.522,58.943 565.378,62.101 M570.82,37.631 C570.674,34.438 570.167,32.258 569.425,30.349 C568.659,28.377 567.633,26.702 565.965,25.035 C564.297,23.368 562.623,22.342 560.652,21.575 C558.743,20.834 556.562,20.326 553.369,20.18 C550.169,20.033 549.148,20 541,20 C532.853,20 531.831,20.033 528.631,20.18 C525.438,20.326 523.257,20.834 521.349,21.575 C519.376,22.342 517.703,23.368 516.035,25.035 C514.368,26.702 513.342,28.377 512.574,30.349 C511.834,32.258 511.326,34.438 511.181,37.631 C511.035,40.831 511,41.851 511,50 C511,58.147 511.035,59.17 511.181,62.369 C511.326,65.562 511.834,67.743 512.574,69.651 C513.342,71.625 514.368,73.296 516.035,74.965 C517.703,76.634 519.376,77.658 521.349,78.425 C523.257,79.167 525.438,79.673 528.631,79.82 C531.831,79.965 532.853,80.001 541,80.001 C549.148,80.001 550.169,79.965 553.369,79.82 C556.562,79.673 558.743,79.167 560.652,78.425 C562.623,77.658 564.297,76.634 565.965,74.965 C567.633,73.296 568.659,71.625 569.425,69.651 C570.167,67.743 570.674,65.562 570.82,62.369 C570.966,59.17 571,58.147 571,50 C571,41.851 570.966,40.831 570.82,37.631\"><\/path><\/g><\/g><\/g><\/svg><\/div>\n<div style=\"padding-top: 8px;\">\n<div style=\" color:#3897f0; font-family:Arial,sans-serif; font-size:14px; font-style:normal; font-weight:550; line-height:18px;\">Ver essa foto no Instagram<\/div>\n<\/div>\n<div style=\"padding: 12.5% 0;\"><\/div>\n<div style=\"display: flex; flex-direction: row; margin-bottom: 14px; align-items: center;\">\n<div>\n<div style=\"background-color: #F4F4F4; border-radius: 50%; height: 12.5px; width: 12.5px; transform: translateX(0px) translateY(7px);\"><\/div>\n<div style=\"background-color: #F4F4F4; height: 12.5px; transform: rotate(-45deg) translateX(3px) translateY(1px); width: 12.5px; flex-grow: 0; margin-right: 14px; margin-left: 2px;\"><\/div>\n<div style=\"background-color: #F4F4F4; border-radius: 50%; height: 12.5px; width: 12.5px; transform: translateX(9px) translateY(-18px);\"><\/div>\n<\/div>\n<div style=\"margin-left: 8px;\">\n<div style=\" background-color: #F4F4F4; border-radius: 50%; flex-grow: 0; height: 20px; width: 20px;\"><\/div>\n<div style=\" width: 0; height: 0; border-top: 2px solid transparent; border-left: 6px solid #f4f4f4; border-bottom: 2px solid transparent; transform: translateX(16px) translateY(-4px) rotate(30deg)\"><\/div>\n<\/div>\n<div style=\"margin-left: auto;\">\n<div style=\" width: 0px; border-top: 8px solid #F4F4F4; border-right: 8px solid transparent; transform: translateY(16px);\"><\/div>\n<div style=\" background-color: #F4F4F4; flex-grow: 0; height: 12px; width: 16px; transform: translateY(-4px);\"><\/div>\n<div style=\" width: 0; height: 0; border-top: 8px solid #F4F4F4; border-left: 8px solid transparent; transform: translateY(-4px) translateX(8px);\"><\/div>\n<\/div>\n<\/div>\n<div style=\"display: flex; flex-direction: column; flex-grow: 1; justify-content: center; margin-bottom: 24px;\">\n<div style=\" background-color: #F4F4F4; border-radius: 4px; flex-grow: 0; height: 14px; margin-bottom: 6px; width: 224px;\"><\/div>\n<div style=\" background-color: #F4F4F4; border-radius: 4px; flex-grow: 0; height: 14px; width: 144px;\"><\/div>\n<\/div>\n<p><\/a><\/p>\n<p style=\" color:#c9c8cd; font-family:Arial,sans-serif; font-size:14px; line-height:17px; margin-bottom:0; margin-top:8px; overflow:hidden; padding:8px 0 7px; text-align:center; text-overflow:ellipsis; white-space:nowrap;\"><a href=\"https:\/\/www.instagram.com\/p\/C8VTbOKSnrJ\/?utm_source=ig_embed&amp;utm_campaign=loading\" style=\" color:#c9c8cd; font-family:Arial,sans-serif; font-size:14px; font-style:normal; font-weight:normal; line-height:17px; text-decoration:none;\" target=\"_blank\" rel=\"noopener\">Uma publica\u00e7\u00e3o compartilhada por Cruzeiro (@cruzeiro)<\/a><\/p>\n<\/div>\n<\/blockquote>\n<p> <script async src=\"\/\/www.instagram.com\/embed.js\"><\/script><\/p>\n<p>Na segunda-feira, a presidente do Palmeiras, Leila Pereira, concedeu uma entrevista ao programa Reda\u00e7\u00e3o SportTV e disse que o atleta estava \u201cvendido\u201d ao Cruzeiro e esperava que ele honrasse o compromisso.<\/p>\n<p>\u201cFoi um acordo entre Palmeiras, Dudu e Cruzeiro. Os tr\u00eas decidiram que o melhor seria aceitar a proposta e a\u00ed aconteceu esse imbr\u00f3glio, que o Dudu disse que iria, depois que n\u00e3o ia mais. Ele tem um compromisso com o Palmeiras, com o Cruzeiro, iniciado por ele, e eu espero que o atleta honre o compromisso que ele firmou\u201d, disse.<\/p>\n<p>O CASO<\/p>\n<p>Se recuperando de uma grave les\u00e3o no joelho desde agosto de 2023, Dudu ainda n\u00e3o entrou em campo em 2024 e, de acordo com a presidente do Palmeiras, teria tentado for\u00e7ar uma volta para o Cruzeiro, clube que o revelou. Ap\u00f3s a sa\u00edda de Ronaldo Fen\u00f4meno do comando da SAF, a nova gest\u00e3o comandada pelo empres\u00e1rio Pedro Guimar\u00e3es e o diretor de futebol Alexandre Mattos via com \u00f3timos olhos o retorno do atleta de 32 anos, tendo oferecido um contrato de 4 anos, com possibilidade de mais 1 ano de renova\u00e7\u00e3o, al\u00e9m de um aumento salarial para ele que, atualmente, recebe mais de R$ 2 milh\u00f5es por m\u00eas.<\/p>\n<p>Dudu procurou o Cruzeiro, que procurou o Palmeiras para fazer uma proposta formal, aceita pela dire\u00e7\u00e3o do clube. Por\u00e9m, quando a negocia\u00e7\u00e3o chegou ao conhecimento do p\u00fablico, Dudu teria ficado hesitante em voltar par ao clube mineiro, o que causou inc\u00f4modo \u00e0 presid\u00eancia do clube paulista e deixou a c\u00fapula cruzeirense preocupada, visto que o clube havia anunciado o retorno do atleta nas redes sociais antes da efetiva\u00e7\u00e3o da compra.<\/p>\n<p>Cravada a perman\u00eancia em S\u00e3o Paulo e com contrato at\u00e9 o final de 2025, Dudu se manifestou via perfil oficial do Instagram, alegando ter passado por \u201cdias muito tristes e dif\u00edceis\u201d e que sentiu n\u00e3o ser o melhor momento para deixar o Palmeiras.<\/p>\n<p>Foto: Instagram\/@7_dudu<br \/>\nAratu On<\/p>\n","protected":false},"excerpt":{"rendered":"<p>Dudu tamb\u00e9m se manifestou via perfil oficial do Instagram, alegando ter passado por \u201cdias muito tristes e dif\u00edceis\u201d e justificou<\/p>\n","protected":false},"author":4,"featured_media":14717,"comment_status":"open","ping_status":"open","sticky":false,"template":"","format":"standard","meta":{"colormag_page_container_layout":"default_layout","colormag_page_sidebar_layout":"default_layout","_FSMCFIC_featured_image_caption":"","_FSMCFIC_featured_image_nocaption":"","_FSMCFIC_featured_image_hide":"","footnotes":""},"categories":[4,1],"tags":[],"class_list":["post-14716","post","type-post","status-publish","format-standard","has-post-thumbnail","hentry","category-esporte","category-ultimas"],"yoast_head":"<!-- This site is optimized with the Yoast SEO plugin v27.1.1 - https:\/\/yoast.com\/product\/yoast-seo-wordpress\/ -->\n<title>Cruzeiro desiste de contratar Dudu, do Palmeiras, ap\u00f3s pol\u00eamica na negocia\u00e7\u00e3o - Brasil not\u00edcias<\/title>\n<meta name=\"robots\" content=\"index, follow, max-snippet:-1, max-image-preview:large, max-video-preview:-1\" \/>\n<link rel=\"canonical\" href=\"https:\/\/brasilnoticias.org\/site\/cruzeiro-desiste-de-contratar-dudu-do-palmeiras-apos-polemica-na-negociacao\/\" \/>\n<meta property=\"og:locale\" content=\"pt_PT\" \/>\n<meta property=\"og:type\" content=\"article\" \/>\n<meta property=\"og:title\" content=\"Cruzeiro desiste de contratar Dudu, do Palmeiras, ap\u00f3s pol\u00eamica na negocia\u00e7\u00e3o - Brasil not\u00edcias\" \/>\n<meta property=\"og:description\" content=\"Dudu tamb\u00e9m se manifestou via perfil oficial do Instagram, alegando ter passado por \u201cdias muito tristes e dif\u00edceis\u201d e justificou\" \/>\n<meta property=\"og:url\" content=\"https:\/\/brasilnoticias.org\/site\/cruzeiro-desiste-de-contratar-dudu-do-palmeiras-apos-polemica-na-negociacao\/\" \/>\n<meta property=\"og:site_name\" content=\"Brasil not\u00edcias\" \/>\n<meta property=\"article:published_time\" content=\"2024-06-18T14:25:53+00:00\" \/>\n<meta property=\"og:image\" content=\"https:\/\/brasilnoticias.org\/site\/wp-content\/uploads\/2024\/06\/DUDU-INSGRAM.jpg\" \/>\n\t<meta property=\"og:image:width\" content=\"960\" \/>\n\t<meta property=\"og:image:height\" content=\"500\" \/>\n\t<meta property=\"og:image:type\" content=\"image\/jpeg\" \/>\n<meta name=\"author\" content=\"Reda\u00e7\u00e3o\" \/>\n<meta name=\"twitter:card\" content=\"summary_large_image\" \/>\n<meta name=\"twitter:label1\" content=\"Escrito por\" \/>\n\t<meta name=\"twitter:data1\" content=\"Reda\u00e7\u00e3o\" \/>\n<script type=\"application\/ld+json\" class=\"yoast-schema-graph\">{\"@context\":\"https:\/\/schema.org\",\"@graph\":[{\"@type\":\"Article\",\"@id\":\"https:\/\/brasilnoticias.org\/site\/cruzeiro-desiste-de-contratar-dudu-do-palmeiras-apos-polemica-na-negociacao\/#article\",\"isPartOf\":{\"@id\":\"https:\/\/brasilnoticias.org\/site\/cruzeiro-desiste-de-contratar-dudu-do-palmeiras-apos-polemica-na-negociacao\/\"},\"author\":{\"name\":\"Reda\u00e7\u00e3o\",\"@id\":\"https:\/\/brasilnoticias.org\/site\/#\/schema\/person\/03bbbfe6c7634ad18c26444ea39049fa\"},\"headline\":\"Cruzeiro desiste de contratar Dudu, do Palmeiras, ap\u00f3s pol\u00eamica na negocia\u00e7\u00e3o\",\"datePublished\":\"2024-06-18T14:25:53+00:00\",\"mainEntityOfPage\":{\"@id\":\"https:\/\/brasilnoticias.org\/site\/cruzeiro-desiste-de-contratar-dudu-do-palmeiras-apos-polemica-na-negociacao\/\"},\"wordCount\":512,\"commentCount\":0,\"publisher\":{\"@id\":\"https:\/\/brasilnoticias.org\/site\/#organization\"},\"image\":{\"@id\":\"https:\/\/brasilnoticias.org\/site\/cruzeiro-desiste-de-contratar-dudu-do-palmeiras-apos-polemica-na-negociacao\/#primaryimage\"},\"thumbnailUrl\":\"https:\/\/brasilnoticias.org\/site\/wp-content\/uploads\/2024\/06\/DUDU-INSGRAM.jpg\",\"articleSection\":[\"Esporte\",\"\u00daltimas\"],\"inLanguage\":\"pt-PT\",\"potentialAction\":[{\"@type\":\"CommentAction\",\"name\":\"Comment\",\"target\":[\"https:\/\/brasilnoticias.org\/site\/cruzeiro-desiste-de-contratar-dudu-do-palmeiras-apos-polemica-na-negociacao\/#respond\"]}]},{\"@type\":\"WebPage\",\"@id\":\"https:\/\/brasilnoticias.org\/site\/cruzeiro-desiste-de-contratar-dudu-do-palmeiras-apos-polemica-na-negociacao\/\",\"url\":\"https:\/\/brasilnoticias.org\/site\/cruzeiro-desiste-de-contratar-dudu-do-palmeiras-apos-polemica-na-negociacao\/\",\"name\":\"Cruzeiro desiste de contratar Dudu, do Palmeiras, ap\u00f3s pol\u00eamica na negocia\u00e7\u00e3o - Brasil not\u00edcias\",\"isPartOf\":{\"@id\":\"https:\/\/brasilnoticias.org\/site\/#website\"},\"primaryImageOfPage\":{\"@id\":\"https:\/\/brasilnoticias.org\/site\/cruzeiro-desiste-de-contratar-dudu-do-palmeiras-apos-polemica-na-negociacao\/#primaryimage\"},\"image\":{\"@id\":\"https:\/\/brasilnoticias.org\/site\/cruzeiro-desiste-de-contratar-dudu-do-palmeiras-apos-polemica-na-negociacao\/#primaryimage\"},\"thumbnailUrl\":\"https:\/\/brasilnoticias.org\/site\/wp-content\/uploads\/2024\/06\/DUDU-INSGRAM.jpg\",\"datePublished\":\"2024-06-18T14:25:53+00:00\",\"breadcrumb\":{\"@id\":\"https:\/\/brasilnoticias.org\/site\/cruzeiro-desiste-de-contratar-dudu-do-palmeiras-apos-polemica-na-negociacao\/#breadcrumb\"},\"inLanguage\":\"pt-PT\",\"potentialAction\":[{\"@type\":\"ReadAction\",\"target\":[\"https:\/\/brasilnoticias.org\/site\/cruzeiro-desiste-de-contratar-dudu-do-palmeiras-apos-polemica-na-negociacao\/\"]}]},{\"@type\":\"ImageObject\",\"inLanguage\":\"pt-PT\",\"@id\":\"https:\/\/brasilnoticias.org\/site\/cruzeiro-desiste-de-contratar-dudu-do-palmeiras-apos-polemica-na-negociacao\/#primaryimage\",\"url\":\"https:\/\/brasilnoticias.org\/site\/wp-content\/uploads\/2024\/06\/DUDU-INSGRAM.jpg\",\"contentUrl\":\"https:\/\/brasilnoticias.org\/site\/wp-content\/uploads\/2024\/06\/DUDU-INSGRAM.jpg\",\"width\":960,\"height\":500},{\"@type\":\"BreadcrumbList\",\"@id\":\"https:\/\/brasilnoticias.org\/site\/cruzeiro-desiste-de-contratar-dudu-do-palmeiras-apos-polemica-na-negociacao\/#breadcrumb\",\"itemListElement\":[{\"@type\":\"ListItem\",\"position\":1,\"name\":\"In\u00edcio\",\"item\":\"https:\/\/brasilnoticias.org\/site\/\"},{\"@type\":\"ListItem\",\"position\":2,\"name\":\"Cruzeiro desiste de contratar Dudu, do Palmeiras, ap\u00f3s pol\u00eamica na negocia\u00e7\u00e3o\"}]},{\"@type\":\"WebSite\",\"@id\":\"https:\/\/brasilnoticias.org\/site\/#website\",\"url\":\"https:\/\/brasilnoticias.org\/site\/\",\"name\":\"Brasil not\u00edcias\",\"description\":\"Brasil not\u00edcias\",\"publisher\":{\"@id\":\"https:\/\/brasilnoticias.org\/site\/#organization\"},\"potentialAction\":[{\"@type\":\"SearchAction\",\"target\":{\"@type\":\"EntryPoint\",\"urlTemplate\":\"https:\/\/brasilnoticias.org\/site\/?s={search_term_string}\"},\"query-input\":{\"@type\":\"PropertyValueSpecification\",\"valueRequired\":true,\"valueName\":\"search_term_string\"}}],\"inLanguage\":\"pt-PT\"},{\"@type\":\"Organization\",\"@id\":\"https:\/\/brasilnoticias.org\/site\/#organization\",\"name\":\"Brasil not\u00edcias\",\"url\":\"https:\/\/brasilnoticias.org\/site\/\",\"logo\":{\"@type\":\"ImageObject\",\"inLanguage\":\"pt-PT\",\"@id\":\"https:\/\/brasilnoticias.org\/site\/#\/schema\/logo\/image\/\",\"url\":\"https:\/\/brasilnoticias.org\/site\/wp-content\/uploads\/2022\/05\/cropped-brasilnoticias-mini.jpg\",\"contentUrl\":\"https:\/\/brasilnoticias.org\/site\/wp-content\/uploads\/2022\/05\/cropped-brasilnoticias-mini.jpg\",\"width\":314,\"height\":86,\"caption\":\"Brasil not\u00edcias\"},\"image\":{\"@id\":\"https:\/\/brasilnoticias.org\/site\/#\/schema\/logo\/image\/\"}},{\"@type\":\"Person\",\"@id\":\"https:\/\/brasilnoticias.org\/site\/#\/schema\/person\/03bbbfe6c7634ad18c26444ea39049fa\",\"name\":\"Reda\u00e7\u00e3o\",\"image\":{\"@type\":\"ImageObject\",\"inLanguage\":\"pt-PT\",\"@id\":\"https:\/\/brasilnoticias.org\/site\/#\/schema\/person\/image\/\",\"url\":\"https:\/\/secure.gravatar.com\/avatar\/9ecaf7327a696cb23ad926fedded5f1f04d7049de9e445375d55b48c001a6e42?s=96&d=mm&r=g\",\"contentUrl\":\"https:\/\/secure.gravatar.com\/avatar\/9ecaf7327a696cb23ad926fedded5f1f04d7049de9e445375d55b48c001a6e42?s=96&d=mm&r=g\",\"caption\":\"Reda\u00e7\u00e3o\"},\"url\":\"https:\/\/brasilnoticias.org\/site\/author\/henrique\/\"}]}<\/script>\n<!-- \/ Yoast SEO plugin. -->","yoast_head_json":{"title":"Cruzeiro desiste de contratar Dudu, do Palmeiras, ap\u00f3s pol\u00eamica na negocia\u00e7\u00e3o - Brasil not\u00edcias","robots":{"index":"index","follow":"follow","max-snippet":"max-snippet:-1","max-image-preview":"max-image-preview:large","max-video-preview":"max-video-preview:-1"},"canonical":"https:\/\/brasilnoticias.org\/site\/cruzeiro-desiste-de-contratar-dudu-do-palmeiras-apos-polemica-na-negociacao\/","og_locale":"pt_PT","og_type":"article","og_title":"Cruzeiro desiste de contratar Dudu, do Palmeiras, ap\u00f3s pol\u00eamica na negocia\u00e7\u00e3o - Brasil not\u00edcias","og_description":"Dudu tamb\u00e9m se manifestou via perfil oficial do Instagram, alegando ter passado por \u201cdias muito tristes e dif\u00edceis\u201d e justificou","og_url":"https:\/\/brasilnoticias.org\/site\/cruzeiro-desiste-de-contratar-dudu-do-palmeiras-apos-polemica-na-negociacao\/","og_site_name":"Brasil not\u00edcias","article_published_time":"2024-06-18T14:25:53+00:00","og_image":[{"width":960,"height":500,"url":"https:\/\/brasilnoticias.org\/site\/wp-content\/uploads\/2024\/06\/DUDU-INSGRAM.jpg","type":"image\/jpeg"}],"author":"Reda\u00e7\u00e3o","twitter_card":"summary_large_image","twitter_misc":{"Escrito por":"Reda\u00e7\u00e3o"},"schema":{"@context":"https:\/\/schema.org","@graph":[{"@type":"Article","@id":"https:\/\/brasilnoticias.org\/site\/cruzeiro-desiste-de-contratar-dudu-do-palmeiras-apos-polemica-na-negociacao\/#article","isPartOf":{"@id":"https:\/\/brasilnoticias.org\/site\/cruzeiro-desiste-de-contratar-dudu-do-palmeiras-apos-polemica-na-negociacao\/"},"author":{"name":"Reda\u00e7\u00e3o","@id":"https:\/\/brasilnoticias.org\/site\/#\/schema\/person\/03bbbfe6c7634ad18c26444ea39049fa"},"headline":"Cruzeiro desiste de contratar Dudu, do Palmeiras, ap\u00f3s pol\u00eamica na negocia\u00e7\u00e3o","datePublished":"2024-06-18T14:25:53+00:00","mainEntityOfPage":{"@id":"https:\/\/brasilnoticias.org\/site\/cruzeiro-desiste-de-contratar-dudu-do-palmeiras-apos-polemica-na-negociacao\/"},"wordCount":512,"commentCount":0,"publisher":{"@id":"https:\/\/brasilnoticias.org\/site\/#organization"},"image":{"@id":"https:\/\/brasilnoticias.org\/site\/cruzeiro-desiste-de-contratar-dudu-do-palmeiras-apos-polemica-na-negociacao\/#primaryimage"},"thumbnailUrl":"https:\/\/brasilnoticias.org\/site\/wp-content\/uploads\/2024\/06\/DUDU-INSGRAM.jpg","articleSection":["Esporte","\u00daltimas"],"inLanguage":"pt-PT","potentialAction":[{"@type":"CommentAction","name":"Comment","target":["https:\/\/brasilnoticias.org\/site\/cruzeiro-desiste-de-contratar-dudu-do-palmeiras-apos-polemica-na-negociacao\/#respond"]}]},{"@type":"WebPage","@id":"https:\/\/brasilnoticias.org\/site\/cruzeiro-desiste-de-contratar-dudu-do-palmeiras-apos-polemica-na-negociacao\/","url":"https:\/\/brasilnoticias.org\/site\/cruzeiro-desiste-de-contratar-dudu-do-palmeiras-apos-polemica-na-negociacao\/","name":"Cruzeiro desiste de contratar Dudu, do Palmeiras, ap\u00f3s pol\u00eamica na negocia\u00e7\u00e3o - Brasil not\u00edcias","isPartOf":{"@id":"https:\/\/brasilnoticias.org\/site\/#website"},"primaryImageOfPage":{"@id":"https:\/\/brasilnoticias.org\/site\/cruzeiro-desiste-de-contratar-dudu-do-palmeiras-apos-polemica-na-negociacao\/#primaryimage"},"image":{"@id":"https:\/\/brasilnoticias.org\/site\/cruzeiro-desiste-de-contratar-dudu-do-palmeiras-apos-polemica-na-negociacao\/#primaryimage"},"thumbnailUrl":"https:\/\/brasilnoticias.org\/site\/wp-content\/uploads\/2024\/06\/DUDU-INSGRAM.jpg","datePublished":"2024-06-18T14:25:53+00:00","breadcrumb":{"@id":"https:\/\/brasilnoticias.org\/site\/cruzeiro-desiste-de-contratar-dudu-do-palmeiras-apos-polemica-na-negociacao\/#breadcrumb"},"inLanguage":"pt-PT","potentialAction":[{"@type":"ReadAction","target":["https:\/\/brasilnoticias.org\/site\/cruzeiro-desiste-de-contratar-dudu-do-palmeiras-apos-polemica-na-negociacao\/"]}]},{"@type":"ImageObject","inLanguage":"pt-PT","@id":"https:\/\/brasilnoticias.org\/site\/cruzeiro-desiste-de-contratar-dudu-do-palmeiras-apos-polemica-na-negociacao\/#primaryimage","url":"https:\/\/brasilnoticias.org\/site\/wp-content\/uploads\/2024\/06\/DUDU-INSGRAM.jpg","contentUrl":"https:\/\/brasilnoticias.org\/site\/wp-content\/uploads\/2024\/06\/DUDU-INSGRAM.jpg","width":960,"height":500},{"@type":"BreadcrumbList","@id":"https:\/\/brasilnoticias.org\/site\/cruzeiro-desiste-de-contratar-dudu-do-palmeiras-apos-polemica-na-negociacao\/#breadcrumb","itemListElement":[{"@type":"ListItem","position":1,"name":"In\u00edcio","item":"https:\/\/brasilnoticias.org\/site\/"},{"@type":"ListItem","position":2,"name":"Cruzeiro desiste de contratar Dudu, do Palmeiras, ap\u00f3s pol\u00eamica na negocia\u00e7\u00e3o"}]},{"@type":"WebSite","@id":"https:\/\/brasilnoticias.org\/site\/#website","url":"https:\/\/brasilnoticias.org\/site\/","name":"Brasil not\u00edcias","description":"Brasil not\u00edcias","publisher":{"@id":"https:\/\/brasilnoticias.org\/site\/#organization"},"potentialAction":[{"@type":"SearchAction","target":{"@type":"EntryPoint","urlTemplate":"https:\/\/brasilnoticias.org\/site\/?s={search_term_string}"},"query-input":{"@type":"PropertyValueSpecification","valueRequired":true,"valueName":"search_term_string"}}],"inLanguage":"pt-PT"},{"@type":"Organization","@id":"https:\/\/brasilnoticias.org\/site\/#organization","name":"Brasil not\u00edcias","url":"https:\/\/brasilnoticias.org\/site\/","logo":{"@type":"ImageObject","inLanguage":"pt-PT","@id":"https:\/\/brasilnoticias.org\/site\/#\/schema\/logo\/image\/","url":"https:\/\/brasilnoticias.org\/site\/wp-content\/uploads\/2022\/05\/cropped-brasilnoticias-mini.jpg","contentUrl":"https:\/\/brasilnoticias.org\/site\/wp-content\/uploads\/2022\/05\/cropped-brasilnoticias-mini.jpg","width":314,"height":86,"caption":"Brasil not\u00edcias"},"image":{"@id":"https:\/\/brasilnoticias.org\/site\/#\/schema\/logo\/image\/"}},{"@type":"Person","@id":"https:\/\/brasilnoticias.org\/site\/#\/schema\/person\/03bbbfe6c7634ad18c26444ea39049fa","name":"Reda\u00e7\u00e3o","image":{"@type":"ImageObject","inLanguage":"pt-PT","@id":"https:\/\/brasilnoticias.org\/site\/#\/schema\/person\/image\/","url":"https:\/\/secure.gravatar.com\/avatar\/9ecaf7327a696cb23ad926fedded5f1f04d7049de9e445375d55b48c001a6e42?s=96&d=mm&r=g","contentUrl":"https:\/\/secure.gravatar.com\/avatar\/9ecaf7327a696cb23ad926fedded5f1f04d7049de9e445375d55b48c001a6e42?s=96&d=mm&r=g","caption":"Reda\u00e7\u00e3o"},"url":"https:\/\/brasilnoticias.org\/site\/author\/henrique\/"}]}},"_links":{"self":[{"href":"https:\/\/brasilnoticias.org\/site\/wp-json\/wp\/v2\/posts\/14716","targetHints":{"allow":["GET"]}}],"collection":[{"href":"https:\/\/brasilnoticias.org\/site\/wp-json\/wp\/v2\/posts"}],"about":[{"href":"https:\/\/brasilnoticias.org\/site\/wp-json\/wp\/v2\/types\/post"}],"author":[{"embeddable":true,"href":"https:\/\/brasilnoticias.org\/site\/wp-json\/wp\/v2\/users\/4"}],"replies":[{"embeddable":true,"href":"https:\/\/brasilnoticias.org\/site\/wp-json\/wp\/v2\/comments?post=14716"}],"version-history":[{"count":1,"href":"https:\/\/brasilnoticias.org\/site\/wp-json\/wp\/v2\/posts\/14716\/revisions"}],"predecessor-version":[{"id":14718,"href":"https:\/\/brasilnoticias.org\/site\/wp-json\/wp\/v2\/posts\/14716\/revisions\/14718"}],"wp:featuredmedia":[{"embeddable":true,"href":"https:\/\/brasilnoticias.org\/site\/wp-json\/wp\/v2\/media\/14717"}],"wp:attachment":[{"href":"https:\/\/brasilnoticias.org\/site\/wp-json\/wp\/v2\/media?parent=14716"}],"wp:term":[{"taxonomy":"category","embeddable":true,"href":"https:\/\/brasilnoticias.org\/site\/wp-json\/wp\/v2\/categories?post=14716"},{"taxonomy":"post_tag","embeddable":true,"href":"https:\/\/brasilnoticias.org\/site\/wp-json\/wp\/v2\/tags?post=14716"}],"curies":[{"name":"wp","href":"https:\/\/api.w.org\/{rel}","templated":true}]}}