{"id":1472,"date":"2022-09-14T09:31:35","date_gmt":"2022-09-14T12:31:35","guid":{"rendered":"https:\/\/brasilnoticias.org\/site\/?p=1472"},"modified":"2022-09-14T09:31:35","modified_gmt":"2022-09-14T12:31:35","slug":"vitoria-divulga-lista-de-socios-que-podem-votar-na-eleicao-do-clube","status":"publish","type":"post","link":"https:\/\/brasilnoticias.org\/site\/vitoria-divulga-lista-de-socios-que-podem-votar-na-eleicao-do-clube\/","title":{"rendered":"Vit\u00f3ria divulga lista de s\u00f3cios que podem votar na elei\u00e7\u00e3o do clube"},"content":{"rendered":"<p>A Comiss\u00e3o Eleitoral do Vit\u00f3ria divulgou, na noite da \u00faltima ter\u00e7a-feira (13), a lista decisiva com a integra\u00e7\u00e3o de todos os s\u00f3cios capacitados para votar nas elei\u00e7\u00f5es. O pleito est\u00e1 previsto para acontecer no pr\u00f3ximo s\u00e1bado (17), no est\u00e1dio Manoel Barradas (Barrad\u00e3o).<\/p>\n<p>Al\u00e9m da escolha do novo presidente do clube, os associados tamb\u00e9m v\u00e3o poder escolher os novos componentes do Conselho Deliberativo e do Conselho Fiscal do Rubro-Negro Baiano.<\/p>\n<p>&nbsp;<\/p>\n<p>Os interessados em votar t\u00eam que estar no grupo de s\u00f3cios com, no m\u00ednimo, 18 meses seguidos de filia\u00e7\u00e3o e que estejam positivos quanto \u00e0s suas obriga\u00e7\u00f5es, de acordo com o artigo 17 do estatuto do Esporte Clube Vit\u00f3ria. Os nomes deles est\u00e3o dispon\u00edveis\u00a0<a href=\"https:\/\/ecvitoria.com.br\/wp-content\/uploads\/2022\/09\/66487065_ac3c7adac1f9467d8f6e2112c89ccb8f.pdf\" target=\"_blank\" rel=\"noopener\">nesta lista<\/a>.<\/p>\n<p>Por fim, os quatro candidatos s\u00e3o: F\u00e1bio Mota (Chapa Reconstruindo o Vit\u00f3ria), Victor Mendes (Chapa Movimento Novo Vit\u00f3ria), Jos\u00e9 Guerra (Chapa Frente Vit\u00f3ria Popular) e \u00c2ngelo Alves (Chapa Vit\u00f3ria Para Todos). O vencedor, que tem previs\u00e3o de ficar no cargo no tri\u00eanio 2023-2025, ir\u00e1 assumir a agremia\u00e7\u00e3o baiana na segunda quinzena de dezembro.<\/p>\n<p>At\u00e9 o momento, ap\u00f3s o afastamento do presidente Paulo Carneiro e a ren\u00fancia do vice Luiz Henrique, F\u00e1bio Mota est\u00e1 no cargo do\u00a0<a href=\"https:\/\/www.bnews.com.br\/noticias\/esporte\/de-olho-no-figueirense-vitoria-realiza-treino-tecnico-e-tatico-no-barradao.html\" target=\"_blank\" rel=\"noopener\">Vit\u00f3ria<\/a> desde outubro de 2021.<\/p>\n<p>&nbsp;<\/p>\n<p>&nbsp;<\/p>\n<p>&nbsp;<\/p>\n<p>&nbsp;<\/p>\n<p>&nbsp;<\/p>\n<p>Bnews<\/p>\n<p>&nbsp;<\/p>\n","protected":false},"excerpt":{"rendered":"<p>A Comiss\u00e3o Eleitoral do Vit\u00f3ria divulgou, na noite da \u00faltima ter\u00e7a-feira (13), a lista decisiva com a integra\u00e7\u00e3o de todos<\/p>\n","protected":false},"author":2,"featured_media":1473,"comment_status":"open","ping_status":"open","sticky":false,"template":"","format":"standard","meta":{"colormag_page_container_layout":"default_layout","colormag_page_sidebar_layout":"default_layout","_FSMCFIC_featured_image_caption":"","_FSMCFIC_featured_image_nocaption":"","_FSMCFIC_featured_image_hide":"","footnotes":""},"categories":[4,1],"tags":[],"class_list":["post-1472","post","type-post","status-publish","format-standard","has-post-thumbnail","hentry","category-esporte","category-ultimas"],"yoast_head":"<!-- This site is optimized with the Yoast SEO plugin v27.1.1 - https:\/\/yoast.com\/product\/yoast-seo-wordpress\/ -->\n<title>Vit\u00f3ria divulga lista de s\u00f3cios que podem votar na elei\u00e7\u00e3o do clube - Brasil not\u00edcias<\/title>\n<meta name=\"robots\" content=\"index, follow, max-snippet:-1, max-image-preview:large, max-video-preview:-1\" \/>\n<link rel=\"canonical\" href=\"https:\/\/brasilnoticias.org\/site\/vitoria-divulga-lista-de-socios-que-podem-votar-na-eleicao-do-clube\/\" \/>\n<meta property=\"og:locale\" content=\"pt_PT\" \/>\n<meta property=\"og:type\" content=\"article\" \/>\n<meta property=\"og:title\" content=\"Vit\u00f3ria divulga lista de s\u00f3cios que podem votar na elei\u00e7\u00e3o do clube - Brasil not\u00edcias\" \/>\n<meta property=\"og:description\" content=\"A Comiss\u00e3o Eleitoral do Vit\u00f3ria divulgou, na noite da \u00faltima ter\u00e7a-feira (13), a lista decisiva com a integra\u00e7\u00e3o de todos\" \/>\n<meta property=\"og:url\" content=\"https:\/\/brasilnoticias.org\/site\/vitoria-divulga-lista-de-socios-que-podem-votar-na-eleicao-do-clube\/\" \/>\n<meta property=\"og:site_name\" content=\"Brasil not\u00edcias\" \/>\n<meta property=\"article:published_time\" content=\"2022-09-14T12:31:35+00:00\" \/>\n<meta property=\"og:image\" content=\"https:\/\/brasilnoticias.org\/site\/wp-content\/uploads\/2022\/09\/vitoria_0EokNLj_widelg.jpg\" \/>\n\t<meta property=\"og:image:width\" content=\"800\" \/>\n\t<meta property=\"og:image:height\" content=\"450\" \/>\n\t<meta property=\"og:image:type\" content=\"image\/jpeg\" \/>\n<meta name=\"author\" content=\"Reda\u00e7\u00e3o\" \/>\n<meta name=\"twitter:card\" content=\"summary_large_image\" \/>\n<meta name=\"twitter:label1\" content=\"Escrito por\" \/>\n\t<meta name=\"twitter:data1\" content=\"Reda\u00e7\u00e3o\" \/>\n\t<meta name=\"twitter:label2\" content=\"Tempo estimado de leitura\" \/>\n\t<meta name=\"twitter:data2\" content=\"1 minuto\" \/>\n<script type=\"application\/ld+json\" class=\"yoast-schema-graph\">{\"@context\":\"https:\/\/schema.org\",\"@graph\":[{\"@type\":\"Article\",\"@id\":\"https:\/\/brasilnoticias.org\/site\/vitoria-divulga-lista-de-socios-que-podem-votar-na-eleicao-do-clube\/#article\",\"isPartOf\":{\"@id\":\"https:\/\/brasilnoticias.org\/site\/vitoria-divulga-lista-de-socios-que-podem-votar-na-eleicao-do-clube\/\"},\"author\":{\"name\":\"Reda\u00e7\u00e3o\",\"@id\":\"https:\/\/brasilnoticias.org\/site\/#\/schema\/person\/f609fa847b5314f1c8b983342f34c798\"},\"headline\":\"Vit\u00f3ria divulga lista de s\u00f3cios que podem votar na elei\u00e7\u00e3o do clube\",\"datePublished\":\"2022-09-14T12:31:35+00:00\",\"mainEntityOfPage\":{\"@id\":\"https:\/\/brasilnoticias.org\/site\/vitoria-divulga-lista-de-socios-que-podem-votar-na-eleicao-do-clube\/\"},\"wordCount\":248,\"commentCount\":0,\"publisher\":{\"@id\":\"https:\/\/brasilnoticias.org\/site\/#organization\"},\"image\":{\"@id\":\"https:\/\/brasilnoticias.org\/site\/vitoria-divulga-lista-de-socios-que-podem-votar-na-eleicao-do-clube\/#primaryimage\"},\"thumbnailUrl\":\"https:\/\/brasilnoticias.org\/site\/wp-content\/uploads\/2022\/09\/vitoria_0EokNLj_widelg.jpg\",\"articleSection\":[\"Esporte\",\"\u00daltimas\"],\"inLanguage\":\"pt-PT\",\"potentialAction\":[{\"@type\":\"CommentAction\",\"name\":\"Comment\",\"target\":[\"https:\/\/brasilnoticias.org\/site\/vitoria-divulga-lista-de-socios-que-podem-votar-na-eleicao-do-clube\/#respond\"]}]},{\"@type\":\"WebPage\",\"@id\":\"https:\/\/brasilnoticias.org\/site\/vitoria-divulga-lista-de-socios-que-podem-votar-na-eleicao-do-clube\/\",\"url\":\"https:\/\/brasilnoticias.org\/site\/vitoria-divulga-lista-de-socios-que-podem-votar-na-eleicao-do-clube\/\",\"name\":\"Vit\u00f3ria divulga lista de s\u00f3cios que podem votar na elei\u00e7\u00e3o do clube - Brasil not\u00edcias\",\"isPartOf\":{\"@id\":\"https:\/\/brasilnoticias.org\/site\/#website\"},\"primaryImageOfPage\":{\"@id\":\"https:\/\/brasilnoticias.org\/site\/vitoria-divulga-lista-de-socios-que-podem-votar-na-eleicao-do-clube\/#primaryimage\"},\"image\":{\"@id\":\"https:\/\/brasilnoticias.org\/site\/vitoria-divulga-lista-de-socios-que-podem-votar-na-eleicao-do-clube\/#primaryimage\"},\"thumbnailUrl\":\"https:\/\/brasilnoticias.org\/site\/wp-content\/uploads\/2022\/09\/vitoria_0EokNLj_widelg.jpg\",\"datePublished\":\"2022-09-14T12:31:35+00:00\",\"breadcrumb\":{\"@id\":\"https:\/\/brasilnoticias.org\/site\/vitoria-divulga-lista-de-socios-que-podem-votar-na-eleicao-do-clube\/#breadcrumb\"},\"inLanguage\":\"pt-PT\",\"potentialAction\":[{\"@type\":\"ReadAction\",\"target\":[\"https:\/\/brasilnoticias.org\/site\/vitoria-divulga-lista-de-socios-que-podem-votar-na-eleicao-do-clube\/\"]}]},{\"@type\":\"ImageObject\",\"inLanguage\":\"pt-PT\",\"@id\":\"https:\/\/brasilnoticias.org\/site\/vitoria-divulga-lista-de-socios-que-podem-votar-na-eleicao-do-clube\/#primaryimage\",\"url\":\"https:\/\/brasilnoticias.org\/site\/wp-content\/uploads\/2022\/09\/vitoria_0EokNLj_widelg.jpg\",\"contentUrl\":\"https:\/\/brasilnoticias.org\/site\/wp-content\/uploads\/2022\/09\/vitoria_0EokNLj_widelg.jpg\",\"width\":800,\"height\":450},{\"@type\":\"BreadcrumbList\",\"@id\":\"https:\/\/brasilnoticias.org\/site\/vitoria-divulga-lista-de-socios-que-podem-votar-na-eleicao-do-clube\/#breadcrumb\",\"itemListElement\":[{\"@type\":\"ListItem\",\"position\":1,\"name\":\"In\u00edcio\",\"item\":\"https:\/\/brasilnoticias.org\/site\/\"},{\"@type\":\"ListItem\",\"position\":2,\"name\":\"Vit\u00f3ria divulga lista de s\u00f3cios que podem votar na elei\u00e7\u00e3o do clube\"}]},{\"@type\":\"WebSite\",\"@id\":\"https:\/\/brasilnoticias.org\/site\/#website\",\"url\":\"https:\/\/brasilnoticias.org\/site\/\",\"name\":\"Brasil not\u00edcias\",\"description\":\"Brasil not\u00edcias\",\"publisher\":{\"@id\":\"https:\/\/brasilnoticias.org\/site\/#organization\"},\"potentialAction\":[{\"@type\":\"SearchAction\",\"target\":{\"@type\":\"EntryPoint\",\"urlTemplate\":\"https:\/\/brasilnoticias.org\/site\/?s={search_term_string}\"},\"query-input\":{\"@type\":\"PropertyValueSpecification\",\"valueRequired\":true,\"valueName\":\"search_term_string\"}}],\"inLanguage\":\"pt-PT\"},{\"@type\":\"Organization\",\"@id\":\"https:\/\/brasilnoticias.org\/site\/#organization\",\"name\":\"Brasil not\u00edcias\",\"url\":\"https:\/\/brasilnoticias.org\/site\/\",\"logo\":{\"@type\":\"ImageObject\",\"inLanguage\":\"pt-PT\",\"@id\":\"https:\/\/brasilnoticias.org\/site\/#\/schema\/logo\/image\/\",\"url\":\"https:\/\/brasilnoticias.org\/site\/wp-content\/uploads\/2022\/05\/cropped-brasilnoticias-mini.jpg\",\"contentUrl\":\"https:\/\/brasilnoticias.org\/site\/wp-content\/uploads\/2022\/05\/cropped-brasilnoticias-mini.jpg\",\"width\":314,\"height\":86,\"caption\":\"Brasil not\u00edcias\"},\"image\":{\"@id\":\"https:\/\/brasilnoticias.org\/site\/#\/schema\/logo\/image\/\"}},{\"@type\":\"Person\",\"@id\":\"https:\/\/brasilnoticias.org\/site\/#\/schema\/person\/f609fa847b5314f1c8b983342f34c798\",\"name\":\"Reda\u00e7\u00e3o\",\"image\":{\"@type\":\"ImageObject\",\"inLanguage\":\"pt-PT\",\"@id\":\"https:\/\/brasilnoticias.org\/site\/#\/schema\/person\/image\/\",\"url\":\"https:\/\/secure.gravatar.com\/avatar\/447284c06c1ad8b46465a36de9cd0d8326b73387a22799b8b1ffb1fbcff2ed0c?s=96&d=mm&r=g\",\"contentUrl\":\"https:\/\/secure.gravatar.com\/avatar\/447284c06c1ad8b46465a36de9cd0d8326b73387a22799b8b1ffb1fbcff2ed0c?s=96&d=mm&r=g\",\"caption\":\"Reda\u00e7\u00e3o\"},\"url\":\"https:\/\/brasilnoticias.org\/site\/author\/redacao\/\"}]}<\/script>\n<!-- \/ Yoast SEO plugin. -->","yoast_head_json":{"title":"Vit\u00f3ria divulga lista de s\u00f3cios que podem votar na elei\u00e7\u00e3o do clube - Brasil not\u00edcias","robots":{"index":"index","follow":"follow","max-snippet":"max-snippet:-1","max-image-preview":"max-image-preview:large","max-video-preview":"max-video-preview:-1"},"canonical":"https:\/\/brasilnoticias.org\/site\/vitoria-divulga-lista-de-socios-que-podem-votar-na-eleicao-do-clube\/","og_locale":"pt_PT","og_type":"article","og_title":"Vit\u00f3ria divulga lista de s\u00f3cios que podem votar na elei\u00e7\u00e3o do clube - Brasil not\u00edcias","og_description":"A Comiss\u00e3o Eleitoral do Vit\u00f3ria divulgou, na noite da \u00faltima ter\u00e7a-feira (13), a lista decisiva com a integra\u00e7\u00e3o de todos","og_url":"https:\/\/brasilnoticias.org\/site\/vitoria-divulga-lista-de-socios-que-podem-votar-na-eleicao-do-clube\/","og_site_name":"Brasil not\u00edcias","article_published_time":"2022-09-14T12:31:35+00:00","og_image":[{"width":800,"height":450,"url":"https:\/\/brasilnoticias.org\/site\/wp-content\/uploads\/2022\/09\/vitoria_0EokNLj_widelg.jpg","type":"image\/jpeg"}],"author":"Reda\u00e7\u00e3o","twitter_card":"summary_large_image","twitter_misc":{"Escrito por":"Reda\u00e7\u00e3o","Tempo estimado de leitura":"1 minuto"},"schema":{"@context":"https:\/\/schema.org","@graph":[{"@type":"Article","@id":"https:\/\/brasilnoticias.org\/site\/vitoria-divulga-lista-de-socios-que-podem-votar-na-eleicao-do-clube\/#article","isPartOf":{"@id":"https:\/\/brasilnoticias.org\/site\/vitoria-divulga-lista-de-socios-que-podem-votar-na-eleicao-do-clube\/"},"author":{"name":"Reda\u00e7\u00e3o","@id":"https:\/\/brasilnoticias.org\/site\/#\/schema\/person\/f609fa847b5314f1c8b983342f34c798"},"headline":"Vit\u00f3ria divulga lista de s\u00f3cios que podem votar na elei\u00e7\u00e3o do clube","datePublished":"2022-09-14T12:31:35+00:00","mainEntityOfPage":{"@id":"https:\/\/brasilnoticias.org\/site\/vitoria-divulga-lista-de-socios-que-podem-votar-na-eleicao-do-clube\/"},"wordCount":248,"commentCount":0,"publisher":{"@id":"https:\/\/brasilnoticias.org\/site\/#organization"},"image":{"@id":"https:\/\/brasilnoticias.org\/site\/vitoria-divulga-lista-de-socios-que-podem-votar-na-eleicao-do-clube\/#primaryimage"},"thumbnailUrl":"https:\/\/brasilnoticias.org\/site\/wp-content\/uploads\/2022\/09\/vitoria_0EokNLj_widelg.jpg","articleSection":["Esporte","\u00daltimas"],"inLanguage":"pt-PT","potentialAction":[{"@type":"CommentAction","name":"Comment","target":["https:\/\/brasilnoticias.org\/site\/vitoria-divulga-lista-de-socios-que-podem-votar-na-eleicao-do-clube\/#respond"]}]},{"@type":"WebPage","@id":"https:\/\/brasilnoticias.org\/site\/vitoria-divulga-lista-de-socios-que-podem-votar-na-eleicao-do-clube\/","url":"https:\/\/brasilnoticias.org\/site\/vitoria-divulga-lista-de-socios-que-podem-votar-na-eleicao-do-clube\/","name":"Vit\u00f3ria divulga lista de s\u00f3cios que podem votar na elei\u00e7\u00e3o do clube - Brasil not\u00edcias","isPartOf":{"@id":"https:\/\/brasilnoticias.org\/site\/#website"},"primaryImageOfPage":{"@id":"https:\/\/brasilnoticias.org\/site\/vitoria-divulga-lista-de-socios-que-podem-votar-na-eleicao-do-clube\/#primaryimage"},"image":{"@id":"https:\/\/brasilnoticias.org\/site\/vitoria-divulga-lista-de-socios-que-podem-votar-na-eleicao-do-clube\/#primaryimage"},"thumbnailUrl":"https:\/\/brasilnoticias.org\/site\/wp-content\/uploads\/2022\/09\/vitoria_0EokNLj_widelg.jpg","datePublished":"2022-09-14T12:31:35+00:00","breadcrumb":{"@id":"https:\/\/brasilnoticias.org\/site\/vitoria-divulga-lista-de-socios-que-podem-votar-na-eleicao-do-clube\/#breadcrumb"},"inLanguage":"pt-PT","potentialAction":[{"@type":"ReadAction","target":["https:\/\/brasilnoticias.org\/site\/vitoria-divulga-lista-de-socios-que-podem-votar-na-eleicao-do-clube\/"]}]},{"@type":"ImageObject","inLanguage":"pt-PT","@id":"https:\/\/brasilnoticias.org\/site\/vitoria-divulga-lista-de-socios-que-podem-votar-na-eleicao-do-clube\/#primaryimage","url":"https:\/\/brasilnoticias.org\/site\/wp-content\/uploads\/2022\/09\/vitoria_0EokNLj_widelg.jpg","contentUrl":"https:\/\/brasilnoticias.org\/site\/wp-content\/uploads\/2022\/09\/vitoria_0EokNLj_widelg.jpg","width":800,"height":450},{"@type":"BreadcrumbList","@id":"https:\/\/brasilnoticias.org\/site\/vitoria-divulga-lista-de-socios-que-podem-votar-na-eleicao-do-clube\/#breadcrumb","itemListElement":[{"@type":"ListItem","position":1,"name":"In\u00edcio","item":"https:\/\/brasilnoticias.org\/site\/"},{"@type":"ListItem","position":2,"name":"Vit\u00f3ria divulga lista de s\u00f3cios que podem votar na elei\u00e7\u00e3o do clube"}]},{"@type":"WebSite","@id":"https:\/\/brasilnoticias.org\/site\/#website","url":"https:\/\/brasilnoticias.org\/site\/","name":"Brasil not\u00edcias","description":"Brasil not\u00edcias","publisher":{"@id":"https:\/\/brasilnoticias.org\/site\/#organization"},"potentialAction":[{"@type":"SearchAction","target":{"@type":"EntryPoint","urlTemplate":"https:\/\/brasilnoticias.org\/site\/?s={search_term_string}"},"query-input":{"@type":"PropertyValueSpecification","valueRequired":true,"valueName":"search_term_string"}}],"inLanguage":"pt-PT"},{"@type":"Organization","@id":"https:\/\/brasilnoticias.org\/site\/#organization","name":"Brasil not\u00edcias","url":"https:\/\/brasilnoticias.org\/site\/","logo":{"@type":"ImageObject","inLanguage":"pt-PT","@id":"https:\/\/brasilnoticias.org\/site\/#\/schema\/logo\/image\/","url":"https:\/\/brasilnoticias.org\/site\/wp-content\/uploads\/2022\/05\/cropped-brasilnoticias-mini.jpg","contentUrl":"https:\/\/brasilnoticias.org\/site\/wp-content\/uploads\/2022\/05\/cropped-brasilnoticias-mini.jpg","width":314,"height":86,"caption":"Brasil not\u00edcias"},"image":{"@id":"https:\/\/brasilnoticias.org\/site\/#\/schema\/logo\/image\/"}},{"@type":"Person","@id":"https:\/\/brasilnoticias.org\/site\/#\/schema\/person\/f609fa847b5314f1c8b983342f34c798","name":"Reda\u00e7\u00e3o","image":{"@type":"ImageObject","inLanguage":"pt-PT","@id":"https:\/\/brasilnoticias.org\/site\/#\/schema\/person\/image\/","url":"https:\/\/secure.gravatar.com\/avatar\/447284c06c1ad8b46465a36de9cd0d8326b73387a22799b8b1ffb1fbcff2ed0c?s=96&d=mm&r=g","contentUrl":"https:\/\/secure.gravatar.com\/avatar\/447284c06c1ad8b46465a36de9cd0d8326b73387a22799b8b1ffb1fbcff2ed0c?s=96&d=mm&r=g","caption":"Reda\u00e7\u00e3o"},"url":"https:\/\/brasilnoticias.org\/site\/author\/redacao\/"}]}},"_links":{"self":[{"href":"https:\/\/brasilnoticias.org\/site\/wp-json\/wp\/v2\/posts\/1472","targetHints":{"allow":["GET"]}}],"collection":[{"href":"https:\/\/brasilnoticias.org\/site\/wp-json\/wp\/v2\/posts"}],"about":[{"href":"https:\/\/brasilnoticias.org\/site\/wp-json\/wp\/v2\/types\/post"}],"author":[{"embeddable":true,"href":"https:\/\/brasilnoticias.org\/site\/wp-json\/wp\/v2\/users\/2"}],"replies":[{"embeddable":true,"href":"https:\/\/brasilnoticias.org\/site\/wp-json\/wp\/v2\/comments?post=1472"}],"version-history":[{"count":1,"href":"https:\/\/brasilnoticias.org\/site\/wp-json\/wp\/v2\/posts\/1472\/revisions"}],"predecessor-version":[{"id":1474,"href":"https:\/\/brasilnoticias.org\/site\/wp-json\/wp\/v2\/posts\/1472\/revisions\/1474"}],"wp:featuredmedia":[{"embeddable":true,"href":"https:\/\/brasilnoticias.org\/site\/wp-json\/wp\/v2\/media\/1473"}],"wp:attachment":[{"href":"https:\/\/brasilnoticias.org\/site\/wp-json\/wp\/v2\/media?parent=1472"}],"wp:term":[{"taxonomy":"category","embeddable":true,"href":"https:\/\/brasilnoticias.org\/site\/wp-json\/wp\/v2\/categories?post=1472"},{"taxonomy":"post_tag","embeddable":true,"href":"https:\/\/brasilnoticias.org\/site\/wp-json\/wp\/v2\/tags?post=1472"}],"curies":[{"name":"wp","href":"https:\/\/api.w.org\/{rel}","templated":true}]}}