{"id":14725,"date":"2024-06-21T09:05:21","date_gmt":"2024-06-21T12:05:21","guid":{"rendered":"https:\/\/brasilnoticias.org\/site\/?p=14725"},"modified":"2024-06-21T09:05:21","modified_gmt":"2024-06-21T12:05:21","slug":"moraes-vota-para-condenar-a-17-anos-de-prisao-reu-que-quebrou-relogio-historico-no-8-1","status":"publish","type":"post","link":"https:\/\/brasilnoticias.org\/site\/moraes-vota-para-condenar-a-17-anos-de-prisao-reu-que-quebrou-relogio-historico-no-8-1\/","title":{"rendered":"Moraes vota para condenar a 17 anos de pris\u00e3o r\u00e9u que quebrou rel\u00f3gio hist\u00f3rico no 8\/1"},"content":{"rendered":"<p>O ministro do STF (Supremo Tribunal Federal), Alexandre de Moraes, votou nesta sexta-feira (21) para que um dos participantes dos atos de vandalismo no Pal\u00e1cio do Planalto, em 8 de janeiro de 2023, fosse condenado a 17 anos de pris\u00e3o.<\/p>\n<p>O homem, chamado Ant\u00f4nio Cl\u00e1udio Alves Ferreira, foi respons\u00e1vel por quebrar um rel\u00f3gio hist\u00f3rico de Balthazar Martinot que estava no local. A obra foi trazida ao Brasil por Dom Jo\u00e3o VI. <\/p>\n<p>Ant\u00f4nio responde pelos crimes de: associa\u00e7\u00e3o criminosa armada; aboli\u00e7\u00e3o violenta do Estado Democr\u00e1tico de Direito; golpe de Estado; dano qualificado pela viol\u00eancia e grave amea\u00e7a, com emprego de subst\u00e2ncia inflam\u00e1vel contra o patrim\u00f4nio da Uni\u00e3o e com consider\u00e1vel preju\u00edzo para a v\u00edtima.<\/p>\n<p>No voto, Moraes afirmou que h\u00e1 um \u201crobusto conjunto probat\u00f3rio\u201d contra Ferreira. O investigado foi preso ap\u00f3s fazer registros dentro do Pal\u00e1cio do Planalto. Ele tamb\u00e9m esteve no acampamento montado em frente ao QG do Ex\u00e9rcito, por onde passavam pessoas que defendiam interven\u00e7\u00e3o militar, que \u00e9 inconstitucional. O r\u00e9u confessou em interrogat\u00f3rio que praticou os atos de vandalismo. <\/p>\n<p>Foto: Reprodu\u00e7\u00e3o<br \/>\nPor: Metro1 <\/p>\n","protected":false},"excerpt":{"rendered":"<p>O ministro do STF (Supremo Tribunal Federal), Alexandre de Moraes, votou nesta sexta-feira (21) para que um dos participantes dos<\/p>\n","protected":false},"author":4,"featured_media":14726,"comment_status":"open","ping_status":"open","sticky":false,"template":"","format":"standard","meta":{"colormag_page_container_layout":"default_layout","colormag_page_sidebar_layout":"default_layout","_FSMCFIC_featured_image_caption":"","_FSMCFIC_featured_image_nocaption":"","_FSMCFIC_featured_image_hide":"","footnotes":""},"categories":[2,1],"tags":[],"class_list":["post-14725","post","type-post","status-publish","format-standard","has-post-thumbnail","hentry","category-noticias","category-ultimas"],"yoast_head":"<!-- This site is optimized with the Yoast SEO plugin v27.1.1 - https:\/\/yoast.com\/product\/yoast-seo-wordpress\/ -->\n<title>Moraes vota para condenar a 17 anos de pris\u00e3o r\u00e9u que quebrou rel\u00f3gio hist\u00f3rico no 8\/1 - Brasil not\u00edcias<\/title>\n<meta name=\"robots\" content=\"index, follow, max-snippet:-1, max-image-preview:large, max-video-preview:-1\" \/>\n<link rel=\"canonical\" href=\"https:\/\/brasilnoticias.org\/site\/moraes-vota-para-condenar-a-17-anos-de-prisao-reu-que-quebrou-relogio-historico-no-8-1\/\" \/>\n<meta property=\"og:locale\" content=\"pt_PT\" \/>\n<meta property=\"og:type\" content=\"article\" \/>\n<meta property=\"og:title\" content=\"Moraes vota para condenar a 17 anos de pris\u00e3o r\u00e9u que quebrou rel\u00f3gio hist\u00f3rico no 8\/1 - Brasil not\u00edcias\" \/>\n<meta property=\"og:description\" content=\"O ministro do STF (Supremo Tribunal Federal), Alexandre de Moraes, votou nesta sexta-feira (21) para que um dos participantes dos\" \/>\n<meta property=\"og:url\" content=\"https:\/\/brasilnoticias.org\/site\/moraes-vota-para-condenar-a-17-anos-de-prisao-reu-que-quebrou-relogio-historico-no-8-1\/\" \/>\n<meta property=\"og:site_name\" content=\"Brasil not\u00edcias\" \/>\n<meta property=\"article:published_time\" content=\"2024-06-21T12:05:21+00:00\" \/>\n<meta property=\"og:image\" content=\"https:\/\/brasilnoticias.org\/site\/wp-content\/uploads\/2024\/06\/151867moraes-vota-para-condenar-a-17-anos-de-prisao-reu-que-quebrou-relogio-historico-no-81-3.jpg\" \/>\n\t<meta property=\"og:image:width\" content=\"1600\" \/>\n\t<meta property=\"og:image:height\" content=\"752\" \/>\n\t<meta property=\"og:image:type\" content=\"image\/jpeg\" \/>\n<meta name=\"author\" content=\"Reda\u00e7\u00e3o\" \/>\n<meta name=\"twitter:card\" content=\"summary_large_image\" \/>\n<meta name=\"twitter:label1\" content=\"Escrito por\" \/>\n\t<meta name=\"twitter:data1\" content=\"Reda\u00e7\u00e3o\" \/>\n\t<meta name=\"twitter:label2\" content=\"Tempo estimado de leitura\" \/>\n\t<meta name=\"twitter:data2\" content=\"1 minuto\" \/>\n<script type=\"application\/ld+json\" class=\"yoast-schema-graph\">{\"@context\":\"https:\/\/schema.org\",\"@graph\":[{\"@type\":\"Article\",\"@id\":\"https:\/\/brasilnoticias.org\/site\/moraes-vota-para-condenar-a-17-anos-de-prisao-reu-que-quebrou-relogio-historico-no-8-1\/#article\",\"isPartOf\":{\"@id\":\"https:\/\/brasilnoticias.org\/site\/moraes-vota-para-condenar-a-17-anos-de-prisao-reu-que-quebrou-relogio-historico-no-8-1\/\"},\"author\":{\"name\":\"Reda\u00e7\u00e3o\",\"@id\":\"https:\/\/brasilnoticias.org\/site\/#\/schema\/person\/03bbbfe6c7634ad18c26444ea39049fa\"},\"headline\":\"Moraes vota para condenar a 17 anos de pris\u00e3o r\u00e9u que quebrou rel\u00f3gio hist\u00f3rico no 8\/1\",\"datePublished\":\"2024-06-21T12:05:21+00:00\",\"mainEntityOfPage\":{\"@id\":\"https:\/\/brasilnoticias.org\/site\/moraes-vota-para-condenar-a-17-anos-de-prisao-reu-que-quebrou-relogio-historico-no-8-1\/\"},\"wordCount\":218,\"commentCount\":0,\"publisher\":{\"@id\":\"https:\/\/brasilnoticias.org\/site\/#organization\"},\"image\":{\"@id\":\"https:\/\/brasilnoticias.org\/site\/moraes-vota-para-condenar-a-17-anos-de-prisao-reu-que-quebrou-relogio-historico-no-8-1\/#primaryimage\"},\"thumbnailUrl\":\"https:\/\/brasilnoticias.org\/site\/wp-content\/uploads\/2024\/06\/151867moraes-vota-para-condenar-a-17-anos-de-prisao-reu-que-quebrou-relogio-historico-no-81-3.jpg\",\"articleSection\":[\"Not\u00edcias\",\"\u00daltimas\"],\"inLanguage\":\"pt-PT\",\"potentialAction\":[{\"@type\":\"CommentAction\",\"name\":\"Comment\",\"target\":[\"https:\/\/brasilnoticias.org\/site\/moraes-vota-para-condenar-a-17-anos-de-prisao-reu-que-quebrou-relogio-historico-no-8-1\/#respond\"]}]},{\"@type\":\"WebPage\",\"@id\":\"https:\/\/brasilnoticias.org\/site\/moraes-vota-para-condenar-a-17-anos-de-prisao-reu-que-quebrou-relogio-historico-no-8-1\/\",\"url\":\"https:\/\/brasilnoticias.org\/site\/moraes-vota-para-condenar-a-17-anos-de-prisao-reu-que-quebrou-relogio-historico-no-8-1\/\",\"name\":\"Moraes vota para condenar a 17 anos de pris\u00e3o r\u00e9u que quebrou rel\u00f3gio hist\u00f3rico no 8\/1 - Brasil not\u00edcias\",\"isPartOf\":{\"@id\":\"https:\/\/brasilnoticias.org\/site\/#website\"},\"primaryImageOfPage\":{\"@id\":\"https:\/\/brasilnoticias.org\/site\/moraes-vota-para-condenar-a-17-anos-de-prisao-reu-que-quebrou-relogio-historico-no-8-1\/#primaryimage\"},\"image\":{\"@id\":\"https:\/\/brasilnoticias.org\/site\/moraes-vota-para-condenar-a-17-anos-de-prisao-reu-que-quebrou-relogio-historico-no-8-1\/#primaryimage\"},\"thumbnailUrl\":\"https:\/\/brasilnoticias.org\/site\/wp-content\/uploads\/2024\/06\/151867moraes-vota-para-condenar-a-17-anos-de-prisao-reu-que-quebrou-relogio-historico-no-81-3.jpg\",\"datePublished\":\"2024-06-21T12:05:21+00:00\",\"breadcrumb\":{\"@id\":\"https:\/\/brasilnoticias.org\/site\/moraes-vota-para-condenar-a-17-anos-de-prisao-reu-que-quebrou-relogio-historico-no-8-1\/#breadcrumb\"},\"inLanguage\":\"pt-PT\",\"potentialAction\":[{\"@type\":\"ReadAction\",\"target\":[\"https:\/\/brasilnoticias.org\/site\/moraes-vota-para-condenar-a-17-anos-de-prisao-reu-que-quebrou-relogio-historico-no-8-1\/\"]}]},{\"@type\":\"ImageObject\",\"inLanguage\":\"pt-PT\",\"@id\":\"https:\/\/brasilnoticias.org\/site\/moraes-vota-para-condenar-a-17-anos-de-prisao-reu-que-quebrou-relogio-historico-no-8-1\/#primaryimage\",\"url\":\"https:\/\/brasilnoticias.org\/site\/wp-content\/uploads\/2024\/06\/151867moraes-vota-para-condenar-a-17-anos-de-prisao-reu-que-quebrou-relogio-historico-no-81-3.jpg\",\"contentUrl\":\"https:\/\/brasilnoticias.org\/site\/wp-content\/uploads\/2024\/06\/151867moraes-vota-para-condenar-a-17-anos-de-prisao-reu-que-quebrou-relogio-historico-no-81-3.jpg\",\"width\":1600,\"height\":752},{\"@type\":\"BreadcrumbList\",\"@id\":\"https:\/\/brasilnoticias.org\/site\/moraes-vota-para-condenar-a-17-anos-de-prisao-reu-que-quebrou-relogio-historico-no-8-1\/#breadcrumb\",\"itemListElement\":[{\"@type\":\"ListItem\",\"position\":1,\"name\":\"In\u00edcio\",\"item\":\"https:\/\/brasilnoticias.org\/site\/\"},{\"@type\":\"ListItem\",\"position\":2,\"name\":\"Moraes vota para condenar a 17 anos de pris\u00e3o r\u00e9u que quebrou rel\u00f3gio hist\u00f3rico no 8\/1\"}]},{\"@type\":\"WebSite\",\"@id\":\"https:\/\/brasilnoticias.org\/site\/#website\",\"url\":\"https:\/\/brasilnoticias.org\/site\/\",\"name\":\"Brasil not\u00edcias\",\"description\":\"Brasil not\u00edcias\",\"publisher\":{\"@id\":\"https:\/\/brasilnoticias.org\/site\/#organization\"},\"potentialAction\":[{\"@type\":\"SearchAction\",\"target\":{\"@type\":\"EntryPoint\",\"urlTemplate\":\"https:\/\/brasilnoticias.org\/site\/?s={search_term_string}\"},\"query-input\":{\"@type\":\"PropertyValueSpecification\",\"valueRequired\":true,\"valueName\":\"search_term_string\"}}],\"inLanguage\":\"pt-PT\"},{\"@type\":\"Organization\",\"@id\":\"https:\/\/brasilnoticias.org\/site\/#organization\",\"name\":\"Brasil not\u00edcias\",\"url\":\"https:\/\/brasilnoticias.org\/site\/\",\"logo\":{\"@type\":\"ImageObject\",\"inLanguage\":\"pt-PT\",\"@id\":\"https:\/\/brasilnoticias.org\/site\/#\/schema\/logo\/image\/\",\"url\":\"https:\/\/brasilnoticias.org\/site\/wp-content\/uploads\/2022\/05\/cropped-brasilnoticias-mini.jpg\",\"contentUrl\":\"https:\/\/brasilnoticias.org\/site\/wp-content\/uploads\/2022\/05\/cropped-brasilnoticias-mini.jpg\",\"width\":314,\"height\":86,\"caption\":\"Brasil not\u00edcias\"},\"image\":{\"@id\":\"https:\/\/brasilnoticias.org\/site\/#\/schema\/logo\/image\/\"}},{\"@type\":\"Person\",\"@id\":\"https:\/\/brasilnoticias.org\/site\/#\/schema\/person\/03bbbfe6c7634ad18c26444ea39049fa\",\"name\":\"Reda\u00e7\u00e3o\",\"image\":{\"@type\":\"ImageObject\",\"inLanguage\":\"pt-PT\",\"@id\":\"https:\/\/brasilnoticias.org\/site\/#\/schema\/person\/image\/\",\"url\":\"https:\/\/secure.gravatar.com\/avatar\/9ecaf7327a696cb23ad926fedded5f1f04d7049de9e445375d55b48c001a6e42?s=96&d=mm&r=g\",\"contentUrl\":\"https:\/\/secure.gravatar.com\/avatar\/9ecaf7327a696cb23ad926fedded5f1f04d7049de9e445375d55b48c001a6e42?s=96&d=mm&r=g\",\"caption\":\"Reda\u00e7\u00e3o\"},\"url\":\"https:\/\/brasilnoticias.org\/site\/author\/henrique\/\"}]}<\/script>\n<!-- \/ Yoast SEO plugin. -->","yoast_head_json":{"title":"Moraes vota para condenar a 17 anos de pris\u00e3o r\u00e9u que quebrou rel\u00f3gio hist\u00f3rico no 8\/1 - Brasil not\u00edcias","robots":{"index":"index","follow":"follow","max-snippet":"max-snippet:-1","max-image-preview":"max-image-preview:large","max-video-preview":"max-video-preview:-1"},"canonical":"https:\/\/brasilnoticias.org\/site\/moraes-vota-para-condenar-a-17-anos-de-prisao-reu-que-quebrou-relogio-historico-no-8-1\/","og_locale":"pt_PT","og_type":"article","og_title":"Moraes vota para condenar a 17 anos de pris\u00e3o r\u00e9u que quebrou rel\u00f3gio hist\u00f3rico no 8\/1 - Brasil not\u00edcias","og_description":"O ministro do STF (Supremo Tribunal Federal), Alexandre de Moraes, votou nesta sexta-feira (21) para que um dos participantes dos","og_url":"https:\/\/brasilnoticias.org\/site\/moraes-vota-para-condenar-a-17-anos-de-prisao-reu-que-quebrou-relogio-historico-no-8-1\/","og_site_name":"Brasil not\u00edcias","article_published_time":"2024-06-21T12:05:21+00:00","og_image":[{"width":1600,"height":752,"url":"https:\/\/brasilnoticias.org\/site\/wp-content\/uploads\/2024\/06\/151867moraes-vota-para-condenar-a-17-anos-de-prisao-reu-que-quebrou-relogio-historico-no-81-3.jpg","type":"image\/jpeg"}],"author":"Reda\u00e7\u00e3o","twitter_card":"summary_large_image","twitter_misc":{"Escrito por":"Reda\u00e7\u00e3o","Tempo estimado de leitura":"1 minuto"},"schema":{"@context":"https:\/\/schema.org","@graph":[{"@type":"Article","@id":"https:\/\/brasilnoticias.org\/site\/moraes-vota-para-condenar-a-17-anos-de-prisao-reu-que-quebrou-relogio-historico-no-8-1\/#article","isPartOf":{"@id":"https:\/\/brasilnoticias.org\/site\/moraes-vota-para-condenar-a-17-anos-de-prisao-reu-que-quebrou-relogio-historico-no-8-1\/"},"author":{"name":"Reda\u00e7\u00e3o","@id":"https:\/\/brasilnoticias.org\/site\/#\/schema\/person\/03bbbfe6c7634ad18c26444ea39049fa"},"headline":"Moraes vota para condenar a 17 anos de pris\u00e3o r\u00e9u que quebrou rel\u00f3gio hist\u00f3rico no 8\/1","datePublished":"2024-06-21T12:05:21+00:00","mainEntityOfPage":{"@id":"https:\/\/brasilnoticias.org\/site\/moraes-vota-para-condenar-a-17-anos-de-prisao-reu-que-quebrou-relogio-historico-no-8-1\/"},"wordCount":218,"commentCount":0,"publisher":{"@id":"https:\/\/brasilnoticias.org\/site\/#organization"},"image":{"@id":"https:\/\/brasilnoticias.org\/site\/moraes-vota-para-condenar-a-17-anos-de-prisao-reu-que-quebrou-relogio-historico-no-8-1\/#primaryimage"},"thumbnailUrl":"https:\/\/brasilnoticias.org\/site\/wp-content\/uploads\/2024\/06\/151867moraes-vota-para-condenar-a-17-anos-de-prisao-reu-que-quebrou-relogio-historico-no-81-3.jpg","articleSection":["Not\u00edcias","\u00daltimas"],"inLanguage":"pt-PT","potentialAction":[{"@type":"CommentAction","name":"Comment","target":["https:\/\/brasilnoticias.org\/site\/moraes-vota-para-condenar-a-17-anos-de-prisao-reu-que-quebrou-relogio-historico-no-8-1\/#respond"]}]},{"@type":"WebPage","@id":"https:\/\/brasilnoticias.org\/site\/moraes-vota-para-condenar-a-17-anos-de-prisao-reu-que-quebrou-relogio-historico-no-8-1\/","url":"https:\/\/brasilnoticias.org\/site\/moraes-vota-para-condenar-a-17-anos-de-prisao-reu-que-quebrou-relogio-historico-no-8-1\/","name":"Moraes vota para condenar a 17 anos de pris\u00e3o r\u00e9u que quebrou rel\u00f3gio hist\u00f3rico no 8\/1 - Brasil not\u00edcias","isPartOf":{"@id":"https:\/\/brasilnoticias.org\/site\/#website"},"primaryImageOfPage":{"@id":"https:\/\/brasilnoticias.org\/site\/moraes-vota-para-condenar-a-17-anos-de-prisao-reu-que-quebrou-relogio-historico-no-8-1\/#primaryimage"},"image":{"@id":"https:\/\/brasilnoticias.org\/site\/moraes-vota-para-condenar-a-17-anos-de-prisao-reu-que-quebrou-relogio-historico-no-8-1\/#primaryimage"},"thumbnailUrl":"https:\/\/brasilnoticias.org\/site\/wp-content\/uploads\/2024\/06\/151867moraes-vota-para-condenar-a-17-anos-de-prisao-reu-que-quebrou-relogio-historico-no-81-3.jpg","datePublished":"2024-06-21T12:05:21+00:00","breadcrumb":{"@id":"https:\/\/brasilnoticias.org\/site\/moraes-vota-para-condenar-a-17-anos-de-prisao-reu-que-quebrou-relogio-historico-no-8-1\/#breadcrumb"},"inLanguage":"pt-PT","potentialAction":[{"@type":"ReadAction","target":["https:\/\/brasilnoticias.org\/site\/moraes-vota-para-condenar-a-17-anos-de-prisao-reu-que-quebrou-relogio-historico-no-8-1\/"]}]},{"@type":"ImageObject","inLanguage":"pt-PT","@id":"https:\/\/brasilnoticias.org\/site\/moraes-vota-para-condenar-a-17-anos-de-prisao-reu-que-quebrou-relogio-historico-no-8-1\/#primaryimage","url":"https:\/\/brasilnoticias.org\/site\/wp-content\/uploads\/2024\/06\/151867moraes-vota-para-condenar-a-17-anos-de-prisao-reu-que-quebrou-relogio-historico-no-81-3.jpg","contentUrl":"https:\/\/brasilnoticias.org\/site\/wp-content\/uploads\/2024\/06\/151867moraes-vota-para-condenar-a-17-anos-de-prisao-reu-que-quebrou-relogio-historico-no-81-3.jpg","width":1600,"height":752},{"@type":"BreadcrumbList","@id":"https:\/\/brasilnoticias.org\/site\/moraes-vota-para-condenar-a-17-anos-de-prisao-reu-que-quebrou-relogio-historico-no-8-1\/#breadcrumb","itemListElement":[{"@type":"ListItem","position":1,"name":"In\u00edcio","item":"https:\/\/brasilnoticias.org\/site\/"},{"@type":"ListItem","position":2,"name":"Moraes vota para condenar a 17 anos de pris\u00e3o r\u00e9u que quebrou rel\u00f3gio hist\u00f3rico no 8\/1"}]},{"@type":"WebSite","@id":"https:\/\/brasilnoticias.org\/site\/#website","url":"https:\/\/brasilnoticias.org\/site\/","name":"Brasil not\u00edcias","description":"Brasil not\u00edcias","publisher":{"@id":"https:\/\/brasilnoticias.org\/site\/#organization"},"potentialAction":[{"@type":"SearchAction","target":{"@type":"EntryPoint","urlTemplate":"https:\/\/brasilnoticias.org\/site\/?s={search_term_string}"},"query-input":{"@type":"PropertyValueSpecification","valueRequired":true,"valueName":"search_term_string"}}],"inLanguage":"pt-PT"},{"@type":"Organization","@id":"https:\/\/brasilnoticias.org\/site\/#organization","name":"Brasil not\u00edcias","url":"https:\/\/brasilnoticias.org\/site\/","logo":{"@type":"ImageObject","inLanguage":"pt-PT","@id":"https:\/\/brasilnoticias.org\/site\/#\/schema\/logo\/image\/","url":"https:\/\/brasilnoticias.org\/site\/wp-content\/uploads\/2022\/05\/cropped-brasilnoticias-mini.jpg","contentUrl":"https:\/\/brasilnoticias.org\/site\/wp-content\/uploads\/2022\/05\/cropped-brasilnoticias-mini.jpg","width":314,"height":86,"caption":"Brasil not\u00edcias"},"image":{"@id":"https:\/\/brasilnoticias.org\/site\/#\/schema\/logo\/image\/"}},{"@type":"Person","@id":"https:\/\/brasilnoticias.org\/site\/#\/schema\/person\/03bbbfe6c7634ad18c26444ea39049fa","name":"Reda\u00e7\u00e3o","image":{"@type":"ImageObject","inLanguage":"pt-PT","@id":"https:\/\/brasilnoticias.org\/site\/#\/schema\/person\/image\/","url":"https:\/\/secure.gravatar.com\/avatar\/9ecaf7327a696cb23ad926fedded5f1f04d7049de9e445375d55b48c001a6e42?s=96&d=mm&r=g","contentUrl":"https:\/\/secure.gravatar.com\/avatar\/9ecaf7327a696cb23ad926fedded5f1f04d7049de9e445375d55b48c001a6e42?s=96&d=mm&r=g","caption":"Reda\u00e7\u00e3o"},"url":"https:\/\/brasilnoticias.org\/site\/author\/henrique\/"}]}},"_links":{"self":[{"href":"https:\/\/brasilnoticias.org\/site\/wp-json\/wp\/v2\/posts\/14725","targetHints":{"allow":["GET"]}}],"collection":[{"href":"https:\/\/brasilnoticias.org\/site\/wp-json\/wp\/v2\/posts"}],"about":[{"href":"https:\/\/brasilnoticias.org\/site\/wp-json\/wp\/v2\/types\/post"}],"author":[{"embeddable":true,"href":"https:\/\/brasilnoticias.org\/site\/wp-json\/wp\/v2\/users\/4"}],"replies":[{"embeddable":true,"href":"https:\/\/brasilnoticias.org\/site\/wp-json\/wp\/v2\/comments?post=14725"}],"version-history":[{"count":1,"href":"https:\/\/brasilnoticias.org\/site\/wp-json\/wp\/v2\/posts\/14725\/revisions"}],"predecessor-version":[{"id":14727,"href":"https:\/\/brasilnoticias.org\/site\/wp-json\/wp\/v2\/posts\/14725\/revisions\/14727"}],"wp:featuredmedia":[{"embeddable":true,"href":"https:\/\/brasilnoticias.org\/site\/wp-json\/wp\/v2\/media\/14726"}],"wp:attachment":[{"href":"https:\/\/brasilnoticias.org\/site\/wp-json\/wp\/v2\/media?parent=14725"}],"wp:term":[{"taxonomy":"category","embeddable":true,"href":"https:\/\/brasilnoticias.org\/site\/wp-json\/wp\/v2\/categories?post=14725"},{"taxonomy":"post_tag","embeddable":true,"href":"https:\/\/brasilnoticias.org\/site\/wp-json\/wp\/v2\/tags?post=14725"}],"curies":[{"name":"wp","href":"https:\/\/api.w.org\/{rel}","templated":true}]}}