{"id":14734,"date":"2024-06-21T09:11:38","date_gmt":"2024-06-21T12:11:38","guid":{"rendered":"https:\/\/brasilnoticias.org\/site\/?p=14734"},"modified":"2024-06-21T09:11:38","modified_gmt":"2024-06-21T12:11:38","slug":"governo-do-estado-lanca-licitacao-para-revitalizacao-do-parque-de-pituacu","status":"publish","type":"post","link":"https:\/\/brasilnoticias.org\/site\/governo-do-estado-lanca-licitacao-para-revitalizacao-do-parque-de-pituacu\/","title":{"rendered":"Governo do Estado lan\u00e7a licita\u00e7\u00e3o para revitaliza\u00e7\u00e3o do Parque de Pitua\u00e7u"},"content":{"rendered":"<p>O Parque de Pitua\u00e7u \u00e9 a maior \u00e1rea verde de uso p\u00fablico de Salvador<\/p>\n<p>O governo do estado da Bahia lan\u00e7ou licita\u00e7\u00e3o para reforma do Parque Metropolitano de Pitua\u00e7u, uma das maiores \u00e1reas da capital do estado. O lan\u00e7amento da licita\u00e7\u00e3o aconteceu nesta quinta-feira (20), no pr\u00e9dio da Governadoria, no Centro Administrativo, e contou com a presen\u00e7a do vice-governador Geraldo J\u00fanior, que representou o governador Jer\u00f4nimo Rodrigues no ato.<\/p>\n<p>A Secretaria do Meio Ambiente (Sema), ser\u00e1 respons\u00e1vel pela a\u00e7\u00e3o junto com a Companhia de Desenvolvimento Urbano (Conder), que vai realizar os servi\u00e7os. A licita\u00e7\u00e3o, que tem 90 dias para ser conclu\u00edda, foi publicada no Di\u00e1rio Oficial desta sexta-feira (21). O prazo de execu\u00e7\u00e3o do projeto \u00e9 de at\u00e9 12 meses.<\/p>\n<p>O investimento na primeira etapa da obra \u00e9 de R$25 milh\u00f5es e alcan\u00e7a toda a extens\u00e3o da ciclovia, com constru\u00e7\u00e3o de cinco quil\u00f4metros de passeio, implanta\u00e7\u00e3o de novos pontos de apoio e de primeiros socorros. A obra contempla tamb\u00e9m a implanta\u00e7\u00e3o de biciclet\u00e1rio, cercamento de trechos do parque, ilumina\u00e7\u00e3o, paisagismo, conten\u00e7\u00e3o e estabiliza\u00e7\u00e3o de taludes e interven\u00e7\u00e3o para encerrar os alagamentos no KM 9 da ciclovia.<\/p>\n<p>Mesmo durante os servi\u00e7os, os visitantes poder\u00e3o continuar frequentando o local.No in\u00edcio deste m\u00eas, o Governo do Estado publicou autoriza\u00e7\u00e3o para contrata\u00e7\u00e3o de uma empresa que ir\u00e1 elaborar um projeto de recupera\u00e7\u00e3o estrutural do Monumento \u00e0 M\u00e1rio Cravo, com obras do artista pl\u00e1stico, localizado na entrada principal do Parque de Pitua\u00e7u.<\/p>\n<p>Foto: Google Street View<br \/>\nPor: Metro1<\/p>\n","protected":false},"excerpt":{"rendered":"<p>O Parque de Pitua\u00e7u \u00e9 a maior \u00e1rea verde de uso p\u00fablico de Salvador O governo do estado da Bahia<\/p>\n","protected":false},"author":4,"featured_media":14735,"comment_status":"open","ping_status":"open","sticky":false,"template":"","format":"standard","meta":{"colormag_page_container_layout":"default_layout","colormag_page_sidebar_layout":"default_layout","_FSMCFIC_featured_image_caption":"","_FSMCFIC_featured_image_nocaption":"","_FSMCFIC_featured_image_hide":"","footnotes":""},"categories":[2,1],"tags":[],"class_list":["post-14734","post","type-post","status-publish","format-standard","has-post-thumbnail","hentry","category-noticias","category-ultimas"],"yoast_head":"<!-- This site is optimized with the Yoast SEO plugin v27.1.1 - https:\/\/yoast.com\/product\/yoast-seo-wordpress\/ -->\n<title>Governo do Estado lan\u00e7a licita\u00e7\u00e3o para revitaliza\u00e7\u00e3o do Parque de Pitua\u00e7u - Brasil not\u00edcias<\/title>\n<meta name=\"robots\" content=\"index, follow, max-snippet:-1, max-image-preview:large, max-video-preview:-1\" \/>\n<link rel=\"canonical\" href=\"https:\/\/brasilnoticias.org\/site\/governo-do-estado-lanca-licitacao-para-revitalizacao-do-parque-de-pituacu\/\" \/>\n<meta property=\"og:locale\" content=\"pt_PT\" \/>\n<meta property=\"og:type\" content=\"article\" \/>\n<meta property=\"og:title\" content=\"Governo do Estado lan\u00e7a licita\u00e7\u00e3o para revitaliza\u00e7\u00e3o do Parque de Pitua\u00e7u - Brasil not\u00edcias\" \/>\n<meta property=\"og:description\" content=\"O Parque de Pitua\u00e7u \u00e9 a maior \u00e1rea verde de uso p\u00fablico de Salvador O governo do estado da Bahia\" \/>\n<meta property=\"og:url\" content=\"https:\/\/brasilnoticias.org\/site\/governo-do-estado-lanca-licitacao-para-revitalizacao-do-parque-de-pituacu\/\" \/>\n<meta property=\"og:site_name\" content=\"Brasil not\u00edcias\" \/>\n<meta property=\"article:published_time\" content=\"2024-06-21T12:11:38+00:00\" \/>\n<meta property=\"og:image\" content=\"https:\/\/brasilnoticias.org\/site\/wp-content\/uploads\/2024\/06\/151866governo-do-estado-lanca-licitacao-para-revitalizacao-do-parque-de-pituacu-3.jpg\" \/>\n\t<meta property=\"og:image:width\" content=\"1600\" \/>\n\t<meta property=\"og:image:height\" content=\"752\" \/>\n\t<meta property=\"og:image:type\" content=\"image\/jpeg\" \/>\n<meta name=\"author\" content=\"Reda\u00e7\u00e3o\" \/>\n<meta name=\"twitter:card\" content=\"summary_large_image\" \/>\n<meta name=\"twitter:label1\" content=\"Escrito por\" \/>\n\t<meta name=\"twitter:data1\" content=\"Reda\u00e7\u00e3o\" \/>\n\t<meta name=\"twitter:label2\" content=\"Tempo estimado de leitura\" \/>\n\t<meta name=\"twitter:data2\" content=\"1 minuto\" \/>\n<script type=\"application\/ld+json\" class=\"yoast-schema-graph\">{\"@context\":\"https:\/\/schema.org\",\"@graph\":[{\"@type\":\"Article\",\"@id\":\"https:\/\/brasilnoticias.org\/site\/governo-do-estado-lanca-licitacao-para-revitalizacao-do-parque-de-pituacu\/#article\",\"isPartOf\":{\"@id\":\"https:\/\/brasilnoticias.org\/site\/governo-do-estado-lanca-licitacao-para-revitalizacao-do-parque-de-pituacu\/\"},\"author\":{\"name\":\"Reda\u00e7\u00e3o\",\"@id\":\"https:\/\/brasilnoticias.org\/site\/#\/schema\/person\/03bbbfe6c7634ad18c26444ea39049fa\"},\"headline\":\"Governo do Estado lan\u00e7a licita\u00e7\u00e3o para revitaliza\u00e7\u00e3o do Parque de Pitua\u00e7u\",\"datePublished\":\"2024-06-21T12:11:38+00:00\",\"mainEntityOfPage\":{\"@id\":\"https:\/\/brasilnoticias.org\/site\/governo-do-estado-lanca-licitacao-para-revitalizacao-do-parque-de-pituacu\/\"},\"wordCount\":291,\"commentCount\":0,\"publisher\":{\"@id\":\"https:\/\/brasilnoticias.org\/site\/#organization\"},\"image\":{\"@id\":\"https:\/\/brasilnoticias.org\/site\/governo-do-estado-lanca-licitacao-para-revitalizacao-do-parque-de-pituacu\/#primaryimage\"},\"thumbnailUrl\":\"https:\/\/brasilnoticias.org\/site\/wp-content\/uploads\/2024\/06\/151866governo-do-estado-lanca-licitacao-para-revitalizacao-do-parque-de-pituacu-3.jpg\",\"articleSection\":[\"Not\u00edcias\",\"\u00daltimas\"],\"inLanguage\":\"pt-PT\",\"potentialAction\":[{\"@type\":\"CommentAction\",\"name\":\"Comment\",\"target\":[\"https:\/\/brasilnoticias.org\/site\/governo-do-estado-lanca-licitacao-para-revitalizacao-do-parque-de-pituacu\/#respond\"]}]},{\"@type\":\"WebPage\",\"@id\":\"https:\/\/brasilnoticias.org\/site\/governo-do-estado-lanca-licitacao-para-revitalizacao-do-parque-de-pituacu\/\",\"url\":\"https:\/\/brasilnoticias.org\/site\/governo-do-estado-lanca-licitacao-para-revitalizacao-do-parque-de-pituacu\/\",\"name\":\"Governo do Estado lan\u00e7a licita\u00e7\u00e3o para revitaliza\u00e7\u00e3o do Parque de Pitua\u00e7u - Brasil not\u00edcias\",\"isPartOf\":{\"@id\":\"https:\/\/brasilnoticias.org\/site\/#website\"},\"primaryImageOfPage\":{\"@id\":\"https:\/\/brasilnoticias.org\/site\/governo-do-estado-lanca-licitacao-para-revitalizacao-do-parque-de-pituacu\/#primaryimage\"},\"image\":{\"@id\":\"https:\/\/brasilnoticias.org\/site\/governo-do-estado-lanca-licitacao-para-revitalizacao-do-parque-de-pituacu\/#primaryimage\"},\"thumbnailUrl\":\"https:\/\/brasilnoticias.org\/site\/wp-content\/uploads\/2024\/06\/151866governo-do-estado-lanca-licitacao-para-revitalizacao-do-parque-de-pituacu-3.jpg\",\"datePublished\":\"2024-06-21T12:11:38+00:00\",\"breadcrumb\":{\"@id\":\"https:\/\/brasilnoticias.org\/site\/governo-do-estado-lanca-licitacao-para-revitalizacao-do-parque-de-pituacu\/#breadcrumb\"},\"inLanguage\":\"pt-PT\",\"potentialAction\":[{\"@type\":\"ReadAction\",\"target\":[\"https:\/\/brasilnoticias.org\/site\/governo-do-estado-lanca-licitacao-para-revitalizacao-do-parque-de-pituacu\/\"]}]},{\"@type\":\"ImageObject\",\"inLanguage\":\"pt-PT\",\"@id\":\"https:\/\/brasilnoticias.org\/site\/governo-do-estado-lanca-licitacao-para-revitalizacao-do-parque-de-pituacu\/#primaryimage\",\"url\":\"https:\/\/brasilnoticias.org\/site\/wp-content\/uploads\/2024\/06\/151866governo-do-estado-lanca-licitacao-para-revitalizacao-do-parque-de-pituacu-3.jpg\",\"contentUrl\":\"https:\/\/brasilnoticias.org\/site\/wp-content\/uploads\/2024\/06\/151866governo-do-estado-lanca-licitacao-para-revitalizacao-do-parque-de-pituacu-3.jpg\",\"width\":1600,\"height\":752},{\"@type\":\"BreadcrumbList\",\"@id\":\"https:\/\/brasilnoticias.org\/site\/governo-do-estado-lanca-licitacao-para-revitalizacao-do-parque-de-pituacu\/#breadcrumb\",\"itemListElement\":[{\"@type\":\"ListItem\",\"position\":1,\"name\":\"In\u00edcio\",\"item\":\"https:\/\/brasilnoticias.org\/site\/\"},{\"@type\":\"ListItem\",\"position\":2,\"name\":\"Governo do Estado lan\u00e7a licita\u00e7\u00e3o para revitaliza\u00e7\u00e3o do Parque de Pitua\u00e7u\"}]},{\"@type\":\"WebSite\",\"@id\":\"https:\/\/brasilnoticias.org\/site\/#website\",\"url\":\"https:\/\/brasilnoticias.org\/site\/\",\"name\":\"Brasil not\u00edcias\",\"description\":\"Brasil not\u00edcias\",\"publisher\":{\"@id\":\"https:\/\/brasilnoticias.org\/site\/#organization\"},\"potentialAction\":[{\"@type\":\"SearchAction\",\"target\":{\"@type\":\"EntryPoint\",\"urlTemplate\":\"https:\/\/brasilnoticias.org\/site\/?s={search_term_string}\"},\"query-input\":{\"@type\":\"PropertyValueSpecification\",\"valueRequired\":true,\"valueName\":\"search_term_string\"}}],\"inLanguage\":\"pt-PT\"},{\"@type\":\"Organization\",\"@id\":\"https:\/\/brasilnoticias.org\/site\/#organization\",\"name\":\"Brasil not\u00edcias\",\"url\":\"https:\/\/brasilnoticias.org\/site\/\",\"logo\":{\"@type\":\"ImageObject\",\"inLanguage\":\"pt-PT\",\"@id\":\"https:\/\/brasilnoticias.org\/site\/#\/schema\/logo\/image\/\",\"url\":\"https:\/\/brasilnoticias.org\/site\/wp-content\/uploads\/2022\/05\/cropped-brasilnoticias-mini.jpg\",\"contentUrl\":\"https:\/\/brasilnoticias.org\/site\/wp-content\/uploads\/2022\/05\/cropped-brasilnoticias-mini.jpg\",\"width\":314,\"height\":86,\"caption\":\"Brasil not\u00edcias\"},\"image\":{\"@id\":\"https:\/\/brasilnoticias.org\/site\/#\/schema\/logo\/image\/\"}},{\"@type\":\"Person\",\"@id\":\"https:\/\/brasilnoticias.org\/site\/#\/schema\/person\/03bbbfe6c7634ad18c26444ea39049fa\",\"name\":\"Reda\u00e7\u00e3o\",\"image\":{\"@type\":\"ImageObject\",\"inLanguage\":\"pt-PT\",\"@id\":\"https:\/\/brasilnoticias.org\/site\/#\/schema\/person\/image\/\",\"url\":\"https:\/\/secure.gravatar.com\/avatar\/9ecaf7327a696cb23ad926fedded5f1f04d7049de9e445375d55b48c001a6e42?s=96&d=mm&r=g\",\"contentUrl\":\"https:\/\/secure.gravatar.com\/avatar\/9ecaf7327a696cb23ad926fedded5f1f04d7049de9e445375d55b48c001a6e42?s=96&d=mm&r=g\",\"caption\":\"Reda\u00e7\u00e3o\"},\"url\":\"https:\/\/brasilnoticias.org\/site\/author\/henrique\/\"}]}<\/script>\n<!-- \/ Yoast SEO plugin. -->","yoast_head_json":{"title":"Governo do Estado lan\u00e7a licita\u00e7\u00e3o para revitaliza\u00e7\u00e3o do Parque de Pitua\u00e7u - Brasil not\u00edcias","robots":{"index":"index","follow":"follow","max-snippet":"max-snippet:-1","max-image-preview":"max-image-preview:large","max-video-preview":"max-video-preview:-1"},"canonical":"https:\/\/brasilnoticias.org\/site\/governo-do-estado-lanca-licitacao-para-revitalizacao-do-parque-de-pituacu\/","og_locale":"pt_PT","og_type":"article","og_title":"Governo do Estado lan\u00e7a licita\u00e7\u00e3o para revitaliza\u00e7\u00e3o do Parque de Pitua\u00e7u - Brasil not\u00edcias","og_description":"O Parque de Pitua\u00e7u \u00e9 a maior \u00e1rea verde de uso p\u00fablico de Salvador O governo do estado da Bahia","og_url":"https:\/\/brasilnoticias.org\/site\/governo-do-estado-lanca-licitacao-para-revitalizacao-do-parque-de-pituacu\/","og_site_name":"Brasil not\u00edcias","article_published_time":"2024-06-21T12:11:38+00:00","og_image":[{"width":1600,"height":752,"url":"https:\/\/brasilnoticias.org\/site\/wp-content\/uploads\/2024\/06\/151866governo-do-estado-lanca-licitacao-para-revitalizacao-do-parque-de-pituacu-3.jpg","type":"image\/jpeg"}],"author":"Reda\u00e7\u00e3o","twitter_card":"summary_large_image","twitter_misc":{"Escrito por":"Reda\u00e7\u00e3o","Tempo estimado de leitura":"1 minuto"},"schema":{"@context":"https:\/\/schema.org","@graph":[{"@type":"Article","@id":"https:\/\/brasilnoticias.org\/site\/governo-do-estado-lanca-licitacao-para-revitalizacao-do-parque-de-pituacu\/#article","isPartOf":{"@id":"https:\/\/brasilnoticias.org\/site\/governo-do-estado-lanca-licitacao-para-revitalizacao-do-parque-de-pituacu\/"},"author":{"name":"Reda\u00e7\u00e3o","@id":"https:\/\/brasilnoticias.org\/site\/#\/schema\/person\/03bbbfe6c7634ad18c26444ea39049fa"},"headline":"Governo do Estado lan\u00e7a licita\u00e7\u00e3o para revitaliza\u00e7\u00e3o do Parque de Pitua\u00e7u","datePublished":"2024-06-21T12:11:38+00:00","mainEntityOfPage":{"@id":"https:\/\/brasilnoticias.org\/site\/governo-do-estado-lanca-licitacao-para-revitalizacao-do-parque-de-pituacu\/"},"wordCount":291,"commentCount":0,"publisher":{"@id":"https:\/\/brasilnoticias.org\/site\/#organization"},"image":{"@id":"https:\/\/brasilnoticias.org\/site\/governo-do-estado-lanca-licitacao-para-revitalizacao-do-parque-de-pituacu\/#primaryimage"},"thumbnailUrl":"https:\/\/brasilnoticias.org\/site\/wp-content\/uploads\/2024\/06\/151866governo-do-estado-lanca-licitacao-para-revitalizacao-do-parque-de-pituacu-3.jpg","articleSection":["Not\u00edcias","\u00daltimas"],"inLanguage":"pt-PT","potentialAction":[{"@type":"CommentAction","name":"Comment","target":["https:\/\/brasilnoticias.org\/site\/governo-do-estado-lanca-licitacao-para-revitalizacao-do-parque-de-pituacu\/#respond"]}]},{"@type":"WebPage","@id":"https:\/\/brasilnoticias.org\/site\/governo-do-estado-lanca-licitacao-para-revitalizacao-do-parque-de-pituacu\/","url":"https:\/\/brasilnoticias.org\/site\/governo-do-estado-lanca-licitacao-para-revitalizacao-do-parque-de-pituacu\/","name":"Governo do Estado lan\u00e7a licita\u00e7\u00e3o para revitaliza\u00e7\u00e3o do Parque de Pitua\u00e7u - Brasil not\u00edcias","isPartOf":{"@id":"https:\/\/brasilnoticias.org\/site\/#website"},"primaryImageOfPage":{"@id":"https:\/\/brasilnoticias.org\/site\/governo-do-estado-lanca-licitacao-para-revitalizacao-do-parque-de-pituacu\/#primaryimage"},"image":{"@id":"https:\/\/brasilnoticias.org\/site\/governo-do-estado-lanca-licitacao-para-revitalizacao-do-parque-de-pituacu\/#primaryimage"},"thumbnailUrl":"https:\/\/brasilnoticias.org\/site\/wp-content\/uploads\/2024\/06\/151866governo-do-estado-lanca-licitacao-para-revitalizacao-do-parque-de-pituacu-3.jpg","datePublished":"2024-06-21T12:11:38+00:00","breadcrumb":{"@id":"https:\/\/brasilnoticias.org\/site\/governo-do-estado-lanca-licitacao-para-revitalizacao-do-parque-de-pituacu\/#breadcrumb"},"inLanguage":"pt-PT","potentialAction":[{"@type":"ReadAction","target":["https:\/\/brasilnoticias.org\/site\/governo-do-estado-lanca-licitacao-para-revitalizacao-do-parque-de-pituacu\/"]}]},{"@type":"ImageObject","inLanguage":"pt-PT","@id":"https:\/\/brasilnoticias.org\/site\/governo-do-estado-lanca-licitacao-para-revitalizacao-do-parque-de-pituacu\/#primaryimage","url":"https:\/\/brasilnoticias.org\/site\/wp-content\/uploads\/2024\/06\/151866governo-do-estado-lanca-licitacao-para-revitalizacao-do-parque-de-pituacu-3.jpg","contentUrl":"https:\/\/brasilnoticias.org\/site\/wp-content\/uploads\/2024\/06\/151866governo-do-estado-lanca-licitacao-para-revitalizacao-do-parque-de-pituacu-3.jpg","width":1600,"height":752},{"@type":"BreadcrumbList","@id":"https:\/\/brasilnoticias.org\/site\/governo-do-estado-lanca-licitacao-para-revitalizacao-do-parque-de-pituacu\/#breadcrumb","itemListElement":[{"@type":"ListItem","position":1,"name":"In\u00edcio","item":"https:\/\/brasilnoticias.org\/site\/"},{"@type":"ListItem","position":2,"name":"Governo do Estado lan\u00e7a licita\u00e7\u00e3o para revitaliza\u00e7\u00e3o do Parque de Pitua\u00e7u"}]},{"@type":"WebSite","@id":"https:\/\/brasilnoticias.org\/site\/#website","url":"https:\/\/brasilnoticias.org\/site\/","name":"Brasil not\u00edcias","description":"Brasil not\u00edcias","publisher":{"@id":"https:\/\/brasilnoticias.org\/site\/#organization"},"potentialAction":[{"@type":"SearchAction","target":{"@type":"EntryPoint","urlTemplate":"https:\/\/brasilnoticias.org\/site\/?s={search_term_string}"},"query-input":{"@type":"PropertyValueSpecification","valueRequired":true,"valueName":"search_term_string"}}],"inLanguage":"pt-PT"},{"@type":"Organization","@id":"https:\/\/brasilnoticias.org\/site\/#organization","name":"Brasil not\u00edcias","url":"https:\/\/brasilnoticias.org\/site\/","logo":{"@type":"ImageObject","inLanguage":"pt-PT","@id":"https:\/\/brasilnoticias.org\/site\/#\/schema\/logo\/image\/","url":"https:\/\/brasilnoticias.org\/site\/wp-content\/uploads\/2022\/05\/cropped-brasilnoticias-mini.jpg","contentUrl":"https:\/\/brasilnoticias.org\/site\/wp-content\/uploads\/2022\/05\/cropped-brasilnoticias-mini.jpg","width":314,"height":86,"caption":"Brasil not\u00edcias"},"image":{"@id":"https:\/\/brasilnoticias.org\/site\/#\/schema\/logo\/image\/"}},{"@type":"Person","@id":"https:\/\/brasilnoticias.org\/site\/#\/schema\/person\/03bbbfe6c7634ad18c26444ea39049fa","name":"Reda\u00e7\u00e3o","image":{"@type":"ImageObject","inLanguage":"pt-PT","@id":"https:\/\/brasilnoticias.org\/site\/#\/schema\/person\/image\/","url":"https:\/\/secure.gravatar.com\/avatar\/9ecaf7327a696cb23ad926fedded5f1f04d7049de9e445375d55b48c001a6e42?s=96&d=mm&r=g","contentUrl":"https:\/\/secure.gravatar.com\/avatar\/9ecaf7327a696cb23ad926fedded5f1f04d7049de9e445375d55b48c001a6e42?s=96&d=mm&r=g","caption":"Reda\u00e7\u00e3o"},"url":"https:\/\/brasilnoticias.org\/site\/author\/henrique\/"}]}},"_links":{"self":[{"href":"https:\/\/brasilnoticias.org\/site\/wp-json\/wp\/v2\/posts\/14734","targetHints":{"allow":["GET"]}}],"collection":[{"href":"https:\/\/brasilnoticias.org\/site\/wp-json\/wp\/v2\/posts"}],"about":[{"href":"https:\/\/brasilnoticias.org\/site\/wp-json\/wp\/v2\/types\/post"}],"author":[{"embeddable":true,"href":"https:\/\/brasilnoticias.org\/site\/wp-json\/wp\/v2\/users\/4"}],"replies":[{"embeddable":true,"href":"https:\/\/brasilnoticias.org\/site\/wp-json\/wp\/v2\/comments?post=14734"}],"version-history":[{"count":1,"href":"https:\/\/brasilnoticias.org\/site\/wp-json\/wp\/v2\/posts\/14734\/revisions"}],"predecessor-version":[{"id":14736,"href":"https:\/\/brasilnoticias.org\/site\/wp-json\/wp\/v2\/posts\/14734\/revisions\/14736"}],"wp:featuredmedia":[{"embeddable":true,"href":"https:\/\/brasilnoticias.org\/site\/wp-json\/wp\/v2\/media\/14735"}],"wp:attachment":[{"href":"https:\/\/brasilnoticias.org\/site\/wp-json\/wp\/v2\/media?parent=14734"}],"wp:term":[{"taxonomy":"category","embeddable":true,"href":"https:\/\/brasilnoticias.org\/site\/wp-json\/wp\/v2\/categories?post=14734"},{"taxonomy":"post_tag","embeddable":true,"href":"https:\/\/brasilnoticias.org\/site\/wp-json\/wp\/v2\/tags?post=14734"}],"curies":[{"name":"wp","href":"https:\/\/api.w.org\/{rel}","templated":true}]}}