{"id":14740,"date":"2024-06-21T09:15:45","date_gmt":"2024-06-21T12:15:45","guid":{"rendered":"https:\/\/brasilnoticias.org\/site\/?p=14740"},"modified":"2024-06-21T09:15:45","modified_gmt":"2024-06-21T12:15:45","slug":"festejos-do-sao-joao-na-bahia-retornam-nesta-sexta-feira","status":"publish","type":"post","link":"https:\/\/brasilnoticias.org\/site\/festejos-do-sao-joao-na-bahia-retornam-nesta-sexta-feira\/","title":{"rendered":"Festejos do S\u00e3o Jo\u00e3o na Bahia retornam nesta sexta-feira"},"content":{"rendered":"<p>Segundo final de semana ter\u00e1 4 dias de festa, 36 atra\u00e7\u00f5es e mais de 40 horas de m\u00fasica<\/p>\n<p>O segundo final de semana do S\u00e3o Jo\u00e3o na Bahia retorna nesta sexta-feira (21). Ao todo ser\u00e3o 12 dias de evento, com mais de 100 atra\u00e7\u00f5es escaladas para fazer a alegria do p\u00fablico, divididas entre o palco principal, pranch\u00e3o e coreto, novidades de 2024.<\/p>\n<p>A festa desse final se semana segue at\u00e9 segunda-feira (24), passar\u00e3o pelo Parque de Exposi\u00e7\u00f5es nomes como Ana Castela, Lim\u00e3o com Mel, Gustavo Mioto, Bell Marques, Luan Santana, Marcos e Belutti, e Tarc\u00edsio do Acordeon, Z\u00e9 Vaqueiro, Dorgival Dantas e Thiago Aquino. <\/p>\n<p>No primeiro final de semana de festa, o S\u00e3o Jo\u00e3o da Bahia recebeu 100 mil pessoas em 3 dias. Quem for ao evento pode, al\u00e9m de se divertir, levar 1Kg de alimento n\u00e3o perec\u00edvel para ajudar com a campanha Bahia Sem Fome.O S\u00e3o Jo\u00e3o da Bahia no Parque de Exposi\u00e7\u00f5es \u00e9 organizado pela Superintend\u00eancia de Fomento ao Turismo (Sufotur), do Governo do Estado da Bahia, com patroc\u00ednio da Pixbet e Itaipava.<\/p>\n<p>Foto: Fernando Vivas\/GOVBA<br \/>\nPor: Metro1<\/p>\n","protected":false},"excerpt":{"rendered":"<p>Segundo final de semana ter\u00e1 4 dias de festa, 36 atra\u00e7\u00f5es e mais de 40 horas de m\u00fasica O segundo<\/p>\n","protected":false},"author":4,"featured_media":14741,"comment_status":"open","ping_status":"open","sticky":false,"template":"","format":"standard","meta":{"colormag_page_container_layout":"default_layout","colormag_page_sidebar_layout":"default_layout","_FSMCFIC_featured_image_caption":"","_FSMCFIC_featured_image_nocaption":"","_FSMCFIC_featured_image_hide":"","footnotes":""},"categories":[2,1],"tags":[],"class_list":["post-14740","post","type-post","status-publish","format-standard","has-post-thumbnail","hentry","category-noticias","category-ultimas"],"yoast_head":"<!-- This site is optimized with the Yoast SEO plugin v27.1.1 - https:\/\/yoast.com\/product\/yoast-seo-wordpress\/ -->\n<title>Festejos do S\u00e3o Jo\u00e3o na Bahia retornam nesta sexta-feira - Brasil not\u00edcias<\/title>\n<meta name=\"robots\" content=\"index, follow, max-snippet:-1, max-image-preview:large, max-video-preview:-1\" \/>\n<link rel=\"canonical\" href=\"https:\/\/brasilnoticias.org\/site\/festejos-do-sao-joao-na-bahia-retornam-nesta-sexta-feira\/\" \/>\n<meta property=\"og:locale\" content=\"pt_PT\" \/>\n<meta property=\"og:type\" content=\"article\" \/>\n<meta property=\"og:title\" content=\"Festejos do S\u00e3o Jo\u00e3o na Bahia retornam nesta sexta-feira - Brasil not\u00edcias\" \/>\n<meta property=\"og:description\" content=\"Segundo final de semana ter\u00e1 4 dias de festa, 36 atra\u00e7\u00f5es e mais de 40 horas de m\u00fasica O segundo\" \/>\n<meta property=\"og:url\" content=\"https:\/\/brasilnoticias.org\/site\/festejos-do-sao-joao-na-bahia-retornam-nesta-sexta-feira\/\" \/>\n<meta property=\"og:site_name\" content=\"Brasil not\u00edcias\" \/>\n<meta property=\"article:published_time\" content=\"2024-06-21T12:15:45+00:00\" \/>\n<meta property=\"og:image\" content=\"https:\/\/brasilnoticias.org\/site\/wp-content\/uploads\/2024\/06\/151863festejos-do-sao-joao-na-bahia-retornam-nesta-sexta-feira-3.jpg\" \/>\n\t<meta property=\"og:image:width\" content=\"1600\" \/>\n\t<meta property=\"og:image:height\" content=\"752\" \/>\n\t<meta property=\"og:image:type\" content=\"image\/jpeg\" \/>\n<meta name=\"author\" content=\"Reda\u00e7\u00e3o\" \/>\n<meta name=\"twitter:card\" content=\"summary_large_image\" \/>\n<meta name=\"twitter:label1\" content=\"Escrito por\" \/>\n\t<meta name=\"twitter:data1\" content=\"Reda\u00e7\u00e3o\" \/>\n\t<meta name=\"twitter:label2\" content=\"Tempo estimado de leitura\" \/>\n\t<meta name=\"twitter:data2\" content=\"1 minuto\" \/>\n<script type=\"application\/ld+json\" class=\"yoast-schema-graph\">{\"@context\":\"https:\/\/schema.org\",\"@graph\":[{\"@type\":\"Article\",\"@id\":\"https:\/\/brasilnoticias.org\/site\/festejos-do-sao-joao-na-bahia-retornam-nesta-sexta-feira\/#article\",\"isPartOf\":{\"@id\":\"https:\/\/brasilnoticias.org\/site\/festejos-do-sao-joao-na-bahia-retornam-nesta-sexta-feira\/\"},\"author\":{\"name\":\"Reda\u00e7\u00e3o\",\"@id\":\"https:\/\/brasilnoticias.org\/site\/#\/schema\/person\/03bbbfe6c7634ad18c26444ea39049fa\"},\"headline\":\"Festejos do S\u00e3o Jo\u00e3o na Bahia retornam nesta sexta-feira\",\"datePublished\":\"2024-06-21T12:15:45+00:00\",\"mainEntityOfPage\":{\"@id\":\"https:\/\/brasilnoticias.org\/site\/festejos-do-sao-joao-na-bahia-retornam-nesta-sexta-feira\/\"},\"wordCount\":204,\"commentCount\":0,\"publisher\":{\"@id\":\"https:\/\/brasilnoticias.org\/site\/#organization\"},\"image\":{\"@id\":\"https:\/\/brasilnoticias.org\/site\/festejos-do-sao-joao-na-bahia-retornam-nesta-sexta-feira\/#primaryimage\"},\"thumbnailUrl\":\"https:\/\/brasilnoticias.org\/site\/wp-content\/uploads\/2024\/06\/151863festejos-do-sao-joao-na-bahia-retornam-nesta-sexta-feira-3.jpg\",\"articleSection\":[\"Not\u00edcias\",\"\u00daltimas\"],\"inLanguage\":\"pt-PT\",\"potentialAction\":[{\"@type\":\"CommentAction\",\"name\":\"Comment\",\"target\":[\"https:\/\/brasilnoticias.org\/site\/festejos-do-sao-joao-na-bahia-retornam-nesta-sexta-feira\/#respond\"]}]},{\"@type\":\"WebPage\",\"@id\":\"https:\/\/brasilnoticias.org\/site\/festejos-do-sao-joao-na-bahia-retornam-nesta-sexta-feira\/\",\"url\":\"https:\/\/brasilnoticias.org\/site\/festejos-do-sao-joao-na-bahia-retornam-nesta-sexta-feira\/\",\"name\":\"Festejos do S\u00e3o Jo\u00e3o na Bahia retornam nesta sexta-feira - Brasil not\u00edcias\",\"isPartOf\":{\"@id\":\"https:\/\/brasilnoticias.org\/site\/#website\"},\"primaryImageOfPage\":{\"@id\":\"https:\/\/brasilnoticias.org\/site\/festejos-do-sao-joao-na-bahia-retornam-nesta-sexta-feira\/#primaryimage\"},\"image\":{\"@id\":\"https:\/\/brasilnoticias.org\/site\/festejos-do-sao-joao-na-bahia-retornam-nesta-sexta-feira\/#primaryimage\"},\"thumbnailUrl\":\"https:\/\/brasilnoticias.org\/site\/wp-content\/uploads\/2024\/06\/151863festejos-do-sao-joao-na-bahia-retornam-nesta-sexta-feira-3.jpg\",\"datePublished\":\"2024-06-21T12:15:45+00:00\",\"breadcrumb\":{\"@id\":\"https:\/\/brasilnoticias.org\/site\/festejos-do-sao-joao-na-bahia-retornam-nesta-sexta-feira\/#breadcrumb\"},\"inLanguage\":\"pt-PT\",\"potentialAction\":[{\"@type\":\"ReadAction\",\"target\":[\"https:\/\/brasilnoticias.org\/site\/festejos-do-sao-joao-na-bahia-retornam-nesta-sexta-feira\/\"]}]},{\"@type\":\"ImageObject\",\"inLanguage\":\"pt-PT\",\"@id\":\"https:\/\/brasilnoticias.org\/site\/festejos-do-sao-joao-na-bahia-retornam-nesta-sexta-feira\/#primaryimage\",\"url\":\"https:\/\/brasilnoticias.org\/site\/wp-content\/uploads\/2024\/06\/151863festejos-do-sao-joao-na-bahia-retornam-nesta-sexta-feira-3.jpg\",\"contentUrl\":\"https:\/\/brasilnoticias.org\/site\/wp-content\/uploads\/2024\/06\/151863festejos-do-sao-joao-na-bahia-retornam-nesta-sexta-feira-3.jpg\",\"width\":1600,\"height\":752},{\"@type\":\"BreadcrumbList\",\"@id\":\"https:\/\/brasilnoticias.org\/site\/festejos-do-sao-joao-na-bahia-retornam-nesta-sexta-feira\/#breadcrumb\",\"itemListElement\":[{\"@type\":\"ListItem\",\"position\":1,\"name\":\"In\u00edcio\",\"item\":\"https:\/\/brasilnoticias.org\/site\/\"},{\"@type\":\"ListItem\",\"position\":2,\"name\":\"Festejos do S\u00e3o Jo\u00e3o na Bahia retornam nesta sexta-feira\"}]},{\"@type\":\"WebSite\",\"@id\":\"https:\/\/brasilnoticias.org\/site\/#website\",\"url\":\"https:\/\/brasilnoticias.org\/site\/\",\"name\":\"Brasil not\u00edcias\",\"description\":\"Brasil not\u00edcias\",\"publisher\":{\"@id\":\"https:\/\/brasilnoticias.org\/site\/#organization\"},\"potentialAction\":[{\"@type\":\"SearchAction\",\"target\":{\"@type\":\"EntryPoint\",\"urlTemplate\":\"https:\/\/brasilnoticias.org\/site\/?s={search_term_string}\"},\"query-input\":{\"@type\":\"PropertyValueSpecification\",\"valueRequired\":true,\"valueName\":\"search_term_string\"}}],\"inLanguage\":\"pt-PT\"},{\"@type\":\"Organization\",\"@id\":\"https:\/\/brasilnoticias.org\/site\/#organization\",\"name\":\"Brasil not\u00edcias\",\"url\":\"https:\/\/brasilnoticias.org\/site\/\",\"logo\":{\"@type\":\"ImageObject\",\"inLanguage\":\"pt-PT\",\"@id\":\"https:\/\/brasilnoticias.org\/site\/#\/schema\/logo\/image\/\",\"url\":\"https:\/\/brasilnoticias.org\/site\/wp-content\/uploads\/2022\/05\/cropped-brasilnoticias-mini.jpg\",\"contentUrl\":\"https:\/\/brasilnoticias.org\/site\/wp-content\/uploads\/2022\/05\/cropped-brasilnoticias-mini.jpg\",\"width\":314,\"height\":86,\"caption\":\"Brasil not\u00edcias\"},\"image\":{\"@id\":\"https:\/\/brasilnoticias.org\/site\/#\/schema\/logo\/image\/\"}},{\"@type\":\"Person\",\"@id\":\"https:\/\/brasilnoticias.org\/site\/#\/schema\/person\/03bbbfe6c7634ad18c26444ea39049fa\",\"name\":\"Reda\u00e7\u00e3o\",\"image\":{\"@type\":\"ImageObject\",\"inLanguage\":\"pt-PT\",\"@id\":\"https:\/\/brasilnoticias.org\/site\/#\/schema\/person\/image\/\",\"url\":\"https:\/\/secure.gravatar.com\/avatar\/9ecaf7327a696cb23ad926fedded5f1f04d7049de9e445375d55b48c001a6e42?s=96&d=mm&r=g\",\"contentUrl\":\"https:\/\/secure.gravatar.com\/avatar\/9ecaf7327a696cb23ad926fedded5f1f04d7049de9e445375d55b48c001a6e42?s=96&d=mm&r=g\",\"caption\":\"Reda\u00e7\u00e3o\"},\"url\":\"https:\/\/brasilnoticias.org\/site\/author\/henrique\/\"}]}<\/script>\n<!-- \/ Yoast SEO plugin. -->","yoast_head_json":{"title":"Festejos do S\u00e3o Jo\u00e3o na Bahia retornam nesta sexta-feira - Brasil not\u00edcias","robots":{"index":"index","follow":"follow","max-snippet":"max-snippet:-1","max-image-preview":"max-image-preview:large","max-video-preview":"max-video-preview:-1"},"canonical":"https:\/\/brasilnoticias.org\/site\/festejos-do-sao-joao-na-bahia-retornam-nesta-sexta-feira\/","og_locale":"pt_PT","og_type":"article","og_title":"Festejos do S\u00e3o Jo\u00e3o na Bahia retornam nesta sexta-feira - Brasil not\u00edcias","og_description":"Segundo final de semana ter\u00e1 4 dias de festa, 36 atra\u00e7\u00f5es e mais de 40 horas de m\u00fasica O segundo","og_url":"https:\/\/brasilnoticias.org\/site\/festejos-do-sao-joao-na-bahia-retornam-nesta-sexta-feira\/","og_site_name":"Brasil not\u00edcias","article_published_time":"2024-06-21T12:15:45+00:00","og_image":[{"width":1600,"height":752,"url":"https:\/\/brasilnoticias.org\/site\/wp-content\/uploads\/2024\/06\/151863festejos-do-sao-joao-na-bahia-retornam-nesta-sexta-feira-3.jpg","type":"image\/jpeg"}],"author":"Reda\u00e7\u00e3o","twitter_card":"summary_large_image","twitter_misc":{"Escrito por":"Reda\u00e7\u00e3o","Tempo estimado de leitura":"1 minuto"},"schema":{"@context":"https:\/\/schema.org","@graph":[{"@type":"Article","@id":"https:\/\/brasilnoticias.org\/site\/festejos-do-sao-joao-na-bahia-retornam-nesta-sexta-feira\/#article","isPartOf":{"@id":"https:\/\/brasilnoticias.org\/site\/festejos-do-sao-joao-na-bahia-retornam-nesta-sexta-feira\/"},"author":{"name":"Reda\u00e7\u00e3o","@id":"https:\/\/brasilnoticias.org\/site\/#\/schema\/person\/03bbbfe6c7634ad18c26444ea39049fa"},"headline":"Festejos do S\u00e3o Jo\u00e3o na Bahia retornam nesta sexta-feira","datePublished":"2024-06-21T12:15:45+00:00","mainEntityOfPage":{"@id":"https:\/\/brasilnoticias.org\/site\/festejos-do-sao-joao-na-bahia-retornam-nesta-sexta-feira\/"},"wordCount":204,"commentCount":0,"publisher":{"@id":"https:\/\/brasilnoticias.org\/site\/#organization"},"image":{"@id":"https:\/\/brasilnoticias.org\/site\/festejos-do-sao-joao-na-bahia-retornam-nesta-sexta-feira\/#primaryimage"},"thumbnailUrl":"https:\/\/brasilnoticias.org\/site\/wp-content\/uploads\/2024\/06\/151863festejos-do-sao-joao-na-bahia-retornam-nesta-sexta-feira-3.jpg","articleSection":["Not\u00edcias","\u00daltimas"],"inLanguage":"pt-PT","potentialAction":[{"@type":"CommentAction","name":"Comment","target":["https:\/\/brasilnoticias.org\/site\/festejos-do-sao-joao-na-bahia-retornam-nesta-sexta-feira\/#respond"]}]},{"@type":"WebPage","@id":"https:\/\/brasilnoticias.org\/site\/festejos-do-sao-joao-na-bahia-retornam-nesta-sexta-feira\/","url":"https:\/\/brasilnoticias.org\/site\/festejos-do-sao-joao-na-bahia-retornam-nesta-sexta-feira\/","name":"Festejos do S\u00e3o Jo\u00e3o na Bahia retornam nesta sexta-feira - Brasil not\u00edcias","isPartOf":{"@id":"https:\/\/brasilnoticias.org\/site\/#website"},"primaryImageOfPage":{"@id":"https:\/\/brasilnoticias.org\/site\/festejos-do-sao-joao-na-bahia-retornam-nesta-sexta-feira\/#primaryimage"},"image":{"@id":"https:\/\/brasilnoticias.org\/site\/festejos-do-sao-joao-na-bahia-retornam-nesta-sexta-feira\/#primaryimage"},"thumbnailUrl":"https:\/\/brasilnoticias.org\/site\/wp-content\/uploads\/2024\/06\/151863festejos-do-sao-joao-na-bahia-retornam-nesta-sexta-feira-3.jpg","datePublished":"2024-06-21T12:15:45+00:00","breadcrumb":{"@id":"https:\/\/brasilnoticias.org\/site\/festejos-do-sao-joao-na-bahia-retornam-nesta-sexta-feira\/#breadcrumb"},"inLanguage":"pt-PT","potentialAction":[{"@type":"ReadAction","target":["https:\/\/brasilnoticias.org\/site\/festejos-do-sao-joao-na-bahia-retornam-nesta-sexta-feira\/"]}]},{"@type":"ImageObject","inLanguage":"pt-PT","@id":"https:\/\/brasilnoticias.org\/site\/festejos-do-sao-joao-na-bahia-retornam-nesta-sexta-feira\/#primaryimage","url":"https:\/\/brasilnoticias.org\/site\/wp-content\/uploads\/2024\/06\/151863festejos-do-sao-joao-na-bahia-retornam-nesta-sexta-feira-3.jpg","contentUrl":"https:\/\/brasilnoticias.org\/site\/wp-content\/uploads\/2024\/06\/151863festejos-do-sao-joao-na-bahia-retornam-nesta-sexta-feira-3.jpg","width":1600,"height":752},{"@type":"BreadcrumbList","@id":"https:\/\/brasilnoticias.org\/site\/festejos-do-sao-joao-na-bahia-retornam-nesta-sexta-feira\/#breadcrumb","itemListElement":[{"@type":"ListItem","position":1,"name":"In\u00edcio","item":"https:\/\/brasilnoticias.org\/site\/"},{"@type":"ListItem","position":2,"name":"Festejos do S\u00e3o Jo\u00e3o na Bahia retornam nesta sexta-feira"}]},{"@type":"WebSite","@id":"https:\/\/brasilnoticias.org\/site\/#website","url":"https:\/\/brasilnoticias.org\/site\/","name":"Brasil not\u00edcias","description":"Brasil not\u00edcias","publisher":{"@id":"https:\/\/brasilnoticias.org\/site\/#organization"},"potentialAction":[{"@type":"SearchAction","target":{"@type":"EntryPoint","urlTemplate":"https:\/\/brasilnoticias.org\/site\/?s={search_term_string}"},"query-input":{"@type":"PropertyValueSpecification","valueRequired":true,"valueName":"search_term_string"}}],"inLanguage":"pt-PT"},{"@type":"Organization","@id":"https:\/\/brasilnoticias.org\/site\/#organization","name":"Brasil not\u00edcias","url":"https:\/\/brasilnoticias.org\/site\/","logo":{"@type":"ImageObject","inLanguage":"pt-PT","@id":"https:\/\/brasilnoticias.org\/site\/#\/schema\/logo\/image\/","url":"https:\/\/brasilnoticias.org\/site\/wp-content\/uploads\/2022\/05\/cropped-brasilnoticias-mini.jpg","contentUrl":"https:\/\/brasilnoticias.org\/site\/wp-content\/uploads\/2022\/05\/cropped-brasilnoticias-mini.jpg","width":314,"height":86,"caption":"Brasil not\u00edcias"},"image":{"@id":"https:\/\/brasilnoticias.org\/site\/#\/schema\/logo\/image\/"}},{"@type":"Person","@id":"https:\/\/brasilnoticias.org\/site\/#\/schema\/person\/03bbbfe6c7634ad18c26444ea39049fa","name":"Reda\u00e7\u00e3o","image":{"@type":"ImageObject","inLanguage":"pt-PT","@id":"https:\/\/brasilnoticias.org\/site\/#\/schema\/person\/image\/","url":"https:\/\/secure.gravatar.com\/avatar\/9ecaf7327a696cb23ad926fedded5f1f04d7049de9e445375d55b48c001a6e42?s=96&d=mm&r=g","contentUrl":"https:\/\/secure.gravatar.com\/avatar\/9ecaf7327a696cb23ad926fedded5f1f04d7049de9e445375d55b48c001a6e42?s=96&d=mm&r=g","caption":"Reda\u00e7\u00e3o"},"url":"https:\/\/brasilnoticias.org\/site\/author\/henrique\/"}]}},"_links":{"self":[{"href":"https:\/\/brasilnoticias.org\/site\/wp-json\/wp\/v2\/posts\/14740","targetHints":{"allow":["GET"]}}],"collection":[{"href":"https:\/\/brasilnoticias.org\/site\/wp-json\/wp\/v2\/posts"}],"about":[{"href":"https:\/\/brasilnoticias.org\/site\/wp-json\/wp\/v2\/types\/post"}],"author":[{"embeddable":true,"href":"https:\/\/brasilnoticias.org\/site\/wp-json\/wp\/v2\/users\/4"}],"replies":[{"embeddable":true,"href":"https:\/\/brasilnoticias.org\/site\/wp-json\/wp\/v2\/comments?post=14740"}],"version-history":[{"count":1,"href":"https:\/\/brasilnoticias.org\/site\/wp-json\/wp\/v2\/posts\/14740\/revisions"}],"predecessor-version":[{"id":14742,"href":"https:\/\/brasilnoticias.org\/site\/wp-json\/wp\/v2\/posts\/14740\/revisions\/14742"}],"wp:featuredmedia":[{"embeddable":true,"href":"https:\/\/brasilnoticias.org\/site\/wp-json\/wp\/v2\/media\/14741"}],"wp:attachment":[{"href":"https:\/\/brasilnoticias.org\/site\/wp-json\/wp\/v2\/media?parent=14740"}],"wp:term":[{"taxonomy":"category","embeddable":true,"href":"https:\/\/brasilnoticias.org\/site\/wp-json\/wp\/v2\/categories?post=14740"},{"taxonomy":"post_tag","embeddable":true,"href":"https:\/\/brasilnoticias.org\/site\/wp-json\/wp\/v2\/tags?post=14740"}],"curies":[{"name":"wp","href":"https:\/\/api.w.org\/{rel}","templated":true}]}}