{"id":14753,"date":"2024-06-24T10:06:33","date_gmt":"2024-06-24T13:06:33","guid":{"rendered":"https:\/\/brasilnoticias.org\/site\/?p=14753"},"modified":"2024-06-24T10:06:33","modified_gmt":"2024-06-24T13:06:33","slug":"vitoria-perde-para-o-bragantino-de-virada-e-volta-ao-z-4-do-brasileirao","status":"publish","type":"post","link":"https:\/\/brasilnoticias.org\/site\/vitoria-perde-para-o-bragantino-de-virada-e-volta-ao-z-4-do-brasileirao\/","title":{"rendered":"Vit\u00f3ria perde para o Bragantino de virada e volta ao Z-4 do Brasileir\u00e3o"},"content":{"rendered":"<p>Com o placar de 2 x 1, no Est\u00e1dio Nabi Abi Chedid, em Bragan\u00e7a Paulista (SP), Rubro-Negro continuou com nove pontos e aparece na 17\u00aa coloca\u00e7\u00e3o<\/p>\n<p>O Vit\u00f3ria at\u00e9 tentou emplacar o terceiro resultado positivo em sequ\u00eancia para se afastar da zona de rebaixamento, mas foi derrotado pelo Bragantino de virada no Est\u00e1dio Nabi Abi Chedid, em Bragan\u00e7a Paulista (SP).<\/p>\n<p>Neste domingo (23), mesmo com algumas mudan\u00e7as no time titular, o Le\u00e3o manteve o estilo de jogo das \u00faltimas partidas e foi recompensado logo aos 16 minutos com gol de Jean Mota.<\/p>\n<p>Por\u00e9m, o Bragantino tinha mais volume e, no fim do primeiro tempo, Eric Ramires deixou tudo igual no placar. Na volta do intervalo, ap\u00f3s bela jogada individual de Lucas Evangelista, Helinho colocou a equipe paulista na frente.<\/p>\n<p>Com o 2 x 1 no fechamento da 11\u00aa rodada, o Le\u00e3o permaneceu com nove pontos e voltou para a zona de rebaixamento &#8211; na 17\u00aa posi\u00e7\u00e3o.<\/p>\n<p>Pelo Campeonato Brasileiro, o Vit\u00f3ria volta a jogar na quinta-feira (27), quando visita o Fluminense no Maracan\u00e3. O confronto, v\u00e1lido pela 12\u00aa rodada da competi\u00e7\u00e3o, est\u00e1 marcado para 19h.<\/p>\n<p>O JOGO<\/p>\n<p>Primeiro tempo<\/p>\n<p>Vit\u00f3ria bem organizado defensivamente e letal no ataque, mas que sofreu um baque no final. Com algumas mudan\u00e7as no time titular, o Le\u00e3o manteve o estilo de jogo das \u00faltimas partidas e foi logo recompensado aos 16 minutos com gol de Jean Mota. J\u00e1 o Bragantino seguiu rondando a \u00e1rea rubro-negra, mas n\u00e3o encontrava espa\u00e7os para infiltrar devido \u00e0 forte marca\u00e7\u00e3o da equipe baiana. O Rubro-Negro apostou nos contra-ataques e em uma dessas escapadas, fez o segundo com Eryc Castilho, por\u00e9m o atacante estava impedido e o lance foi anulado. Quando parecia que o Vit\u00f3ria ia com a vantagem para o intervalo, Eric Ramires deixou tudo igual no marcador. <\/p>\n<p>Aos oito minutos, Helinho cobrou escanteio na \u00e1rea e Eduardo Sasha, livre de marca\u00e7\u00e3o, cabeceou para Lucas Arcanjo defender.<\/p>\n<p>Gol do Vit\u00f3ria! Luiz Adriano e Willian Oliveira tabelaram pelo lado esquerdo aos 16 e a bola sobrou para Jean Mota na frende da \u00e1rea. O camisa 10 pegou de primeira e abriu o placar em Bragan\u00e7a Paulista (SP).<\/p>\n<p>Aos 24 minutos, Raul arriscou de muito longe e o goleiro rubro-negro deu um tapa para escanteio. Chute perigoso do camisa 23.<\/p>\n<p>N\u00e3o valeu! Willian Oliveira deixou Eryc Castillo de cara com Cleiton aos 38, que bateu na sa\u00edda do goleiro e fez o segundo. Por\u00e9m, o atacante estava impedido e o gol foi anulado.<\/p>\n<p>Defesa\u00e7a! Aos 41 minutos, Lucas Esteves avan\u00e7ou pela esquerda e cruzou para a \u00e1rea. Willean Lepo chegou testando firme e obrigou o goleiro Cleiton a fazer uma grande defesa.<\/p>\n<p>Nos acr\u00e9scimos, empate do Bragantino! Jadsom Silva lan\u00e7ou para Eduardo Sasha, que dominou e finalizou para a defesa de Lucas Arcanjo. No entanto, o goleiro rubro-negro deu rebote e Eric Ramires completou para o fundo das redes.<\/p>\n<p>Segundo tempo<\/p>\n<p>O Bragantino voltou melhor para a partida. Com mais volume desde a primeira etapa, a equipe paulista encurralou o Vit\u00f3ria no seu campo de defesa. O Rubro-Negro seguiu apostando nas jogadas em velocidade pelos lados e por vezes levava perigo ao advers\u00e1rio. Por\u00e9m, o Bragantino foi mais efetivo e ap\u00f3s bela jogada individual de Lucas Evangelista, Helinho virou o jogo. Depois, o time paulista apenas administrou o resultado e garantiu o triunfo.<\/p>\n<p>Aos nove minutos, Lucas Evangelista arriscou de longe e Lucas Arcanjo foi no \u00e2ngulo para fazer a defesa. Finaliza\u00e7\u00e3o perigosa do meia paulista.<\/p>\n<p>Eryc Castilho recebeu lan\u00e7amento em profundidade aos 15 e escapou em velocidade pelo lado esquerdo. O atacante invadiu a \u00e1rea e cruzou rasteiro buscando Luiz Adriano, mas a zaga paulista afastou o perigo na hora certa.<\/p>\n<p>Virada do Bragantino! Aos 20 minutos, Lucas Evangelista arrancou da defesa para o ataque e tocou para Helinho na direita. O camisa 11 chutou cruzado e virou a partida para o time paulista.<\/p>\n<p>Na sequ\u00eancia, Ra\u00fal C\u00e1ceres foi at\u00e9 a linha de fundo e cruzou na cabe\u00e7a de Lucas Esteves. O lateral-esquerdo testou firme para o gol, mas Cleiton fez uma \u00f3tima defesa.<\/p>\n<p>FICHA T\u00c9CNICA<\/p>\n<p>Bragantino 2 x 1 Vit\u00f3ria<br \/>\nS\u00e9rie A &#8211; 11\u00aa rodada<br \/>\nLocal: Est\u00e1dio Nabi Abi Chedid, em Bragan\u00e7a Paulista (SP)<br \/>\nData: 23\/06\/2024 (domingo)<br \/>\nHor\u00e1rio: 18h30<br \/>\n\u00c1rbitro: Jonathan Benkenstein Pinheiro (RS)<br \/>\nAssistentes: Jorge Eduardo Bernardi (RS) e Tiago Augusto Kappes Diel (RS)<br \/>\nQuarto \u00e1rbitro: Fernando Ant\u00f4nio Mendes de Salles Nascimento Filho (PA)<br \/>\nVAR: Rafael Traci (SC)<\/p>\n<p>Gols: Eric Ramires e Helinho (Bragantino) \/ Jean Mota (Vit\u00f3ria)<br \/>\nCart\u00f5es amarelos: Helinho, Nathan Mendes e Mosquera (Bragantino) \/ Lucas Esteves e Luan (Vit\u00f3ria)<\/p>\n<p>Bragantino: Cleiton \u00a9; Jadsom Silva (Nathan Mendes), Pedro Henrique, Luan C\u00e2ndido e Juninho Capixaba; Raul, Eric Ramires (Mosquera) e Lucas Evangelista; Helinho (Laquintana), Vitinho (Gustavinho) e Eduardo Sasha (Thiago Borbas). T\u00e9cnico: Pedro Caixinha<\/p>\n<p>Vit\u00f3ria: Lucas Arcanjo; Willean Lepo, Reynaldo (Osvaldo), Wagner Leonardo \u00a9 e Lucas Esteves; Rodrigo Andrade, Willian Oliveira (Ra\u00fal C\u00e1ceres), L\u00e9o Naldi (Luan) e Jean Mota (Matheuzinho); Eryc Castillo e Luiz Adriano (F\u00e1bio Soares). T\u00e9cnico: Thiago CarpinI<\/p>\n<p>Foto: Victor Ferreira\/EC Vit\u00f3ria<br \/>\nPor: Jos\u00e9 Gabriel<\/p>\n","protected":false},"excerpt":{"rendered":"<p>Com o placar de 2 x 1, no Est\u00e1dio Nabi Abi Chedid, em Bragan\u00e7a Paulista (SP), Rubro-Negro continuou com nove<\/p>\n","protected":false},"author":4,"featured_media":14754,"comment_status":"open","ping_status":"open","sticky":false,"template":"","format":"standard","meta":{"colormag_page_container_layout":"default_layout","colormag_page_sidebar_layout":"default_layout","_FSMCFIC_featured_image_caption":"","_FSMCFIC_featured_image_nocaption":"","_FSMCFIC_featured_image_hide":"","footnotes":""},"categories":[4,1],"tags":[],"class_list":["post-14753","post","type-post","status-publish","format-standard","has-post-thumbnail","hentry","category-esporte","category-ultimas"],"yoast_head":"<!-- This site is optimized with the Yoast SEO plugin v27.1.1 - https:\/\/yoast.com\/product\/yoast-seo-wordpress\/ -->\n<title>Vit\u00f3ria perde para o Bragantino de virada e volta ao Z-4 do Brasileir\u00e3o - Brasil not\u00edcias<\/title>\n<meta name=\"robots\" content=\"index, follow, max-snippet:-1, max-image-preview:large, max-video-preview:-1\" \/>\n<link rel=\"canonical\" href=\"https:\/\/brasilnoticias.org\/site\/vitoria-perde-para-o-bragantino-de-virada-e-volta-ao-z-4-do-brasileirao\/\" \/>\n<meta property=\"og:locale\" content=\"pt_PT\" \/>\n<meta property=\"og:type\" content=\"article\" \/>\n<meta property=\"og:title\" content=\"Vit\u00f3ria perde para o Bragantino de virada e volta ao Z-4 do Brasileir\u00e3o - Brasil not\u00edcias\" \/>\n<meta property=\"og:description\" content=\"Com o placar de 2 x 1, no Est\u00e1dio Nabi Abi Chedid, em Bragan\u00e7a Paulista (SP), Rubro-Negro continuou com nove\" \/>\n<meta property=\"og:url\" content=\"https:\/\/brasilnoticias.org\/site\/vitoria-perde-para-o-bragantino-de-virada-e-volta-ao-z-4-do-brasileirao\/\" \/>\n<meta property=\"og:site_name\" content=\"Brasil not\u00edcias\" \/>\n<meta property=\"article:published_time\" content=\"2024-06-24T13:06:33+00:00\" \/>\n<meta property=\"og:image\" content=\"https:\/\/brasilnoticias.org\/site\/wp-content\/uploads\/2024\/06\/IMG_1961.jpeg\" \/>\n\t<meta property=\"og:image:width\" content=\"1600\" \/>\n\t<meta property=\"og:image:height\" content=\"752\" \/>\n\t<meta property=\"og:image:type\" content=\"image\/jpeg\" \/>\n<meta name=\"author\" content=\"Reda\u00e7\u00e3o\" \/>\n<meta name=\"twitter:card\" content=\"summary_large_image\" \/>\n<meta name=\"twitter:label1\" content=\"Escrito por\" \/>\n\t<meta name=\"twitter:data1\" content=\"Reda\u00e7\u00e3o\" \/>\n\t<meta name=\"twitter:label2\" content=\"Tempo estimado de leitura\" \/>\n\t<meta name=\"twitter:data2\" content=\"1 minuto\" \/>\n<script type=\"application\/ld+json\" class=\"yoast-schema-graph\">{\"@context\":\"https:\/\/schema.org\",\"@graph\":[{\"@type\":\"Article\",\"@id\":\"https:\/\/brasilnoticias.org\/site\/vitoria-perde-para-o-bragantino-de-virada-e-volta-ao-z-4-do-brasileirao\/#article\",\"isPartOf\":{\"@id\":\"https:\/\/brasilnoticias.org\/site\/vitoria-perde-para-o-bragantino-de-virada-e-volta-ao-z-4-do-brasileirao\/\"},\"author\":{\"name\":\"Reda\u00e7\u00e3o\",\"@id\":\"https:\/\/brasilnoticias.org\/site\/#\/schema\/person\/03bbbfe6c7634ad18c26444ea39049fa\"},\"headline\":\"Vit\u00f3ria perde para o Bragantino de virada e volta ao Z-4 do Brasileir\u00e3o\",\"datePublished\":\"2024-06-24T13:06:33+00:00\",\"mainEntityOfPage\":{\"@id\":\"https:\/\/brasilnoticias.org\/site\/vitoria-perde-para-o-bragantino-de-virada-e-volta-ao-z-4-do-brasileirao\/\"},\"wordCount\":878,\"commentCount\":0,\"publisher\":{\"@id\":\"https:\/\/brasilnoticias.org\/site\/#organization\"},\"image\":{\"@id\":\"https:\/\/brasilnoticias.org\/site\/vitoria-perde-para-o-bragantino-de-virada-e-volta-ao-z-4-do-brasileirao\/#primaryimage\"},\"thumbnailUrl\":\"https:\/\/brasilnoticias.org\/site\/wp-content\/uploads\/2024\/06\/IMG_1961.jpeg\",\"articleSection\":[\"Esporte\",\"\u00daltimas\"],\"inLanguage\":\"pt-PT\",\"potentialAction\":[{\"@type\":\"CommentAction\",\"name\":\"Comment\",\"target\":[\"https:\/\/brasilnoticias.org\/site\/vitoria-perde-para-o-bragantino-de-virada-e-volta-ao-z-4-do-brasileirao\/#respond\"]}]},{\"@type\":\"WebPage\",\"@id\":\"https:\/\/brasilnoticias.org\/site\/vitoria-perde-para-o-bragantino-de-virada-e-volta-ao-z-4-do-brasileirao\/\",\"url\":\"https:\/\/brasilnoticias.org\/site\/vitoria-perde-para-o-bragantino-de-virada-e-volta-ao-z-4-do-brasileirao\/\",\"name\":\"Vit\u00f3ria perde para o Bragantino de virada e volta ao Z-4 do Brasileir\u00e3o - Brasil not\u00edcias\",\"isPartOf\":{\"@id\":\"https:\/\/brasilnoticias.org\/site\/#website\"},\"primaryImageOfPage\":{\"@id\":\"https:\/\/brasilnoticias.org\/site\/vitoria-perde-para-o-bragantino-de-virada-e-volta-ao-z-4-do-brasileirao\/#primaryimage\"},\"image\":{\"@id\":\"https:\/\/brasilnoticias.org\/site\/vitoria-perde-para-o-bragantino-de-virada-e-volta-ao-z-4-do-brasileirao\/#primaryimage\"},\"thumbnailUrl\":\"https:\/\/brasilnoticias.org\/site\/wp-content\/uploads\/2024\/06\/IMG_1961.jpeg\",\"datePublished\":\"2024-06-24T13:06:33+00:00\",\"breadcrumb\":{\"@id\":\"https:\/\/brasilnoticias.org\/site\/vitoria-perde-para-o-bragantino-de-virada-e-volta-ao-z-4-do-brasileirao\/#breadcrumb\"},\"inLanguage\":\"pt-PT\",\"potentialAction\":[{\"@type\":\"ReadAction\",\"target\":[\"https:\/\/brasilnoticias.org\/site\/vitoria-perde-para-o-bragantino-de-virada-e-volta-ao-z-4-do-brasileirao\/\"]}]},{\"@type\":\"ImageObject\",\"inLanguage\":\"pt-PT\",\"@id\":\"https:\/\/brasilnoticias.org\/site\/vitoria-perde-para-o-bragantino-de-virada-e-volta-ao-z-4-do-brasileirao\/#primaryimage\",\"url\":\"https:\/\/brasilnoticias.org\/site\/wp-content\/uploads\/2024\/06\/IMG_1961.jpeg\",\"contentUrl\":\"https:\/\/brasilnoticias.org\/site\/wp-content\/uploads\/2024\/06\/IMG_1961.jpeg\",\"width\":1600,\"height\":752},{\"@type\":\"BreadcrumbList\",\"@id\":\"https:\/\/brasilnoticias.org\/site\/vitoria-perde-para-o-bragantino-de-virada-e-volta-ao-z-4-do-brasileirao\/#breadcrumb\",\"itemListElement\":[{\"@type\":\"ListItem\",\"position\":1,\"name\":\"In\u00edcio\",\"item\":\"https:\/\/brasilnoticias.org\/site\/\"},{\"@type\":\"ListItem\",\"position\":2,\"name\":\"Vit\u00f3ria perde para o Bragantino de virada e volta ao Z-4 do Brasileir\u00e3o\"}]},{\"@type\":\"WebSite\",\"@id\":\"https:\/\/brasilnoticias.org\/site\/#website\",\"url\":\"https:\/\/brasilnoticias.org\/site\/\",\"name\":\"Brasil not\u00edcias\",\"description\":\"Brasil not\u00edcias\",\"publisher\":{\"@id\":\"https:\/\/brasilnoticias.org\/site\/#organization\"},\"potentialAction\":[{\"@type\":\"SearchAction\",\"target\":{\"@type\":\"EntryPoint\",\"urlTemplate\":\"https:\/\/brasilnoticias.org\/site\/?s={search_term_string}\"},\"query-input\":{\"@type\":\"PropertyValueSpecification\",\"valueRequired\":true,\"valueName\":\"search_term_string\"}}],\"inLanguage\":\"pt-PT\"},{\"@type\":\"Organization\",\"@id\":\"https:\/\/brasilnoticias.org\/site\/#organization\",\"name\":\"Brasil not\u00edcias\",\"url\":\"https:\/\/brasilnoticias.org\/site\/\",\"logo\":{\"@type\":\"ImageObject\",\"inLanguage\":\"pt-PT\",\"@id\":\"https:\/\/brasilnoticias.org\/site\/#\/schema\/logo\/image\/\",\"url\":\"https:\/\/brasilnoticias.org\/site\/wp-content\/uploads\/2022\/05\/cropped-brasilnoticias-mini.jpg\",\"contentUrl\":\"https:\/\/brasilnoticias.org\/site\/wp-content\/uploads\/2022\/05\/cropped-brasilnoticias-mini.jpg\",\"width\":314,\"height\":86,\"caption\":\"Brasil not\u00edcias\"},\"image\":{\"@id\":\"https:\/\/brasilnoticias.org\/site\/#\/schema\/logo\/image\/\"}},{\"@type\":\"Person\",\"@id\":\"https:\/\/brasilnoticias.org\/site\/#\/schema\/person\/03bbbfe6c7634ad18c26444ea39049fa\",\"name\":\"Reda\u00e7\u00e3o\",\"image\":{\"@type\":\"ImageObject\",\"inLanguage\":\"pt-PT\",\"@id\":\"https:\/\/brasilnoticias.org\/site\/#\/schema\/person\/image\/\",\"url\":\"https:\/\/secure.gravatar.com\/avatar\/9ecaf7327a696cb23ad926fedded5f1f04d7049de9e445375d55b48c001a6e42?s=96&d=mm&r=g\",\"contentUrl\":\"https:\/\/secure.gravatar.com\/avatar\/9ecaf7327a696cb23ad926fedded5f1f04d7049de9e445375d55b48c001a6e42?s=96&d=mm&r=g\",\"caption\":\"Reda\u00e7\u00e3o\"},\"url\":\"https:\/\/brasilnoticias.org\/site\/author\/henrique\/\"}]}<\/script>\n<!-- \/ Yoast SEO plugin. -->","yoast_head_json":{"title":"Vit\u00f3ria perde para o Bragantino de virada e volta ao Z-4 do Brasileir\u00e3o - Brasil not\u00edcias","robots":{"index":"index","follow":"follow","max-snippet":"max-snippet:-1","max-image-preview":"max-image-preview:large","max-video-preview":"max-video-preview:-1"},"canonical":"https:\/\/brasilnoticias.org\/site\/vitoria-perde-para-o-bragantino-de-virada-e-volta-ao-z-4-do-brasileirao\/","og_locale":"pt_PT","og_type":"article","og_title":"Vit\u00f3ria perde para o Bragantino de virada e volta ao Z-4 do Brasileir\u00e3o - Brasil not\u00edcias","og_description":"Com o placar de 2 x 1, no Est\u00e1dio Nabi Abi Chedid, em Bragan\u00e7a Paulista (SP), Rubro-Negro continuou com nove","og_url":"https:\/\/brasilnoticias.org\/site\/vitoria-perde-para-o-bragantino-de-virada-e-volta-ao-z-4-do-brasileirao\/","og_site_name":"Brasil not\u00edcias","article_published_time":"2024-06-24T13:06:33+00:00","og_image":[{"width":1600,"height":752,"url":"https:\/\/brasilnoticias.org\/site\/wp-content\/uploads\/2024\/06\/IMG_1961.jpeg","type":"image\/jpeg"}],"author":"Reda\u00e7\u00e3o","twitter_card":"summary_large_image","twitter_misc":{"Escrito por":"Reda\u00e7\u00e3o","Tempo estimado de leitura":"1 minuto"},"schema":{"@context":"https:\/\/schema.org","@graph":[{"@type":"Article","@id":"https:\/\/brasilnoticias.org\/site\/vitoria-perde-para-o-bragantino-de-virada-e-volta-ao-z-4-do-brasileirao\/#article","isPartOf":{"@id":"https:\/\/brasilnoticias.org\/site\/vitoria-perde-para-o-bragantino-de-virada-e-volta-ao-z-4-do-brasileirao\/"},"author":{"name":"Reda\u00e7\u00e3o","@id":"https:\/\/brasilnoticias.org\/site\/#\/schema\/person\/03bbbfe6c7634ad18c26444ea39049fa"},"headline":"Vit\u00f3ria perde para o Bragantino de virada e volta ao Z-4 do Brasileir\u00e3o","datePublished":"2024-06-24T13:06:33+00:00","mainEntityOfPage":{"@id":"https:\/\/brasilnoticias.org\/site\/vitoria-perde-para-o-bragantino-de-virada-e-volta-ao-z-4-do-brasileirao\/"},"wordCount":878,"commentCount":0,"publisher":{"@id":"https:\/\/brasilnoticias.org\/site\/#organization"},"image":{"@id":"https:\/\/brasilnoticias.org\/site\/vitoria-perde-para-o-bragantino-de-virada-e-volta-ao-z-4-do-brasileirao\/#primaryimage"},"thumbnailUrl":"https:\/\/brasilnoticias.org\/site\/wp-content\/uploads\/2024\/06\/IMG_1961.jpeg","articleSection":["Esporte","\u00daltimas"],"inLanguage":"pt-PT","potentialAction":[{"@type":"CommentAction","name":"Comment","target":["https:\/\/brasilnoticias.org\/site\/vitoria-perde-para-o-bragantino-de-virada-e-volta-ao-z-4-do-brasileirao\/#respond"]}]},{"@type":"WebPage","@id":"https:\/\/brasilnoticias.org\/site\/vitoria-perde-para-o-bragantino-de-virada-e-volta-ao-z-4-do-brasileirao\/","url":"https:\/\/brasilnoticias.org\/site\/vitoria-perde-para-o-bragantino-de-virada-e-volta-ao-z-4-do-brasileirao\/","name":"Vit\u00f3ria perde para o Bragantino de virada e volta ao Z-4 do Brasileir\u00e3o - Brasil not\u00edcias","isPartOf":{"@id":"https:\/\/brasilnoticias.org\/site\/#website"},"primaryImageOfPage":{"@id":"https:\/\/brasilnoticias.org\/site\/vitoria-perde-para-o-bragantino-de-virada-e-volta-ao-z-4-do-brasileirao\/#primaryimage"},"image":{"@id":"https:\/\/brasilnoticias.org\/site\/vitoria-perde-para-o-bragantino-de-virada-e-volta-ao-z-4-do-brasileirao\/#primaryimage"},"thumbnailUrl":"https:\/\/brasilnoticias.org\/site\/wp-content\/uploads\/2024\/06\/IMG_1961.jpeg","datePublished":"2024-06-24T13:06:33+00:00","breadcrumb":{"@id":"https:\/\/brasilnoticias.org\/site\/vitoria-perde-para-o-bragantino-de-virada-e-volta-ao-z-4-do-brasileirao\/#breadcrumb"},"inLanguage":"pt-PT","potentialAction":[{"@type":"ReadAction","target":["https:\/\/brasilnoticias.org\/site\/vitoria-perde-para-o-bragantino-de-virada-e-volta-ao-z-4-do-brasileirao\/"]}]},{"@type":"ImageObject","inLanguage":"pt-PT","@id":"https:\/\/brasilnoticias.org\/site\/vitoria-perde-para-o-bragantino-de-virada-e-volta-ao-z-4-do-brasileirao\/#primaryimage","url":"https:\/\/brasilnoticias.org\/site\/wp-content\/uploads\/2024\/06\/IMG_1961.jpeg","contentUrl":"https:\/\/brasilnoticias.org\/site\/wp-content\/uploads\/2024\/06\/IMG_1961.jpeg","width":1600,"height":752},{"@type":"BreadcrumbList","@id":"https:\/\/brasilnoticias.org\/site\/vitoria-perde-para-o-bragantino-de-virada-e-volta-ao-z-4-do-brasileirao\/#breadcrumb","itemListElement":[{"@type":"ListItem","position":1,"name":"In\u00edcio","item":"https:\/\/brasilnoticias.org\/site\/"},{"@type":"ListItem","position":2,"name":"Vit\u00f3ria perde para o Bragantino de virada e volta ao Z-4 do Brasileir\u00e3o"}]},{"@type":"WebSite","@id":"https:\/\/brasilnoticias.org\/site\/#website","url":"https:\/\/brasilnoticias.org\/site\/","name":"Brasil not\u00edcias","description":"Brasil not\u00edcias","publisher":{"@id":"https:\/\/brasilnoticias.org\/site\/#organization"},"potentialAction":[{"@type":"SearchAction","target":{"@type":"EntryPoint","urlTemplate":"https:\/\/brasilnoticias.org\/site\/?s={search_term_string}"},"query-input":{"@type":"PropertyValueSpecification","valueRequired":true,"valueName":"search_term_string"}}],"inLanguage":"pt-PT"},{"@type":"Organization","@id":"https:\/\/brasilnoticias.org\/site\/#organization","name":"Brasil not\u00edcias","url":"https:\/\/brasilnoticias.org\/site\/","logo":{"@type":"ImageObject","inLanguage":"pt-PT","@id":"https:\/\/brasilnoticias.org\/site\/#\/schema\/logo\/image\/","url":"https:\/\/brasilnoticias.org\/site\/wp-content\/uploads\/2022\/05\/cropped-brasilnoticias-mini.jpg","contentUrl":"https:\/\/brasilnoticias.org\/site\/wp-content\/uploads\/2022\/05\/cropped-brasilnoticias-mini.jpg","width":314,"height":86,"caption":"Brasil not\u00edcias"},"image":{"@id":"https:\/\/brasilnoticias.org\/site\/#\/schema\/logo\/image\/"}},{"@type":"Person","@id":"https:\/\/brasilnoticias.org\/site\/#\/schema\/person\/03bbbfe6c7634ad18c26444ea39049fa","name":"Reda\u00e7\u00e3o","image":{"@type":"ImageObject","inLanguage":"pt-PT","@id":"https:\/\/brasilnoticias.org\/site\/#\/schema\/person\/image\/","url":"https:\/\/secure.gravatar.com\/avatar\/9ecaf7327a696cb23ad926fedded5f1f04d7049de9e445375d55b48c001a6e42?s=96&d=mm&r=g","contentUrl":"https:\/\/secure.gravatar.com\/avatar\/9ecaf7327a696cb23ad926fedded5f1f04d7049de9e445375d55b48c001a6e42?s=96&d=mm&r=g","caption":"Reda\u00e7\u00e3o"},"url":"https:\/\/brasilnoticias.org\/site\/author\/henrique\/"}]}},"_links":{"self":[{"href":"https:\/\/brasilnoticias.org\/site\/wp-json\/wp\/v2\/posts\/14753","targetHints":{"allow":["GET"]}}],"collection":[{"href":"https:\/\/brasilnoticias.org\/site\/wp-json\/wp\/v2\/posts"}],"about":[{"href":"https:\/\/brasilnoticias.org\/site\/wp-json\/wp\/v2\/types\/post"}],"author":[{"embeddable":true,"href":"https:\/\/brasilnoticias.org\/site\/wp-json\/wp\/v2\/users\/4"}],"replies":[{"embeddable":true,"href":"https:\/\/brasilnoticias.org\/site\/wp-json\/wp\/v2\/comments?post=14753"}],"version-history":[{"count":1,"href":"https:\/\/brasilnoticias.org\/site\/wp-json\/wp\/v2\/posts\/14753\/revisions"}],"predecessor-version":[{"id":14755,"href":"https:\/\/brasilnoticias.org\/site\/wp-json\/wp\/v2\/posts\/14753\/revisions\/14755"}],"wp:featuredmedia":[{"embeddable":true,"href":"https:\/\/brasilnoticias.org\/site\/wp-json\/wp\/v2\/media\/14754"}],"wp:attachment":[{"href":"https:\/\/brasilnoticias.org\/site\/wp-json\/wp\/v2\/media?parent=14753"}],"wp:term":[{"taxonomy":"category","embeddable":true,"href":"https:\/\/brasilnoticias.org\/site\/wp-json\/wp\/v2\/categories?post=14753"},{"taxonomy":"post_tag","embeddable":true,"href":"https:\/\/brasilnoticias.org\/site\/wp-json\/wp\/v2\/tags?post=14753"}],"curies":[{"name":"wp","href":"https:\/\/api.w.org\/{rel}","templated":true}]}}