{"id":14757,"date":"2024-06-24T10:09:37","date_gmt":"2024-06-24T13:09:37","guid":{"rendered":"https:\/\/brasilnoticias.org\/site\/?p=14757"},"modified":"2024-06-24T10:09:37","modified_gmt":"2024-06-24T13:09:37","slug":"professores-das-universidades-federais-encerram-greve-em-ambito-nacional","status":"publish","type":"post","link":"https:\/\/brasilnoticias.org\/site\/professores-das-universidades-federais-encerram-greve-em-ambito-nacional\/","title":{"rendered":"Professores das universidades federais encerram greve em \u00e2mbito nacional"},"content":{"rendered":"<p>Decis\u00e3o deste domingo p\u00f5e fim a uma greve que durou mais de 60 dias<\/p>\n<p>Os professores das universidades federais decidiram finalizar a greve nacional dos docentes neste domingo (23). A paralisa\u00e7\u00e3o iniciou em abril deste ano em institui\u00e7\u00f5es de ensino superior de todo o pa\u00eds, segundo o Sindicato Nacional dos Docentes das Institui\u00e7\u00f5es de Ensino Superior (Andes-SN), 55 universidades ainda est\u00e3o em paralisa\u00e7\u00e3o. <\/p>\n<p>De acordo com a entidade que representa os professores, o comando da greve decidiu que as paralisa\u00e7\u00f5es v\u00e3o encerrar a partir desta quarta-feira (26). A data marca tamb\u00e9m o dia que o sindicato deve assinar um acordo com proposta de reajuste junto ao Minist\u00e9rio da Gest\u00e3o e Inova\u00e7\u00e3o. <\/p>\n<p>As paralisa\u00e7\u00f5es dever\u00e3o ser completamente finalizadas at\u00e9 o pr\u00f3ximo dia 3 de julho, ainda de acordo com o ANDES. O retorno das aulas depende da decis\u00e3o interna de cada institui\u00e7\u00e3o federal de ensino, que devem definir o pr\u00f3prio calend\u00e1rio acad\u00eamico.<\/p>\n<p>Foto: Marcelo Camargo\/Ag\u00eancia Brasil<br \/>\nPor: Metro1<\/p>\n","protected":false},"excerpt":{"rendered":"<p>Decis\u00e3o deste domingo p\u00f5e fim a uma greve que durou mais de 60 dias Os professores das universidades federais decidiram<\/p>\n","protected":false},"author":4,"featured_media":14758,"comment_status":"open","ping_status":"open","sticky":false,"template":"","format":"standard","meta":{"colormag_page_container_layout":"default_layout","colormag_page_sidebar_layout":"default_layout","_FSMCFIC_featured_image_caption":"","_FSMCFIC_featured_image_nocaption":"","_FSMCFIC_featured_image_hide":"","footnotes":""},"categories":[2,1],"tags":[],"class_list":["post-14757","post","type-post","status-publish","format-standard","has-post-thumbnail","hentry","category-noticias","category-ultimas"],"yoast_head":"<!-- This site is optimized with the Yoast SEO plugin v27.1.1 - https:\/\/yoast.com\/product\/yoast-seo-wordpress\/ -->\n<title>Professores das universidades federais encerram greve em \u00e2mbito nacional - Brasil not\u00edcias<\/title>\n<meta name=\"robots\" content=\"index, follow, max-snippet:-1, max-image-preview:large, max-video-preview:-1\" \/>\n<link rel=\"canonical\" href=\"https:\/\/brasilnoticias.org\/site\/professores-das-universidades-federais-encerram-greve-em-ambito-nacional\/\" \/>\n<meta property=\"og:locale\" content=\"pt_PT\" \/>\n<meta property=\"og:type\" content=\"article\" \/>\n<meta property=\"og:title\" content=\"Professores das universidades federais encerram greve em \u00e2mbito nacional - Brasil not\u00edcias\" \/>\n<meta property=\"og:description\" content=\"Decis\u00e3o deste domingo p\u00f5e fim a uma greve que durou mais de 60 dias Os professores das universidades federais decidiram\" \/>\n<meta property=\"og:url\" content=\"https:\/\/brasilnoticias.org\/site\/professores-das-universidades-federais-encerram-greve-em-ambito-nacional\/\" \/>\n<meta property=\"og:site_name\" content=\"Brasil not\u00edcias\" \/>\n<meta property=\"article:published_time\" content=\"2024-06-24T13:09:37+00:00\" \/>\n<meta property=\"og:image\" content=\"https:\/\/brasilnoticias.org\/site\/wp-content\/uploads\/2024\/06\/IMG_1962.jpeg\" \/>\n\t<meta property=\"og:image:width\" content=\"1600\" \/>\n\t<meta property=\"og:image:height\" content=\"752\" \/>\n\t<meta property=\"og:image:type\" content=\"image\/jpeg\" \/>\n<meta name=\"author\" content=\"Reda\u00e7\u00e3o\" \/>\n<meta name=\"twitter:card\" content=\"summary_large_image\" \/>\n<meta name=\"twitter:label1\" content=\"Escrito por\" \/>\n\t<meta name=\"twitter:data1\" content=\"Reda\u00e7\u00e3o\" \/>\n\t<meta name=\"twitter:label2\" content=\"Tempo estimado de leitura\" \/>\n\t<meta name=\"twitter:data2\" content=\"1 minuto\" \/>\n<script type=\"application\/ld+json\" class=\"yoast-schema-graph\">{\"@context\":\"https:\/\/schema.org\",\"@graph\":[{\"@type\":\"Article\",\"@id\":\"https:\/\/brasilnoticias.org\/site\/professores-das-universidades-federais-encerram-greve-em-ambito-nacional\/#article\",\"isPartOf\":{\"@id\":\"https:\/\/brasilnoticias.org\/site\/professores-das-universidades-federais-encerram-greve-em-ambito-nacional\/\"},\"author\":{\"name\":\"Reda\u00e7\u00e3o\",\"@id\":\"https:\/\/brasilnoticias.org\/site\/#\/schema\/person\/03bbbfe6c7634ad18c26444ea39049fa\"},\"headline\":\"Professores das universidades federais encerram greve em \u00e2mbito nacional\",\"datePublished\":\"2024-06-24T13:09:37+00:00\",\"mainEntityOfPage\":{\"@id\":\"https:\/\/brasilnoticias.org\/site\/professores-das-universidades-federais-encerram-greve-em-ambito-nacional\/\"},\"wordCount\":185,\"commentCount\":0,\"publisher\":{\"@id\":\"https:\/\/brasilnoticias.org\/site\/#organization\"},\"image\":{\"@id\":\"https:\/\/brasilnoticias.org\/site\/professores-das-universidades-federais-encerram-greve-em-ambito-nacional\/#primaryimage\"},\"thumbnailUrl\":\"https:\/\/brasilnoticias.org\/site\/wp-content\/uploads\/2024\/06\/IMG_1962.jpeg\",\"articleSection\":[\"Not\u00edcias\",\"\u00daltimas\"],\"inLanguage\":\"pt-PT\",\"potentialAction\":[{\"@type\":\"CommentAction\",\"name\":\"Comment\",\"target\":[\"https:\/\/brasilnoticias.org\/site\/professores-das-universidades-federais-encerram-greve-em-ambito-nacional\/#respond\"]}]},{\"@type\":\"WebPage\",\"@id\":\"https:\/\/brasilnoticias.org\/site\/professores-das-universidades-federais-encerram-greve-em-ambito-nacional\/\",\"url\":\"https:\/\/brasilnoticias.org\/site\/professores-das-universidades-federais-encerram-greve-em-ambito-nacional\/\",\"name\":\"Professores das universidades federais encerram greve em \u00e2mbito nacional - Brasil not\u00edcias\",\"isPartOf\":{\"@id\":\"https:\/\/brasilnoticias.org\/site\/#website\"},\"primaryImageOfPage\":{\"@id\":\"https:\/\/brasilnoticias.org\/site\/professores-das-universidades-federais-encerram-greve-em-ambito-nacional\/#primaryimage\"},\"image\":{\"@id\":\"https:\/\/brasilnoticias.org\/site\/professores-das-universidades-federais-encerram-greve-em-ambito-nacional\/#primaryimage\"},\"thumbnailUrl\":\"https:\/\/brasilnoticias.org\/site\/wp-content\/uploads\/2024\/06\/IMG_1962.jpeg\",\"datePublished\":\"2024-06-24T13:09:37+00:00\",\"breadcrumb\":{\"@id\":\"https:\/\/brasilnoticias.org\/site\/professores-das-universidades-federais-encerram-greve-em-ambito-nacional\/#breadcrumb\"},\"inLanguage\":\"pt-PT\",\"potentialAction\":[{\"@type\":\"ReadAction\",\"target\":[\"https:\/\/brasilnoticias.org\/site\/professores-das-universidades-federais-encerram-greve-em-ambito-nacional\/\"]}]},{\"@type\":\"ImageObject\",\"inLanguage\":\"pt-PT\",\"@id\":\"https:\/\/brasilnoticias.org\/site\/professores-das-universidades-federais-encerram-greve-em-ambito-nacional\/#primaryimage\",\"url\":\"https:\/\/brasilnoticias.org\/site\/wp-content\/uploads\/2024\/06\/IMG_1962.jpeg\",\"contentUrl\":\"https:\/\/brasilnoticias.org\/site\/wp-content\/uploads\/2024\/06\/IMG_1962.jpeg\",\"width\":1600,\"height\":752},{\"@type\":\"BreadcrumbList\",\"@id\":\"https:\/\/brasilnoticias.org\/site\/professores-das-universidades-federais-encerram-greve-em-ambito-nacional\/#breadcrumb\",\"itemListElement\":[{\"@type\":\"ListItem\",\"position\":1,\"name\":\"In\u00edcio\",\"item\":\"https:\/\/brasilnoticias.org\/site\/\"},{\"@type\":\"ListItem\",\"position\":2,\"name\":\"Professores das universidades federais encerram greve em \u00e2mbito nacional\"}]},{\"@type\":\"WebSite\",\"@id\":\"https:\/\/brasilnoticias.org\/site\/#website\",\"url\":\"https:\/\/brasilnoticias.org\/site\/\",\"name\":\"Brasil not\u00edcias\",\"description\":\"Brasil not\u00edcias\",\"publisher\":{\"@id\":\"https:\/\/brasilnoticias.org\/site\/#organization\"},\"potentialAction\":[{\"@type\":\"SearchAction\",\"target\":{\"@type\":\"EntryPoint\",\"urlTemplate\":\"https:\/\/brasilnoticias.org\/site\/?s={search_term_string}\"},\"query-input\":{\"@type\":\"PropertyValueSpecification\",\"valueRequired\":true,\"valueName\":\"search_term_string\"}}],\"inLanguage\":\"pt-PT\"},{\"@type\":\"Organization\",\"@id\":\"https:\/\/brasilnoticias.org\/site\/#organization\",\"name\":\"Brasil not\u00edcias\",\"url\":\"https:\/\/brasilnoticias.org\/site\/\",\"logo\":{\"@type\":\"ImageObject\",\"inLanguage\":\"pt-PT\",\"@id\":\"https:\/\/brasilnoticias.org\/site\/#\/schema\/logo\/image\/\",\"url\":\"https:\/\/brasilnoticias.org\/site\/wp-content\/uploads\/2022\/05\/cropped-brasilnoticias-mini.jpg\",\"contentUrl\":\"https:\/\/brasilnoticias.org\/site\/wp-content\/uploads\/2022\/05\/cropped-brasilnoticias-mini.jpg\",\"width\":314,\"height\":86,\"caption\":\"Brasil not\u00edcias\"},\"image\":{\"@id\":\"https:\/\/brasilnoticias.org\/site\/#\/schema\/logo\/image\/\"}},{\"@type\":\"Person\",\"@id\":\"https:\/\/brasilnoticias.org\/site\/#\/schema\/person\/03bbbfe6c7634ad18c26444ea39049fa\",\"name\":\"Reda\u00e7\u00e3o\",\"image\":{\"@type\":\"ImageObject\",\"inLanguage\":\"pt-PT\",\"@id\":\"https:\/\/brasilnoticias.org\/site\/#\/schema\/person\/image\/\",\"url\":\"https:\/\/secure.gravatar.com\/avatar\/9ecaf7327a696cb23ad926fedded5f1f04d7049de9e445375d55b48c001a6e42?s=96&d=mm&r=g\",\"contentUrl\":\"https:\/\/secure.gravatar.com\/avatar\/9ecaf7327a696cb23ad926fedded5f1f04d7049de9e445375d55b48c001a6e42?s=96&d=mm&r=g\",\"caption\":\"Reda\u00e7\u00e3o\"},\"url\":\"https:\/\/brasilnoticias.org\/site\/author\/henrique\/\"}]}<\/script>\n<!-- \/ Yoast SEO plugin. -->","yoast_head_json":{"title":"Professores das universidades federais encerram greve em \u00e2mbito nacional - Brasil not\u00edcias","robots":{"index":"index","follow":"follow","max-snippet":"max-snippet:-1","max-image-preview":"max-image-preview:large","max-video-preview":"max-video-preview:-1"},"canonical":"https:\/\/brasilnoticias.org\/site\/professores-das-universidades-federais-encerram-greve-em-ambito-nacional\/","og_locale":"pt_PT","og_type":"article","og_title":"Professores das universidades federais encerram greve em \u00e2mbito nacional - Brasil not\u00edcias","og_description":"Decis\u00e3o deste domingo p\u00f5e fim a uma greve que durou mais de 60 dias Os professores das universidades federais decidiram","og_url":"https:\/\/brasilnoticias.org\/site\/professores-das-universidades-federais-encerram-greve-em-ambito-nacional\/","og_site_name":"Brasil not\u00edcias","article_published_time":"2024-06-24T13:09:37+00:00","og_image":[{"width":1600,"height":752,"url":"https:\/\/brasilnoticias.org\/site\/wp-content\/uploads\/2024\/06\/IMG_1962.jpeg","type":"image\/jpeg"}],"author":"Reda\u00e7\u00e3o","twitter_card":"summary_large_image","twitter_misc":{"Escrito por":"Reda\u00e7\u00e3o","Tempo estimado de leitura":"1 minuto"},"schema":{"@context":"https:\/\/schema.org","@graph":[{"@type":"Article","@id":"https:\/\/brasilnoticias.org\/site\/professores-das-universidades-federais-encerram-greve-em-ambito-nacional\/#article","isPartOf":{"@id":"https:\/\/brasilnoticias.org\/site\/professores-das-universidades-federais-encerram-greve-em-ambito-nacional\/"},"author":{"name":"Reda\u00e7\u00e3o","@id":"https:\/\/brasilnoticias.org\/site\/#\/schema\/person\/03bbbfe6c7634ad18c26444ea39049fa"},"headline":"Professores das universidades federais encerram greve em \u00e2mbito nacional","datePublished":"2024-06-24T13:09:37+00:00","mainEntityOfPage":{"@id":"https:\/\/brasilnoticias.org\/site\/professores-das-universidades-federais-encerram-greve-em-ambito-nacional\/"},"wordCount":185,"commentCount":0,"publisher":{"@id":"https:\/\/brasilnoticias.org\/site\/#organization"},"image":{"@id":"https:\/\/brasilnoticias.org\/site\/professores-das-universidades-federais-encerram-greve-em-ambito-nacional\/#primaryimage"},"thumbnailUrl":"https:\/\/brasilnoticias.org\/site\/wp-content\/uploads\/2024\/06\/IMG_1962.jpeg","articleSection":["Not\u00edcias","\u00daltimas"],"inLanguage":"pt-PT","potentialAction":[{"@type":"CommentAction","name":"Comment","target":["https:\/\/brasilnoticias.org\/site\/professores-das-universidades-federais-encerram-greve-em-ambito-nacional\/#respond"]}]},{"@type":"WebPage","@id":"https:\/\/brasilnoticias.org\/site\/professores-das-universidades-federais-encerram-greve-em-ambito-nacional\/","url":"https:\/\/brasilnoticias.org\/site\/professores-das-universidades-federais-encerram-greve-em-ambito-nacional\/","name":"Professores das universidades federais encerram greve em \u00e2mbito nacional - Brasil not\u00edcias","isPartOf":{"@id":"https:\/\/brasilnoticias.org\/site\/#website"},"primaryImageOfPage":{"@id":"https:\/\/brasilnoticias.org\/site\/professores-das-universidades-federais-encerram-greve-em-ambito-nacional\/#primaryimage"},"image":{"@id":"https:\/\/brasilnoticias.org\/site\/professores-das-universidades-federais-encerram-greve-em-ambito-nacional\/#primaryimage"},"thumbnailUrl":"https:\/\/brasilnoticias.org\/site\/wp-content\/uploads\/2024\/06\/IMG_1962.jpeg","datePublished":"2024-06-24T13:09:37+00:00","breadcrumb":{"@id":"https:\/\/brasilnoticias.org\/site\/professores-das-universidades-federais-encerram-greve-em-ambito-nacional\/#breadcrumb"},"inLanguage":"pt-PT","potentialAction":[{"@type":"ReadAction","target":["https:\/\/brasilnoticias.org\/site\/professores-das-universidades-federais-encerram-greve-em-ambito-nacional\/"]}]},{"@type":"ImageObject","inLanguage":"pt-PT","@id":"https:\/\/brasilnoticias.org\/site\/professores-das-universidades-federais-encerram-greve-em-ambito-nacional\/#primaryimage","url":"https:\/\/brasilnoticias.org\/site\/wp-content\/uploads\/2024\/06\/IMG_1962.jpeg","contentUrl":"https:\/\/brasilnoticias.org\/site\/wp-content\/uploads\/2024\/06\/IMG_1962.jpeg","width":1600,"height":752},{"@type":"BreadcrumbList","@id":"https:\/\/brasilnoticias.org\/site\/professores-das-universidades-federais-encerram-greve-em-ambito-nacional\/#breadcrumb","itemListElement":[{"@type":"ListItem","position":1,"name":"In\u00edcio","item":"https:\/\/brasilnoticias.org\/site\/"},{"@type":"ListItem","position":2,"name":"Professores das universidades federais encerram greve em \u00e2mbito nacional"}]},{"@type":"WebSite","@id":"https:\/\/brasilnoticias.org\/site\/#website","url":"https:\/\/brasilnoticias.org\/site\/","name":"Brasil not\u00edcias","description":"Brasil not\u00edcias","publisher":{"@id":"https:\/\/brasilnoticias.org\/site\/#organization"},"potentialAction":[{"@type":"SearchAction","target":{"@type":"EntryPoint","urlTemplate":"https:\/\/brasilnoticias.org\/site\/?s={search_term_string}"},"query-input":{"@type":"PropertyValueSpecification","valueRequired":true,"valueName":"search_term_string"}}],"inLanguage":"pt-PT"},{"@type":"Organization","@id":"https:\/\/brasilnoticias.org\/site\/#organization","name":"Brasil not\u00edcias","url":"https:\/\/brasilnoticias.org\/site\/","logo":{"@type":"ImageObject","inLanguage":"pt-PT","@id":"https:\/\/brasilnoticias.org\/site\/#\/schema\/logo\/image\/","url":"https:\/\/brasilnoticias.org\/site\/wp-content\/uploads\/2022\/05\/cropped-brasilnoticias-mini.jpg","contentUrl":"https:\/\/brasilnoticias.org\/site\/wp-content\/uploads\/2022\/05\/cropped-brasilnoticias-mini.jpg","width":314,"height":86,"caption":"Brasil not\u00edcias"},"image":{"@id":"https:\/\/brasilnoticias.org\/site\/#\/schema\/logo\/image\/"}},{"@type":"Person","@id":"https:\/\/brasilnoticias.org\/site\/#\/schema\/person\/03bbbfe6c7634ad18c26444ea39049fa","name":"Reda\u00e7\u00e3o","image":{"@type":"ImageObject","inLanguage":"pt-PT","@id":"https:\/\/brasilnoticias.org\/site\/#\/schema\/person\/image\/","url":"https:\/\/secure.gravatar.com\/avatar\/9ecaf7327a696cb23ad926fedded5f1f04d7049de9e445375d55b48c001a6e42?s=96&d=mm&r=g","contentUrl":"https:\/\/secure.gravatar.com\/avatar\/9ecaf7327a696cb23ad926fedded5f1f04d7049de9e445375d55b48c001a6e42?s=96&d=mm&r=g","caption":"Reda\u00e7\u00e3o"},"url":"https:\/\/brasilnoticias.org\/site\/author\/henrique\/"}]}},"_links":{"self":[{"href":"https:\/\/brasilnoticias.org\/site\/wp-json\/wp\/v2\/posts\/14757","targetHints":{"allow":["GET"]}}],"collection":[{"href":"https:\/\/brasilnoticias.org\/site\/wp-json\/wp\/v2\/posts"}],"about":[{"href":"https:\/\/brasilnoticias.org\/site\/wp-json\/wp\/v2\/types\/post"}],"author":[{"embeddable":true,"href":"https:\/\/brasilnoticias.org\/site\/wp-json\/wp\/v2\/users\/4"}],"replies":[{"embeddable":true,"href":"https:\/\/brasilnoticias.org\/site\/wp-json\/wp\/v2\/comments?post=14757"}],"version-history":[{"count":1,"href":"https:\/\/brasilnoticias.org\/site\/wp-json\/wp\/v2\/posts\/14757\/revisions"}],"predecessor-version":[{"id":14759,"href":"https:\/\/brasilnoticias.org\/site\/wp-json\/wp\/v2\/posts\/14757\/revisions\/14759"}],"wp:featuredmedia":[{"embeddable":true,"href":"https:\/\/brasilnoticias.org\/site\/wp-json\/wp\/v2\/media\/14758"}],"wp:attachment":[{"href":"https:\/\/brasilnoticias.org\/site\/wp-json\/wp\/v2\/media?parent=14757"}],"wp:term":[{"taxonomy":"category","embeddable":true,"href":"https:\/\/brasilnoticias.org\/site\/wp-json\/wp\/v2\/categories?post=14757"},{"taxonomy":"post_tag","embeddable":true,"href":"https:\/\/brasilnoticias.org\/site\/wp-json\/wp\/v2\/tags?post=14757"}],"curies":[{"name":"wp","href":"https:\/\/api.w.org\/{rel}","templated":true}]}}