{"id":14760,"date":"2024-06-24T10:11:21","date_gmt":"2024-06-24T13:11:21","guid":{"rendered":"https:\/\/brasilnoticias.org\/site\/?p=14760"},"modified":"2024-06-24T10:11:21","modified_gmt":"2024-06-24T13:11:21","slug":"vereador-que-tentou-abrir-cpi-contra-padre-julio-lancellotti-e-investigado-pelo-mp","status":"publish","type":"post","link":"https:\/\/brasilnoticias.org\/site\/vereador-que-tentou-abrir-cpi-contra-padre-julio-lancellotti-e-investigado-pelo-mp\/","title":{"rendered":"Vereador que tentou abrir CPI contra padre J\u00falio Lancellotti \u00e9 investigado pelo MP"},"content":{"rendered":"<p>Investiga\u00e7\u00e3o atende decis\u00e3o do Minist\u00e9rio P\u00fablico de S\u00e3o Paulo e acata pedido de uma organiza\u00e7\u00e3o social, que argumentou crime de abuso de autoridade do vereador Rubinho Nunes<\/p>\n<p>A Pol\u00edcia Civil est\u00e1 investigando o vereador Rubinho Nunes (Uni\u00e3o Brasil) ap\u00f3s uma den\u00fancia do Instituto Padre Tic\u00e3o. O parlamentar havia proposto a abertura de duas Comiss\u00f5es Parlamentares de Inqu\u00e9rito (CPIs) na C\u00e2mara Municipal de S\u00e3o Paulo contra o Padre J\u00falio Lancelotti.<\/p>\n<p>No primeiro pedido, feito em dezembro de 2023, Nunes solicitou uma CPI para investigar organiza\u00e7\u00f5es n\u00e3o governamentais que operam na regi\u00e3o da Cracol\u00e2ndia, sem mencionar diretamente o padre J\u00falio Lancelotti, mas posteriormente passou a critic\u00e1-lo nas redes sociais.<\/p>\n<p>J\u00e1 em mar\u00e7o deste ano, o vereador protocolou outro pedido de CPI focado em casos de abuso e ass\u00e9dio sexual contra pessoas vulner\u00e1veis, usu\u00e1rias de drogas e moradores de rua na capital paulista, com o padre J\u00falio como alvo principal, embora n\u00e3o tenha sido citado nominalmente.<\/p>\n<p>A investiga\u00e7\u00e3o policial foi iniciada por determina\u00e7\u00e3o do Minist\u00e9rio P\u00fablico de S\u00e3o Paulo, que acatou a solicita\u00e7\u00e3o do Instituto Padre Tic\u00e3o, acusando Nunes de abuso de autoridade ao utilizar a CPI como meio de ganho pol\u00edtico. Os advogados representantes do instituto, argumentaram que o vereador disseminou informa\u00e7\u00f5es falsas sobre J\u00falio Lancelotti e demonstrou aporofobia.<\/p>\n<p>O promotor Paulo Henrique Castex ordenou a investiga\u00e7\u00e3o para esclarecer se houve conduta criminosa significativa, dada a seriedade das acusa\u00e7\u00f5es. Em resposta, Rubinho Nunes classificou as acusa\u00e7\u00f5es como absurdas e negou qualquer abuso de autoridade relacionado \u00e0 CPI.<\/p>\n<p>Foto: Andr\u00e9 Bueno \/ Rede C\u00e2mara<br \/>\nPor: Metro1<\/p>\n","protected":false},"excerpt":{"rendered":"<p>Investiga\u00e7\u00e3o atende decis\u00e3o do Minist\u00e9rio P\u00fablico de S\u00e3o Paulo e acata pedido de uma organiza\u00e7\u00e3o social, que argumentou crime de<\/p>\n","protected":false},"author":4,"featured_media":14761,"comment_status":"open","ping_status":"open","sticky":false,"template":"","format":"standard","meta":{"colormag_page_container_layout":"default_layout","colormag_page_sidebar_layout":"default_layout","_FSMCFIC_featured_image_caption":"","_FSMCFIC_featured_image_nocaption":"","_FSMCFIC_featured_image_hide":"","footnotes":""},"categories":[5,1],"tags":[],"class_list":["post-14760","post","type-post","status-publish","format-standard","has-post-thumbnail","hentry","category-politica","category-ultimas"],"yoast_head":"<!-- This site is optimized with the Yoast SEO plugin v27.1.1 - https:\/\/yoast.com\/product\/yoast-seo-wordpress\/ -->\n<title>Vereador que tentou abrir CPI contra padre J\u00falio Lancellotti \u00e9 investigado pelo MP - Brasil not\u00edcias<\/title>\n<meta name=\"robots\" content=\"index, follow, max-snippet:-1, max-image-preview:large, max-video-preview:-1\" \/>\n<link rel=\"canonical\" href=\"https:\/\/brasilnoticias.org\/site\/vereador-que-tentou-abrir-cpi-contra-padre-julio-lancellotti-e-investigado-pelo-mp\/\" \/>\n<meta property=\"og:locale\" content=\"pt_PT\" \/>\n<meta property=\"og:type\" content=\"article\" \/>\n<meta property=\"og:title\" content=\"Vereador que tentou abrir CPI contra padre J\u00falio Lancellotti \u00e9 investigado pelo MP - Brasil not\u00edcias\" \/>\n<meta property=\"og:description\" content=\"Investiga\u00e7\u00e3o atende decis\u00e3o do Minist\u00e9rio P\u00fablico de S\u00e3o Paulo e acata pedido de uma organiza\u00e7\u00e3o social, que argumentou crime de\" \/>\n<meta property=\"og:url\" content=\"https:\/\/brasilnoticias.org\/site\/vereador-que-tentou-abrir-cpi-contra-padre-julio-lancellotti-e-investigado-pelo-mp\/\" \/>\n<meta property=\"og:site_name\" content=\"Brasil not\u00edcias\" \/>\n<meta property=\"article:published_time\" content=\"2024-06-24T13:11:21+00:00\" \/>\n<meta property=\"og:image\" content=\"https:\/\/brasilnoticias.org\/site\/wp-content\/uploads\/2024\/06\/IMG_1963.jpeg\" \/>\n\t<meta property=\"og:image:width\" content=\"1600\" \/>\n\t<meta property=\"og:image:height\" content=\"752\" \/>\n\t<meta property=\"og:image:type\" content=\"image\/jpeg\" \/>\n<meta name=\"author\" content=\"Reda\u00e7\u00e3o\" \/>\n<meta name=\"twitter:card\" content=\"summary_large_image\" \/>\n<meta name=\"twitter:label1\" content=\"Escrito por\" \/>\n\t<meta name=\"twitter:data1\" content=\"Reda\u00e7\u00e3o\" \/>\n\t<meta name=\"twitter:label2\" content=\"Tempo estimado de leitura\" \/>\n\t<meta name=\"twitter:data2\" content=\"1 minuto\" \/>\n<script type=\"application\/ld+json\" class=\"yoast-schema-graph\">{\"@context\":\"https:\/\/schema.org\",\"@graph\":[{\"@type\":\"Article\",\"@id\":\"https:\/\/brasilnoticias.org\/site\/vereador-que-tentou-abrir-cpi-contra-padre-julio-lancellotti-e-investigado-pelo-mp\/#article\",\"isPartOf\":{\"@id\":\"https:\/\/brasilnoticias.org\/site\/vereador-que-tentou-abrir-cpi-contra-padre-julio-lancellotti-e-investigado-pelo-mp\/\"},\"author\":{\"name\":\"Reda\u00e7\u00e3o\",\"@id\":\"https:\/\/brasilnoticias.org\/site\/#\/schema\/person\/03bbbfe6c7634ad18c26444ea39049fa\"},\"headline\":\"Vereador que tentou abrir CPI contra padre J\u00falio Lancellotti \u00e9 investigado pelo MP\",\"datePublished\":\"2024-06-24T13:11:21+00:00\",\"mainEntityOfPage\":{\"@id\":\"https:\/\/brasilnoticias.org\/site\/vereador-que-tentou-abrir-cpi-contra-padre-julio-lancellotti-e-investigado-pelo-mp\/\"},\"wordCount\":305,\"commentCount\":0,\"publisher\":{\"@id\":\"https:\/\/brasilnoticias.org\/site\/#organization\"},\"image\":{\"@id\":\"https:\/\/brasilnoticias.org\/site\/vereador-que-tentou-abrir-cpi-contra-padre-julio-lancellotti-e-investigado-pelo-mp\/#primaryimage\"},\"thumbnailUrl\":\"https:\/\/brasilnoticias.org\/site\/wp-content\/uploads\/2024\/06\/IMG_1963.jpeg\",\"articleSection\":[\"Pol\u00edtica\",\"\u00daltimas\"],\"inLanguage\":\"pt-PT\",\"potentialAction\":[{\"@type\":\"CommentAction\",\"name\":\"Comment\",\"target\":[\"https:\/\/brasilnoticias.org\/site\/vereador-que-tentou-abrir-cpi-contra-padre-julio-lancellotti-e-investigado-pelo-mp\/#respond\"]}]},{\"@type\":\"WebPage\",\"@id\":\"https:\/\/brasilnoticias.org\/site\/vereador-que-tentou-abrir-cpi-contra-padre-julio-lancellotti-e-investigado-pelo-mp\/\",\"url\":\"https:\/\/brasilnoticias.org\/site\/vereador-que-tentou-abrir-cpi-contra-padre-julio-lancellotti-e-investigado-pelo-mp\/\",\"name\":\"Vereador que tentou abrir CPI contra padre J\u00falio Lancellotti \u00e9 investigado pelo MP - Brasil not\u00edcias\",\"isPartOf\":{\"@id\":\"https:\/\/brasilnoticias.org\/site\/#website\"},\"primaryImageOfPage\":{\"@id\":\"https:\/\/brasilnoticias.org\/site\/vereador-que-tentou-abrir-cpi-contra-padre-julio-lancellotti-e-investigado-pelo-mp\/#primaryimage\"},\"image\":{\"@id\":\"https:\/\/brasilnoticias.org\/site\/vereador-que-tentou-abrir-cpi-contra-padre-julio-lancellotti-e-investigado-pelo-mp\/#primaryimage\"},\"thumbnailUrl\":\"https:\/\/brasilnoticias.org\/site\/wp-content\/uploads\/2024\/06\/IMG_1963.jpeg\",\"datePublished\":\"2024-06-24T13:11:21+00:00\",\"breadcrumb\":{\"@id\":\"https:\/\/brasilnoticias.org\/site\/vereador-que-tentou-abrir-cpi-contra-padre-julio-lancellotti-e-investigado-pelo-mp\/#breadcrumb\"},\"inLanguage\":\"pt-PT\",\"potentialAction\":[{\"@type\":\"ReadAction\",\"target\":[\"https:\/\/brasilnoticias.org\/site\/vereador-que-tentou-abrir-cpi-contra-padre-julio-lancellotti-e-investigado-pelo-mp\/\"]}]},{\"@type\":\"ImageObject\",\"inLanguage\":\"pt-PT\",\"@id\":\"https:\/\/brasilnoticias.org\/site\/vereador-que-tentou-abrir-cpi-contra-padre-julio-lancellotti-e-investigado-pelo-mp\/#primaryimage\",\"url\":\"https:\/\/brasilnoticias.org\/site\/wp-content\/uploads\/2024\/06\/IMG_1963.jpeg\",\"contentUrl\":\"https:\/\/brasilnoticias.org\/site\/wp-content\/uploads\/2024\/06\/IMG_1963.jpeg\",\"width\":1600,\"height\":752},{\"@type\":\"BreadcrumbList\",\"@id\":\"https:\/\/brasilnoticias.org\/site\/vereador-que-tentou-abrir-cpi-contra-padre-julio-lancellotti-e-investigado-pelo-mp\/#breadcrumb\",\"itemListElement\":[{\"@type\":\"ListItem\",\"position\":1,\"name\":\"In\u00edcio\",\"item\":\"https:\/\/brasilnoticias.org\/site\/\"},{\"@type\":\"ListItem\",\"position\":2,\"name\":\"Vereador que tentou abrir CPI contra padre J\u00falio Lancellotti \u00e9 investigado pelo MP\"}]},{\"@type\":\"WebSite\",\"@id\":\"https:\/\/brasilnoticias.org\/site\/#website\",\"url\":\"https:\/\/brasilnoticias.org\/site\/\",\"name\":\"Brasil not\u00edcias\",\"description\":\"Brasil not\u00edcias\",\"publisher\":{\"@id\":\"https:\/\/brasilnoticias.org\/site\/#organization\"},\"potentialAction\":[{\"@type\":\"SearchAction\",\"target\":{\"@type\":\"EntryPoint\",\"urlTemplate\":\"https:\/\/brasilnoticias.org\/site\/?s={search_term_string}\"},\"query-input\":{\"@type\":\"PropertyValueSpecification\",\"valueRequired\":true,\"valueName\":\"search_term_string\"}}],\"inLanguage\":\"pt-PT\"},{\"@type\":\"Organization\",\"@id\":\"https:\/\/brasilnoticias.org\/site\/#organization\",\"name\":\"Brasil not\u00edcias\",\"url\":\"https:\/\/brasilnoticias.org\/site\/\",\"logo\":{\"@type\":\"ImageObject\",\"inLanguage\":\"pt-PT\",\"@id\":\"https:\/\/brasilnoticias.org\/site\/#\/schema\/logo\/image\/\",\"url\":\"https:\/\/brasilnoticias.org\/site\/wp-content\/uploads\/2022\/05\/cropped-brasilnoticias-mini.jpg\",\"contentUrl\":\"https:\/\/brasilnoticias.org\/site\/wp-content\/uploads\/2022\/05\/cropped-brasilnoticias-mini.jpg\",\"width\":314,\"height\":86,\"caption\":\"Brasil not\u00edcias\"},\"image\":{\"@id\":\"https:\/\/brasilnoticias.org\/site\/#\/schema\/logo\/image\/\"}},{\"@type\":\"Person\",\"@id\":\"https:\/\/brasilnoticias.org\/site\/#\/schema\/person\/03bbbfe6c7634ad18c26444ea39049fa\",\"name\":\"Reda\u00e7\u00e3o\",\"image\":{\"@type\":\"ImageObject\",\"inLanguage\":\"pt-PT\",\"@id\":\"https:\/\/brasilnoticias.org\/site\/#\/schema\/person\/image\/\",\"url\":\"https:\/\/secure.gravatar.com\/avatar\/9ecaf7327a696cb23ad926fedded5f1f04d7049de9e445375d55b48c001a6e42?s=96&d=mm&r=g\",\"contentUrl\":\"https:\/\/secure.gravatar.com\/avatar\/9ecaf7327a696cb23ad926fedded5f1f04d7049de9e445375d55b48c001a6e42?s=96&d=mm&r=g\",\"caption\":\"Reda\u00e7\u00e3o\"},\"url\":\"https:\/\/brasilnoticias.org\/site\/author\/henrique\/\"}]}<\/script>\n<!-- \/ Yoast SEO plugin. -->","yoast_head_json":{"title":"Vereador que tentou abrir CPI contra padre J\u00falio Lancellotti \u00e9 investigado pelo MP - Brasil not\u00edcias","robots":{"index":"index","follow":"follow","max-snippet":"max-snippet:-1","max-image-preview":"max-image-preview:large","max-video-preview":"max-video-preview:-1"},"canonical":"https:\/\/brasilnoticias.org\/site\/vereador-que-tentou-abrir-cpi-contra-padre-julio-lancellotti-e-investigado-pelo-mp\/","og_locale":"pt_PT","og_type":"article","og_title":"Vereador que tentou abrir CPI contra padre J\u00falio Lancellotti \u00e9 investigado pelo MP - Brasil not\u00edcias","og_description":"Investiga\u00e7\u00e3o atende decis\u00e3o do Minist\u00e9rio P\u00fablico de S\u00e3o Paulo e acata pedido de uma organiza\u00e7\u00e3o social, que argumentou crime de","og_url":"https:\/\/brasilnoticias.org\/site\/vereador-que-tentou-abrir-cpi-contra-padre-julio-lancellotti-e-investigado-pelo-mp\/","og_site_name":"Brasil not\u00edcias","article_published_time":"2024-06-24T13:11:21+00:00","og_image":[{"width":1600,"height":752,"url":"https:\/\/brasilnoticias.org\/site\/wp-content\/uploads\/2024\/06\/IMG_1963.jpeg","type":"image\/jpeg"}],"author":"Reda\u00e7\u00e3o","twitter_card":"summary_large_image","twitter_misc":{"Escrito por":"Reda\u00e7\u00e3o","Tempo estimado de leitura":"1 minuto"},"schema":{"@context":"https:\/\/schema.org","@graph":[{"@type":"Article","@id":"https:\/\/brasilnoticias.org\/site\/vereador-que-tentou-abrir-cpi-contra-padre-julio-lancellotti-e-investigado-pelo-mp\/#article","isPartOf":{"@id":"https:\/\/brasilnoticias.org\/site\/vereador-que-tentou-abrir-cpi-contra-padre-julio-lancellotti-e-investigado-pelo-mp\/"},"author":{"name":"Reda\u00e7\u00e3o","@id":"https:\/\/brasilnoticias.org\/site\/#\/schema\/person\/03bbbfe6c7634ad18c26444ea39049fa"},"headline":"Vereador que tentou abrir CPI contra padre J\u00falio Lancellotti \u00e9 investigado pelo MP","datePublished":"2024-06-24T13:11:21+00:00","mainEntityOfPage":{"@id":"https:\/\/brasilnoticias.org\/site\/vereador-que-tentou-abrir-cpi-contra-padre-julio-lancellotti-e-investigado-pelo-mp\/"},"wordCount":305,"commentCount":0,"publisher":{"@id":"https:\/\/brasilnoticias.org\/site\/#organization"},"image":{"@id":"https:\/\/brasilnoticias.org\/site\/vereador-que-tentou-abrir-cpi-contra-padre-julio-lancellotti-e-investigado-pelo-mp\/#primaryimage"},"thumbnailUrl":"https:\/\/brasilnoticias.org\/site\/wp-content\/uploads\/2024\/06\/IMG_1963.jpeg","articleSection":["Pol\u00edtica","\u00daltimas"],"inLanguage":"pt-PT","potentialAction":[{"@type":"CommentAction","name":"Comment","target":["https:\/\/brasilnoticias.org\/site\/vereador-que-tentou-abrir-cpi-contra-padre-julio-lancellotti-e-investigado-pelo-mp\/#respond"]}]},{"@type":"WebPage","@id":"https:\/\/brasilnoticias.org\/site\/vereador-que-tentou-abrir-cpi-contra-padre-julio-lancellotti-e-investigado-pelo-mp\/","url":"https:\/\/brasilnoticias.org\/site\/vereador-que-tentou-abrir-cpi-contra-padre-julio-lancellotti-e-investigado-pelo-mp\/","name":"Vereador que tentou abrir CPI contra padre J\u00falio Lancellotti \u00e9 investigado pelo MP - Brasil not\u00edcias","isPartOf":{"@id":"https:\/\/brasilnoticias.org\/site\/#website"},"primaryImageOfPage":{"@id":"https:\/\/brasilnoticias.org\/site\/vereador-que-tentou-abrir-cpi-contra-padre-julio-lancellotti-e-investigado-pelo-mp\/#primaryimage"},"image":{"@id":"https:\/\/brasilnoticias.org\/site\/vereador-que-tentou-abrir-cpi-contra-padre-julio-lancellotti-e-investigado-pelo-mp\/#primaryimage"},"thumbnailUrl":"https:\/\/brasilnoticias.org\/site\/wp-content\/uploads\/2024\/06\/IMG_1963.jpeg","datePublished":"2024-06-24T13:11:21+00:00","breadcrumb":{"@id":"https:\/\/brasilnoticias.org\/site\/vereador-que-tentou-abrir-cpi-contra-padre-julio-lancellotti-e-investigado-pelo-mp\/#breadcrumb"},"inLanguage":"pt-PT","potentialAction":[{"@type":"ReadAction","target":["https:\/\/brasilnoticias.org\/site\/vereador-que-tentou-abrir-cpi-contra-padre-julio-lancellotti-e-investigado-pelo-mp\/"]}]},{"@type":"ImageObject","inLanguage":"pt-PT","@id":"https:\/\/brasilnoticias.org\/site\/vereador-que-tentou-abrir-cpi-contra-padre-julio-lancellotti-e-investigado-pelo-mp\/#primaryimage","url":"https:\/\/brasilnoticias.org\/site\/wp-content\/uploads\/2024\/06\/IMG_1963.jpeg","contentUrl":"https:\/\/brasilnoticias.org\/site\/wp-content\/uploads\/2024\/06\/IMG_1963.jpeg","width":1600,"height":752},{"@type":"BreadcrumbList","@id":"https:\/\/brasilnoticias.org\/site\/vereador-que-tentou-abrir-cpi-contra-padre-julio-lancellotti-e-investigado-pelo-mp\/#breadcrumb","itemListElement":[{"@type":"ListItem","position":1,"name":"In\u00edcio","item":"https:\/\/brasilnoticias.org\/site\/"},{"@type":"ListItem","position":2,"name":"Vereador que tentou abrir CPI contra padre J\u00falio Lancellotti \u00e9 investigado pelo MP"}]},{"@type":"WebSite","@id":"https:\/\/brasilnoticias.org\/site\/#website","url":"https:\/\/brasilnoticias.org\/site\/","name":"Brasil not\u00edcias","description":"Brasil not\u00edcias","publisher":{"@id":"https:\/\/brasilnoticias.org\/site\/#organization"},"potentialAction":[{"@type":"SearchAction","target":{"@type":"EntryPoint","urlTemplate":"https:\/\/brasilnoticias.org\/site\/?s={search_term_string}"},"query-input":{"@type":"PropertyValueSpecification","valueRequired":true,"valueName":"search_term_string"}}],"inLanguage":"pt-PT"},{"@type":"Organization","@id":"https:\/\/brasilnoticias.org\/site\/#organization","name":"Brasil not\u00edcias","url":"https:\/\/brasilnoticias.org\/site\/","logo":{"@type":"ImageObject","inLanguage":"pt-PT","@id":"https:\/\/brasilnoticias.org\/site\/#\/schema\/logo\/image\/","url":"https:\/\/brasilnoticias.org\/site\/wp-content\/uploads\/2022\/05\/cropped-brasilnoticias-mini.jpg","contentUrl":"https:\/\/brasilnoticias.org\/site\/wp-content\/uploads\/2022\/05\/cropped-brasilnoticias-mini.jpg","width":314,"height":86,"caption":"Brasil not\u00edcias"},"image":{"@id":"https:\/\/brasilnoticias.org\/site\/#\/schema\/logo\/image\/"}},{"@type":"Person","@id":"https:\/\/brasilnoticias.org\/site\/#\/schema\/person\/03bbbfe6c7634ad18c26444ea39049fa","name":"Reda\u00e7\u00e3o","image":{"@type":"ImageObject","inLanguage":"pt-PT","@id":"https:\/\/brasilnoticias.org\/site\/#\/schema\/person\/image\/","url":"https:\/\/secure.gravatar.com\/avatar\/9ecaf7327a696cb23ad926fedded5f1f04d7049de9e445375d55b48c001a6e42?s=96&d=mm&r=g","contentUrl":"https:\/\/secure.gravatar.com\/avatar\/9ecaf7327a696cb23ad926fedded5f1f04d7049de9e445375d55b48c001a6e42?s=96&d=mm&r=g","caption":"Reda\u00e7\u00e3o"},"url":"https:\/\/brasilnoticias.org\/site\/author\/henrique\/"}]}},"_links":{"self":[{"href":"https:\/\/brasilnoticias.org\/site\/wp-json\/wp\/v2\/posts\/14760","targetHints":{"allow":["GET"]}}],"collection":[{"href":"https:\/\/brasilnoticias.org\/site\/wp-json\/wp\/v2\/posts"}],"about":[{"href":"https:\/\/brasilnoticias.org\/site\/wp-json\/wp\/v2\/types\/post"}],"author":[{"embeddable":true,"href":"https:\/\/brasilnoticias.org\/site\/wp-json\/wp\/v2\/users\/4"}],"replies":[{"embeddable":true,"href":"https:\/\/brasilnoticias.org\/site\/wp-json\/wp\/v2\/comments?post=14760"}],"version-history":[{"count":1,"href":"https:\/\/brasilnoticias.org\/site\/wp-json\/wp\/v2\/posts\/14760\/revisions"}],"predecessor-version":[{"id":14762,"href":"https:\/\/brasilnoticias.org\/site\/wp-json\/wp\/v2\/posts\/14760\/revisions\/14762"}],"wp:featuredmedia":[{"embeddable":true,"href":"https:\/\/brasilnoticias.org\/site\/wp-json\/wp\/v2\/media\/14761"}],"wp:attachment":[{"href":"https:\/\/brasilnoticias.org\/site\/wp-json\/wp\/v2\/media?parent=14760"}],"wp:term":[{"taxonomy":"category","embeddable":true,"href":"https:\/\/brasilnoticias.org\/site\/wp-json\/wp\/v2\/categories?post=14760"},{"taxonomy":"post_tag","embeddable":true,"href":"https:\/\/brasilnoticias.org\/site\/wp-json\/wp\/v2\/tags?post=14760"}],"curies":[{"name":"wp","href":"https:\/\/api.w.org\/{rel}","templated":true}]}}