{"id":14784,"date":"2024-06-27T00:08:20","date_gmt":"2024-06-27T03:08:20","guid":{"rendered":"https:\/\/brasilnoticias.org\/site\/?p=14784"},"modified":"2024-06-27T00:08:20","modified_gmt":"2024-06-27T03:08:20","slug":"um-lugar-silencioso-divertidamente-2-e-muito-mais-confira-a-programacao-do-circuito-sala-de-arte-de-salvador","status":"publish","type":"post","link":"https:\/\/brasilnoticias.org\/site\/um-lugar-silencioso-divertidamente-2-e-muito-mais-confira-a-programacao-do-circuito-sala-de-arte-de-salvador\/","title":{"rendered":"Um Lugar Silencioso, Divertidamente 2 e muito mais; confira a programa\u00e7\u00e3o do Circuito Sala de Arte de Salvador"},"content":{"rendered":"<p>Veja a lista com programa\u00e7\u00e3o de todas as salas de 27 de junho a 3 de julho<\/p>\n<p>Est\u00e1 pensando em assistir um filme durante a semana? O Metro1 reuniu a programa\u00e7\u00e3o do Circuito de Cinema Sala de Arte para quem quer aproveitar e conferir algum lan\u00e7amento do cinema nacional ou internacional. <\/p>\n<p>Confira:<\/p>\n<p>CINE DATEN &#8211; PASEO<br \/>\nConduzindo Madeleine (1h31)<br \/>\nDiariamente, \u00e0s 13h30 | Livre | Legendado | Sala 1<\/p>\n<p>De Christian Carion. Com Line Renaud, Dany Boon, Alice Isaaz. Fran\u00e7a. 2022. Madeleine, 92, chama um t\u00e1xi para chegar ao lar de idosos onde agora deve morar. Ela pede a Charles, um motorista um pouco desiludido, que passe pelos lugares que importaram em sua vida, para v\u00ea-los uma \u00faltima vez. Gradualmente, na curva das ruas de Paris, surge um passado extraordin\u00e1rio que perturba Charles. H\u00e1 corridas de t\u00e1xi que podem mudar uma vida. <\/p>\n<p>Divertida Mente 2 (1h38)<br \/>\nDiariamente, \u00e0s 15h35 e 19h (exceto domingo) | Livre | Dublado | Sala 1<\/p>\n<p>De Kelsey Mann. Com Mi\u00e1 Mello, Tat\u00e1 Werneck, Isabella Guarnieri. EUA. 2024. Com um salto temporal, Riley se encontra mais velha, passando pela t\u00e3o temida adolesc\u00eancia. Junto com o amadurecimento, a sala de controle tamb\u00e9m est\u00e1 passando por uma adapta\u00e7\u00e3o para dar lugar a algo totalmente inesperado: novas emo\u00e7\u00f5es.<\/p>\n<p>A Grande Fuga (1h36) ! Estreia !<br \/>\nDiariamente, \u00e0s 18h40 | 12 anos | Legendado | Sala 1<\/p>\n<p>De Oliver Parker. Com Michael Caine, Glenda Jackson, John Standing. Reino Unido. 2023. No ver\u00e3o de 2024, um veterano da Segunda Guerra Mundial foi manchete nos jornais do mundo todo ap\u00f3s fugir da casa de repouso onde vivia para se juntar a outros veteranos na Fran\u00e7a, durante o 70\u00ba anivers\u00e1rio dos desembarques do Dia D. A aventura de Bernie, que durou apenas dois dias, marcou sua vida e tamb\u00e9m seu casamento de 60 anos.<\/p>\n<p>O Sabor Da Vida (2h15)<br \/>\nQuinta-feira e s\u00e1bado, \u00e0s 20h25 |14 anos | Legendado | Sala 1<\/p>\n<p>De Tr\u00e0n Anh H\u00f9ng. Com Juliette Binoche, Benoit Magimel. Fran\u00e7a. 2023. O relacionamento entre Eugenie, uma talentosa cozinheira, e o famoso gourmet Dodin, para quem ela trabalhou nos \u00faltimos 20 anos. Com o tempo, a pr\u00e1tica da gastronomia e a admira\u00e7\u00e3o m\u00fatua se transformaram em um relacionamento. No entanto, Eugenie preza por sua liberdade e nunca quis se casar com Dodin. Ent\u00e3o, ele decide fazer algo que nunca fez antes: cozinhar para ela. <\/p>\n<p>Rivais (2h11)<br \/>\nSexta e ter\u00e7a-feira, \u00e0s 20h25 |16 anos | Legendado | Sala 1<\/p>\n<p>De Luca Guadagnino. Com Zendaya, Josh O&#8217;Connor, Mike Faist. EUA. 2024. Tashi, uma tenista prod\u00edgio que, ao virar treinadora, transformou seu marido, o jogador med\u00edocre Art, em um campe\u00e3o mundialmente famoso. Mas em um torneio de t\u00eanis, o casal reencontra Patrick ex-melhor amigo de Art e ex-namorado de Tashi. O encontro pode ser capaz de reacender velhas rivalidades dentro e fora da quadra. <\/p>\n<p>Dias Perfeitos (2h05)<br \/>\nDomingo, segunda e quarta-feira, \u00e0s 20h25 |12 anos | Legendado | Sala 1<\/p>\n<p>De Win Wenders. Com Miyako Tanaka. Jap\u00e3o, Alemanha. 2023. Hirayama leva uma vida feliz, conciliando seu trabalho como zelador em T\u00f3quio com sua paix\u00e3o por m\u00fasica, literatura e fotografia. Sua rotina estruturada \u00e9 lentamente interrompida por encontros inesperados que o for\u00e7am a se reconectar com seu passado.<\/p>\n<p>Clube Dos V\u00e2ndalos (1h38)<br \/>\nS\u00e1bado, domingo e quarta, \u00e0s 10h45 |16 anos | Legendado | Sala 2<\/p>\n<p>De Jeff Nichols. Com Austin Butler, Jodie Comer, Tom Hardy. EUA. 2023. No espa\u00e7o de apenas uma d\u00e9cada, um motoclube do Meio-Oeste dos Estados Unidos deixa de ser um ponto de encontro para desajustados locais e se transforma em um lugar sinistro, amea\u00e7ando o modo de vida do grupo original. <\/p>\n<p>Cr\u00f4nicas do Ir\u00e3 ( 1h17)<br \/>\nQuinta, s\u00e1bado, segunda e quarta, \u00e0s 13h |18 anos | Legendado | Sala 2<\/p>\n<p>De Ali Asgari, Alireza Khatami. Com Servin Zabetiyan, Sadaf Asgari, Faezeh Rad. IR\u00c3. 2023. Pessoas comuns; de diferentes classes; enfrentam restri\u00e7\u00f5es culturais; religiosas e institucionais impostas por diversas autoridades sociais; como professores e burocratas. Essas vinhetas movimentadas; divertidas e comoventes capturam o esp\u00edrito e a determina\u00e7\u00e3o da popula\u00e7\u00e3o iraniana diante das adversidades; oferecendo um retrato diferenciado de uma sociedade complexa. <\/p>\n<p>Conto De Fadas (1h19)<br \/>\nSexta, domingo e ter\u00e7a, \u00e0s 13h |18 anos | Legendado | Sala 2<\/p>\n<p>De Alexandre Sokourov. Com Igor Gromov, Vakhtang Kuchava, Lothar Deeg. R\u00fassia. 2024. Conto de Fadas \u00e9 um filme russo de anima\u00e7\u00e3o experimental que tem a proposta de apresentar, partindo do ponto de vista de um jornal russo, um argumento civil e art\u00edstico sobre diversos nomes famosos da hist\u00f3ria que moldaram o destino do planeta: Joseph Stalin, Winston Churchill, Benito Mussolini e Adolf Hitler. <\/p>\n<p>Uma Vida de Esperan\u00e7a (1h58)<br \/>\nDiariamente, \u00e0s 14h30 |10 anos | Legendado | Sala 2<\/p>\n<p>De Jon Gunn. Com Hilary Swank, Alan Ritchson. EUA. 2024. Sharon Steves precisa diariamente lidar com seu v\u00edcio em \u00e1lcool. Para isso, ela encontra um novo senso de prop\u00f3sito quando se depara com a hist\u00f3ria de Ed Schmitt, um vi\u00favo que trabalha duro para cuidar de suas duas filhas, sendo que a mais nova enfrenta uma grave doen\u00e7a. Determinada a ajudar a fam\u00edlia Schmitt, Sharon move montanhas, revelando uma inspiradora hist\u00f3ria de f\u00e9, milagres cotidianos e anjos comuns. <\/p>\n<p>A Ordem Do Tempo (1h53)<br \/>\nDiariamente, \u00e0s 16h40 | 14 anos | Legendado | Sala 2<\/p>\n<p>De Liliana Cavani. Com Cl\u00e1udia Cerini, Richard Sammel. It\u00e1lia. 2023. Um grupo de amigos se encontra todos os anos para celebrar um anivers\u00e1rio. Este ano, em uma vila \u00e0 beira-mar, algo est\u00e1 diferente: eles descobrem que o mundo vai acabar em apenas algumas horas. Ap\u00f3s a not\u00edcia bomb\u00e1stica, estranhamente, o tempo que lhes resta parece acelerar, e ao mesmo tempo, parece intermin\u00e1vel.<br \/>\nUm Lugar Silencioso \u2013 Dia Um (1h39) ! Estreia !<br \/>\nDiariamente, \u00e0s 18h50 | 16 anos | Legendado | Sala 2<\/p>\n<p>De Michael Sarnoski. Com Lupita Nyong&#8217;o, Joseph Quinn. EUA. 2024. Dia Um \u00e9 o prel\u00fadio do filme Um Lugar Silencioso, de 2018, e nos leva de volta ao ponto onde tudo come\u00e7ou, acompanhando uma nova personagem, interpretada por Lupita Nyong\u2019o, enquanto navega pelos horr\u00edveis primeiros momentos na cidade mais barulhenta do mundo: Nova York. <\/p>\n<p>Back To Black (2h03)<br \/>\nQuinta, s\u00e1bado e ter\u00e7a, \u00e0s 20h40 | 16 anos | Legendado | Sala 2<\/p>\n<p>De Sam Taylor-Johnson. Com Marisa Abela, Jack O&#8217;Connell, Eddie Marsan. Reino Unido. 2024. O relacionamento tumultuado da cantora Amy Winehouse com Blake Fielder-Civil a inspirou a escrever e gravar o \u00e1lbum &#8220;Back to Black&#8221;. <\/p>\n<p>A Musa De Bonnard (Bonnard, Pierre et Marthe)<br \/>\nSexta e segunda, \u00e0s 20h40; domingo, \u00e0s 10h45 | 16 anos | Legendado | Sala 2<\/p>\n<p>De Martin Provost. Com C\u00e9cile de France, Stacy Martin. Fran\u00e7a. A vida e obra do pintor Pierre Bonnard, e sua rela\u00e7\u00e3o com a enigm\u00e1tica Marthe, que ocupa um lugar de destaque em sua obra art\u00edstica. Os la\u00e7os profundos e complexos que unem os personagens, e a hist\u00f3ria de amor e cria\u00e7\u00e3o que os marcou. 2:02. 14 anos. Legendado.<\/p>\n<p>Local:<br \/>\nShopping Paseo Itaigara, Rua Rubens Guelli, 135<br \/>\nTel: 71 99914-6177<br \/>\nTelefone de contato e canal de vendas de ingressos via WhatsApp (diariamente, a partir de 13h)<\/p>\n<p>CINEMA DA UFBA<br \/>\nA Esta\u00e7\u00e3o (1h44)<br \/>\nDiariamente, \u00e0s 13h10 (exceto quarta) | 16 anos | Legendado<\/p>\n<p>De Cristina Maure. Com Jimena Castiglioni, Rodolfo Vaz, Bruna Chiaradia. Brasil, Uruguai. 2024. Sofia chega \u00e0 esta\u00e7\u00e3o da Vila Clem\u00eancia para esperar o pr\u00f3ximo trem. No entanto, n\u00e3o demora para ele perceber que talvez esteja condenada ao isolamento naquele lugar ermo na companhia de v\u00e1rios desconhecidos. <\/p>\n<p>Sbpc Vai Ao Cinema: Estrelas Al\u00e9m Do Tempo (2h09)<br \/>\nQuarta | sess\u00e3o + bate papo, \u00e0s 15h (exceto quarta) | livre | Legendado<\/p>\n<p>De Theodore Melfi. Com Taraji P. Henson, Octavia Spencer, Janelle Mon\u00e1e. EUA. 2016. Em plena Guerra Fria, Estados Unidos e Uni\u00e3o Sovi\u00e9tica disputam a supremacia na corrida espacial ao mesmo tempo em que a sociedade norte-americana lida com uma profunda cis\u00e3o racial, entre brancos e negros. Tal situa\u00e7\u00e3o \u00e9 refletida tamb\u00e9m na NASA, onde um grupo de funcion\u00e1rias negras \u00e9 obrigada a trabalhar a parte. Elas s\u00e3o grandes amigas que, al\u00e9m de provar sua compet\u00eancia dia ap\u00f3s dia, precisam lidar com o preconceito para que consigam ascender na hierarquia da NASA. <\/p>\n<p>A grande fuga (1h36) ! estreia !<br \/>\nDiariamente (exceto quarta), \u00e0s 15h05 | 12 anos | Legendado <\/p>\n<p>De Oliver Parker. Com Michael Caine, Glenda Jackson, John Standing. Reino Unido. 2023. No ver\u00e3o de 2024, um veterano da Segunda Guerra Mundial foi manchete nos jornais do mundo todo ap\u00f3s fugir da casa de repouso onde vivia para se juntar a outros veteranos na Fran\u00e7a, durante o 70\u00ba anivers\u00e1rio dos desembarques do Dia D. A aventura de Bernie, que durou apenas dois dias, marcou sua vida e tamb\u00e9m seu casamento de 60 anos. <\/p>\n<p>Divertidamente 2 (1h38)<br \/>\nDiariamente (exceto quarta), \u00e0s 16h50 e quarta, \u00e0s 13h15 | livre | dublado<\/p>\n<p>De Kelsey Mann. Com Mi\u00e1 Mello, Tat\u00e1 Werneck, Isabella Guarnieri. EUA. 2024. Com um salto temporal, Riley se encontra mais velha, passando pela t\u00e3o temida adolesc\u00eancia. Junto com o amadurecimento, a sala de controle tamb\u00e9m est\u00e1 passando por uma adapta\u00e7\u00e3o para dar lugar a algo totalmente inesperado: novas emo\u00e7\u00f5es. <\/p>\n<p>Um Lugar Silencioso \u2013 dia um (1h39) ! estreia !<br \/>\nDiariamente, \u00e0s 18h35 | 16 anos | Legendado<\/p>\n<p>De Michael Sarnoski. Com Lupita Nyong&#8217;o, Joseph Quinn. EUA. 2024. Dia Um \u00e9 o prel\u00fadio do filme Um Lugar Silencioso, de 2018, e nos leva de volta ao ponto onde tudo come\u00e7ou, acompanhando uma nova personagem, interpretada por Lupita Nyong\u2019o, enquanto navega pelos horr\u00edveis primeiros momentos na cidade mais barulhenta do mundo: Nova York. <\/p>\n<p>Salamandra (1h55) ! Estreia !<br \/>\nDiariamente, \u00e0s 20h25 | 18 anos | Legendado<\/p>\n<p>De Alex Carvalho. Com Marina Fois, Maicon Rodrigues. Brasil, Fran\u00e7a, Alemanha, B\u00e9lgica. 2022. Depois de passar anos cuidando do pai, Catherine se sente sufocada pelo contraste entre seus sentimentos e a sua realidade. Ela foge para o Brasil esperando se reconectar com sua irm\u00e3 e entra numa rela\u00e7\u00e3o com um belo jovem, que representa uma segunda chance e oportunidade de experimentar a vida que ela podia ter vivido. <\/p>\n<p>Local:<br \/>\nAv. Reitor Miguel Calmon, s\/n. Vale do Canela. Ao lado das Faculdades de Educa\u00e7\u00e3o e Administra\u00e7\u00e3o \u2013 PAC (Pavilh\u00e3o de Aulas do Canela)<br \/>\nTel: 71 99940-1493<br \/>\nEstacionamento Gratuito: estacionamento do PAC<\/p>\n<p>CINEMA DO MUSEU<br \/>\nE A Festa Continua! (1h46)<br \/>\nQuinta, s\u00e1bado, segunda e quarta, \u00e0s 13h15 | 12 anos | Legendado<\/p>\n<p>De Robert Gu\u00e9diguian. Com Ariane Ascaride, Jean-Pierre Darroussin, Lola Naymark. Fran\u00e7a, It\u00e1lia. 2023. Rosa divide a sua energia entre a fam\u00edlia, o trabalho de enfermagem e os compromissos pol\u00edticos, mas suas ilus\u00f5es come\u00e7am a se abalar \u00e0 medida que ela se aproxima da aposentadoria. Depois de conhecer Henri, ela percebe que nunca \u00e9 tarde para realizar seus pr\u00f3prios sonhos.<\/p>\n<p>Jardim Dos Desejos (1h51)<br \/>\nSexta, domingo e ter\u00e7a, \u00e0s 13h15 | 14 anos | Legendado<\/p>\n<p>De Paul Schrader. Com Joel Edgerton, Sigourney Weaver, Quintessa Swindell. EUA. 2022. Narvel Roth \u00e9 o meticuloso horticultor dos Jardins Gracewood. No entanto, o caos invade a exist\u00eancia espartana de Narvel quando sua empregadora, a Sra Haverhill, exige que ele aceite sua problem\u00e1tica e conturbada sobrinha-neta Maya como sua nova aprendiz, desvendando segredos sombrios de um passado violento enterrado que amea\u00e7am todos eles. <\/p>\n<p>1798 &#8211; Revolta Dos B\u00fazios (1h13)<br \/>\nDiariamente (exceto quinta), \u00e0s 15h15 | 10 anos<\/p>\n<p>De Ant\u00f4nio Olavo. Document\u00e1rio. Brasil. 2018. Inspirados pelos ideais iluministas da Revolu\u00e7\u00e3o Francesa, centenas de homens negros se uniram em um movimento audacioso para derrubar o governo colonial, proclamar a independ\u00eancia e estabelecer uma Rep\u00fablica democr\u00e1tica, livre da opress\u00e3o da escravid\u00e3o. <\/p>\n<p>13 Sentimentos (1h40)<br \/>\nSexta, domingo e ter\u00e7a, \u00e0s 16h35 | 16 anos<\/p>\n<p>De Daniel Ribeiro. Com Artur Volpi, Sidney Santiago. Brasil. 2024. \u201cComo o final feliz de um filme perfeito\u201d. \u00c9 assim que Jo\u00e3o descreve o fim de seu relacionamento de 10 anos com Hugo. Apesar da separa\u00e7\u00e3o, eles permanecem amigos bem pr\u00f3ximos. No entanto, voltar ao universo dos encontros rom\u00e2nticos, usando aplicativos, traz um turbilh\u00e3o de emo\u00e7\u00f5es, mostrando que a vida real n\u00e3o pode ser controlada como um roteiro de filme. <\/p>\n<p>Tudo O Que Voc\u00ea Podia Ser (1h13)<br \/>\nS\u00e1bado, segunda e quarta, \u00e0s 16h35 | 16 anos<\/p>\n<p>De Ricardo Alves Jr. Com Aisha Brunno, Bramma Bremmer, Igui Leal e Will Soares. Brasil. 2023. Aisha est\u00e1 de partida e atravessa um dia especial na companhia das melhores amigas, Igui, Bramma e Willa. Entre risos e l\u00e1grimas, confiss\u00f5es e encontros afetuosos, \u00e9 hora de celebrar at\u00e9 o limite, quando o nascer do sol se irradia sobre a beleza tocante e sincera dessa amizade.<\/p>\n<p>Grande Sert\u00e3o (1h55)<br \/>\nDiariamente (exceto sexta), \u00e0s 18h25 | 18 anos<\/p>\n<p>De Guel Arraes. Com Caio Blat, Luisa Arraes, Rodrigo Lombardi. Brasil. 2024. Grande Sert\u00e3o adapta o cl\u00e1ssico romance da literatura brasileira, Grande Sert\u00e3o: Veredas, de Guimar\u00e3es Rosa, para a realidade da periferia urbana. Na trama, a comunidade &#8220;Grande Sert\u00e3o&#8221; \u00e9 controlada por fac\u00e7\u00f5es criminosas onde uma luta entre policiais e bandidos assume ares de guerra.<\/p>\n<p>Cinesom Chico Buarque: Chico \u2013 Artista Brasileiro<br \/>\nSexta, \u00e0s 18h30 | 12 anos<\/p>\n<p>De Miguel Faria Jr. Document\u00e1rio. Brasil. 2013. Chico Buarque \u00e9 uma figura fundamental da cultura brasileira nos \u00faltimos 50 anos. Ele conversa sobre toda a sua trajet\u00f3ria, incluindo mem\u00f3rias, shows, processo criativo, m\u00e9todos de trabalho e at\u00e9 vida cotidiana. Al\u00e9m de seus pr\u00f3prios relatos, partindo de m\u00fasicas apresentadas, dizendo como cada uma nasceu, outros nomes importantes da m\u00fasica brasileira tamb\u00e9m participam, dando seus depoimentos. <\/p>\n<p>Testamento (1h55) ! Pr\u00e9-Estreia !<br \/>\nDiariamente (exceto sexta), \u00e0s 20h30 | 14 anos | Legendado<\/p>\n<p>De Denys Arcand. Com R\u00e9my Girard, Sophie Lorain. Canad\u00e1. 2024. A vida tranquila de um solteir\u00e3o de 70 anos \u00e9 perturbada quando manifestantes exigem a remo\u00e7\u00e3o de uma obra de arte antiga em sua casa de repouso, vista como insultuosa \u00e0s Primeiras Na\u00e7\u00f5es. Conforme Jean-Michel enfrenta desafios em um mundo politicamente correto, ele descobre um amor inesperado por Suzanne. <\/p>\n<p>Local:<br \/>\nAv. 7 de Setembro 2195, Corredor da Vit\u00f3ria. Museu Geol\u00f3gico<br \/>\nTel: 71 99727 0936<\/p>\n<p>CINEMAM<br \/>\nO Anel De Eva (1h30)<br \/>\nquinta e segunda, \u00e0s 14h | 12 anos<\/p>\n<p>De Duflair Barradas. Com Suzana Pires, Odilon Wagner, Regina Sampaio. Brasil. 2024. Ap\u00f3s a morte de seu pai adotivo, Eva Vogler \u00e9 surpreendida ao receber um relic\u00e1rio acompanhado de um bilhete: &#8220;abra-o somente se achar necess\u00e1rio&#8221;. Ao revelar o conte\u00fado da pequena caixa, Eva depara-se com objetos incomuns que remetem \u00e0s suas origens: um anel com um bras\u00e3o nazista com a inscri\u00e7\u00e3o &#8220;Eva, 1945&#8221; e fotos que podem ser de sua m\u00e3e biol\u00f3gica &#8211; uma mulher negra cercada por crian\u00e7as brancas no alpendre de uma fazenda. Eva est\u00e1 diante do quebra-cabe\u00e7as de sua identidade. <\/p>\n<p>Meu Sangue Ferve Por Voc\u00ea (1h50)<br \/>\nSexta, domingo e quarta, \u00e0s 14h | 12 anos<\/p>\n<p>De Paulo Machline. Com Filipe Bragan\u00e7a, Emanuelle Ara\u00fajo. Brasil. 2020. Em 1979, Sidney Magal, um dos artistas mais populares e celebrados do pa\u00eds, segue a rotina de ensaios e compromissos em Salvador. Durante um programa de TV, ele conhece a deslumbrante Magali e se apaixona de forma in\u00e9dita e avassaladora. <\/p>\n<p>Dorival Caymmi \u2013 Um Homem De Afetos (1h30)<br \/>\nS\u00e1bado e ter\u00e7a, \u00e0s 14h | 12 anos<\/p>\n<p>De Daniela Broitman. Document\u00e1rio. Brasil. 2019. O filme conta a hist\u00f3ria de Dorival Caymmi, cantor e compositor brasileiro que revolucionou a can\u00e7\u00e3o no pa\u00eds e influenciou movimentos como a Bossa Nova e a Tropic\u00e1lia. 1:30. 10 anos.<\/p>\n<p>A Hora Da Estrela (1h36)<br \/>\nDiariamente, \u00e0s 15h45 | 12 anos<\/p>\n<p>De Suzana Amaral. Com Marcelia Cartaxo, Jos\u00e9 Dumont. Brasil. 1985. Macab\u00e9a \u00e9 uma imigrante nordestina, que vive em S\u00e3o Paulo. Ela trabalha em uma pequena firma e vive em uma pens\u00e3o miser\u00e1vel, onde divide o quarto com outras tr\u00eas mulheres. Macab\u00e9a n\u00e3o tem ambi\u00e7\u00f5es, apesar de sentir desejo e querer ter um namorado. Um dia ela conhece Ol\u00edmpico, um oper\u00e1rio metal\u00fargico com quem inicia namoro. S\u00f3 que Gl\u00f3ria, colega dela, tem outros planos ap\u00f3s se consultar com uma cartomante. <\/p>\n<p>1798 &#8211; Revolta Dos B\u00fazios (1h13)<br \/>\nDiariamente, \u00e0s 17h30 | 10 anos<\/p>\n<p>De Ant\u00f4nio Olavo. Document\u00e1rio. Brasil. 2018. Inspirados pelos ideais iluministas da Revolu\u00e7\u00e3o Francesa, centenas de homens negros se uniram em um movimento audacioso para derrubar o governo colonial, proclamar a independ\u00eancia e estabelecer uma Rep\u00fablica democr\u00e1tica, livre da opress\u00e3o da escravid\u00e3o. <\/p>\n<p>A Filha Do Palha\u00e7o (1h44)<br \/>\nQuinta, domingo e ter\u00e7a, \u00e0s 19h | 12 anos<\/p>\n<p>De Pedro Di\u00f3genes. Com Jesu\u00edta Barbosa, Mateus Honori, D\u00e9mick Lopes. Brasil. 2022. Joana, uma adolescente de 14 anos, aparece para passar uma semana com o pai, Renato, um humorista que apresenta seus shows em churrascarias, bares e casas noturnas de Fortaleza interpretando a personagem Silvanelly. <\/p>\n<p>O Estranho (1h48)<br \/>\nSexta, s\u00e1bado, segunda e quarta, \u00e0s 19h | 14 anos<\/p>\n<p>De Flora Dias, Juruna Mallon. Com Larissa Siqueira, Antonia Franco. Brasil, Fran\u00e7a. 2023. Em um territ\u00f3rio ind\u00edgena funciona o maior aeroporto do Brasil. Al\u00e9m das centenas de milhares de passageiros que transitam por ele diariamente, 35 mil trabalhadores permanecem naquele espa\u00e7o, entre eles a funcion\u00e1ria de pista Al\u00ea. Atrav\u00e9s de sua vida cotidiana, mem\u00f3rias e hist\u00f3rias de Guarulhos vem \u00e0 tona e revelam vest\u00edgios de um passado perdido em um territ\u00f3rio em constante transforma\u00e7\u00e3o. <\/p>\n<p>Local:<br \/>\nAvenida Contorno, s\/n &#8211; Solar do Unh\u00e3o<br \/>\nTel: 71 99936-5760<br \/>\nTelefone de contato e canal de vendas de ingressos via WhatsApp (diariamente, a partir de 13h)<\/p>\n<p>Foto: Divulga\u00e7\u00e3o &#8211; divulga\u00e7\u00e3o &#8211; reprodu\u00e7\u00e3o\/redes sociais<br \/>\nPor: Metro1<\/p>\n","protected":false},"excerpt":{"rendered":"<p>Veja a lista com programa\u00e7\u00e3o de todas as salas de 27 de junho a 3 de julho Est\u00e1 pensando em<\/p>\n","protected":false},"author":4,"featured_media":14785,"comment_status":"open","ping_status":"open","sticky":false,"template":"","format":"standard","meta":{"colormag_page_container_layout":"default_layout","colormag_page_sidebar_layout":"default_layout","_FSMCFIC_featured_image_caption":"","_FSMCFIC_featured_image_nocaption":"","_FSMCFIC_featured_image_hide":"","footnotes":""},"categories":[8,1],"tags":[],"class_list":["post-14784","post","type-post","status-publish","format-standard","has-post-thumbnail","hentry","category-entretenimento","category-ultimas"],"yoast_head":"<!-- This site is optimized with the Yoast SEO plugin v27.1.1 - https:\/\/yoast.com\/product\/yoast-seo-wordpress\/ -->\n<title>Um Lugar Silencioso, Divertidamente 2 e muito mais; confira a programa\u00e7\u00e3o do Circuito Sala de Arte de Salvador - Brasil not\u00edcias<\/title>\n<meta name=\"robots\" content=\"index, follow, max-snippet:-1, max-image-preview:large, max-video-preview:-1\" \/>\n<link rel=\"canonical\" href=\"https:\/\/brasilnoticias.org\/site\/um-lugar-silencioso-divertidamente-2-e-muito-mais-confira-a-programacao-do-circuito-sala-de-arte-de-salvador\/\" \/>\n<meta property=\"og:locale\" content=\"pt_PT\" \/>\n<meta property=\"og:type\" content=\"article\" \/>\n<meta property=\"og:title\" content=\"Um Lugar Silencioso, Divertidamente 2 e muito mais; confira a programa\u00e7\u00e3o do Circuito Sala de Arte de Salvador - Brasil not\u00edcias\" \/>\n<meta property=\"og:description\" content=\"Veja a lista com programa\u00e7\u00e3o de todas as salas de 27 de junho a 3 de julho Est\u00e1 pensando em\" \/>\n<meta property=\"og:url\" content=\"https:\/\/brasilnoticias.org\/site\/um-lugar-silencioso-divertidamente-2-e-muito-mais-confira-a-programacao-do-circuito-sala-de-arte-de-salvador\/\" \/>\n<meta property=\"og:site_name\" content=\"Brasil not\u00edcias\" \/>\n<meta property=\"article:published_time\" content=\"2024-06-27T03:08:20+00:00\" \/>\n<meta property=\"og:image\" content=\"https:\/\/brasilnoticias.org\/site\/wp-content\/uploads\/2024\/06\/152080um-lugar-silencioso-divertidamente-2-e-muito-mais-confira-a-programacao-do-circuito-sala-de-arte-de-salvador-3.jpg\" \/>\n\t<meta property=\"og:image:width\" content=\"1600\" \/>\n\t<meta property=\"og:image:height\" content=\"752\" \/>\n\t<meta property=\"og:image:type\" content=\"image\/jpeg\" \/>\n<meta name=\"author\" content=\"Reda\u00e7\u00e3o\" \/>\n<meta name=\"twitter:card\" content=\"summary_large_image\" \/>\n<meta name=\"twitter:label1\" content=\"Escrito por\" \/>\n\t<meta name=\"twitter:data1\" content=\"Reda\u00e7\u00e3o\" \/>\n\t<meta name=\"twitter:label2\" content=\"Tempo estimado de leitura\" \/>\n\t<meta name=\"twitter:data2\" content=\"1 minuto\" \/>\n<script type=\"application\/ld+json\" class=\"yoast-schema-graph\">{\"@context\":\"https:\/\/schema.org\",\"@graph\":[{\"@type\":\"Article\",\"@id\":\"https:\/\/brasilnoticias.org\/site\/um-lugar-silencioso-divertidamente-2-e-muito-mais-confira-a-programacao-do-circuito-sala-de-arte-de-salvador\/#article\",\"isPartOf\":{\"@id\":\"https:\/\/brasilnoticias.org\/site\/um-lugar-silencioso-divertidamente-2-e-muito-mais-confira-a-programacao-do-circuito-sala-de-arte-de-salvador\/\"},\"author\":{\"name\":\"Reda\u00e7\u00e3o\",\"@id\":\"https:\/\/brasilnoticias.org\/site\/#\/schema\/person\/03bbbfe6c7634ad18c26444ea39049fa\"},\"headline\":\"Um Lugar Silencioso, Divertidamente 2 e muito mais; confira a programa\u00e7\u00e3o do Circuito Sala de Arte de Salvador\",\"datePublished\":\"2024-06-27T03:08:20+00:00\",\"mainEntityOfPage\":{\"@id\":\"https:\/\/brasilnoticias.org\/site\/um-lugar-silencioso-divertidamente-2-e-muito-mais-confira-a-programacao-do-circuito-sala-de-arte-de-salvador\/\"},\"wordCount\":2880,\"commentCount\":0,\"publisher\":{\"@id\":\"https:\/\/brasilnoticias.org\/site\/#organization\"},\"image\":{\"@id\":\"https:\/\/brasilnoticias.org\/site\/um-lugar-silencioso-divertidamente-2-e-muito-mais-confira-a-programacao-do-circuito-sala-de-arte-de-salvador\/#primaryimage\"},\"thumbnailUrl\":\"https:\/\/brasilnoticias.org\/site\/wp-content\/uploads\/2024\/06\/152080um-lugar-silencioso-divertidamente-2-e-muito-mais-confira-a-programacao-do-circuito-sala-de-arte-de-salvador-3.jpg\",\"articleSection\":[\"Entretenimento\",\"\u00daltimas\"],\"inLanguage\":\"pt-PT\",\"potentialAction\":[{\"@type\":\"CommentAction\",\"name\":\"Comment\",\"target\":[\"https:\/\/brasilnoticias.org\/site\/um-lugar-silencioso-divertidamente-2-e-muito-mais-confira-a-programacao-do-circuito-sala-de-arte-de-salvador\/#respond\"]}]},{\"@type\":\"WebPage\",\"@id\":\"https:\/\/brasilnoticias.org\/site\/um-lugar-silencioso-divertidamente-2-e-muito-mais-confira-a-programacao-do-circuito-sala-de-arte-de-salvador\/\",\"url\":\"https:\/\/brasilnoticias.org\/site\/um-lugar-silencioso-divertidamente-2-e-muito-mais-confira-a-programacao-do-circuito-sala-de-arte-de-salvador\/\",\"name\":\"Um Lugar Silencioso, Divertidamente 2 e muito mais; confira a programa\u00e7\u00e3o do Circuito Sala de Arte de Salvador - Brasil not\u00edcias\",\"isPartOf\":{\"@id\":\"https:\/\/brasilnoticias.org\/site\/#website\"},\"primaryImageOfPage\":{\"@id\":\"https:\/\/brasilnoticias.org\/site\/um-lugar-silencioso-divertidamente-2-e-muito-mais-confira-a-programacao-do-circuito-sala-de-arte-de-salvador\/#primaryimage\"},\"image\":{\"@id\":\"https:\/\/brasilnoticias.org\/site\/um-lugar-silencioso-divertidamente-2-e-muito-mais-confira-a-programacao-do-circuito-sala-de-arte-de-salvador\/#primaryimage\"},\"thumbnailUrl\":\"https:\/\/brasilnoticias.org\/site\/wp-content\/uploads\/2024\/06\/152080um-lugar-silencioso-divertidamente-2-e-muito-mais-confira-a-programacao-do-circuito-sala-de-arte-de-salvador-3.jpg\",\"datePublished\":\"2024-06-27T03:08:20+00:00\",\"breadcrumb\":{\"@id\":\"https:\/\/brasilnoticias.org\/site\/um-lugar-silencioso-divertidamente-2-e-muito-mais-confira-a-programacao-do-circuito-sala-de-arte-de-salvador\/#breadcrumb\"},\"inLanguage\":\"pt-PT\",\"potentialAction\":[{\"@type\":\"ReadAction\",\"target\":[\"https:\/\/brasilnoticias.org\/site\/um-lugar-silencioso-divertidamente-2-e-muito-mais-confira-a-programacao-do-circuito-sala-de-arte-de-salvador\/\"]}]},{\"@type\":\"ImageObject\",\"inLanguage\":\"pt-PT\",\"@id\":\"https:\/\/brasilnoticias.org\/site\/um-lugar-silencioso-divertidamente-2-e-muito-mais-confira-a-programacao-do-circuito-sala-de-arte-de-salvador\/#primaryimage\",\"url\":\"https:\/\/brasilnoticias.org\/site\/wp-content\/uploads\/2024\/06\/152080um-lugar-silencioso-divertidamente-2-e-muito-mais-confira-a-programacao-do-circuito-sala-de-arte-de-salvador-3.jpg\",\"contentUrl\":\"https:\/\/brasilnoticias.org\/site\/wp-content\/uploads\/2024\/06\/152080um-lugar-silencioso-divertidamente-2-e-muito-mais-confira-a-programacao-do-circuito-sala-de-arte-de-salvador-3.jpg\",\"width\":1600,\"height\":752},{\"@type\":\"BreadcrumbList\",\"@id\":\"https:\/\/brasilnoticias.org\/site\/um-lugar-silencioso-divertidamente-2-e-muito-mais-confira-a-programacao-do-circuito-sala-de-arte-de-salvador\/#breadcrumb\",\"itemListElement\":[{\"@type\":\"ListItem\",\"position\":1,\"name\":\"In\u00edcio\",\"item\":\"https:\/\/brasilnoticias.org\/site\/\"},{\"@type\":\"ListItem\",\"position\":2,\"name\":\"Um Lugar Silencioso, Divertidamente 2 e muito mais; confira a programa\u00e7\u00e3o do Circuito Sala de Arte de Salvador\"}]},{\"@type\":\"WebSite\",\"@id\":\"https:\/\/brasilnoticias.org\/site\/#website\",\"url\":\"https:\/\/brasilnoticias.org\/site\/\",\"name\":\"Brasil not\u00edcias\",\"description\":\"Brasil not\u00edcias\",\"publisher\":{\"@id\":\"https:\/\/brasilnoticias.org\/site\/#organization\"},\"potentialAction\":[{\"@type\":\"SearchAction\",\"target\":{\"@type\":\"EntryPoint\",\"urlTemplate\":\"https:\/\/brasilnoticias.org\/site\/?s={search_term_string}\"},\"query-input\":{\"@type\":\"PropertyValueSpecification\",\"valueRequired\":true,\"valueName\":\"search_term_string\"}}],\"inLanguage\":\"pt-PT\"},{\"@type\":\"Organization\",\"@id\":\"https:\/\/brasilnoticias.org\/site\/#organization\",\"name\":\"Brasil not\u00edcias\",\"url\":\"https:\/\/brasilnoticias.org\/site\/\",\"logo\":{\"@type\":\"ImageObject\",\"inLanguage\":\"pt-PT\",\"@id\":\"https:\/\/brasilnoticias.org\/site\/#\/schema\/logo\/image\/\",\"url\":\"https:\/\/brasilnoticias.org\/site\/wp-content\/uploads\/2022\/05\/cropped-brasilnoticias-mini.jpg\",\"contentUrl\":\"https:\/\/brasilnoticias.org\/site\/wp-content\/uploads\/2022\/05\/cropped-brasilnoticias-mini.jpg\",\"width\":314,\"height\":86,\"caption\":\"Brasil not\u00edcias\"},\"image\":{\"@id\":\"https:\/\/brasilnoticias.org\/site\/#\/schema\/logo\/image\/\"}},{\"@type\":\"Person\",\"@id\":\"https:\/\/brasilnoticias.org\/site\/#\/schema\/person\/03bbbfe6c7634ad18c26444ea39049fa\",\"name\":\"Reda\u00e7\u00e3o\",\"image\":{\"@type\":\"ImageObject\",\"inLanguage\":\"pt-PT\",\"@id\":\"https:\/\/brasilnoticias.org\/site\/#\/schema\/person\/image\/\",\"url\":\"https:\/\/secure.gravatar.com\/avatar\/9ecaf7327a696cb23ad926fedded5f1f04d7049de9e445375d55b48c001a6e42?s=96&d=mm&r=g\",\"contentUrl\":\"https:\/\/secure.gravatar.com\/avatar\/9ecaf7327a696cb23ad926fedded5f1f04d7049de9e445375d55b48c001a6e42?s=96&d=mm&r=g\",\"caption\":\"Reda\u00e7\u00e3o\"},\"url\":\"https:\/\/brasilnoticias.org\/site\/author\/henrique\/\"}]}<\/script>\n<!-- \/ Yoast SEO plugin. -->","yoast_head_json":{"title":"Um Lugar Silencioso, Divertidamente 2 e muito mais; confira a programa\u00e7\u00e3o do Circuito Sala de Arte de Salvador - Brasil not\u00edcias","robots":{"index":"index","follow":"follow","max-snippet":"max-snippet:-1","max-image-preview":"max-image-preview:large","max-video-preview":"max-video-preview:-1"},"canonical":"https:\/\/brasilnoticias.org\/site\/um-lugar-silencioso-divertidamente-2-e-muito-mais-confira-a-programacao-do-circuito-sala-de-arte-de-salvador\/","og_locale":"pt_PT","og_type":"article","og_title":"Um Lugar Silencioso, Divertidamente 2 e muito mais; confira a programa\u00e7\u00e3o do Circuito Sala de Arte de Salvador - Brasil not\u00edcias","og_description":"Veja a lista com programa\u00e7\u00e3o de todas as salas de 27 de junho a 3 de julho Est\u00e1 pensando em","og_url":"https:\/\/brasilnoticias.org\/site\/um-lugar-silencioso-divertidamente-2-e-muito-mais-confira-a-programacao-do-circuito-sala-de-arte-de-salvador\/","og_site_name":"Brasil not\u00edcias","article_published_time":"2024-06-27T03:08:20+00:00","og_image":[{"width":1600,"height":752,"url":"https:\/\/brasilnoticias.org\/site\/wp-content\/uploads\/2024\/06\/152080um-lugar-silencioso-divertidamente-2-e-muito-mais-confira-a-programacao-do-circuito-sala-de-arte-de-salvador-3.jpg","type":"image\/jpeg"}],"author":"Reda\u00e7\u00e3o","twitter_card":"summary_large_image","twitter_misc":{"Escrito por":"Reda\u00e7\u00e3o","Tempo estimado de leitura":"1 minuto"},"schema":{"@context":"https:\/\/schema.org","@graph":[{"@type":"Article","@id":"https:\/\/brasilnoticias.org\/site\/um-lugar-silencioso-divertidamente-2-e-muito-mais-confira-a-programacao-do-circuito-sala-de-arte-de-salvador\/#article","isPartOf":{"@id":"https:\/\/brasilnoticias.org\/site\/um-lugar-silencioso-divertidamente-2-e-muito-mais-confira-a-programacao-do-circuito-sala-de-arte-de-salvador\/"},"author":{"name":"Reda\u00e7\u00e3o","@id":"https:\/\/brasilnoticias.org\/site\/#\/schema\/person\/03bbbfe6c7634ad18c26444ea39049fa"},"headline":"Um Lugar Silencioso, Divertidamente 2 e muito mais; confira a programa\u00e7\u00e3o do Circuito Sala de Arte de Salvador","datePublished":"2024-06-27T03:08:20+00:00","mainEntityOfPage":{"@id":"https:\/\/brasilnoticias.org\/site\/um-lugar-silencioso-divertidamente-2-e-muito-mais-confira-a-programacao-do-circuito-sala-de-arte-de-salvador\/"},"wordCount":2880,"commentCount":0,"publisher":{"@id":"https:\/\/brasilnoticias.org\/site\/#organization"},"image":{"@id":"https:\/\/brasilnoticias.org\/site\/um-lugar-silencioso-divertidamente-2-e-muito-mais-confira-a-programacao-do-circuito-sala-de-arte-de-salvador\/#primaryimage"},"thumbnailUrl":"https:\/\/brasilnoticias.org\/site\/wp-content\/uploads\/2024\/06\/152080um-lugar-silencioso-divertidamente-2-e-muito-mais-confira-a-programacao-do-circuito-sala-de-arte-de-salvador-3.jpg","articleSection":["Entretenimento","\u00daltimas"],"inLanguage":"pt-PT","potentialAction":[{"@type":"CommentAction","name":"Comment","target":["https:\/\/brasilnoticias.org\/site\/um-lugar-silencioso-divertidamente-2-e-muito-mais-confira-a-programacao-do-circuito-sala-de-arte-de-salvador\/#respond"]}]},{"@type":"WebPage","@id":"https:\/\/brasilnoticias.org\/site\/um-lugar-silencioso-divertidamente-2-e-muito-mais-confira-a-programacao-do-circuito-sala-de-arte-de-salvador\/","url":"https:\/\/brasilnoticias.org\/site\/um-lugar-silencioso-divertidamente-2-e-muito-mais-confira-a-programacao-do-circuito-sala-de-arte-de-salvador\/","name":"Um Lugar Silencioso, Divertidamente 2 e muito mais; confira a programa\u00e7\u00e3o do Circuito Sala de Arte de Salvador - Brasil not\u00edcias","isPartOf":{"@id":"https:\/\/brasilnoticias.org\/site\/#website"},"primaryImageOfPage":{"@id":"https:\/\/brasilnoticias.org\/site\/um-lugar-silencioso-divertidamente-2-e-muito-mais-confira-a-programacao-do-circuito-sala-de-arte-de-salvador\/#primaryimage"},"image":{"@id":"https:\/\/brasilnoticias.org\/site\/um-lugar-silencioso-divertidamente-2-e-muito-mais-confira-a-programacao-do-circuito-sala-de-arte-de-salvador\/#primaryimage"},"thumbnailUrl":"https:\/\/brasilnoticias.org\/site\/wp-content\/uploads\/2024\/06\/152080um-lugar-silencioso-divertidamente-2-e-muito-mais-confira-a-programacao-do-circuito-sala-de-arte-de-salvador-3.jpg","datePublished":"2024-06-27T03:08:20+00:00","breadcrumb":{"@id":"https:\/\/brasilnoticias.org\/site\/um-lugar-silencioso-divertidamente-2-e-muito-mais-confira-a-programacao-do-circuito-sala-de-arte-de-salvador\/#breadcrumb"},"inLanguage":"pt-PT","potentialAction":[{"@type":"ReadAction","target":["https:\/\/brasilnoticias.org\/site\/um-lugar-silencioso-divertidamente-2-e-muito-mais-confira-a-programacao-do-circuito-sala-de-arte-de-salvador\/"]}]},{"@type":"ImageObject","inLanguage":"pt-PT","@id":"https:\/\/brasilnoticias.org\/site\/um-lugar-silencioso-divertidamente-2-e-muito-mais-confira-a-programacao-do-circuito-sala-de-arte-de-salvador\/#primaryimage","url":"https:\/\/brasilnoticias.org\/site\/wp-content\/uploads\/2024\/06\/152080um-lugar-silencioso-divertidamente-2-e-muito-mais-confira-a-programacao-do-circuito-sala-de-arte-de-salvador-3.jpg","contentUrl":"https:\/\/brasilnoticias.org\/site\/wp-content\/uploads\/2024\/06\/152080um-lugar-silencioso-divertidamente-2-e-muito-mais-confira-a-programacao-do-circuito-sala-de-arte-de-salvador-3.jpg","width":1600,"height":752},{"@type":"BreadcrumbList","@id":"https:\/\/brasilnoticias.org\/site\/um-lugar-silencioso-divertidamente-2-e-muito-mais-confira-a-programacao-do-circuito-sala-de-arte-de-salvador\/#breadcrumb","itemListElement":[{"@type":"ListItem","position":1,"name":"In\u00edcio","item":"https:\/\/brasilnoticias.org\/site\/"},{"@type":"ListItem","position":2,"name":"Um Lugar Silencioso, Divertidamente 2 e muito mais; confira a programa\u00e7\u00e3o do Circuito Sala de Arte de Salvador"}]},{"@type":"WebSite","@id":"https:\/\/brasilnoticias.org\/site\/#website","url":"https:\/\/brasilnoticias.org\/site\/","name":"Brasil not\u00edcias","description":"Brasil not\u00edcias","publisher":{"@id":"https:\/\/brasilnoticias.org\/site\/#organization"},"potentialAction":[{"@type":"SearchAction","target":{"@type":"EntryPoint","urlTemplate":"https:\/\/brasilnoticias.org\/site\/?s={search_term_string}"},"query-input":{"@type":"PropertyValueSpecification","valueRequired":true,"valueName":"search_term_string"}}],"inLanguage":"pt-PT"},{"@type":"Organization","@id":"https:\/\/brasilnoticias.org\/site\/#organization","name":"Brasil not\u00edcias","url":"https:\/\/brasilnoticias.org\/site\/","logo":{"@type":"ImageObject","inLanguage":"pt-PT","@id":"https:\/\/brasilnoticias.org\/site\/#\/schema\/logo\/image\/","url":"https:\/\/brasilnoticias.org\/site\/wp-content\/uploads\/2022\/05\/cropped-brasilnoticias-mini.jpg","contentUrl":"https:\/\/brasilnoticias.org\/site\/wp-content\/uploads\/2022\/05\/cropped-brasilnoticias-mini.jpg","width":314,"height":86,"caption":"Brasil not\u00edcias"},"image":{"@id":"https:\/\/brasilnoticias.org\/site\/#\/schema\/logo\/image\/"}},{"@type":"Person","@id":"https:\/\/brasilnoticias.org\/site\/#\/schema\/person\/03bbbfe6c7634ad18c26444ea39049fa","name":"Reda\u00e7\u00e3o","image":{"@type":"ImageObject","inLanguage":"pt-PT","@id":"https:\/\/brasilnoticias.org\/site\/#\/schema\/person\/image\/","url":"https:\/\/secure.gravatar.com\/avatar\/9ecaf7327a696cb23ad926fedded5f1f04d7049de9e445375d55b48c001a6e42?s=96&d=mm&r=g","contentUrl":"https:\/\/secure.gravatar.com\/avatar\/9ecaf7327a696cb23ad926fedded5f1f04d7049de9e445375d55b48c001a6e42?s=96&d=mm&r=g","caption":"Reda\u00e7\u00e3o"},"url":"https:\/\/brasilnoticias.org\/site\/author\/henrique\/"}]}},"_links":{"self":[{"href":"https:\/\/brasilnoticias.org\/site\/wp-json\/wp\/v2\/posts\/14784","targetHints":{"allow":["GET"]}}],"collection":[{"href":"https:\/\/brasilnoticias.org\/site\/wp-json\/wp\/v2\/posts"}],"about":[{"href":"https:\/\/brasilnoticias.org\/site\/wp-json\/wp\/v2\/types\/post"}],"author":[{"embeddable":true,"href":"https:\/\/brasilnoticias.org\/site\/wp-json\/wp\/v2\/users\/4"}],"replies":[{"embeddable":true,"href":"https:\/\/brasilnoticias.org\/site\/wp-json\/wp\/v2\/comments?post=14784"}],"version-history":[{"count":1,"href":"https:\/\/brasilnoticias.org\/site\/wp-json\/wp\/v2\/posts\/14784\/revisions"}],"predecessor-version":[{"id":14786,"href":"https:\/\/brasilnoticias.org\/site\/wp-json\/wp\/v2\/posts\/14784\/revisions\/14786"}],"wp:featuredmedia":[{"embeddable":true,"href":"https:\/\/brasilnoticias.org\/site\/wp-json\/wp\/v2\/media\/14785"}],"wp:attachment":[{"href":"https:\/\/brasilnoticias.org\/site\/wp-json\/wp\/v2\/media?parent=14784"}],"wp:term":[{"taxonomy":"category","embeddable":true,"href":"https:\/\/brasilnoticias.org\/site\/wp-json\/wp\/v2\/categories?post=14784"},{"taxonomy":"post_tag","embeddable":true,"href":"https:\/\/brasilnoticias.org\/site\/wp-json\/wp\/v2\/tags?post=14784"}],"curies":[{"name":"wp","href":"https:\/\/api.w.org\/{rel}","templated":true}]}}