{"id":1481,"date":"2022-09-14T09:41:05","date_gmt":"2022-09-14T12:41:05","guid":{"rendered":"https:\/\/brasilnoticias.org\/site\/?p=1481"},"modified":"2022-09-14T09:41:05","modified_gmt":"2022-09-14T12:41:05","slug":"camara-de-vereadores-carlos-muniz-solta-o-verbo-sobre-decisao-que-abalou-estruturas-da-casa","status":"publish","type":"post","link":"https:\/\/brasilnoticias.org\/site\/camara-de-vereadores-carlos-muniz-solta-o-verbo-sobre-decisao-que-abalou-estruturas-da-casa\/","title":{"rendered":"C\u00e2mara de Vereadores: Carlos Muniz solta o verbo sobre decis\u00e3o que abalou estruturas da Casa"},"content":{"rendered":"<p>O vereador\u00a0<a href=\"https:\/\/www.bnews.com.br\/tags\/carlos-muniz\">Carlos Muniz (Podemos)<\/a>\u00a0reagiu contra a decis\u00e3o judicial que muda a forma\u00e7\u00e3o dos membros da\u00a0<a href=\"https:\/\/www.bnews.com.br\/tags\/cms?page=33\" target=\"_blank\" rel=\"noopener\">CMS<\/a>. A justi\u00e7a acatou na \u00faltima sexta-feira (9) o pedido do\u00a0<a href=\"https:\/\/www.bnews.com.br\/tags\/uniao-brasil\" target=\"_blank\" rel=\"noopener\">Uni\u00e3o Brasil<\/a>\u00a0para desconstituir as Comiss\u00f5es Permanentes, ou Tem\u00e1ticas,\u00a0<a href=\"https:\/\/www.bnews.com.br\/noticias\/politica\/geraldo-junior-quebra-silencio-sobre-decisao-que-suspende-funcionamento-da-cms.html\">suspendendo todos os efeitos jur\u00eddicos dos grupos que estavam funcionamento<\/a>. Isso abalou completamente as estruturas do legislativo municipal.<\/p>\n<p>Para o edil, a decis\u00e3o judicial chegou como uma surpresa e ele acusa o prefeito\u00a0<a href=\"https:\/\/www.bnews.com.br\/personalidades\/bruno-reis.html\">Bruno Reis (Uni\u00e3o Brasil)<\/a>\u00a0e sua base de paralisarem os trabalhos da C\u00e2mara Municipal de Salvador. &#8220;O juiz tinha dado 72 horas para a C\u00e2mara se pronunciar e antes das 72 horas ele deu a liminar, fico triste,\u00a0<a href=\"https:\/\/www.bnews.com.br\/noticias\/politica\/augusto-vasconcelos-sobe-o-tom-apos-ameacas-de-paulo-magalhaes-junior-oposicao.html\">pois quem perde \u00e9 o povo<\/a>&#8220;, lamentou.<\/p>\n<p>&nbsp;<\/p>\n<p>&nbsp;<\/p>\n<p>Foi a informa\u00e7\u00e3o, passada para mim, que antes do prazo que ele deu para a C\u00e2mara se manifestar, antes das 72 horas ele deu a liminar, ent\u00e3o \u00e9 pelo menos estranho. Se houve isso realmente que foi o que o procurador da c\u00e2mara passou para mim, se houve isso \u00e9 pelo menos estranho voc\u00ea dar um prazo e antes do prazo tomar uma decis\u00e3o&#8221;, disparou.<\/p>\n<p>&nbsp;<\/p>\n<p>Ele complementou: &#8220;<a href=\"https:\/\/www.bnews.com.br\/noticias\/politica\/paulo-magalhaes-junior-ameaca-geraldo-junior-e-oposicao-apos-vitoria-na-justica-vem-mais-por-ai.html\">Como n\u00e3o foi votado um projeto importante quando todos os servidores sabem que foi votado sobre cargos e sal\u00e1rios da Guarda Municipal<\/a>, houve vota\u00e7\u00e3o de aumento salarial de todo servidor publico, quer dizer que para ele n\u00e3o \u00e9 importante? Houve a quebra do veto para os agentes de sa\u00fade e de endemias tivessem sal\u00e1rios dignos, ser\u00e1 que isso n\u00e3o \u00e9 importante? Se n\u00e3o for, ent\u00e3o, ele n\u00e3o d\u00e1 import\u00e2ncia nenhuma nem para o p\u00fablico, nem para o povo de Salvador&#8221;.<\/p>\n<p>&nbsp;<\/p>\n<p>&nbsp;<\/p>\n<p>&nbsp;<\/p>\n<p>&nbsp;<\/p>\n<p>Bnews<\/p>\n<p>&nbsp;<\/p>\n","protected":false},"excerpt":{"rendered":"<p>O vereador\u00a0Carlos Muniz (Podemos)\u00a0reagiu contra a decis\u00e3o judicial que muda a forma\u00e7\u00e3o dos membros da\u00a0CMS. A justi\u00e7a acatou na \u00faltima<\/p>\n","protected":false},"author":2,"featured_media":1482,"comment_status":"open","ping_status":"open","sticky":false,"template":"","format":"standard","meta":{"colormag_page_container_layout":"default_layout","colormag_page_sidebar_layout":"default_layout","_FSMCFIC_featured_image_caption":"","_FSMCFIC_featured_image_nocaption":"","_FSMCFIC_featured_image_hide":"","footnotes":""},"categories":[2,1],"tags":[],"class_list":["post-1481","post","type-post","status-publish","format-standard","has-post-thumbnail","hentry","category-noticias","category-ultimas"],"yoast_head":"<!-- This site is optimized with the Yoast SEO plugin v27.1.1 - https:\/\/yoast.com\/product\/yoast-seo-wordpress\/ -->\n<title>C\u00e2mara de Vereadores: Carlos Muniz solta o verbo sobre decis\u00e3o que abalou estruturas da Casa - Brasil not\u00edcias<\/title>\n<meta name=\"robots\" content=\"index, follow, max-snippet:-1, max-image-preview:large, max-video-preview:-1\" \/>\n<link rel=\"canonical\" href=\"https:\/\/brasilnoticias.org\/site\/camara-de-vereadores-carlos-muniz-solta-o-verbo-sobre-decisao-que-abalou-estruturas-da-casa\/\" \/>\n<meta property=\"og:locale\" content=\"pt_PT\" \/>\n<meta property=\"og:type\" content=\"article\" \/>\n<meta property=\"og:title\" content=\"C\u00e2mara de Vereadores: Carlos Muniz solta o verbo sobre decis\u00e3o que abalou estruturas da Casa - Brasil not\u00edcias\" \/>\n<meta property=\"og:description\" content=\"O vereador\u00a0Carlos Muniz (Podemos)\u00a0reagiu contra a decis\u00e3o judicial que muda a forma\u00e7\u00e3o dos membros da\u00a0CMS. A justi\u00e7a acatou na \u00faltima\" \/>\n<meta property=\"og:url\" content=\"https:\/\/brasilnoticias.org\/site\/camara-de-vereadores-carlos-muniz-solta-o-verbo-sobre-decisao-que-abalou-estruturas-da-casa\/\" \/>\n<meta property=\"og:site_name\" content=\"Brasil not\u00edcias\" \/>\n<meta property=\"article:published_time\" content=\"2022-09-14T12:41:05+00:00\" \/>\n<meta property=\"og:image\" content=\"https:\/\/brasilnoticias.org\/site\/wp-content\/uploads\/2022\/09\/decisao_judicial_anulou_a_formacao_da_comissoes_e_projetos_votados_na_casa_widelg-1.jpeg\" \/>\n\t<meta property=\"og:image:width\" content=\"800\" \/>\n\t<meta property=\"og:image:height\" content=\"450\" \/>\n\t<meta property=\"og:image:type\" content=\"image\/jpeg\" \/>\n<meta name=\"author\" content=\"Reda\u00e7\u00e3o\" \/>\n<meta name=\"twitter:card\" content=\"summary_large_image\" \/>\n<meta name=\"twitter:label1\" content=\"Escrito por\" \/>\n\t<meta name=\"twitter:data1\" content=\"Reda\u00e7\u00e3o\" \/>\n\t<meta name=\"twitter:label2\" content=\"Tempo estimado de leitura\" \/>\n\t<meta name=\"twitter:data2\" content=\"1 minuto\" \/>\n<script type=\"application\/ld+json\" class=\"yoast-schema-graph\">{\"@context\":\"https:\/\/schema.org\",\"@graph\":[{\"@type\":\"Article\",\"@id\":\"https:\/\/brasilnoticias.org\/site\/camara-de-vereadores-carlos-muniz-solta-o-verbo-sobre-decisao-que-abalou-estruturas-da-casa\/#article\",\"isPartOf\":{\"@id\":\"https:\/\/brasilnoticias.org\/site\/camara-de-vereadores-carlos-muniz-solta-o-verbo-sobre-decisao-que-abalou-estruturas-da-casa\/\"},\"author\":{\"name\":\"Reda\u00e7\u00e3o\",\"@id\":\"https:\/\/brasilnoticias.org\/site\/#\/schema\/person\/f609fa847b5314f1c8b983342f34c798\"},\"headline\":\"C\u00e2mara de Vereadores: Carlos Muniz solta o verbo sobre decis\u00e3o que abalou estruturas da Casa\",\"datePublished\":\"2022-09-14T12:41:05+00:00\",\"mainEntityOfPage\":{\"@id\":\"https:\/\/brasilnoticias.org\/site\/camara-de-vereadores-carlos-muniz-solta-o-verbo-sobre-decisao-que-abalou-estruturas-da-casa\/\"},\"wordCount\":307,\"commentCount\":0,\"publisher\":{\"@id\":\"https:\/\/brasilnoticias.org\/site\/#organization\"},\"image\":{\"@id\":\"https:\/\/brasilnoticias.org\/site\/camara-de-vereadores-carlos-muniz-solta-o-verbo-sobre-decisao-que-abalou-estruturas-da-casa\/#primaryimage\"},\"thumbnailUrl\":\"https:\/\/brasilnoticias.org\/site\/wp-content\/uploads\/2022\/09\/decisao_judicial_anulou_a_formacao_da_comissoes_e_projetos_votados_na_casa_widelg-1.jpeg\",\"articleSection\":[\"Not\u00edcias\",\"\u00daltimas\"],\"inLanguage\":\"pt-PT\",\"potentialAction\":[{\"@type\":\"CommentAction\",\"name\":\"Comment\",\"target\":[\"https:\/\/brasilnoticias.org\/site\/camara-de-vereadores-carlos-muniz-solta-o-verbo-sobre-decisao-que-abalou-estruturas-da-casa\/#respond\"]}]},{\"@type\":\"WebPage\",\"@id\":\"https:\/\/brasilnoticias.org\/site\/camara-de-vereadores-carlos-muniz-solta-o-verbo-sobre-decisao-que-abalou-estruturas-da-casa\/\",\"url\":\"https:\/\/brasilnoticias.org\/site\/camara-de-vereadores-carlos-muniz-solta-o-verbo-sobre-decisao-que-abalou-estruturas-da-casa\/\",\"name\":\"C\u00e2mara de Vereadores: Carlos Muniz solta o verbo sobre decis\u00e3o que abalou estruturas da Casa - Brasil not\u00edcias\",\"isPartOf\":{\"@id\":\"https:\/\/brasilnoticias.org\/site\/#website\"},\"primaryImageOfPage\":{\"@id\":\"https:\/\/brasilnoticias.org\/site\/camara-de-vereadores-carlos-muniz-solta-o-verbo-sobre-decisao-que-abalou-estruturas-da-casa\/#primaryimage\"},\"image\":{\"@id\":\"https:\/\/brasilnoticias.org\/site\/camara-de-vereadores-carlos-muniz-solta-o-verbo-sobre-decisao-que-abalou-estruturas-da-casa\/#primaryimage\"},\"thumbnailUrl\":\"https:\/\/brasilnoticias.org\/site\/wp-content\/uploads\/2022\/09\/decisao_judicial_anulou_a_formacao_da_comissoes_e_projetos_votados_na_casa_widelg-1.jpeg\",\"datePublished\":\"2022-09-14T12:41:05+00:00\",\"breadcrumb\":{\"@id\":\"https:\/\/brasilnoticias.org\/site\/camara-de-vereadores-carlos-muniz-solta-o-verbo-sobre-decisao-que-abalou-estruturas-da-casa\/#breadcrumb\"},\"inLanguage\":\"pt-PT\",\"potentialAction\":[{\"@type\":\"ReadAction\",\"target\":[\"https:\/\/brasilnoticias.org\/site\/camara-de-vereadores-carlos-muniz-solta-o-verbo-sobre-decisao-que-abalou-estruturas-da-casa\/\"]}]},{\"@type\":\"ImageObject\",\"inLanguage\":\"pt-PT\",\"@id\":\"https:\/\/brasilnoticias.org\/site\/camara-de-vereadores-carlos-muniz-solta-o-verbo-sobre-decisao-que-abalou-estruturas-da-casa\/#primaryimage\",\"url\":\"https:\/\/brasilnoticias.org\/site\/wp-content\/uploads\/2022\/09\/decisao_judicial_anulou_a_formacao_da_comissoes_e_projetos_votados_na_casa_widelg-1.jpeg\",\"contentUrl\":\"https:\/\/brasilnoticias.org\/site\/wp-content\/uploads\/2022\/09\/decisao_judicial_anulou_a_formacao_da_comissoes_e_projetos_votados_na_casa_widelg-1.jpeg\",\"width\":800,\"height\":450},{\"@type\":\"BreadcrumbList\",\"@id\":\"https:\/\/brasilnoticias.org\/site\/camara-de-vereadores-carlos-muniz-solta-o-verbo-sobre-decisao-que-abalou-estruturas-da-casa\/#breadcrumb\",\"itemListElement\":[{\"@type\":\"ListItem\",\"position\":1,\"name\":\"In\u00edcio\",\"item\":\"https:\/\/brasilnoticias.org\/site\/\"},{\"@type\":\"ListItem\",\"position\":2,\"name\":\"C\u00e2mara de Vereadores: Carlos Muniz solta o verbo sobre decis\u00e3o que abalou estruturas da Casa\"}]},{\"@type\":\"WebSite\",\"@id\":\"https:\/\/brasilnoticias.org\/site\/#website\",\"url\":\"https:\/\/brasilnoticias.org\/site\/\",\"name\":\"Brasil not\u00edcias\",\"description\":\"Brasil not\u00edcias\",\"publisher\":{\"@id\":\"https:\/\/brasilnoticias.org\/site\/#organization\"},\"potentialAction\":[{\"@type\":\"SearchAction\",\"target\":{\"@type\":\"EntryPoint\",\"urlTemplate\":\"https:\/\/brasilnoticias.org\/site\/?s={search_term_string}\"},\"query-input\":{\"@type\":\"PropertyValueSpecification\",\"valueRequired\":true,\"valueName\":\"search_term_string\"}}],\"inLanguage\":\"pt-PT\"},{\"@type\":\"Organization\",\"@id\":\"https:\/\/brasilnoticias.org\/site\/#organization\",\"name\":\"Brasil not\u00edcias\",\"url\":\"https:\/\/brasilnoticias.org\/site\/\",\"logo\":{\"@type\":\"ImageObject\",\"inLanguage\":\"pt-PT\",\"@id\":\"https:\/\/brasilnoticias.org\/site\/#\/schema\/logo\/image\/\",\"url\":\"https:\/\/brasilnoticias.org\/site\/wp-content\/uploads\/2022\/05\/cropped-brasilnoticias-mini.jpg\",\"contentUrl\":\"https:\/\/brasilnoticias.org\/site\/wp-content\/uploads\/2022\/05\/cropped-brasilnoticias-mini.jpg\",\"width\":314,\"height\":86,\"caption\":\"Brasil not\u00edcias\"},\"image\":{\"@id\":\"https:\/\/brasilnoticias.org\/site\/#\/schema\/logo\/image\/\"}},{\"@type\":\"Person\",\"@id\":\"https:\/\/brasilnoticias.org\/site\/#\/schema\/person\/f609fa847b5314f1c8b983342f34c798\",\"name\":\"Reda\u00e7\u00e3o\",\"image\":{\"@type\":\"ImageObject\",\"inLanguage\":\"pt-PT\",\"@id\":\"https:\/\/brasilnoticias.org\/site\/#\/schema\/person\/image\/\",\"url\":\"https:\/\/secure.gravatar.com\/avatar\/447284c06c1ad8b46465a36de9cd0d8326b73387a22799b8b1ffb1fbcff2ed0c?s=96&d=mm&r=g\",\"contentUrl\":\"https:\/\/secure.gravatar.com\/avatar\/447284c06c1ad8b46465a36de9cd0d8326b73387a22799b8b1ffb1fbcff2ed0c?s=96&d=mm&r=g\",\"caption\":\"Reda\u00e7\u00e3o\"},\"url\":\"https:\/\/brasilnoticias.org\/site\/author\/redacao\/\"}]}<\/script>\n<!-- \/ Yoast SEO plugin. -->","yoast_head_json":{"title":"C\u00e2mara de Vereadores: Carlos Muniz solta o verbo sobre decis\u00e3o que abalou estruturas da Casa - Brasil not\u00edcias","robots":{"index":"index","follow":"follow","max-snippet":"max-snippet:-1","max-image-preview":"max-image-preview:large","max-video-preview":"max-video-preview:-1"},"canonical":"https:\/\/brasilnoticias.org\/site\/camara-de-vereadores-carlos-muniz-solta-o-verbo-sobre-decisao-que-abalou-estruturas-da-casa\/","og_locale":"pt_PT","og_type":"article","og_title":"C\u00e2mara de Vereadores: Carlos Muniz solta o verbo sobre decis\u00e3o que abalou estruturas da Casa - Brasil not\u00edcias","og_description":"O vereador\u00a0Carlos Muniz (Podemos)\u00a0reagiu contra a decis\u00e3o judicial que muda a forma\u00e7\u00e3o dos membros da\u00a0CMS. A justi\u00e7a acatou na \u00faltima","og_url":"https:\/\/brasilnoticias.org\/site\/camara-de-vereadores-carlos-muniz-solta-o-verbo-sobre-decisao-que-abalou-estruturas-da-casa\/","og_site_name":"Brasil not\u00edcias","article_published_time":"2022-09-14T12:41:05+00:00","og_image":[{"width":800,"height":450,"url":"https:\/\/brasilnoticias.org\/site\/wp-content\/uploads\/2022\/09\/decisao_judicial_anulou_a_formacao_da_comissoes_e_projetos_votados_na_casa_widelg-1.jpeg","type":"image\/jpeg"}],"author":"Reda\u00e7\u00e3o","twitter_card":"summary_large_image","twitter_misc":{"Escrito por":"Reda\u00e7\u00e3o","Tempo estimado de leitura":"1 minuto"},"schema":{"@context":"https:\/\/schema.org","@graph":[{"@type":"Article","@id":"https:\/\/brasilnoticias.org\/site\/camara-de-vereadores-carlos-muniz-solta-o-verbo-sobre-decisao-que-abalou-estruturas-da-casa\/#article","isPartOf":{"@id":"https:\/\/brasilnoticias.org\/site\/camara-de-vereadores-carlos-muniz-solta-o-verbo-sobre-decisao-que-abalou-estruturas-da-casa\/"},"author":{"name":"Reda\u00e7\u00e3o","@id":"https:\/\/brasilnoticias.org\/site\/#\/schema\/person\/f609fa847b5314f1c8b983342f34c798"},"headline":"C\u00e2mara de Vereadores: Carlos Muniz solta o verbo sobre decis\u00e3o que abalou estruturas da Casa","datePublished":"2022-09-14T12:41:05+00:00","mainEntityOfPage":{"@id":"https:\/\/brasilnoticias.org\/site\/camara-de-vereadores-carlos-muniz-solta-o-verbo-sobre-decisao-que-abalou-estruturas-da-casa\/"},"wordCount":307,"commentCount":0,"publisher":{"@id":"https:\/\/brasilnoticias.org\/site\/#organization"},"image":{"@id":"https:\/\/brasilnoticias.org\/site\/camara-de-vereadores-carlos-muniz-solta-o-verbo-sobre-decisao-que-abalou-estruturas-da-casa\/#primaryimage"},"thumbnailUrl":"https:\/\/brasilnoticias.org\/site\/wp-content\/uploads\/2022\/09\/decisao_judicial_anulou_a_formacao_da_comissoes_e_projetos_votados_na_casa_widelg-1.jpeg","articleSection":["Not\u00edcias","\u00daltimas"],"inLanguage":"pt-PT","potentialAction":[{"@type":"CommentAction","name":"Comment","target":["https:\/\/brasilnoticias.org\/site\/camara-de-vereadores-carlos-muniz-solta-o-verbo-sobre-decisao-que-abalou-estruturas-da-casa\/#respond"]}]},{"@type":"WebPage","@id":"https:\/\/brasilnoticias.org\/site\/camara-de-vereadores-carlos-muniz-solta-o-verbo-sobre-decisao-que-abalou-estruturas-da-casa\/","url":"https:\/\/brasilnoticias.org\/site\/camara-de-vereadores-carlos-muniz-solta-o-verbo-sobre-decisao-que-abalou-estruturas-da-casa\/","name":"C\u00e2mara de Vereadores: Carlos Muniz solta o verbo sobre decis\u00e3o que abalou estruturas da Casa - Brasil not\u00edcias","isPartOf":{"@id":"https:\/\/brasilnoticias.org\/site\/#website"},"primaryImageOfPage":{"@id":"https:\/\/brasilnoticias.org\/site\/camara-de-vereadores-carlos-muniz-solta-o-verbo-sobre-decisao-que-abalou-estruturas-da-casa\/#primaryimage"},"image":{"@id":"https:\/\/brasilnoticias.org\/site\/camara-de-vereadores-carlos-muniz-solta-o-verbo-sobre-decisao-que-abalou-estruturas-da-casa\/#primaryimage"},"thumbnailUrl":"https:\/\/brasilnoticias.org\/site\/wp-content\/uploads\/2022\/09\/decisao_judicial_anulou_a_formacao_da_comissoes_e_projetos_votados_na_casa_widelg-1.jpeg","datePublished":"2022-09-14T12:41:05+00:00","breadcrumb":{"@id":"https:\/\/brasilnoticias.org\/site\/camara-de-vereadores-carlos-muniz-solta-o-verbo-sobre-decisao-que-abalou-estruturas-da-casa\/#breadcrumb"},"inLanguage":"pt-PT","potentialAction":[{"@type":"ReadAction","target":["https:\/\/brasilnoticias.org\/site\/camara-de-vereadores-carlos-muniz-solta-o-verbo-sobre-decisao-que-abalou-estruturas-da-casa\/"]}]},{"@type":"ImageObject","inLanguage":"pt-PT","@id":"https:\/\/brasilnoticias.org\/site\/camara-de-vereadores-carlos-muniz-solta-o-verbo-sobre-decisao-que-abalou-estruturas-da-casa\/#primaryimage","url":"https:\/\/brasilnoticias.org\/site\/wp-content\/uploads\/2022\/09\/decisao_judicial_anulou_a_formacao_da_comissoes_e_projetos_votados_na_casa_widelg-1.jpeg","contentUrl":"https:\/\/brasilnoticias.org\/site\/wp-content\/uploads\/2022\/09\/decisao_judicial_anulou_a_formacao_da_comissoes_e_projetos_votados_na_casa_widelg-1.jpeg","width":800,"height":450},{"@type":"BreadcrumbList","@id":"https:\/\/brasilnoticias.org\/site\/camara-de-vereadores-carlos-muniz-solta-o-verbo-sobre-decisao-que-abalou-estruturas-da-casa\/#breadcrumb","itemListElement":[{"@type":"ListItem","position":1,"name":"In\u00edcio","item":"https:\/\/brasilnoticias.org\/site\/"},{"@type":"ListItem","position":2,"name":"C\u00e2mara de Vereadores: Carlos Muniz solta o verbo sobre decis\u00e3o que abalou estruturas da Casa"}]},{"@type":"WebSite","@id":"https:\/\/brasilnoticias.org\/site\/#website","url":"https:\/\/brasilnoticias.org\/site\/","name":"Brasil not\u00edcias","description":"Brasil not\u00edcias","publisher":{"@id":"https:\/\/brasilnoticias.org\/site\/#organization"},"potentialAction":[{"@type":"SearchAction","target":{"@type":"EntryPoint","urlTemplate":"https:\/\/brasilnoticias.org\/site\/?s={search_term_string}"},"query-input":{"@type":"PropertyValueSpecification","valueRequired":true,"valueName":"search_term_string"}}],"inLanguage":"pt-PT"},{"@type":"Organization","@id":"https:\/\/brasilnoticias.org\/site\/#organization","name":"Brasil not\u00edcias","url":"https:\/\/brasilnoticias.org\/site\/","logo":{"@type":"ImageObject","inLanguage":"pt-PT","@id":"https:\/\/brasilnoticias.org\/site\/#\/schema\/logo\/image\/","url":"https:\/\/brasilnoticias.org\/site\/wp-content\/uploads\/2022\/05\/cropped-brasilnoticias-mini.jpg","contentUrl":"https:\/\/brasilnoticias.org\/site\/wp-content\/uploads\/2022\/05\/cropped-brasilnoticias-mini.jpg","width":314,"height":86,"caption":"Brasil not\u00edcias"},"image":{"@id":"https:\/\/brasilnoticias.org\/site\/#\/schema\/logo\/image\/"}},{"@type":"Person","@id":"https:\/\/brasilnoticias.org\/site\/#\/schema\/person\/f609fa847b5314f1c8b983342f34c798","name":"Reda\u00e7\u00e3o","image":{"@type":"ImageObject","inLanguage":"pt-PT","@id":"https:\/\/brasilnoticias.org\/site\/#\/schema\/person\/image\/","url":"https:\/\/secure.gravatar.com\/avatar\/447284c06c1ad8b46465a36de9cd0d8326b73387a22799b8b1ffb1fbcff2ed0c?s=96&d=mm&r=g","contentUrl":"https:\/\/secure.gravatar.com\/avatar\/447284c06c1ad8b46465a36de9cd0d8326b73387a22799b8b1ffb1fbcff2ed0c?s=96&d=mm&r=g","caption":"Reda\u00e7\u00e3o"},"url":"https:\/\/brasilnoticias.org\/site\/author\/redacao\/"}]}},"_links":{"self":[{"href":"https:\/\/brasilnoticias.org\/site\/wp-json\/wp\/v2\/posts\/1481","targetHints":{"allow":["GET"]}}],"collection":[{"href":"https:\/\/brasilnoticias.org\/site\/wp-json\/wp\/v2\/posts"}],"about":[{"href":"https:\/\/brasilnoticias.org\/site\/wp-json\/wp\/v2\/types\/post"}],"author":[{"embeddable":true,"href":"https:\/\/brasilnoticias.org\/site\/wp-json\/wp\/v2\/users\/2"}],"replies":[{"embeddable":true,"href":"https:\/\/brasilnoticias.org\/site\/wp-json\/wp\/v2\/comments?post=1481"}],"version-history":[{"count":1,"href":"https:\/\/brasilnoticias.org\/site\/wp-json\/wp\/v2\/posts\/1481\/revisions"}],"predecessor-version":[{"id":1483,"href":"https:\/\/brasilnoticias.org\/site\/wp-json\/wp\/v2\/posts\/1481\/revisions\/1483"}],"wp:featuredmedia":[{"embeddable":true,"href":"https:\/\/brasilnoticias.org\/site\/wp-json\/wp\/v2\/media\/1482"}],"wp:attachment":[{"href":"https:\/\/brasilnoticias.org\/site\/wp-json\/wp\/v2\/media?parent=1481"}],"wp:term":[{"taxonomy":"category","embeddable":true,"href":"https:\/\/brasilnoticias.org\/site\/wp-json\/wp\/v2\/categories?post=1481"},{"taxonomy":"post_tag","embeddable":true,"href":"https:\/\/brasilnoticias.org\/site\/wp-json\/wp\/v2\/tags?post=1481"}],"curies":[{"name":"wp","href":"https:\/\/api.w.org\/{rel}","templated":true}]}}