{"id":14823,"date":"2024-06-30T18:49:13","date_gmt":"2024-06-30T21:49:13","guid":{"rendered":"https:\/\/brasilnoticias.org\/site\/?p=14823"},"modified":"2024-06-30T18:49:13","modified_gmt":"2024-06-30T21:49:13","slug":"prefeitura-de-salvador-entrega-mercado-popular-usina-solar-e-unidades-habitacionais-no-suburbio","status":"publish","type":"post","link":"https:\/\/brasilnoticias.org\/site\/prefeitura-de-salvador-entrega-mercado-popular-usina-solar-e-unidades-habitacionais-no-suburbio\/","title":{"rendered":"Prefeitura de Salvador entrega Mercado Popular, usina solar e unidades habitacionais no Sub\u00farbio"},"content":{"rendered":"<p>Bruno Reis anunciou outras a\u00e7\u00f5es, incluindo a constru\u00e7\u00e3o de uma arena aqu\u00e1tica com piscina semiol\u00edmpica no residencial<\/p>\n<p>A Prefeitura de Salvador entregou neste domingo (30) o Mercado Popular, uma usina solar e 17 unidades habitacionais no Residencial Man\u00e9 Dend\u00ea, no Sub\u00farbio Ferrovi\u00e1rio. O prefeito Bruno Reis esteve no local e assinou tamb\u00e9m a ordem de servi\u00e7o para a implanta\u00e7\u00e3o de dois Ecopontos e um galp\u00e3o de triagem. <\/p>\n<p>Al\u00e9m disso, Bruno Reis anunciou a constru\u00e7\u00e3o de uma arena aqu\u00e1tica com piscina semiol\u00edmpica no residencial. No total, o mercado teve um investimento de R$ 10 milh\u00f5es e conta com 21 boxes, 48 bancas, dois quiosques e duas lanchonetes.<\/p>\n<p>A usina solar foi entregue em parceria com a Neoenergia Coelba e consegue gerar 21.909 kWh de energia por m\u00eas, representando uma economia anual da ordem de R$ 180 mil para as fam\u00edlias da comunidade. Ainda foram entregues 17 sobrados, que se somam aos outros 20 inaugurados em abril deste ano, chegando a um total de 37 unidades. <\/p>\n<p>Os Ecopontos e o galp\u00e3o de triagem ter\u00e3o investimento de R$ 5,4 milh\u00f5es, com prazo para conclus\u00e3o de oito meses. Os equipamentos ser\u00e3o destinados aos moradores dos bairros de Plataforma, Itacaranha e Ilha Amarela. Tamb\u00e9m neste domingo, al\u00e9m das entregas, est\u00e1 sendo realizada a segunda edi\u00e7\u00e3o da Feira Social do Novo Man\u00e9 Dend\u00ea, com diversos servi\u00e7os municipais \u00e0s fam\u00edlias benefici\u00e1rias do projeto no Sub\u00farbio.<\/p>\n<p>O prefeito destacou que a expectativa \u00e9 iniciar as obras do telef\u00e9rico do Sub\u00farbio ainda neste ano. \u201cSem sombra de d\u00favidas, vai melhorar e transformar esta regi\u00e3o, em especial possibilitando \u00e0s pessoas um transporte p\u00fablico de qualidade, o que h\u00e1 de mais moderno do mundo\u201d, ressaltou ele, ao destacar que o Man\u00e9 Dend\u00ea \u00e9 o maior investimento municipal em infraestrutura na cidade. <\/p>\n<p>Foto: Betto Jr.\/ Secom<br \/>\nPor: Metro1<\/p>\n","protected":false},"excerpt":{"rendered":"<p>Bruno Reis anunciou outras a\u00e7\u00f5es, incluindo a constru\u00e7\u00e3o de uma arena aqu\u00e1tica com piscina semiol\u00edmpica no residencial A Prefeitura de<\/p>\n","protected":false},"author":4,"featured_media":14824,"comment_status":"open","ping_status":"open","sticky":false,"template":"","format":"standard","meta":{"colormag_page_container_layout":"default_layout","colormag_page_sidebar_layout":"default_layout","_FSMCFIC_featured_image_caption":"","_FSMCFIC_featured_image_nocaption":"","_FSMCFIC_featured_image_hide":"","footnotes":""},"categories":[2,1],"tags":[],"class_list":["post-14823","post","type-post","status-publish","format-standard","has-post-thumbnail","hentry","category-noticias","category-ultimas"],"yoast_head":"<!-- This site is optimized with the Yoast SEO plugin v27.1.1 - https:\/\/yoast.com\/product\/yoast-seo-wordpress\/ -->\n<title>Prefeitura de Salvador entrega Mercado Popular, usina solar e unidades habitacionais no Sub\u00farbio - Brasil not\u00edcias<\/title>\n<meta name=\"robots\" content=\"index, follow, max-snippet:-1, max-image-preview:large, max-video-preview:-1\" \/>\n<link rel=\"canonical\" href=\"https:\/\/brasilnoticias.org\/site\/prefeitura-de-salvador-entrega-mercado-popular-usina-solar-e-unidades-habitacionais-no-suburbio\/\" \/>\n<meta property=\"og:locale\" content=\"pt_PT\" \/>\n<meta property=\"og:type\" content=\"article\" \/>\n<meta property=\"og:title\" content=\"Prefeitura de Salvador entrega Mercado Popular, usina solar e unidades habitacionais no Sub\u00farbio - Brasil not\u00edcias\" \/>\n<meta property=\"og:description\" content=\"Bruno Reis anunciou outras a\u00e7\u00f5es, incluindo a constru\u00e7\u00e3o de uma arena aqu\u00e1tica com piscina semiol\u00edmpica no residencial A Prefeitura de\" \/>\n<meta property=\"og:url\" content=\"https:\/\/brasilnoticias.org\/site\/prefeitura-de-salvador-entrega-mercado-popular-usina-solar-e-unidades-habitacionais-no-suburbio\/\" \/>\n<meta property=\"og:site_name\" content=\"Brasil not\u00edcias\" \/>\n<meta property=\"article:published_time\" content=\"2024-06-30T21:49:13+00:00\" \/>\n<meta property=\"og:image\" content=\"https:\/\/brasilnoticias.org\/site\/wp-content\/uploads\/2024\/06\/152212prefeitura-de-salvador-entrega-mercado-popular-usina-solar-e-unidades-habitacionais-no-suburbio-3.jpg\" \/>\n\t<meta property=\"og:image:width\" content=\"1600\" \/>\n\t<meta property=\"og:image:height\" content=\"752\" \/>\n\t<meta property=\"og:image:type\" content=\"image\/jpeg\" \/>\n<meta name=\"author\" content=\"Reda\u00e7\u00e3o\" \/>\n<meta name=\"twitter:card\" content=\"summary_large_image\" \/>\n<meta name=\"twitter:label1\" content=\"Escrito por\" \/>\n\t<meta name=\"twitter:data1\" content=\"Reda\u00e7\u00e3o\" \/>\n\t<meta name=\"twitter:label2\" content=\"Tempo estimado de leitura\" \/>\n\t<meta name=\"twitter:data2\" content=\"1 minuto\" \/>\n<script type=\"application\/ld+json\" class=\"yoast-schema-graph\">{\"@context\":\"https:\/\/schema.org\",\"@graph\":[{\"@type\":\"Article\",\"@id\":\"https:\/\/brasilnoticias.org\/site\/prefeitura-de-salvador-entrega-mercado-popular-usina-solar-e-unidades-habitacionais-no-suburbio\/#article\",\"isPartOf\":{\"@id\":\"https:\/\/brasilnoticias.org\/site\/prefeitura-de-salvador-entrega-mercado-popular-usina-solar-e-unidades-habitacionais-no-suburbio\/\"},\"author\":{\"name\":\"Reda\u00e7\u00e3o\",\"@id\":\"https:\/\/brasilnoticias.org\/site\/#\/schema\/person\/03bbbfe6c7634ad18c26444ea39049fa\"},\"headline\":\"Prefeitura de Salvador entrega Mercado Popular, usina solar e unidades habitacionais no Sub\u00farbio\",\"datePublished\":\"2024-06-30T21:49:13+00:00\",\"mainEntityOfPage\":{\"@id\":\"https:\/\/brasilnoticias.org\/site\/prefeitura-de-salvador-entrega-mercado-popular-usina-solar-e-unidades-habitacionais-no-suburbio\/\"},\"wordCount\":331,\"commentCount\":0,\"publisher\":{\"@id\":\"https:\/\/brasilnoticias.org\/site\/#organization\"},\"image\":{\"@id\":\"https:\/\/brasilnoticias.org\/site\/prefeitura-de-salvador-entrega-mercado-popular-usina-solar-e-unidades-habitacionais-no-suburbio\/#primaryimage\"},\"thumbnailUrl\":\"https:\/\/brasilnoticias.org\/site\/wp-content\/uploads\/2024\/06\/152212prefeitura-de-salvador-entrega-mercado-popular-usina-solar-e-unidades-habitacionais-no-suburbio-3.jpg\",\"articleSection\":[\"Not\u00edcias\",\"\u00daltimas\"],\"inLanguage\":\"pt-PT\",\"potentialAction\":[{\"@type\":\"CommentAction\",\"name\":\"Comment\",\"target\":[\"https:\/\/brasilnoticias.org\/site\/prefeitura-de-salvador-entrega-mercado-popular-usina-solar-e-unidades-habitacionais-no-suburbio\/#respond\"]}]},{\"@type\":\"WebPage\",\"@id\":\"https:\/\/brasilnoticias.org\/site\/prefeitura-de-salvador-entrega-mercado-popular-usina-solar-e-unidades-habitacionais-no-suburbio\/\",\"url\":\"https:\/\/brasilnoticias.org\/site\/prefeitura-de-salvador-entrega-mercado-popular-usina-solar-e-unidades-habitacionais-no-suburbio\/\",\"name\":\"Prefeitura de Salvador entrega Mercado Popular, usina solar e unidades habitacionais no Sub\u00farbio - Brasil not\u00edcias\",\"isPartOf\":{\"@id\":\"https:\/\/brasilnoticias.org\/site\/#website\"},\"primaryImageOfPage\":{\"@id\":\"https:\/\/brasilnoticias.org\/site\/prefeitura-de-salvador-entrega-mercado-popular-usina-solar-e-unidades-habitacionais-no-suburbio\/#primaryimage\"},\"image\":{\"@id\":\"https:\/\/brasilnoticias.org\/site\/prefeitura-de-salvador-entrega-mercado-popular-usina-solar-e-unidades-habitacionais-no-suburbio\/#primaryimage\"},\"thumbnailUrl\":\"https:\/\/brasilnoticias.org\/site\/wp-content\/uploads\/2024\/06\/152212prefeitura-de-salvador-entrega-mercado-popular-usina-solar-e-unidades-habitacionais-no-suburbio-3.jpg\",\"datePublished\":\"2024-06-30T21:49:13+00:00\",\"breadcrumb\":{\"@id\":\"https:\/\/brasilnoticias.org\/site\/prefeitura-de-salvador-entrega-mercado-popular-usina-solar-e-unidades-habitacionais-no-suburbio\/#breadcrumb\"},\"inLanguage\":\"pt-PT\",\"potentialAction\":[{\"@type\":\"ReadAction\",\"target\":[\"https:\/\/brasilnoticias.org\/site\/prefeitura-de-salvador-entrega-mercado-popular-usina-solar-e-unidades-habitacionais-no-suburbio\/\"]}]},{\"@type\":\"ImageObject\",\"inLanguage\":\"pt-PT\",\"@id\":\"https:\/\/brasilnoticias.org\/site\/prefeitura-de-salvador-entrega-mercado-popular-usina-solar-e-unidades-habitacionais-no-suburbio\/#primaryimage\",\"url\":\"https:\/\/brasilnoticias.org\/site\/wp-content\/uploads\/2024\/06\/152212prefeitura-de-salvador-entrega-mercado-popular-usina-solar-e-unidades-habitacionais-no-suburbio-3.jpg\",\"contentUrl\":\"https:\/\/brasilnoticias.org\/site\/wp-content\/uploads\/2024\/06\/152212prefeitura-de-salvador-entrega-mercado-popular-usina-solar-e-unidades-habitacionais-no-suburbio-3.jpg\",\"width\":1600,\"height\":752},{\"@type\":\"BreadcrumbList\",\"@id\":\"https:\/\/brasilnoticias.org\/site\/prefeitura-de-salvador-entrega-mercado-popular-usina-solar-e-unidades-habitacionais-no-suburbio\/#breadcrumb\",\"itemListElement\":[{\"@type\":\"ListItem\",\"position\":1,\"name\":\"In\u00edcio\",\"item\":\"https:\/\/brasilnoticias.org\/site\/\"},{\"@type\":\"ListItem\",\"position\":2,\"name\":\"Prefeitura de Salvador entrega Mercado Popular, usina solar e unidades habitacionais no Sub\u00farbio\"}]},{\"@type\":\"WebSite\",\"@id\":\"https:\/\/brasilnoticias.org\/site\/#website\",\"url\":\"https:\/\/brasilnoticias.org\/site\/\",\"name\":\"Brasil not\u00edcias\",\"description\":\"Brasil not\u00edcias\",\"publisher\":{\"@id\":\"https:\/\/brasilnoticias.org\/site\/#organization\"},\"potentialAction\":[{\"@type\":\"SearchAction\",\"target\":{\"@type\":\"EntryPoint\",\"urlTemplate\":\"https:\/\/brasilnoticias.org\/site\/?s={search_term_string}\"},\"query-input\":{\"@type\":\"PropertyValueSpecification\",\"valueRequired\":true,\"valueName\":\"search_term_string\"}}],\"inLanguage\":\"pt-PT\"},{\"@type\":\"Organization\",\"@id\":\"https:\/\/brasilnoticias.org\/site\/#organization\",\"name\":\"Brasil not\u00edcias\",\"url\":\"https:\/\/brasilnoticias.org\/site\/\",\"logo\":{\"@type\":\"ImageObject\",\"inLanguage\":\"pt-PT\",\"@id\":\"https:\/\/brasilnoticias.org\/site\/#\/schema\/logo\/image\/\",\"url\":\"https:\/\/brasilnoticias.org\/site\/wp-content\/uploads\/2022\/05\/cropped-brasilnoticias-mini.jpg\",\"contentUrl\":\"https:\/\/brasilnoticias.org\/site\/wp-content\/uploads\/2022\/05\/cropped-brasilnoticias-mini.jpg\",\"width\":314,\"height\":86,\"caption\":\"Brasil not\u00edcias\"},\"image\":{\"@id\":\"https:\/\/brasilnoticias.org\/site\/#\/schema\/logo\/image\/\"}},{\"@type\":\"Person\",\"@id\":\"https:\/\/brasilnoticias.org\/site\/#\/schema\/person\/03bbbfe6c7634ad18c26444ea39049fa\",\"name\":\"Reda\u00e7\u00e3o\",\"image\":{\"@type\":\"ImageObject\",\"inLanguage\":\"pt-PT\",\"@id\":\"https:\/\/brasilnoticias.org\/site\/#\/schema\/person\/image\/\",\"url\":\"https:\/\/secure.gravatar.com\/avatar\/9ecaf7327a696cb23ad926fedded5f1f04d7049de9e445375d55b48c001a6e42?s=96&d=mm&r=g\",\"contentUrl\":\"https:\/\/secure.gravatar.com\/avatar\/9ecaf7327a696cb23ad926fedded5f1f04d7049de9e445375d55b48c001a6e42?s=96&d=mm&r=g\",\"caption\":\"Reda\u00e7\u00e3o\"},\"url\":\"https:\/\/brasilnoticias.org\/site\/author\/henrique\/\"}]}<\/script>\n<!-- \/ Yoast SEO plugin. -->","yoast_head_json":{"title":"Prefeitura de Salvador entrega Mercado Popular, usina solar e unidades habitacionais no Sub\u00farbio - Brasil not\u00edcias","robots":{"index":"index","follow":"follow","max-snippet":"max-snippet:-1","max-image-preview":"max-image-preview:large","max-video-preview":"max-video-preview:-1"},"canonical":"https:\/\/brasilnoticias.org\/site\/prefeitura-de-salvador-entrega-mercado-popular-usina-solar-e-unidades-habitacionais-no-suburbio\/","og_locale":"pt_PT","og_type":"article","og_title":"Prefeitura de Salvador entrega Mercado Popular, usina solar e unidades habitacionais no Sub\u00farbio - Brasil not\u00edcias","og_description":"Bruno Reis anunciou outras a\u00e7\u00f5es, incluindo a constru\u00e7\u00e3o de uma arena aqu\u00e1tica com piscina semiol\u00edmpica no residencial A Prefeitura de","og_url":"https:\/\/brasilnoticias.org\/site\/prefeitura-de-salvador-entrega-mercado-popular-usina-solar-e-unidades-habitacionais-no-suburbio\/","og_site_name":"Brasil not\u00edcias","article_published_time":"2024-06-30T21:49:13+00:00","og_image":[{"width":1600,"height":752,"url":"https:\/\/brasilnoticias.org\/site\/wp-content\/uploads\/2024\/06\/152212prefeitura-de-salvador-entrega-mercado-popular-usina-solar-e-unidades-habitacionais-no-suburbio-3.jpg","type":"image\/jpeg"}],"author":"Reda\u00e7\u00e3o","twitter_card":"summary_large_image","twitter_misc":{"Escrito por":"Reda\u00e7\u00e3o","Tempo estimado de leitura":"1 minuto"},"schema":{"@context":"https:\/\/schema.org","@graph":[{"@type":"Article","@id":"https:\/\/brasilnoticias.org\/site\/prefeitura-de-salvador-entrega-mercado-popular-usina-solar-e-unidades-habitacionais-no-suburbio\/#article","isPartOf":{"@id":"https:\/\/brasilnoticias.org\/site\/prefeitura-de-salvador-entrega-mercado-popular-usina-solar-e-unidades-habitacionais-no-suburbio\/"},"author":{"name":"Reda\u00e7\u00e3o","@id":"https:\/\/brasilnoticias.org\/site\/#\/schema\/person\/03bbbfe6c7634ad18c26444ea39049fa"},"headline":"Prefeitura de Salvador entrega Mercado Popular, usina solar e unidades habitacionais no Sub\u00farbio","datePublished":"2024-06-30T21:49:13+00:00","mainEntityOfPage":{"@id":"https:\/\/brasilnoticias.org\/site\/prefeitura-de-salvador-entrega-mercado-popular-usina-solar-e-unidades-habitacionais-no-suburbio\/"},"wordCount":331,"commentCount":0,"publisher":{"@id":"https:\/\/brasilnoticias.org\/site\/#organization"},"image":{"@id":"https:\/\/brasilnoticias.org\/site\/prefeitura-de-salvador-entrega-mercado-popular-usina-solar-e-unidades-habitacionais-no-suburbio\/#primaryimage"},"thumbnailUrl":"https:\/\/brasilnoticias.org\/site\/wp-content\/uploads\/2024\/06\/152212prefeitura-de-salvador-entrega-mercado-popular-usina-solar-e-unidades-habitacionais-no-suburbio-3.jpg","articleSection":["Not\u00edcias","\u00daltimas"],"inLanguage":"pt-PT","potentialAction":[{"@type":"CommentAction","name":"Comment","target":["https:\/\/brasilnoticias.org\/site\/prefeitura-de-salvador-entrega-mercado-popular-usina-solar-e-unidades-habitacionais-no-suburbio\/#respond"]}]},{"@type":"WebPage","@id":"https:\/\/brasilnoticias.org\/site\/prefeitura-de-salvador-entrega-mercado-popular-usina-solar-e-unidades-habitacionais-no-suburbio\/","url":"https:\/\/brasilnoticias.org\/site\/prefeitura-de-salvador-entrega-mercado-popular-usina-solar-e-unidades-habitacionais-no-suburbio\/","name":"Prefeitura de Salvador entrega Mercado Popular, usina solar e unidades habitacionais no Sub\u00farbio - Brasil not\u00edcias","isPartOf":{"@id":"https:\/\/brasilnoticias.org\/site\/#website"},"primaryImageOfPage":{"@id":"https:\/\/brasilnoticias.org\/site\/prefeitura-de-salvador-entrega-mercado-popular-usina-solar-e-unidades-habitacionais-no-suburbio\/#primaryimage"},"image":{"@id":"https:\/\/brasilnoticias.org\/site\/prefeitura-de-salvador-entrega-mercado-popular-usina-solar-e-unidades-habitacionais-no-suburbio\/#primaryimage"},"thumbnailUrl":"https:\/\/brasilnoticias.org\/site\/wp-content\/uploads\/2024\/06\/152212prefeitura-de-salvador-entrega-mercado-popular-usina-solar-e-unidades-habitacionais-no-suburbio-3.jpg","datePublished":"2024-06-30T21:49:13+00:00","breadcrumb":{"@id":"https:\/\/brasilnoticias.org\/site\/prefeitura-de-salvador-entrega-mercado-popular-usina-solar-e-unidades-habitacionais-no-suburbio\/#breadcrumb"},"inLanguage":"pt-PT","potentialAction":[{"@type":"ReadAction","target":["https:\/\/brasilnoticias.org\/site\/prefeitura-de-salvador-entrega-mercado-popular-usina-solar-e-unidades-habitacionais-no-suburbio\/"]}]},{"@type":"ImageObject","inLanguage":"pt-PT","@id":"https:\/\/brasilnoticias.org\/site\/prefeitura-de-salvador-entrega-mercado-popular-usina-solar-e-unidades-habitacionais-no-suburbio\/#primaryimage","url":"https:\/\/brasilnoticias.org\/site\/wp-content\/uploads\/2024\/06\/152212prefeitura-de-salvador-entrega-mercado-popular-usina-solar-e-unidades-habitacionais-no-suburbio-3.jpg","contentUrl":"https:\/\/brasilnoticias.org\/site\/wp-content\/uploads\/2024\/06\/152212prefeitura-de-salvador-entrega-mercado-popular-usina-solar-e-unidades-habitacionais-no-suburbio-3.jpg","width":1600,"height":752},{"@type":"BreadcrumbList","@id":"https:\/\/brasilnoticias.org\/site\/prefeitura-de-salvador-entrega-mercado-popular-usina-solar-e-unidades-habitacionais-no-suburbio\/#breadcrumb","itemListElement":[{"@type":"ListItem","position":1,"name":"In\u00edcio","item":"https:\/\/brasilnoticias.org\/site\/"},{"@type":"ListItem","position":2,"name":"Prefeitura de Salvador entrega Mercado Popular, usina solar e unidades habitacionais no Sub\u00farbio"}]},{"@type":"WebSite","@id":"https:\/\/brasilnoticias.org\/site\/#website","url":"https:\/\/brasilnoticias.org\/site\/","name":"Brasil not\u00edcias","description":"Brasil not\u00edcias","publisher":{"@id":"https:\/\/brasilnoticias.org\/site\/#organization"},"potentialAction":[{"@type":"SearchAction","target":{"@type":"EntryPoint","urlTemplate":"https:\/\/brasilnoticias.org\/site\/?s={search_term_string}"},"query-input":{"@type":"PropertyValueSpecification","valueRequired":true,"valueName":"search_term_string"}}],"inLanguage":"pt-PT"},{"@type":"Organization","@id":"https:\/\/brasilnoticias.org\/site\/#organization","name":"Brasil not\u00edcias","url":"https:\/\/brasilnoticias.org\/site\/","logo":{"@type":"ImageObject","inLanguage":"pt-PT","@id":"https:\/\/brasilnoticias.org\/site\/#\/schema\/logo\/image\/","url":"https:\/\/brasilnoticias.org\/site\/wp-content\/uploads\/2022\/05\/cropped-brasilnoticias-mini.jpg","contentUrl":"https:\/\/brasilnoticias.org\/site\/wp-content\/uploads\/2022\/05\/cropped-brasilnoticias-mini.jpg","width":314,"height":86,"caption":"Brasil not\u00edcias"},"image":{"@id":"https:\/\/brasilnoticias.org\/site\/#\/schema\/logo\/image\/"}},{"@type":"Person","@id":"https:\/\/brasilnoticias.org\/site\/#\/schema\/person\/03bbbfe6c7634ad18c26444ea39049fa","name":"Reda\u00e7\u00e3o","image":{"@type":"ImageObject","inLanguage":"pt-PT","@id":"https:\/\/brasilnoticias.org\/site\/#\/schema\/person\/image\/","url":"https:\/\/secure.gravatar.com\/avatar\/9ecaf7327a696cb23ad926fedded5f1f04d7049de9e445375d55b48c001a6e42?s=96&d=mm&r=g","contentUrl":"https:\/\/secure.gravatar.com\/avatar\/9ecaf7327a696cb23ad926fedded5f1f04d7049de9e445375d55b48c001a6e42?s=96&d=mm&r=g","caption":"Reda\u00e7\u00e3o"},"url":"https:\/\/brasilnoticias.org\/site\/author\/henrique\/"}]}},"_links":{"self":[{"href":"https:\/\/brasilnoticias.org\/site\/wp-json\/wp\/v2\/posts\/14823","targetHints":{"allow":["GET"]}}],"collection":[{"href":"https:\/\/brasilnoticias.org\/site\/wp-json\/wp\/v2\/posts"}],"about":[{"href":"https:\/\/brasilnoticias.org\/site\/wp-json\/wp\/v2\/types\/post"}],"author":[{"embeddable":true,"href":"https:\/\/brasilnoticias.org\/site\/wp-json\/wp\/v2\/users\/4"}],"replies":[{"embeddable":true,"href":"https:\/\/brasilnoticias.org\/site\/wp-json\/wp\/v2\/comments?post=14823"}],"version-history":[{"count":1,"href":"https:\/\/brasilnoticias.org\/site\/wp-json\/wp\/v2\/posts\/14823\/revisions"}],"predecessor-version":[{"id":14825,"href":"https:\/\/brasilnoticias.org\/site\/wp-json\/wp\/v2\/posts\/14823\/revisions\/14825"}],"wp:featuredmedia":[{"embeddable":true,"href":"https:\/\/brasilnoticias.org\/site\/wp-json\/wp\/v2\/media\/14824"}],"wp:attachment":[{"href":"https:\/\/brasilnoticias.org\/site\/wp-json\/wp\/v2\/media?parent=14823"}],"wp:term":[{"taxonomy":"category","embeddable":true,"href":"https:\/\/brasilnoticias.org\/site\/wp-json\/wp\/v2\/categories?post=14823"},{"taxonomy":"post_tag","embeddable":true,"href":"https:\/\/brasilnoticias.org\/site\/wp-json\/wp\/v2\/tags?post=14823"}],"curies":[{"name":"wp","href":"https:\/\/api.w.org\/{rel}","templated":true}]}}