{"id":14831,"date":"2024-07-01T11:03:26","date_gmt":"2024-07-01T14:03:26","guid":{"rendered":"https:\/\/brasilnoticias.org\/site\/?p=14831"},"modified":"2024-07-01T11:03:26","modified_gmt":"2024-07-01T14:03:26","slug":"vitoria-perde-para-o-athletico-paranaense-e-deixa-de-abrir-vantagem-da-zona-de-rebaixamento","status":"publish","type":"post","link":"https:\/\/brasilnoticias.org\/site\/vitoria-perde-para-o-athletico-paranaense-e-deixa-de-abrir-vantagem-da-zona-de-rebaixamento\/","title":{"rendered":"Vit\u00f3ria perde para o Athletico Paranaense e deixa de abrir vantagem da zona de rebaixamento"},"content":{"rendered":"<p>Julimar marcou o \u00fanico gol da partida; Rubro-Negro segue com 12 pontos e aparece na 15\u00aa posi\u00e7\u00e3o<\/p>\n<p>O Vit\u00f3ria perdeu para o Athletico Paranaense neste domingo (30) e deixou de abrir vantagem da zona de rebaixamento. Ap\u00f3s um primeiro tempo equilibrado, o Rubro-Negro baiano passou a dominar as a\u00e7\u00f5es na volta do intervalo, por\u00e9m o Furac\u00e3o foi mais efetivo e Julimar marcou o \u00fanico gol da partida.<\/p>\n<p>Com a derrota na 13\u00aa rodada, o Le\u00e3o manteve o jejum de vit\u00f3rias sobre o Athletico &#8211; desde 2016 que o time baiano n\u00e3o vence o advers\u00e1rio paranaense. O resultado tamb\u00e9m impediu a equipe rubro-negra de abrir vantagem do Z-4 j\u00e1 que aparece na 15\u00aa posi\u00e7\u00e3o com 12 pontos &#8211; a um do Atl\u00e9tico-GO, que \u00e9 o 17\u00ba colocado.<\/p>\n<p>A 14\u00aa rodada do Brasileir\u00e3o chega para o Vit\u00f3ria na pr\u00f3xima quinta-feira (4). Desta vez, o Le\u00e3o encara o Corinthians, \u00e0s 20h, na Neo Qu\u00edmica Arena, em S\u00e3o Paulo.<\/p>\n<p>O JOGO<\/p>\n<p>Primeiro tempo<\/p>\n<p>Jogo bem disputado, mas com poucas chances de perigo para ambas as equipes. O Vit\u00f3ria come\u00e7ou bem, imprimindo seu ritmo para cima do Athletico-PR, por\u00e9m faltou &#8220;o \u00faltimo passe&#8221; para que o Le\u00e3o fosse para o intervalo com um resultado melhor. J\u00e1 o Furac\u00e3o teve mais a\u00e7\u00f5es ofensivas, principalmente nas costas dos laterais rubro-negros, mas Lucas Arcanjo foi bem e garantiu o zero no placar. Fim de uma primeira etapa equilibrada no Barrad\u00e3o.<\/p>\n<p>Aos cinco minutos, Esquivel escapou pela esquerda, invadiu a \u00e1rea e cruzou rasteiro. O outro lateral, L\u00e9o Godoy, chegou batendo de primeira, mas o xar\u00e1 Naldi deu um na hora certa e travou o chute.<\/p>\n<p>Por pouco! Matheuzinho partiu em velocidade pela direita e fez o cruzamento fechado. A bola encobriu o goleiro L\u00e9o Linck e quase entra &#8211; passou raspando pelo travess\u00e3o.<\/p>\n<p>Aos 32 minutos, Zapelli soltou uma bomba de longe e Lucas Arcanjo foi no cantinho espalmar o perigo.<\/p>\n<p>Segundo tempo<\/p>\n<p>O Vit\u00f3ria dominou as a\u00e7\u00f5es na segunda etapa. A equipe rubro-negra voltou com \u00edmpeto ofensivo e teve as melhores oportunidades na partida. Por\u00e9m, quando o goleiro advers\u00e1rio n\u00e3o interviu, a falta de pontaria &#8220;prejudicou&#8221; o Le\u00e3o. J\u00e1 o Athletico apenas observava a troca de passes do time baiano, mas no momento que foi no ataque, fez o gol com Julimar &#8211; aproveitando falha de marca\u00e7\u00e3o. Fim de jogo e festa dos visitantes no Barrad\u00e3o.<\/p>\n<p>Logo aos dois minutos, Alerrandro abriu com Lucas Esteves na esquerda e passou para a \u00e1rea para receber. O lateral devolveu para o camisa 9, que pegou de primeira, mas a bola foi em cima de L\u00e9o Linck.<\/p>\n<p>Aos 24, Lepo recebeu nas costas do marcador e fez o cruzamento rasteiro. Livre de marca\u00e7\u00e3o, Janderson chegou bantendo, mas antes de entrar, a bola desviou no zagueiro e saiu.<\/p>\n<p>Quase! Aos 33 minutos, Pablo ganhou dividida no alto contra a dupla de zaga rubro-negra e chutou rasteiro. A bola passou pr\u00f3xima \u00e0 trave direita com muito perigo.<\/p>\n<p>Gol do Athletico! Julimar contou com a falha da marca\u00e7\u00e3o e finalizou cara a cara com Arcanjo para abrir o placar.<\/p>\n<p>FICHA T\u00c9CNICA<\/p>\n<p>Vit\u00f3ria 0 x 1 Athletico Paranaense<br \/>\nS\u00e9rie A &#8211; 13\u00aa rodada<br \/>\nLocal: Est\u00e1dio Barrad\u00e3o, em Salvador (BA)<br \/>\nData: 30\/06\/2024 (domingo)<br \/>\nHor\u00e1rio: 18h30<br \/>\n\u00c1rbitro: Bruno Arleu de Ara\u00fajo (FIFA-RJ)<br \/>\nAssistentes: Luiz Cl\u00e1udio Regazone (RJ) e Carlos Henrique Alves de Lima Filho (RJ)<br \/>\nQuarto \u00e1rbitro: Bruno Mota Correia (RJ)<br \/>\nVAR: Rodrigo D&#8217; Alonso Ferreira (SC)<\/p>\n<p>Gol: Julimar (Athletico-PR)<br \/>\nCart\u00f5es amarelos: L\u00e9o Naldi, Z\u00e9 Hugo e Caio Vin\u00edcius (Vit\u00f3ria) \/ Bruno Zapelli e Pablo (Athletico-PR)<\/p>\n<p>Vit\u00f3ria: Lucas Arcanjo; Willean Lepo (Ra\u00fal C\u00e1ceres), Caio Vin\u00edcius, Wagner Leonardo \u00a9 e Lucas Esteves; Willian Oliveira (Rodrigo Andrade), Luan Santos, L\u00e9o Naldi e Matheuzinho (Janderson); Osvaldo (Z\u00e9 Hugo) e Alerrandro (Eryc Castillo). T\u00e9cnico: Thiago Carpini<\/p>\n<p>Athletico Paranaense: L\u00e9o Linck; L\u00e9o Godoy, Kaique Rocha, Thiago Heleno \u00a9 (Gamarra) e Esquivel; Gabriel, Fernandinho (Erick) e Bruno Zapelli (Z\u00e9 Vitor); Christian (Emerson), Julimar (Di Yorio) e Pablo. T\u00e9cnico: Juca Antonello<\/p>\n<p>Foto: Victor Ferreira\/EC Vit\u00f3ria<br \/>\nPor: Jos\u00e9 Gabriel<\/p>\n","protected":false},"excerpt":{"rendered":"<p>Julimar marcou o \u00fanico gol da partida; Rubro-Negro segue com 12 pontos e aparece na 15\u00aa posi\u00e7\u00e3o O Vit\u00f3ria perdeu<\/p>\n","protected":false},"author":4,"featured_media":14832,"comment_status":"open","ping_status":"open","sticky":false,"template":"","format":"standard","meta":{"colormag_page_container_layout":"default_layout","colormag_page_sidebar_layout":"default_layout","_FSMCFIC_featured_image_caption":"","_FSMCFIC_featured_image_nocaption":"","_FSMCFIC_featured_image_hide":"","footnotes":""},"categories":[4,1],"tags":[],"class_list":["post-14831","post","type-post","status-publish","format-standard","has-post-thumbnail","hentry","category-esporte","category-ultimas"],"yoast_head":"<!-- This site is optimized with the Yoast SEO plugin v27.1.1 - https:\/\/yoast.com\/product\/yoast-seo-wordpress\/ -->\n<title>Vit\u00f3ria perde para o Athletico Paranaense e deixa de abrir vantagem da zona de rebaixamento - Brasil not\u00edcias<\/title>\n<meta name=\"robots\" content=\"index, follow, max-snippet:-1, max-image-preview:large, max-video-preview:-1\" \/>\n<link rel=\"canonical\" href=\"https:\/\/brasilnoticias.org\/site\/vitoria-perde-para-o-athletico-paranaense-e-deixa-de-abrir-vantagem-da-zona-de-rebaixamento\/\" \/>\n<meta property=\"og:locale\" content=\"pt_PT\" \/>\n<meta property=\"og:type\" content=\"article\" \/>\n<meta property=\"og:title\" content=\"Vit\u00f3ria perde para o Athletico Paranaense e deixa de abrir vantagem da zona de rebaixamento - Brasil not\u00edcias\" \/>\n<meta property=\"og:description\" content=\"Julimar marcou o \u00fanico gol da partida; Rubro-Negro segue com 12 pontos e aparece na 15\u00aa posi\u00e7\u00e3o O Vit\u00f3ria perdeu\" \/>\n<meta property=\"og:url\" content=\"https:\/\/brasilnoticias.org\/site\/vitoria-perde-para-o-athletico-paranaense-e-deixa-de-abrir-vantagem-da-zona-de-rebaixamento\/\" \/>\n<meta property=\"og:site_name\" content=\"Brasil not\u00edcias\" \/>\n<meta property=\"article:published_time\" content=\"2024-07-01T14:03:26+00:00\" \/>\n<meta property=\"og:image\" content=\"https:\/\/brasilnoticias.org\/site\/wp-content\/uploads\/2024\/07\/152222vitoria-perde-para-o-athletico-paranaense-e-deixa-de-abrir-vantagem-da-zona-de-rebaixamento-3.jpg\" \/>\n\t<meta property=\"og:image:width\" content=\"1600\" \/>\n\t<meta property=\"og:image:height\" content=\"752\" \/>\n\t<meta property=\"og:image:type\" content=\"image\/jpeg\" \/>\n<meta name=\"author\" content=\"Reda\u00e7\u00e3o\" \/>\n<meta name=\"twitter:card\" content=\"summary_large_image\" \/>\n<meta name=\"twitter:label1\" content=\"Escrito por\" \/>\n\t<meta name=\"twitter:data1\" content=\"Reda\u00e7\u00e3o\" \/>\n\t<meta name=\"twitter:label2\" content=\"Tempo estimado de leitura\" \/>\n\t<meta name=\"twitter:data2\" content=\"1 minuto\" \/>\n<script type=\"application\/ld+json\" class=\"yoast-schema-graph\">{\"@context\":\"https:\/\/schema.org\",\"@graph\":[{\"@type\":\"Article\",\"@id\":\"https:\/\/brasilnoticias.org\/site\/vitoria-perde-para-o-athletico-paranaense-e-deixa-de-abrir-vantagem-da-zona-de-rebaixamento\/#article\",\"isPartOf\":{\"@id\":\"https:\/\/brasilnoticias.org\/site\/vitoria-perde-para-o-athletico-paranaense-e-deixa-de-abrir-vantagem-da-zona-de-rebaixamento\/\"},\"author\":{\"name\":\"Reda\u00e7\u00e3o\",\"@id\":\"https:\/\/brasilnoticias.org\/site\/#\/schema\/person\/03bbbfe6c7634ad18c26444ea39049fa\"},\"headline\":\"Vit\u00f3ria perde para o Athletico Paranaense e deixa de abrir vantagem da zona de rebaixamento\",\"datePublished\":\"2024-07-01T14:03:26+00:00\",\"mainEntityOfPage\":{\"@id\":\"https:\/\/brasilnoticias.org\/site\/vitoria-perde-para-o-athletico-paranaense-e-deixa-de-abrir-vantagem-da-zona-de-rebaixamento\/\"},\"wordCount\":712,\"commentCount\":0,\"publisher\":{\"@id\":\"https:\/\/brasilnoticias.org\/site\/#organization\"},\"image\":{\"@id\":\"https:\/\/brasilnoticias.org\/site\/vitoria-perde-para-o-athletico-paranaense-e-deixa-de-abrir-vantagem-da-zona-de-rebaixamento\/#primaryimage\"},\"thumbnailUrl\":\"https:\/\/brasilnoticias.org\/site\/wp-content\/uploads\/2024\/07\/152222vitoria-perde-para-o-athletico-paranaense-e-deixa-de-abrir-vantagem-da-zona-de-rebaixamento-3.jpg\",\"articleSection\":[\"Esporte\",\"\u00daltimas\"],\"inLanguage\":\"pt-PT\",\"potentialAction\":[{\"@type\":\"CommentAction\",\"name\":\"Comment\",\"target\":[\"https:\/\/brasilnoticias.org\/site\/vitoria-perde-para-o-athletico-paranaense-e-deixa-de-abrir-vantagem-da-zona-de-rebaixamento\/#respond\"]}]},{\"@type\":\"WebPage\",\"@id\":\"https:\/\/brasilnoticias.org\/site\/vitoria-perde-para-o-athletico-paranaense-e-deixa-de-abrir-vantagem-da-zona-de-rebaixamento\/\",\"url\":\"https:\/\/brasilnoticias.org\/site\/vitoria-perde-para-o-athletico-paranaense-e-deixa-de-abrir-vantagem-da-zona-de-rebaixamento\/\",\"name\":\"Vit\u00f3ria perde para o Athletico Paranaense e deixa de abrir vantagem da zona de rebaixamento - Brasil not\u00edcias\",\"isPartOf\":{\"@id\":\"https:\/\/brasilnoticias.org\/site\/#website\"},\"primaryImageOfPage\":{\"@id\":\"https:\/\/brasilnoticias.org\/site\/vitoria-perde-para-o-athletico-paranaense-e-deixa-de-abrir-vantagem-da-zona-de-rebaixamento\/#primaryimage\"},\"image\":{\"@id\":\"https:\/\/brasilnoticias.org\/site\/vitoria-perde-para-o-athletico-paranaense-e-deixa-de-abrir-vantagem-da-zona-de-rebaixamento\/#primaryimage\"},\"thumbnailUrl\":\"https:\/\/brasilnoticias.org\/site\/wp-content\/uploads\/2024\/07\/152222vitoria-perde-para-o-athletico-paranaense-e-deixa-de-abrir-vantagem-da-zona-de-rebaixamento-3.jpg\",\"datePublished\":\"2024-07-01T14:03:26+00:00\",\"breadcrumb\":{\"@id\":\"https:\/\/brasilnoticias.org\/site\/vitoria-perde-para-o-athletico-paranaense-e-deixa-de-abrir-vantagem-da-zona-de-rebaixamento\/#breadcrumb\"},\"inLanguage\":\"pt-PT\",\"potentialAction\":[{\"@type\":\"ReadAction\",\"target\":[\"https:\/\/brasilnoticias.org\/site\/vitoria-perde-para-o-athletico-paranaense-e-deixa-de-abrir-vantagem-da-zona-de-rebaixamento\/\"]}]},{\"@type\":\"ImageObject\",\"inLanguage\":\"pt-PT\",\"@id\":\"https:\/\/brasilnoticias.org\/site\/vitoria-perde-para-o-athletico-paranaense-e-deixa-de-abrir-vantagem-da-zona-de-rebaixamento\/#primaryimage\",\"url\":\"https:\/\/brasilnoticias.org\/site\/wp-content\/uploads\/2024\/07\/152222vitoria-perde-para-o-athletico-paranaense-e-deixa-de-abrir-vantagem-da-zona-de-rebaixamento-3.jpg\",\"contentUrl\":\"https:\/\/brasilnoticias.org\/site\/wp-content\/uploads\/2024\/07\/152222vitoria-perde-para-o-athletico-paranaense-e-deixa-de-abrir-vantagem-da-zona-de-rebaixamento-3.jpg\",\"width\":1600,\"height\":752},{\"@type\":\"BreadcrumbList\",\"@id\":\"https:\/\/brasilnoticias.org\/site\/vitoria-perde-para-o-athletico-paranaense-e-deixa-de-abrir-vantagem-da-zona-de-rebaixamento\/#breadcrumb\",\"itemListElement\":[{\"@type\":\"ListItem\",\"position\":1,\"name\":\"In\u00edcio\",\"item\":\"https:\/\/brasilnoticias.org\/site\/\"},{\"@type\":\"ListItem\",\"position\":2,\"name\":\"Vit\u00f3ria perde para o Athletico Paranaense e deixa de abrir vantagem da zona de rebaixamento\"}]},{\"@type\":\"WebSite\",\"@id\":\"https:\/\/brasilnoticias.org\/site\/#website\",\"url\":\"https:\/\/brasilnoticias.org\/site\/\",\"name\":\"Brasil not\u00edcias\",\"description\":\"Brasil not\u00edcias\",\"publisher\":{\"@id\":\"https:\/\/brasilnoticias.org\/site\/#organization\"},\"potentialAction\":[{\"@type\":\"SearchAction\",\"target\":{\"@type\":\"EntryPoint\",\"urlTemplate\":\"https:\/\/brasilnoticias.org\/site\/?s={search_term_string}\"},\"query-input\":{\"@type\":\"PropertyValueSpecification\",\"valueRequired\":true,\"valueName\":\"search_term_string\"}}],\"inLanguage\":\"pt-PT\"},{\"@type\":\"Organization\",\"@id\":\"https:\/\/brasilnoticias.org\/site\/#organization\",\"name\":\"Brasil not\u00edcias\",\"url\":\"https:\/\/brasilnoticias.org\/site\/\",\"logo\":{\"@type\":\"ImageObject\",\"inLanguage\":\"pt-PT\",\"@id\":\"https:\/\/brasilnoticias.org\/site\/#\/schema\/logo\/image\/\",\"url\":\"https:\/\/brasilnoticias.org\/site\/wp-content\/uploads\/2022\/05\/cropped-brasilnoticias-mini.jpg\",\"contentUrl\":\"https:\/\/brasilnoticias.org\/site\/wp-content\/uploads\/2022\/05\/cropped-brasilnoticias-mini.jpg\",\"width\":314,\"height\":86,\"caption\":\"Brasil not\u00edcias\"},\"image\":{\"@id\":\"https:\/\/brasilnoticias.org\/site\/#\/schema\/logo\/image\/\"}},{\"@type\":\"Person\",\"@id\":\"https:\/\/brasilnoticias.org\/site\/#\/schema\/person\/03bbbfe6c7634ad18c26444ea39049fa\",\"name\":\"Reda\u00e7\u00e3o\",\"image\":{\"@type\":\"ImageObject\",\"inLanguage\":\"pt-PT\",\"@id\":\"https:\/\/brasilnoticias.org\/site\/#\/schema\/person\/image\/\",\"url\":\"https:\/\/secure.gravatar.com\/avatar\/9ecaf7327a696cb23ad926fedded5f1f04d7049de9e445375d55b48c001a6e42?s=96&d=mm&r=g\",\"contentUrl\":\"https:\/\/secure.gravatar.com\/avatar\/9ecaf7327a696cb23ad926fedded5f1f04d7049de9e445375d55b48c001a6e42?s=96&d=mm&r=g\",\"caption\":\"Reda\u00e7\u00e3o\"},\"url\":\"https:\/\/brasilnoticias.org\/site\/author\/henrique\/\"}]}<\/script>\n<!-- \/ Yoast SEO plugin. -->","yoast_head_json":{"title":"Vit\u00f3ria perde para o Athletico Paranaense e deixa de abrir vantagem da zona de rebaixamento - Brasil not\u00edcias","robots":{"index":"index","follow":"follow","max-snippet":"max-snippet:-1","max-image-preview":"max-image-preview:large","max-video-preview":"max-video-preview:-1"},"canonical":"https:\/\/brasilnoticias.org\/site\/vitoria-perde-para-o-athletico-paranaense-e-deixa-de-abrir-vantagem-da-zona-de-rebaixamento\/","og_locale":"pt_PT","og_type":"article","og_title":"Vit\u00f3ria perde para o Athletico Paranaense e deixa de abrir vantagem da zona de rebaixamento - Brasil not\u00edcias","og_description":"Julimar marcou o \u00fanico gol da partida; Rubro-Negro segue com 12 pontos e aparece na 15\u00aa posi\u00e7\u00e3o O Vit\u00f3ria perdeu","og_url":"https:\/\/brasilnoticias.org\/site\/vitoria-perde-para-o-athletico-paranaense-e-deixa-de-abrir-vantagem-da-zona-de-rebaixamento\/","og_site_name":"Brasil not\u00edcias","article_published_time":"2024-07-01T14:03:26+00:00","og_image":[{"width":1600,"height":752,"url":"https:\/\/brasilnoticias.org\/site\/wp-content\/uploads\/2024\/07\/152222vitoria-perde-para-o-athletico-paranaense-e-deixa-de-abrir-vantagem-da-zona-de-rebaixamento-3.jpg","type":"image\/jpeg"}],"author":"Reda\u00e7\u00e3o","twitter_card":"summary_large_image","twitter_misc":{"Escrito por":"Reda\u00e7\u00e3o","Tempo estimado de leitura":"1 minuto"},"schema":{"@context":"https:\/\/schema.org","@graph":[{"@type":"Article","@id":"https:\/\/brasilnoticias.org\/site\/vitoria-perde-para-o-athletico-paranaense-e-deixa-de-abrir-vantagem-da-zona-de-rebaixamento\/#article","isPartOf":{"@id":"https:\/\/brasilnoticias.org\/site\/vitoria-perde-para-o-athletico-paranaense-e-deixa-de-abrir-vantagem-da-zona-de-rebaixamento\/"},"author":{"name":"Reda\u00e7\u00e3o","@id":"https:\/\/brasilnoticias.org\/site\/#\/schema\/person\/03bbbfe6c7634ad18c26444ea39049fa"},"headline":"Vit\u00f3ria perde para o Athletico Paranaense e deixa de abrir vantagem da zona de rebaixamento","datePublished":"2024-07-01T14:03:26+00:00","mainEntityOfPage":{"@id":"https:\/\/brasilnoticias.org\/site\/vitoria-perde-para-o-athletico-paranaense-e-deixa-de-abrir-vantagem-da-zona-de-rebaixamento\/"},"wordCount":712,"commentCount":0,"publisher":{"@id":"https:\/\/brasilnoticias.org\/site\/#organization"},"image":{"@id":"https:\/\/brasilnoticias.org\/site\/vitoria-perde-para-o-athletico-paranaense-e-deixa-de-abrir-vantagem-da-zona-de-rebaixamento\/#primaryimage"},"thumbnailUrl":"https:\/\/brasilnoticias.org\/site\/wp-content\/uploads\/2024\/07\/152222vitoria-perde-para-o-athletico-paranaense-e-deixa-de-abrir-vantagem-da-zona-de-rebaixamento-3.jpg","articleSection":["Esporte","\u00daltimas"],"inLanguage":"pt-PT","potentialAction":[{"@type":"CommentAction","name":"Comment","target":["https:\/\/brasilnoticias.org\/site\/vitoria-perde-para-o-athletico-paranaense-e-deixa-de-abrir-vantagem-da-zona-de-rebaixamento\/#respond"]}]},{"@type":"WebPage","@id":"https:\/\/brasilnoticias.org\/site\/vitoria-perde-para-o-athletico-paranaense-e-deixa-de-abrir-vantagem-da-zona-de-rebaixamento\/","url":"https:\/\/brasilnoticias.org\/site\/vitoria-perde-para-o-athletico-paranaense-e-deixa-de-abrir-vantagem-da-zona-de-rebaixamento\/","name":"Vit\u00f3ria perde para o Athletico Paranaense e deixa de abrir vantagem da zona de rebaixamento - Brasil not\u00edcias","isPartOf":{"@id":"https:\/\/brasilnoticias.org\/site\/#website"},"primaryImageOfPage":{"@id":"https:\/\/brasilnoticias.org\/site\/vitoria-perde-para-o-athletico-paranaense-e-deixa-de-abrir-vantagem-da-zona-de-rebaixamento\/#primaryimage"},"image":{"@id":"https:\/\/brasilnoticias.org\/site\/vitoria-perde-para-o-athletico-paranaense-e-deixa-de-abrir-vantagem-da-zona-de-rebaixamento\/#primaryimage"},"thumbnailUrl":"https:\/\/brasilnoticias.org\/site\/wp-content\/uploads\/2024\/07\/152222vitoria-perde-para-o-athletico-paranaense-e-deixa-de-abrir-vantagem-da-zona-de-rebaixamento-3.jpg","datePublished":"2024-07-01T14:03:26+00:00","breadcrumb":{"@id":"https:\/\/brasilnoticias.org\/site\/vitoria-perde-para-o-athletico-paranaense-e-deixa-de-abrir-vantagem-da-zona-de-rebaixamento\/#breadcrumb"},"inLanguage":"pt-PT","potentialAction":[{"@type":"ReadAction","target":["https:\/\/brasilnoticias.org\/site\/vitoria-perde-para-o-athletico-paranaense-e-deixa-de-abrir-vantagem-da-zona-de-rebaixamento\/"]}]},{"@type":"ImageObject","inLanguage":"pt-PT","@id":"https:\/\/brasilnoticias.org\/site\/vitoria-perde-para-o-athletico-paranaense-e-deixa-de-abrir-vantagem-da-zona-de-rebaixamento\/#primaryimage","url":"https:\/\/brasilnoticias.org\/site\/wp-content\/uploads\/2024\/07\/152222vitoria-perde-para-o-athletico-paranaense-e-deixa-de-abrir-vantagem-da-zona-de-rebaixamento-3.jpg","contentUrl":"https:\/\/brasilnoticias.org\/site\/wp-content\/uploads\/2024\/07\/152222vitoria-perde-para-o-athletico-paranaense-e-deixa-de-abrir-vantagem-da-zona-de-rebaixamento-3.jpg","width":1600,"height":752},{"@type":"BreadcrumbList","@id":"https:\/\/brasilnoticias.org\/site\/vitoria-perde-para-o-athletico-paranaense-e-deixa-de-abrir-vantagem-da-zona-de-rebaixamento\/#breadcrumb","itemListElement":[{"@type":"ListItem","position":1,"name":"In\u00edcio","item":"https:\/\/brasilnoticias.org\/site\/"},{"@type":"ListItem","position":2,"name":"Vit\u00f3ria perde para o Athletico Paranaense e deixa de abrir vantagem da zona de rebaixamento"}]},{"@type":"WebSite","@id":"https:\/\/brasilnoticias.org\/site\/#website","url":"https:\/\/brasilnoticias.org\/site\/","name":"Brasil not\u00edcias","description":"Brasil not\u00edcias","publisher":{"@id":"https:\/\/brasilnoticias.org\/site\/#organization"},"potentialAction":[{"@type":"SearchAction","target":{"@type":"EntryPoint","urlTemplate":"https:\/\/brasilnoticias.org\/site\/?s={search_term_string}"},"query-input":{"@type":"PropertyValueSpecification","valueRequired":true,"valueName":"search_term_string"}}],"inLanguage":"pt-PT"},{"@type":"Organization","@id":"https:\/\/brasilnoticias.org\/site\/#organization","name":"Brasil not\u00edcias","url":"https:\/\/brasilnoticias.org\/site\/","logo":{"@type":"ImageObject","inLanguage":"pt-PT","@id":"https:\/\/brasilnoticias.org\/site\/#\/schema\/logo\/image\/","url":"https:\/\/brasilnoticias.org\/site\/wp-content\/uploads\/2022\/05\/cropped-brasilnoticias-mini.jpg","contentUrl":"https:\/\/brasilnoticias.org\/site\/wp-content\/uploads\/2022\/05\/cropped-brasilnoticias-mini.jpg","width":314,"height":86,"caption":"Brasil not\u00edcias"},"image":{"@id":"https:\/\/brasilnoticias.org\/site\/#\/schema\/logo\/image\/"}},{"@type":"Person","@id":"https:\/\/brasilnoticias.org\/site\/#\/schema\/person\/03bbbfe6c7634ad18c26444ea39049fa","name":"Reda\u00e7\u00e3o","image":{"@type":"ImageObject","inLanguage":"pt-PT","@id":"https:\/\/brasilnoticias.org\/site\/#\/schema\/person\/image\/","url":"https:\/\/secure.gravatar.com\/avatar\/9ecaf7327a696cb23ad926fedded5f1f04d7049de9e445375d55b48c001a6e42?s=96&d=mm&r=g","contentUrl":"https:\/\/secure.gravatar.com\/avatar\/9ecaf7327a696cb23ad926fedded5f1f04d7049de9e445375d55b48c001a6e42?s=96&d=mm&r=g","caption":"Reda\u00e7\u00e3o"},"url":"https:\/\/brasilnoticias.org\/site\/author\/henrique\/"}]}},"_links":{"self":[{"href":"https:\/\/brasilnoticias.org\/site\/wp-json\/wp\/v2\/posts\/14831","targetHints":{"allow":["GET"]}}],"collection":[{"href":"https:\/\/brasilnoticias.org\/site\/wp-json\/wp\/v2\/posts"}],"about":[{"href":"https:\/\/brasilnoticias.org\/site\/wp-json\/wp\/v2\/types\/post"}],"author":[{"embeddable":true,"href":"https:\/\/brasilnoticias.org\/site\/wp-json\/wp\/v2\/users\/4"}],"replies":[{"embeddable":true,"href":"https:\/\/brasilnoticias.org\/site\/wp-json\/wp\/v2\/comments?post=14831"}],"version-history":[{"count":2,"href":"https:\/\/brasilnoticias.org\/site\/wp-json\/wp\/v2\/posts\/14831\/revisions"}],"predecessor-version":[{"id":14834,"href":"https:\/\/brasilnoticias.org\/site\/wp-json\/wp\/v2\/posts\/14831\/revisions\/14834"}],"wp:featuredmedia":[{"embeddable":true,"href":"https:\/\/brasilnoticias.org\/site\/wp-json\/wp\/v2\/media\/14832"}],"wp:attachment":[{"href":"https:\/\/brasilnoticias.org\/site\/wp-json\/wp\/v2\/media?parent=14831"}],"wp:term":[{"taxonomy":"category","embeddable":true,"href":"https:\/\/brasilnoticias.org\/site\/wp-json\/wp\/v2\/categories?post=14831"},{"taxonomy":"post_tag","embeddable":true,"href":"https:\/\/brasilnoticias.org\/site\/wp-json\/wp\/v2\/tags?post=14831"}],"curies":[{"name":"wp","href":"https:\/\/api.w.org\/{rel}","templated":true}]}}