{"id":14835,"date":"2024-07-01T11:05:44","date_gmt":"2024-07-01T14:05:44","guid":{"rendered":"https:\/\/brasilnoticias.org\/site\/?p=14835"},"modified":"2024-07-01T11:07:26","modified_gmt":"2024-07-01T14:07:26","slug":"fa-atira-celular-nas-partes-intimas-de-leo-santana-perna-bamba-foi-real","status":"publish","type":"post","link":"https:\/\/brasilnoticias.org\/site\/fa-atira-celular-nas-partes-intimas-de-leo-santana-perna-bamba-foi-real\/","title":{"rendered":"F\u00e3 atira celular nas partes \u00edntimas de L\u00e9o Santana: \u2018Perna bamba foi real\u2019"},"content":{"rendered":"<p>Durante um show na cidade de Gravat\u00e1, em Pernambuco, o cantor L\u00e9o Santana foi surpreendido por um incidente inusitado. Um f\u00e3 arremessou um celular que atingiu a regi\u00e3o de sua genit\u00e1lia, causando dor e desconforto. O cantor comentou o ocorrido com o p\u00fablico presente, fazendo refer\u00eancia \u00e0 m\u00fasica que tocava no momento do incidente. \u201cA perna bamba em Gravat\u00e1 foi real, viu?\u201d, escreveu o cantor nas redes sociais. \u201cMas, falando s\u00e9rio, family\u2026 a gente ri porque t\u00e1 tudo bem, s\u00f3 que \u00e9 preciso ter MUITO CUIDADO com isso de jogar celular no palco\u201d, acrescentou. Apesar do susto, L\u00e9o Santana tratou o epis\u00f3dio com bom humor em suas redes sociais. Em um v\u00eddeo compartilhado, o cantor brincou com a situa\u00e7\u00e3o, mas ressaltou a seriedade do ocorrido, pedindo para que n\u00e3o joguem objetos durante seus shows. \u201cAssim como rimos por aqui, poderia machucar n\u00e3o s\u00f3 a mim como qualquer pessoa da minha equipe no palco. N\u00e3o vale tudo por uma selfie\u201d, continuou o cantor em sua conta. Mesmo com o incidente, L\u00e9o Santana conseguiu retomar o show e finaliz\u00e1-lo, mostrando profissionalismo e determina\u00e7\u00e3o em sua performance.<\/p>\n<p>Informa\u00e7\u00f5es da Jovem Pan \/ Reprodu\u00e7\u00e3o\/Instagram\/@leosantana<\/p>\n","protected":false},"excerpt":{"rendered":"<p>Durante um show na cidade de Gravat\u00e1, em Pernambuco, o cantor L\u00e9o Santana foi surpreendido por um incidente inusitado. Um<\/p>\n","protected":false},"author":4,"featured_media":14838,"comment_status":"open","ping_status":"open","sticky":false,"template":"","format":"standard","meta":{"colormag_page_container_layout":"default_layout","colormag_page_sidebar_layout":"default_layout","_FSMCFIC_featured_image_caption":"","_FSMCFIC_featured_image_nocaption":"","_FSMCFIC_featured_image_hide":"","footnotes":""},"categories":[8,1],"tags":[],"class_list":["post-14835","post","type-post","status-publish","format-standard","has-post-thumbnail","hentry","category-entretenimento","category-ultimas"],"yoast_head":"<!-- This site is optimized with the Yoast SEO plugin v27.1.1 - https:\/\/yoast.com\/product\/yoast-seo-wordpress\/ -->\n<title>F\u00e3 atira celular nas partes \u00edntimas de L\u00e9o Santana: \u2018Perna bamba foi real\u2019 - Brasil not\u00edcias<\/title>\n<meta name=\"robots\" content=\"index, follow, max-snippet:-1, max-image-preview:large, max-video-preview:-1\" \/>\n<link rel=\"canonical\" href=\"https:\/\/brasilnoticias.org\/site\/fa-atira-celular-nas-partes-intimas-de-leo-santana-perna-bamba-foi-real\/\" \/>\n<meta property=\"og:locale\" content=\"pt_PT\" \/>\n<meta property=\"og:type\" content=\"article\" \/>\n<meta property=\"og:title\" content=\"F\u00e3 atira celular nas partes \u00edntimas de L\u00e9o Santana: \u2018Perna bamba foi real\u2019 - Brasil not\u00edcias\" \/>\n<meta property=\"og:description\" content=\"Durante um show na cidade de Gravat\u00e1, em Pernambuco, o cantor L\u00e9o Santana foi surpreendido por um incidente inusitado. Um\" \/>\n<meta property=\"og:url\" content=\"https:\/\/brasilnoticias.org\/site\/fa-atira-celular-nas-partes-intimas-de-leo-santana-perna-bamba-foi-real\/\" \/>\n<meta property=\"og:site_name\" content=\"Brasil not\u00edcias\" \/>\n<meta property=\"article:published_time\" content=\"2024-07-01T14:05:44+00:00\" \/>\n<meta property=\"article:modified_time\" content=\"2024-07-01T14:07:26+00:00\" \/>\n<meta property=\"og:image\" content=\"https:\/\/brasilnoticias.org\/site\/wp-content\/uploads\/2024\/07\/IMAGEM_NOTICIA_0.jpg\" \/>\n\t<meta property=\"og:image:width\" content=\"850\" \/>\n\t<meta property=\"og:image:height\" content=\"400\" \/>\n\t<meta property=\"og:image:type\" content=\"image\/jpeg\" \/>\n<meta name=\"author\" content=\"Reda\u00e7\u00e3o\" \/>\n<meta name=\"twitter:card\" content=\"summary_large_image\" \/>\n<meta name=\"twitter:label1\" content=\"Escrito por\" \/>\n\t<meta name=\"twitter:data1\" content=\"Reda\u00e7\u00e3o\" \/>\n\t<meta name=\"twitter:label2\" content=\"Tempo estimado de leitura\" \/>\n\t<meta name=\"twitter:data2\" content=\"2 minutos\" \/>\n<script type=\"application\/ld+json\" class=\"yoast-schema-graph\">{\"@context\":\"https:\/\/schema.org\",\"@graph\":[{\"@type\":\"Article\",\"@id\":\"https:\/\/brasilnoticias.org\/site\/fa-atira-celular-nas-partes-intimas-de-leo-santana-perna-bamba-foi-real\/#article\",\"isPartOf\":{\"@id\":\"https:\/\/brasilnoticias.org\/site\/fa-atira-celular-nas-partes-intimas-de-leo-santana-perna-bamba-foi-real\/\"},\"author\":{\"name\":\"Reda\u00e7\u00e3o\",\"@id\":\"https:\/\/brasilnoticias.org\/site\/#\/schema\/person\/03bbbfe6c7634ad18c26444ea39049fa\"},\"headline\":\"F\u00e3 atira celular nas partes \u00edntimas de L\u00e9o Santana: \u2018Perna bamba foi real\u2019\",\"datePublished\":\"2024-07-01T14:05:44+00:00\",\"dateModified\":\"2024-07-01T14:07:26+00:00\",\"mainEntityOfPage\":{\"@id\":\"https:\/\/brasilnoticias.org\/site\/fa-atira-celular-nas-partes-intimas-de-leo-santana-perna-bamba-foi-real\/\"},\"wordCount\":222,\"commentCount\":0,\"publisher\":{\"@id\":\"https:\/\/brasilnoticias.org\/site\/#organization\"},\"image\":{\"@id\":\"https:\/\/brasilnoticias.org\/site\/fa-atira-celular-nas-partes-intimas-de-leo-santana-perna-bamba-foi-real\/#primaryimage\"},\"thumbnailUrl\":\"https:\/\/brasilnoticias.org\/site\/wp-content\/uploads\/2024\/07\/IMAGEM_NOTICIA_0.jpg\",\"articleSection\":[\"Entretenimento\",\"\u00daltimas\"],\"inLanguage\":\"pt-PT\",\"potentialAction\":[{\"@type\":\"CommentAction\",\"name\":\"Comment\",\"target\":[\"https:\/\/brasilnoticias.org\/site\/fa-atira-celular-nas-partes-intimas-de-leo-santana-perna-bamba-foi-real\/#respond\"]}]},{\"@type\":\"WebPage\",\"@id\":\"https:\/\/brasilnoticias.org\/site\/fa-atira-celular-nas-partes-intimas-de-leo-santana-perna-bamba-foi-real\/\",\"url\":\"https:\/\/brasilnoticias.org\/site\/fa-atira-celular-nas-partes-intimas-de-leo-santana-perna-bamba-foi-real\/\",\"name\":\"F\u00e3 atira celular nas partes \u00edntimas de L\u00e9o Santana: \u2018Perna bamba foi real\u2019 - Brasil not\u00edcias\",\"isPartOf\":{\"@id\":\"https:\/\/brasilnoticias.org\/site\/#website\"},\"primaryImageOfPage\":{\"@id\":\"https:\/\/brasilnoticias.org\/site\/fa-atira-celular-nas-partes-intimas-de-leo-santana-perna-bamba-foi-real\/#primaryimage\"},\"image\":{\"@id\":\"https:\/\/brasilnoticias.org\/site\/fa-atira-celular-nas-partes-intimas-de-leo-santana-perna-bamba-foi-real\/#primaryimage\"},\"thumbnailUrl\":\"https:\/\/brasilnoticias.org\/site\/wp-content\/uploads\/2024\/07\/IMAGEM_NOTICIA_0.jpg\",\"datePublished\":\"2024-07-01T14:05:44+00:00\",\"dateModified\":\"2024-07-01T14:07:26+00:00\",\"breadcrumb\":{\"@id\":\"https:\/\/brasilnoticias.org\/site\/fa-atira-celular-nas-partes-intimas-de-leo-santana-perna-bamba-foi-real\/#breadcrumb\"},\"inLanguage\":\"pt-PT\",\"potentialAction\":[{\"@type\":\"ReadAction\",\"target\":[\"https:\/\/brasilnoticias.org\/site\/fa-atira-celular-nas-partes-intimas-de-leo-santana-perna-bamba-foi-real\/\"]}]},{\"@type\":\"ImageObject\",\"inLanguage\":\"pt-PT\",\"@id\":\"https:\/\/brasilnoticias.org\/site\/fa-atira-celular-nas-partes-intimas-de-leo-santana-perna-bamba-foi-real\/#primaryimage\",\"url\":\"https:\/\/brasilnoticias.org\/site\/wp-content\/uploads\/2024\/07\/IMAGEM_NOTICIA_0.jpg\",\"contentUrl\":\"https:\/\/brasilnoticias.org\/site\/wp-content\/uploads\/2024\/07\/IMAGEM_NOTICIA_0.jpg\",\"width\":850,\"height\":400},{\"@type\":\"BreadcrumbList\",\"@id\":\"https:\/\/brasilnoticias.org\/site\/fa-atira-celular-nas-partes-intimas-de-leo-santana-perna-bamba-foi-real\/#breadcrumb\",\"itemListElement\":[{\"@type\":\"ListItem\",\"position\":1,\"name\":\"In\u00edcio\",\"item\":\"https:\/\/brasilnoticias.org\/site\/\"},{\"@type\":\"ListItem\",\"position\":2,\"name\":\"F\u00e3 atira celular nas partes \u00edntimas de L\u00e9o Santana: \u2018Perna bamba foi real\u2019\"}]},{\"@type\":\"WebSite\",\"@id\":\"https:\/\/brasilnoticias.org\/site\/#website\",\"url\":\"https:\/\/brasilnoticias.org\/site\/\",\"name\":\"Brasil not\u00edcias\",\"description\":\"Brasil not\u00edcias\",\"publisher\":{\"@id\":\"https:\/\/brasilnoticias.org\/site\/#organization\"},\"potentialAction\":[{\"@type\":\"SearchAction\",\"target\":{\"@type\":\"EntryPoint\",\"urlTemplate\":\"https:\/\/brasilnoticias.org\/site\/?s={search_term_string}\"},\"query-input\":{\"@type\":\"PropertyValueSpecification\",\"valueRequired\":true,\"valueName\":\"search_term_string\"}}],\"inLanguage\":\"pt-PT\"},{\"@type\":\"Organization\",\"@id\":\"https:\/\/brasilnoticias.org\/site\/#organization\",\"name\":\"Brasil not\u00edcias\",\"url\":\"https:\/\/brasilnoticias.org\/site\/\",\"logo\":{\"@type\":\"ImageObject\",\"inLanguage\":\"pt-PT\",\"@id\":\"https:\/\/brasilnoticias.org\/site\/#\/schema\/logo\/image\/\",\"url\":\"https:\/\/brasilnoticias.org\/site\/wp-content\/uploads\/2022\/05\/cropped-brasilnoticias-mini.jpg\",\"contentUrl\":\"https:\/\/brasilnoticias.org\/site\/wp-content\/uploads\/2022\/05\/cropped-brasilnoticias-mini.jpg\",\"width\":314,\"height\":86,\"caption\":\"Brasil not\u00edcias\"},\"image\":{\"@id\":\"https:\/\/brasilnoticias.org\/site\/#\/schema\/logo\/image\/\"}},{\"@type\":\"Person\",\"@id\":\"https:\/\/brasilnoticias.org\/site\/#\/schema\/person\/03bbbfe6c7634ad18c26444ea39049fa\",\"name\":\"Reda\u00e7\u00e3o\",\"image\":{\"@type\":\"ImageObject\",\"inLanguage\":\"pt-PT\",\"@id\":\"https:\/\/brasilnoticias.org\/site\/#\/schema\/person\/image\/\",\"url\":\"https:\/\/secure.gravatar.com\/avatar\/9ecaf7327a696cb23ad926fedded5f1f04d7049de9e445375d55b48c001a6e42?s=96&d=mm&r=g\",\"contentUrl\":\"https:\/\/secure.gravatar.com\/avatar\/9ecaf7327a696cb23ad926fedded5f1f04d7049de9e445375d55b48c001a6e42?s=96&d=mm&r=g\",\"caption\":\"Reda\u00e7\u00e3o\"},\"url\":\"https:\/\/brasilnoticias.org\/site\/author\/henrique\/\"}]}<\/script>\n<!-- \/ Yoast SEO plugin. -->","yoast_head_json":{"title":"F\u00e3 atira celular nas partes \u00edntimas de L\u00e9o Santana: \u2018Perna bamba foi real\u2019 - Brasil not\u00edcias","robots":{"index":"index","follow":"follow","max-snippet":"max-snippet:-1","max-image-preview":"max-image-preview:large","max-video-preview":"max-video-preview:-1"},"canonical":"https:\/\/brasilnoticias.org\/site\/fa-atira-celular-nas-partes-intimas-de-leo-santana-perna-bamba-foi-real\/","og_locale":"pt_PT","og_type":"article","og_title":"F\u00e3 atira celular nas partes \u00edntimas de L\u00e9o Santana: \u2018Perna bamba foi real\u2019 - Brasil not\u00edcias","og_description":"Durante um show na cidade de Gravat\u00e1, em Pernambuco, o cantor L\u00e9o Santana foi surpreendido por um incidente inusitado. Um","og_url":"https:\/\/brasilnoticias.org\/site\/fa-atira-celular-nas-partes-intimas-de-leo-santana-perna-bamba-foi-real\/","og_site_name":"Brasil not\u00edcias","article_published_time":"2024-07-01T14:05:44+00:00","article_modified_time":"2024-07-01T14:07:26+00:00","og_image":[{"width":850,"height":400,"url":"https:\/\/brasilnoticias.org\/site\/wp-content\/uploads\/2024\/07\/IMAGEM_NOTICIA_0.jpg","type":"image\/jpeg"}],"author":"Reda\u00e7\u00e3o","twitter_card":"summary_large_image","twitter_misc":{"Escrito por":"Reda\u00e7\u00e3o","Tempo estimado de leitura":"2 minutos"},"schema":{"@context":"https:\/\/schema.org","@graph":[{"@type":"Article","@id":"https:\/\/brasilnoticias.org\/site\/fa-atira-celular-nas-partes-intimas-de-leo-santana-perna-bamba-foi-real\/#article","isPartOf":{"@id":"https:\/\/brasilnoticias.org\/site\/fa-atira-celular-nas-partes-intimas-de-leo-santana-perna-bamba-foi-real\/"},"author":{"name":"Reda\u00e7\u00e3o","@id":"https:\/\/brasilnoticias.org\/site\/#\/schema\/person\/03bbbfe6c7634ad18c26444ea39049fa"},"headline":"F\u00e3 atira celular nas partes \u00edntimas de L\u00e9o Santana: \u2018Perna bamba foi real\u2019","datePublished":"2024-07-01T14:05:44+00:00","dateModified":"2024-07-01T14:07:26+00:00","mainEntityOfPage":{"@id":"https:\/\/brasilnoticias.org\/site\/fa-atira-celular-nas-partes-intimas-de-leo-santana-perna-bamba-foi-real\/"},"wordCount":222,"commentCount":0,"publisher":{"@id":"https:\/\/brasilnoticias.org\/site\/#organization"},"image":{"@id":"https:\/\/brasilnoticias.org\/site\/fa-atira-celular-nas-partes-intimas-de-leo-santana-perna-bamba-foi-real\/#primaryimage"},"thumbnailUrl":"https:\/\/brasilnoticias.org\/site\/wp-content\/uploads\/2024\/07\/IMAGEM_NOTICIA_0.jpg","articleSection":["Entretenimento","\u00daltimas"],"inLanguage":"pt-PT","potentialAction":[{"@type":"CommentAction","name":"Comment","target":["https:\/\/brasilnoticias.org\/site\/fa-atira-celular-nas-partes-intimas-de-leo-santana-perna-bamba-foi-real\/#respond"]}]},{"@type":"WebPage","@id":"https:\/\/brasilnoticias.org\/site\/fa-atira-celular-nas-partes-intimas-de-leo-santana-perna-bamba-foi-real\/","url":"https:\/\/brasilnoticias.org\/site\/fa-atira-celular-nas-partes-intimas-de-leo-santana-perna-bamba-foi-real\/","name":"F\u00e3 atira celular nas partes \u00edntimas de L\u00e9o Santana: \u2018Perna bamba foi real\u2019 - Brasil not\u00edcias","isPartOf":{"@id":"https:\/\/brasilnoticias.org\/site\/#website"},"primaryImageOfPage":{"@id":"https:\/\/brasilnoticias.org\/site\/fa-atira-celular-nas-partes-intimas-de-leo-santana-perna-bamba-foi-real\/#primaryimage"},"image":{"@id":"https:\/\/brasilnoticias.org\/site\/fa-atira-celular-nas-partes-intimas-de-leo-santana-perna-bamba-foi-real\/#primaryimage"},"thumbnailUrl":"https:\/\/brasilnoticias.org\/site\/wp-content\/uploads\/2024\/07\/IMAGEM_NOTICIA_0.jpg","datePublished":"2024-07-01T14:05:44+00:00","dateModified":"2024-07-01T14:07:26+00:00","breadcrumb":{"@id":"https:\/\/brasilnoticias.org\/site\/fa-atira-celular-nas-partes-intimas-de-leo-santana-perna-bamba-foi-real\/#breadcrumb"},"inLanguage":"pt-PT","potentialAction":[{"@type":"ReadAction","target":["https:\/\/brasilnoticias.org\/site\/fa-atira-celular-nas-partes-intimas-de-leo-santana-perna-bamba-foi-real\/"]}]},{"@type":"ImageObject","inLanguage":"pt-PT","@id":"https:\/\/brasilnoticias.org\/site\/fa-atira-celular-nas-partes-intimas-de-leo-santana-perna-bamba-foi-real\/#primaryimage","url":"https:\/\/brasilnoticias.org\/site\/wp-content\/uploads\/2024\/07\/IMAGEM_NOTICIA_0.jpg","contentUrl":"https:\/\/brasilnoticias.org\/site\/wp-content\/uploads\/2024\/07\/IMAGEM_NOTICIA_0.jpg","width":850,"height":400},{"@type":"BreadcrumbList","@id":"https:\/\/brasilnoticias.org\/site\/fa-atira-celular-nas-partes-intimas-de-leo-santana-perna-bamba-foi-real\/#breadcrumb","itemListElement":[{"@type":"ListItem","position":1,"name":"In\u00edcio","item":"https:\/\/brasilnoticias.org\/site\/"},{"@type":"ListItem","position":2,"name":"F\u00e3 atira celular nas partes \u00edntimas de L\u00e9o Santana: \u2018Perna bamba foi real\u2019"}]},{"@type":"WebSite","@id":"https:\/\/brasilnoticias.org\/site\/#website","url":"https:\/\/brasilnoticias.org\/site\/","name":"Brasil not\u00edcias","description":"Brasil not\u00edcias","publisher":{"@id":"https:\/\/brasilnoticias.org\/site\/#organization"},"potentialAction":[{"@type":"SearchAction","target":{"@type":"EntryPoint","urlTemplate":"https:\/\/brasilnoticias.org\/site\/?s={search_term_string}"},"query-input":{"@type":"PropertyValueSpecification","valueRequired":true,"valueName":"search_term_string"}}],"inLanguage":"pt-PT"},{"@type":"Organization","@id":"https:\/\/brasilnoticias.org\/site\/#organization","name":"Brasil not\u00edcias","url":"https:\/\/brasilnoticias.org\/site\/","logo":{"@type":"ImageObject","inLanguage":"pt-PT","@id":"https:\/\/brasilnoticias.org\/site\/#\/schema\/logo\/image\/","url":"https:\/\/brasilnoticias.org\/site\/wp-content\/uploads\/2022\/05\/cropped-brasilnoticias-mini.jpg","contentUrl":"https:\/\/brasilnoticias.org\/site\/wp-content\/uploads\/2022\/05\/cropped-brasilnoticias-mini.jpg","width":314,"height":86,"caption":"Brasil not\u00edcias"},"image":{"@id":"https:\/\/brasilnoticias.org\/site\/#\/schema\/logo\/image\/"}},{"@type":"Person","@id":"https:\/\/brasilnoticias.org\/site\/#\/schema\/person\/03bbbfe6c7634ad18c26444ea39049fa","name":"Reda\u00e7\u00e3o","image":{"@type":"ImageObject","inLanguage":"pt-PT","@id":"https:\/\/brasilnoticias.org\/site\/#\/schema\/person\/image\/","url":"https:\/\/secure.gravatar.com\/avatar\/9ecaf7327a696cb23ad926fedded5f1f04d7049de9e445375d55b48c001a6e42?s=96&d=mm&r=g","contentUrl":"https:\/\/secure.gravatar.com\/avatar\/9ecaf7327a696cb23ad926fedded5f1f04d7049de9e445375d55b48c001a6e42?s=96&d=mm&r=g","caption":"Reda\u00e7\u00e3o"},"url":"https:\/\/brasilnoticias.org\/site\/author\/henrique\/"}]}},"_links":{"self":[{"href":"https:\/\/brasilnoticias.org\/site\/wp-json\/wp\/v2\/posts\/14835","targetHints":{"allow":["GET"]}}],"collection":[{"href":"https:\/\/brasilnoticias.org\/site\/wp-json\/wp\/v2\/posts"}],"about":[{"href":"https:\/\/brasilnoticias.org\/site\/wp-json\/wp\/v2\/types\/post"}],"author":[{"embeddable":true,"href":"https:\/\/brasilnoticias.org\/site\/wp-json\/wp\/v2\/users\/4"}],"replies":[{"embeddable":true,"href":"https:\/\/brasilnoticias.org\/site\/wp-json\/wp\/v2\/comments?post=14835"}],"version-history":[{"count":1,"href":"https:\/\/brasilnoticias.org\/site\/wp-json\/wp\/v2\/posts\/14835\/revisions"}],"predecessor-version":[{"id":14837,"href":"https:\/\/brasilnoticias.org\/site\/wp-json\/wp\/v2\/posts\/14835\/revisions\/14837"}],"wp:featuredmedia":[{"embeddable":true,"href":"https:\/\/brasilnoticias.org\/site\/wp-json\/wp\/v2\/media\/14838"}],"wp:attachment":[{"href":"https:\/\/brasilnoticias.org\/site\/wp-json\/wp\/v2\/media?parent=14835"}],"wp:term":[{"taxonomy":"category","embeddable":true,"href":"https:\/\/brasilnoticias.org\/site\/wp-json\/wp\/v2\/categories?post=14835"},{"taxonomy":"post_tag","embeddable":true,"href":"https:\/\/brasilnoticias.org\/site\/wp-json\/wp\/v2\/tags?post=14835"}],"curies":[{"name":"wp","href":"https:\/\/api.w.org\/{rel}","templated":true}]}}