{"id":14840,"date":"2024-07-01T11:10:42","date_gmt":"2024-07-01T14:10:42","guid":{"rendered":"https:\/\/brasilnoticias.org\/site\/?p=14840"},"modified":"2024-07-01T11:10:42","modified_gmt":"2024-07-01T14:10:42","slug":"direita-nacionalista-de-le-pen-triunfa-no-primeiro-turno-das-eleicoes-na-franca-desbancando-macron","status":"publish","type":"post","link":"https:\/\/brasilnoticias.org\/site\/direita-nacionalista-de-le-pen-triunfa-no-primeiro-turno-das-eleicoes-na-franca-desbancando-macron\/","title":{"rendered":"Direita Nacionalista de Le Pen triunfa no primeiro turno das elei\u00e7\u00f5es na Fran\u00e7a, desbancando Macron"},"content":{"rendered":"<p>O primeiro turno das elei\u00e7\u00f5es legislativas na Fran\u00e7a confirmou uma virada para a direita nacionalista, embora o cen\u00e1rio permane\u00e7a incerto para o segundo turno em 7 de julho. Neste primeiro turno, e aguardando os resultados oficiais, as urnas indicam a vit\u00f3ria da Agrupa\u00e7\u00e3o Nacional (RN) com 33,5% dos votos. Em segundo lugar, est\u00e1 a coaliz\u00e3o esquerdista do Novo Frente Popular (NFP), com 28,1%, que se apresenta como a \u00fanica alternativa \u00e0 forma\u00e7\u00e3o presidida por Jordan Bardella.<\/p>\n<p>Outro destaque deste domingo \u00e9 a queda do partido de Emmanuel Macron, marcando o fim de um ciclo ap\u00f3s duas legislaturas consecutivas com maiorias absolutas. A coaliz\u00e3o Ensemble obteve 20% dos votos, ficando em terceiro lugar.<\/p>\n<p>A ultradireita agora apela para uma mobiliza\u00e7\u00e3o total, e Marine Le Pen pediu um amplo apoio para conseguir uma maioria absoluta no pr\u00f3ximo domingo, permitindo que seu sucessor, Jordan Bardella, governe com conforto. At\u00e9 o momento, no entanto, os n\u00fameros n\u00e3o garantem os 289 deputados necess\u00e1rios na Assembleia Nacional.<\/p>\n<p>Com a direita tradicional dos Republicanos fora de jogo e enfrentando in\u00fameros desafios internos, a disputa se resume a todos contra a ultradireita. Pela primeira vez, come\u00e7a a se vislumbrar uma grande coaliz\u00e3o que parecia imposs\u00edvel durante a campanha.<\/p>\n<p>\u00c9 o caso da forma\u00e7\u00e3o liderada por Gabriel Attal, que j\u00e1 abriu a porta para uma alian\u00e7a com o Frente Popular para evitar a maioria absoluta de Bardella. \u201cFrente \u00e0 Agrupa\u00e7\u00e3o Nacional, \u00e9 o momento de uma ampla coaliz\u00e3o claramente democr\u00e1tica e republicana para o segundo turno.\u201d A Ensemble n\u00e3o detalhou sua estrat\u00e9gia p\u00f3s-eleitoral, mas j\u00e1 esclareceu que n\u00e3o apresentar\u00e1 candidato nas circunscri\u00e7\u00f5es onde ficou como terceira for\u00e7a.<\/p>\n<p>A mesma orienta\u00e7\u00e3o foi comunicada aos seus aliados pelo l\u00edder da Fran\u00e7a Insubmissa (LFI), Jean-Luc M\u00e9lenchon, que reiterou que o Frente Popular \u00e9 a \u201c\u00fanica alternativa ao RN\u201d e n\u00e3o permitir\u00e1 que os duelos a tr\u00eas em algumas circunscri\u00e7\u00f5es \u2013 esperam-se triangula\u00e7\u00f5es em 300 circunscri\u00e7\u00f5es \u2013 aumentem o resultado da ultradireita.<\/p>\n<p>Em elei\u00e7\u00f5es marcadas pela incerteza, a outra grande protagonista da jornada foi uma participa\u00e7\u00e3o hist\u00f3rica, que superou os resultados das \u00faltimas campanhas. Se em 2022 a participa\u00e7\u00e3o alcan\u00e7ou 45%, nestas elei\u00e7\u00f5es ultrapassou a marca de 65%.<\/p>\n<p>De fato, pouco depois de conhecidos os primeiros resultados, centenas de pessoas convocadas pela esquerda se reuniram na pra\u00e7a da Rep\u00fablica em Paris.<\/p>\n<p>As conclus\u00f5es dos l\u00edderes indicam que tudo est\u00e1 em aberto. Aguardando a nova rodada de vota\u00e7\u00e3o em 7 de julho, as estimativas de proje\u00e7\u00f5es em assentos devem ser tratadas com cautela.<\/p>\n<p>As pesquisas elaboradas por v\u00e1rios institutos refletem margens bastante amplas, embora todas indiquem uma maioria relativa ao RN. Algumas consideram a possibilidade de uma maioria absoluta.<\/p>\n<p>A pesquisa Ipsos Talan para France T\u00e9l\u00e9visions, Radio France, France 24\/RFI e LCP Assembl\u00e9e Nationale, prev\u00ea entre 230 e 280 assentos para o RN. O Novo Frente Popular obteria entre 125 e 165 assentos. A Ensemble ficaria com entre 70 e 100 assentos e os Republicanos com entre 41 e 61.<\/p>\n<p>As poss\u00edveis retiradas ou manuten\u00e7\u00f5es de candidaturas podem mudar consideravelmente o panorama. O mesmo vale para a participa\u00e7\u00e3o, que ser\u00e1 um elemento chave. Cabe lembrar que as pesquisas previam entre 10 e 40 assentos para o RN ao final do primeiro turno das legislativas em 2022. O partido acabou conquistando 89 assentos.<\/p>\n<p>Informa\u00e7\u00f5es da Gazeta Brasil \/ Foto: Reprodu\u00e7\u00e3o\/Twitter @MLP_officiel<\/p>\n","protected":false},"excerpt":{"rendered":"<p>O primeiro turno das elei\u00e7\u00f5es legislativas na Fran\u00e7a confirmou uma virada para a direita nacionalista, embora o cen\u00e1rio permane\u00e7a incerto<\/p>\n","protected":false},"author":4,"featured_media":14841,"comment_status":"open","ping_status":"open","sticky":false,"template":"","format":"standard","meta":{"colormag_page_container_layout":"default_layout","colormag_page_sidebar_layout":"default_layout","_FSMCFIC_featured_image_caption":"","_FSMCFIC_featured_image_nocaption":"","_FSMCFIC_featured_image_hide":"","footnotes":""},"categories":[1],"tags":[],"class_list":["post-14840","post","type-post","status-publish","format-standard","has-post-thumbnail","hentry","category-ultimas"],"yoast_head":"<!-- This site is optimized with the Yoast SEO plugin v27.1.1 - https:\/\/yoast.com\/product\/yoast-seo-wordpress\/ -->\n<title>Direita Nacionalista de Le Pen triunfa no primeiro turno das elei\u00e7\u00f5es na Fran\u00e7a, desbancando Macron - Brasil not\u00edcias<\/title>\n<meta name=\"robots\" content=\"index, follow, max-snippet:-1, max-image-preview:large, max-video-preview:-1\" \/>\n<link rel=\"canonical\" href=\"https:\/\/brasilnoticias.org\/site\/direita-nacionalista-de-le-pen-triunfa-no-primeiro-turno-das-eleicoes-na-franca-desbancando-macron\/\" \/>\n<meta property=\"og:locale\" content=\"pt_PT\" \/>\n<meta property=\"og:type\" content=\"article\" \/>\n<meta property=\"og:title\" content=\"Direita Nacionalista de Le Pen triunfa no primeiro turno das elei\u00e7\u00f5es na Fran\u00e7a, desbancando Macron - Brasil not\u00edcias\" \/>\n<meta property=\"og:description\" content=\"O primeiro turno das elei\u00e7\u00f5es legislativas na Fran\u00e7a confirmou uma virada para a direita nacionalista, embora o cen\u00e1rio permane\u00e7a incerto\" \/>\n<meta property=\"og:url\" content=\"https:\/\/brasilnoticias.org\/site\/direita-nacionalista-de-le-pen-triunfa-no-primeiro-turno-das-eleicoes-na-franca-desbancando-macron\/\" \/>\n<meta property=\"og:site_name\" content=\"Brasil not\u00edcias\" \/>\n<meta property=\"article:published_time\" content=\"2024-07-01T14:10:42+00:00\" \/>\n<meta property=\"og:image\" content=\"https:\/\/brasilnoticias.org\/site\/wp-content\/uploads\/2024\/07\/IMAGEM_NOTICIA_2.jpg\" \/>\n\t<meta property=\"og:image:width\" content=\"300\" \/>\n\t<meta property=\"og:image:height\" content=\"200\" \/>\n\t<meta property=\"og:image:type\" content=\"image\/jpeg\" \/>\n<meta name=\"author\" content=\"Reda\u00e7\u00e3o\" \/>\n<meta name=\"twitter:card\" content=\"summary_large_image\" \/>\n<meta name=\"twitter:label1\" content=\"Escrito por\" \/>\n\t<meta name=\"twitter:data1\" content=\"Reda\u00e7\u00e3o\" \/>\n\t<meta name=\"twitter:label2\" content=\"Tempo estimado de leitura\" \/>\n\t<meta name=\"twitter:data2\" content=\"1 minuto\" \/>\n<script type=\"application\/ld+json\" class=\"yoast-schema-graph\">{\"@context\":\"https:\/\/schema.org\",\"@graph\":[{\"@type\":\"Article\",\"@id\":\"https:\/\/brasilnoticias.org\/site\/direita-nacionalista-de-le-pen-triunfa-no-primeiro-turno-das-eleicoes-na-franca-desbancando-macron\/#article\",\"isPartOf\":{\"@id\":\"https:\/\/brasilnoticias.org\/site\/direita-nacionalista-de-le-pen-triunfa-no-primeiro-turno-das-eleicoes-na-franca-desbancando-macron\/\"},\"author\":{\"name\":\"Reda\u00e7\u00e3o\",\"@id\":\"https:\/\/brasilnoticias.org\/site\/#\/schema\/person\/03bbbfe6c7634ad18c26444ea39049fa\"},\"headline\":\"Direita Nacionalista de Le Pen triunfa no primeiro turno das elei\u00e7\u00f5es na Fran\u00e7a, desbancando Macron\",\"datePublished\":\"2024-07-01T14:10:42+00:00\",\"mainEntityOfPage\":{\"@id\":\"https:\/\/brasilnoticias.org\/site\/direita-nacionalista-de-le-pen-triunfa-no-primeiro-turno-das-eleicoes-na-franca-desbancando-macron\/\"},\"wordCount\":594,\"commentCount\":0,\"publisher\":{\"@id\":\"https:\/\/brasilnoticias.org\/site\/#organization\"},\"image\":{\"@id\":\"https:\/\/brasilnoticias.org\/site\/direita-nacionalista-de-le-pen-triunfa-no-primeiro-turno-das-eleicoes-na-franca-desbancando-macron\/#primaryimage\"},\"thumbnailUrl\":\"https:\/\/brasilnoticias.org\/site\/wp-content\/uploads\/2024\/07\/IMAGEM_NOTICIA_2.jpg\",\"articleSection\":[\"\u00daltimas\"],\"inLanguage\":\"pt-PT\",\"potentialAction\":[{\"@type\":\"CommentAction\",\"name\":\"Comment\",\"target\":[\"https:\/\/brasilnoticias.org\/site\/direita-nacionalista-de-le-pen-triunfa-no-primeiro-turno-das-eleicoes-na-franca-desbancando-macron\/#respond\"]}]},{\"@type\":\"WebPage\",\"@id\":\"https:\/\/brasilnoticias.org\/site\/direita-nacionalista-de-le-pen-triunfa-no-primeiro-turno-das-eleicoes-na-franca-desbancando-macron\/\",\"url\":\"https:\/\/brasilnoticias.org\/site\/direita-nacionalista-de-le-pen-triunfa-no-primeiro-turno-das-eleicoes-na-franca-desbancando-macron\/\",\"name\":\"Direita Nacionalista de Le Pen triunfa no primeiro turno das elei\u00e7\u00f5es na Fran\u00e7a, desbancando Macron - Brasil not\u00edcias\",\"isPartOf\":{\"@id\":\"https:\/\/brasilnoticias.org\/site\/#website\"},\"primaryImageOfPage\":{\"@id\":\"https:\/\/brasilnoticias.org\/site\/direita-nacionalista-de-le-pen-triunfa-no-primeiro-turno-das-eleicoes-na-franca-desbancando-macron\/#primaryimage\"},\"image\":{\"@id\":\"https:\/\/brasilnoticias.org\/site\/direita-nacionalista-de-le-pen-triunfa-no-primeiro-turno-das-eleicoes-na-franca-desbancando-macron\/#primaryimage\"},\"thumbnailUrl\":\"https:\/\/brasilnoticias.org\/site\/wp-content\/uploads\/2024\/07\/IMAGEM_NOTICIA_2.jpg\",\"datePublished\":\"2024-07-01T14:10:42+00:00\",\"breadcrumb\":{\"@id\":\"https:\/\/brasilnoticias.org\/site\/direita-nacionalista-de-le-pen-triunfa-no-primeiro-turno-das-eleicoes-na-franca-desbancando-macron\/#breadcrumb\"},\"inLanguage\":\"pt-PT\",\"potentialAction\":[{\"@type\":\"ReadAction\",\"target\":[\"https:\/\/brasilnoticias.org\/site\/direita-nacionalista-de-le-pen-triunfa-no-primeiro-turno-das-eleicoes-na-franca-desbancando-macron\/\"]}]},{\"@type\":\"ImageObject\",\"inLanguage\":\"pt-PT\",\"@id\":\"https:\/\/brasilnoticias.org\/site\/direita-nacionalista-de-le-pen-triunfa-no-primeiro-turno-das-eleicoes-na-franca-desbancando-macron\/#primaryimage\",\"url\":\"https:\/\/brasilnoticias.org\/site\/wp-content\/uploads\/2024\/07\/IMAGEM_NOTICIA_2.jpg\",\"contentUrl\":\"https:\/\/brasilnoticias.org\/site\/wp-content\/uploads\/2024\/07\/IMAGEM_NOTICIA_2.jpg\",\"width\":300,\"height\":200},{\"@type\":\"BreadcrumbList\",\"@id\":\"https:\/\/brasilnoticias.org\/site\/direita-nacionalista-de-le-pen-triunfa-no-primeiro-turno-das-eleicoes-na-franca-desbancando-macron\/#breadcrumb\",\"itemListElement\":[{\"@type\":\"ListItem\",\"position\":1,\"name\":\"In\u00edcio\",\"item\":\"https:\/\/brasilnoticias.org\/site\/\"},{\"@type\":\"ListItem\",\"position\":2,\"name\":\"Direita Nacionalista de Le Pen triunfa no primeiro turno das elei\u00e7\u00f5es na Fran\u00e7a, desbancando Macron\"}]},{\"@type\":\"WebSite\",\"@id\":\"https:\/\/brasilnoticias.org\/site\/#website\",\"url\":\"https:\/\/brasilnoticias.org\/site\/\",\"name\":\"Brasil not\u00edcias\",\"description\":\"Brasil not\u00edcias\",\"publisher\":{\"@id\":\"https:\/\/brasilnoticias.org\/site\/#organization\"},\"potentialAction\":[{\"@type\":\"SearchAction\",\"target\":{\"@type\":\"EntryPoint\",\"urlTemplate\":\"https:\/\/brasilnoticias.org\/site\/?s={search_term_string}\"},\"query-input\":{\"@type\":\"PropertyValueSpecification\",\"valueRequired\":true,\"valueName\":\"search_term_string\"}}],\"inLanguage\":\"pt-PT\"},{\"@type\":\"Organization\",\"@id\":\"https:\/\/brasilnoticias.org\/site\/#organization\",\"name\":\"Brasil not\u00edcias\",\"url\":\"https:\/\/brasilnoticias.org\/site\/\",\"logo\":{\"@type\":\"ImageObject\",\"inLanguage\":\"pt-PT\",\"@id\":\"https:\/\/brasilnoticias.org\/site\/#\/schema\/logo\/image\/\",\"url\":\"https:\/\/brasilnoticias.org\/site\/wp-content\/uploads\/2022\/05\/cropped-brasilnoticias-mini.jpg\",\"contentUrl\":\"https:\/\/brasilnoticias.org\/site\/wp-content\/uploads\/2022\/05\/cropped-brasilnoticias-mini.jpg\",\"width\":314,\"height\":86,\"caption\":\"Brasil not\u00edcias\"},\"image\":{\"@id\":\"https:\/\/brasilnoticias.org\/site\/#\/schema\/logo\/image\/\"}},{\"@type\":\"Person\",\"@id\":\"https:\/\/brasilnoticias.org\/site\/#\/schema\/person\/03bbbfe6c7634ad18c26444ea39049fa\",\"name\":\"Reda\u00e7\u00e3o\",\"image\":{\"@type\":\"ImageObject\",\"inLanguage\":\"pt-PT\",\"@id\":\"https:\/\/brasilnoticias.org\/site\/#\/schema\/person\/image\/\",\"url\":\"https:\/\/secure.gravatar.com\/avatar\/9ecaf7327a696cb23ad926fedded5f1f04d7049de9e445375d55b48c001a6e42?s=96&d=mm&r=g\",\"contentUrl\":\"https:\/\/secure.gravatar.com\/avatar\/9ecaf7327a696cb23ad926fedded5f1f04d7049de9e445375d55b48c001a6e42?s=96&d=mm&r=g\",\"caption\":\"Reda\u00e7\u00e3o\"},\"url\":\"https:\/\/brasilnoticias.org\/site\/author\/henrique\/\"}]}<\/script>\n<!-- \/ Yoast SEO plugin. -->","yoast_head_json":{"title":"Direita Nacionalista de Le Pen triunfa no primeiro turno das elei\u00e7\u00f5es na Fran\u00e7a, desbancando Macron - Brasil not\u00edcias","robots":{"index":"index","follow":"follow","max-snippet":"max-snippet:-1","max-image-preview":"max-image-preview:large","max-video-preview":"max-video-preview:-1"},"canonical":"https:\/\/brasilnoticias.org\/site\/direita-nacionalista-de-le-pen-triunfa-no-primeiro-turno-das-eleicoes-na-franca-desbancando-macron\/","og_locale":"pt_PT","og_type":"article","og_title":"Direita Nacionalista de Le Pen triunfa no primeiro turno das elei\u00e7\u00f5es na Fran\u00e7a, desbancando Macron - Brasil not\u00edcias","og_description":"O primeiro turno das elei\u00e7\u00f5es legislativas na Fran\u00e7a confirmou uma virada para a direita nacionalista, embora o cen\u00e1rio permane\u00e7a incerto","og_url":"https:\/\/brasilnoticias.org\/site\/direita-nacionalista-de-le-pen-triunfa-no-primeiro-turno-das-eleicoes-na-franca-desbancando-macron\/","og_site_name":"Brasil not\u00edcias","article_published_time":"2024-07-01T14:10:42+00:00","og_image":[{"width":300,"height":200,"url":"https:\/\/brasilnoticias.org\/site\/wp-content\/uploads\/2024\/07\/IMAGEM_NOTICIA_2.jpg","type":"image\/jpeg"}],"author":"Reda\u00e7\u00e3o","twitter_card":"summary_large_image","twitter_misc":{"Escrito por":"Reda\u00e7\u00e3o","Tempo estimado de leitura":"1 minuto"},"schema":{"@context":"https:\/\/schema.org","@graph":[{"@type":"Article","@id":"https:\/\/brasilnoticias.org\/site\/direita-nacionalista-de-le-pen-triunfa-no-primeiro-turno-das-eleicoes-na-franca-desbancando-macron\/#article","isPartOf":{"@id":"https:\/\/brasilnoticias.org\/site\/direita-nacionalista-de-le-pen-triunfa-no-primeiro-turno-das-eleicoes-na-franca-desbancando-macron\/"},"author":{"name":"Reda\u00e7\u00e3o","@id":"https:\/\/brasilnoticias.org\/site\/#\/schema\/person\/03bbbfe6c7634ad18c26444ea39049fa"},"headline":"Direita Nacionalista de Le Pen triunfa no primeiro turno das elei\u00e7\u00f5es na Fran\u00e7a, desbancando Macron","datePublished":"2024-07-01T14:10:42+00:00","mainEntityOfPage":{"@id":"https:\/\/brasilnoticias.org\/site\/direita-nacionalista-de-le-pen-triunfa-no-primeiro-turno-das-eleicoes-na-franca-desbancando-macron\/"},"wordCount":594,"commentCount":0,"publisher":{"@id":"https:\/\/brasilnoticias.org\/site\/#organization"},"image":{"@id":"https:\/\/brasilnoticias.org\/site\/direita-nacionalista-de-le-pen-triunfa-no-primeiro-turno-das-eleicoes-na-franca-desbancando-macron\/#primaryimage"},"thumbnailUrl":"https:\/\/brasilnoticias.org\/site\/wp-content\/uploads\/2024\/07\/IMAGEM_NOTICIA_2.jpg","articleSection":["\u00daltimas"],"inLanguage":"pt-PT","potentialAction":[{"@type":"CommentAction","name":"Comment","target":["https:\/\/brasilnoticias.org\/site\/direita-nacionalista-de-le-pen-triunfa-no-primeiro-turno-das-eleicoes-na-franca-desbancando-macron\/#respond"]}]},{"@type":"WebPage","@id":"https:\/\/brasilnoticias.org\/site\/direita-nacionalista-de-le-pen-triunfa-no-primeiro-turno-das-eleicoes-na-franca-desbancando-macron\/","url":"https:\/\/brasilnoticias.org\/site\/direita-nacionalista-de-le-pen-triunfa-no-primeiro-turno-das-eleicoes-na-franca-desbancando-macron\/","name":"Direita Nacionalista de Le Pen triunfa no primeiro turno das elei\u00e7\u00f5es na Fran\u00e7a, desbancando Macron - Brasil not\u00edcias","isPartOf":{"@id":"https:\/\/brasilnoticias.org\/site\/#website"},"primaryImageOfPage":{"@id":"https:\/\/brasilnoticias.org\/site\/direita-nacionalista-de-le-pen-triunfa-no-primeiro-turno-das-eleicoes-na-franca-desbancando-macron\/#primaryimage"},"image":{"@id":"https:\/\/brasilnoticias.org\/site\/direita-nacionalista-de-le-pen-triunfa-no-primeiro-turno-das-eleicoes-na-franca-desbancando-macron\/#primaryimage"},"thumbnailUrl":"https:\/\/brasilnoticias.org\/site\/wp-content\/uploads\/2024\/07\/IMAGEM_NOTICIA_2.jpg","datePublished":"2024-07-01T14:10:42+00:00","breadcrumb":{"@id":"https:\/\/brasilnoticias.org\/site\/direita-nacionalista-de-le-pen-triunfa-no-primeiro-turno-das-eleicoes-na-franca-desbancando-macron\/#breadcrumb"},"inLanguage":"pt-PT","potentialAction":[{"@type":"ReadAction","target":["https:\/\/brasilnoticias.org\/site\/direita-nacionalista-de-le-pen-triunfa-no-primeiro-turno-das-eleicoes-na-franca-desbancando-macron\/"]}]},{"@type":"ImageObject","inLanguage":"pt-PT","@id":"https:\/\/brasilnoticias.org\/site\/direita-nacionalista-de-le-pen-triunfa-no-primeiro-turno-das-eleicoes-na-franca-desbancando-macron\/#primaryimage","url":"https:\/\/brasilnoticias.org\/site\/wp-content\/uploads\/2024\/07\/IMAGEM_NOTICIA_2.jpg","contentUrl":"https:\/\/brasilnoticias.org\/site\/wp-content\/uploads\/2024\/07\/IMAGEM_NOTICIA_2.jpg","width":300,"height":200},{"@type":"BreadcrumbList","@id":"https:\/\/brasilnoticias.org\/site\/direita-nacionalista-de-le-pen-triunfa-no-primeiro-turno-das-eleicoes-na-franca-desbancando-macron\/#breadcrumb","itemListElement":[{"@type":"ListItem","position":1,"name":"In\u00edcio","item":"https:\/\/brasilnoticias.org\/site\/"},{"@type":"ListItem","position":2,"name":"Direita Nacionalista de Le Pen triunfa no primeiro turno das elei\u00e7\u00f5es na Fran\u00e7a, desbancando Macron"}]},{"@type":"WebSite","@id":"https:\/\/brasilnoticias.org\/site\/#website","url":"https:\/\/brasilnoticias.org\/site\/","name":"Brasil not\u00edcias","description":"Brasil not\u00edcias","publisher":{"@id":"https:\/\/brasilnoticias.org\/site\/#organization"},"potentialAction":[{"@type":"SearchAction","target":{"@type":"EntryPoint","urlTemplate":"https:\/\/brasilnoticias.org\/site\/?s={search_term_string}"},"query-input":{"@type":"PropertyValueSpecification","valueRequired":true,"valueName":"search_term_string"}}],"inLanguage":"pt-PT"},{"@type":"Organization","@id":"https:\/\/brasilnoticias.org\/site\/#organization","name":"Brasil not\u00edcias","url":"https:\/\/brasilnoticias.org\/site\/","logo":{"@type":"ImageObject","inLanguage":"pt-PT","@id":"https:\/\/brasilnoticias.org\/site\/#\/schema\/logo\/image\/","url":"https:\/\/brasilnoticias.org\/site\/wp-content\/uploads\/2022\/05\/cropped-brasilnoticias-mini.jpg","contentUrl":"https:\/\/brasilnoticias.org\/site\/wp-content\/uploads\/2022\/05\/cropped-brasilnoticias-mini.jpg","width":314,"height":86,"caption":"Brasil not\u00edcias"},"image":{"@id":"https:\/\/brasilnoticias.org\/site\/#\/schema\/logo\/image\/"}},{"@type":"Person","@id":"https:\/\/brasilnoticias.org\/site\/#\/schema\/person\/03bbbfe6c7634ad18c26444ea39049fa","name":"Reda\u00e7\u00e3o","image":{"@type":"ImageObject","inLanguage":"pt-PT","@id":"https:\/\/brasilnoticias.org\/site\/#\/schema\/person\/image\/","url":"https:\/\/secure.gravatar.com\/avatar\/9ecaf7327a696cb23ad926fedded5f1f04d7049de9e445375d55b48c001a6e42?s=96&d=mm&r=g","contentUrl":"https:\/\/secure.gravatar.com\/avatar\/9ecaf7327a696cb23ad926fedded5f1f04d7049de9e445375d55b48c001a6e42?s=96&d=mm&r=g","caption":"Reda\u00e7\u00e3o"},"url":"https:\/\/brasilnoticias.org\/site\/author\/henrique\/"}]}},"_links":{"self":[{"href":"https:\/\/brasilnoticias.org\/site\/wp-json\/wp\/v2\/posts\/14840","targetHints":{"allow":["GET"]}}],"collection":[{"href":"https:\/\/brasilnoticias.org\/site\/wp-json\/wp\/v2\/posts"}],"about":[{"href":"https:\/\/brasilnoticias.org\/site\/wp-json\/wp\/v2\/types\/post"}],"author":[{"embeddable":true,"href":"https:\/\/brasilnoticias.org\/site\/wp-json\/wp\/v2\/users\/4"}],"replies":[{"embeddable":true,"href":"https:\/\/brasilnoticias.org\/site\/wp-json\/wp\/v2\/comments?post=14840"}],"version-history":[{"count":1,"href":"https:\/\/brasilnoticias.org\/site\/wp-json\/wp\/v2\/posts\/14840\/revisions"}],"predecessor-version":[{"id":14842,"href":"https:\/\/brasilnoticias.org\/site\/wp-json\/wp\/v2\/posts\/14840\/revisions\/14842"}],"wp:featuredmedia":[{"embeddable":true,"href":"https:\/\/brasilnoticias.org\/site\/wp-json\/wp\/v2\/media\/14841"}],"wp:attachment":[{"href":"https:\/\/brasilnoticias.org\/site\/wp-json\/wp\/v2\/media?parent=14840"}],"wp:term":[{"taxonomy":"category","embeddable":true,"href":"https:\/\/brasilnoticias.org\/site\/wp-json\/wp\/v2\/categories?post=14840"},{"taxonomy":"post_tag","embeddable":true,"href":"https:\/\/brasilnoticias.org\/site\/wp-json\/wp\/v2\/tags?post=14840"}],"curies":[{"name":"wp","href":"https:\/\/api.w.org\/{rel}","templated":true}]}}