{"id":14843,"date":"2024-07-01T11:15:51","date_gmt":"2024-07-01T14:15:51","guid":{"rendered":"https:\/\/brasilnoticias.org\/site\/?p=14843"},"modified":"2024-07-01T11:15:51","modified_gmt":"2024-07-01T14:15:51","slug":"apos-acao-do-bope-criminosos-sao-presos-e-refens-liberados-no-bairro-da-cidade-nova","status":"publish","type":"post","link":"https:\/\/brasilnoticias.org\/site\/apos-acao-do-bope-criminosos-sao-presos-e-refens-liberados-no-bairro-da-cidade-nova\/","title":{"rendered":"Ap\u00f3s a\u00e7\u00e3o do Bope, criminosos s\u00e3o presos e ref\u00e9ns liberados no bairro da Cidade Nova"},"content":{"rendered":"<p>Entre os criminosos, estava um menor de idade, que foi encaminhado \u00e0 Delegacia para o Adolescente Infrator (DAI).<\/p>\n<p>Terminou, por volta das 9h30, a situa\u00e7\u00e3o ocorrida no bairro da Cidade Nova, em Salvador, onde quatro criminosos, nesta segunda-feira (1\/7), invadiram uma resid\u00eancia e fizeram ref\u00e9ns, com o intuito de escapar de uma a\u00e7\u00e3o policial.<\/p>\n<p>A ocorr\u00eancia teve fim ap\u00f3s negocia\u00e7\u00e3o feita, no local, por agentes do Batalh\u00e3o de Opera\u00e7\u00f5es Policiais Especiais (Bope). Entre os criminosos, estava um menor de idade, que foi encaminhado \u00e0 Delegacia para o Adolescente Infrator (DAI).<\/p>\n<p>Os outros envolvidos foram apresentados \u00e0 Central de Flagrantes, onde ser\u00e3o adotadas as medidas cab\u00edveis pelas autoridades policiais.<\/p>\n<p>A reportagem da TV Aratu, no local, conseguiu registrar as sa\u00eddas de, pelo menos, quatro ref\u00e9ns: duas mulheres e duas adolescentes.<\/p>\n<p>Informa\u00e7\u00f5es preliminares d\u00e3o conta que integrantes da fac\u00e7\u00e3o criminosa \u201cComando Vermelho\u201d (CV) atuam na \u00e1rea onde o crime aconteceu, e um dos invasores da resid\u00eancia comandava um \u201cesquema de propinas\u201d na regi\u00e3o.<\/p>\n<p>Foto: Larissa Baracho\/TV Aratu<br \/>\nAratu On<\/p>\n","protected":false},"excerpt":{"rendered":"<p>Entre os criminosos, estava um menor de idade, que foi encaminhado \u00e0 Delegacia para o Adolescente Infrator (DAI). Terminou, por<\/p>\n","protected":false},"author":4,"featured_media":14844,"comment_status":"open","ping_status":"open","sticky":false,"template":"","format":"standard","meta":{"colormag_page_container_layout":"default_layout","colormag_page_sidebar_layout":"default_layout","_FSMCFIC_featured_image_caption":"","_FSMCFIC_featured_image_nocaption":"","_FSMCFIC_featured_image_hide":"","footnotes":""},"categories":[3,1],"tags":[],"class_list":["post-14843","post","type-post","status-publish","format-standard","has-post-thumbnail","hentry","category-policia","category-ultimas"],"yoast_head":"<!-- This site is optimized with the Yoast SEO plugin v27.1.1 - https:\/\/yoast.com\/product\/yoast-seo-wordpress\/ -->\n<title>Ap\u00f3s a\u00e7\u00e3o do Bope, criminosos s\u00e3o presos e ref\u00e9ns liberados no bairro da Cidade Nova - Brasil not\u00edcias<\/title>\n<meta name=\"robots\" content=\"index, follow, max-snippet:-1, max-image-preview:large, max-video-preview:-1\" \/>\n<link rel=\"canonical\" href=\"https:\/\/brasilnoticias.org\/site\/apos-acao-do-bope-criminosos-sao-presos-e-refens-liberados-no-bairro-da-cidade-nova\/\" \/>\n<meta property=\"og:locale\" content=\"pt_PT\" \/>\n<meta property=\"og:type\" content=\"article\" \/>\n<meta property=\"og:title\" content=\"Ap\u00f3s a\u00e7\u00e3o do Bope, criminosos s\u00e3o presos e ref\u00e9ns liberados no bairro da Cidade Nova - Brasil not\u00edcias\" \/>\n<meta property=\"og:description\" content=\"Entre os criminosos, estava um menor de idade, que foi encaminhado \u00e0 Delegacia para o Adolescente Infrator (DAI). Terminou, por\" \/>\n<meta property=\"og:url\" content=\"https:\/\/brasilnoticias.org\/site\/apos-acao-do-bope-criminosos-sao-presos-e-refens-liberados-no-bairro-da-cidade-nova\/\" \/>\n<meta property=\"og:site_name\" content=\"Brasil not\u00edcias\" \/>\n<meta property=\"article:published_time\" content=\"2024-07-01T14:15:51+00:00\" \/>\n<meta property=\"og:image\" content=\"https:\/\/brasilnoticias.org\/site\/wp-content\/uploads\/2024\/07\/situacao-refens-cidade-nova2.jpg\" \/>\n\t<meta property=\"og:image:width\" content=\"960\" \/>\n\t<meta property=\"og:image:height\" content=\"500\" \/>\n\t<meta property=\"og:image:type\" content=\"image\/jpeg\" \/>\n<meta name=\"author\" content=\"Reda\u00e7\u00e3o\" \/>\n<meta name=\"twitter:card\" content=\"summary_large_image\" \/>\n<meta name=\"twitter:label1\" content=\"Escrito por\" \/>\n\t<meta name=\"twitter:data1\" content=\"Reda\u00e7\u00e3o\" \/>\n\t<meta name=\"twitter:label2\" content=\"Tempo estimado de leitura\" \/>\n\t<meta name=\"twitter:data2\" content=\"1 minuto\" \/>\n<script type=\"application\/ld+json\" class=\"yoast-schema-graph\">{\"@context\":\"https:\/\/schema.org\",\"@graph\":[{\"@type\":\"Article\",\"@id\":\"https:\/\/brasilnoticias.org\/site\/apos-acao-do-bope-criminosos-sao-presos-e-refens-liberados-no-bairro-da-cidade-nova\/#article\",\"isPartOf\":{\"@id\":\"https:\/\/brasilnoticias.org\/site\/apos-acao-do-bope-criminosos-sao-presos-e-refens-liberados-no-bairro-da-cidade-nova\/\"},\"author\":{\"name\":\"Reda\u00e7\u00e3o\",\"@id\":\"https:\/\/brasilnoticias.org\/site\/#\/schema\/person\/03bbbfe6c7634ad18c26444ea39049fa\"},\"headline\":\"Ap\u00f3s a\u00e7\u00e3o do Bope, criminosos s\u00e3o presos e ref\u00e9ns liberados no bairro da Cidade Nova\",\"datePublished\":\"2024-07-01T14:15:51+00:00\",\"mainEntityOfPage\":{\"@id\":\"https:\/\/brasilnoticias.org\/site\/apos-acao-do-bope-criminosos-sao-presos-e-refens-liberados-no-bairro-da-cidade-nova\/\"},\"wordCount\":201,\"commentCount\":0,\"publisher\":{\"@id\":\"https:\/\/brasilnoticias.org\/site\/#organization\"},\"image\":{\"@id\":\"https:\/\/brasilnoticias.org\/site\/apos-acao-do-bope-criminosos-sao-presos-e-refens-liberados-no-bairro-da-cidade-nova\/#primaryimage\"},\"thumbnailUrl\":\"https:\/\/brasilnoticias.org\/site\/wp-content\/uploads\/2024\/07\/situacao-refens-cidade-nova2.jpg\",\"articleSection\":[\"Pol\u00edcia\",\"\u00daltimas\"],\"inLanguage\":\"pt-PT\",\"potentialAction\":[{\"@type\":\"CommentAction\",\"name\":\"Comment\",\"target\":[\"https:\/\/brasilnoticias.org\/site\/apos-acao-do-bope-criminosos-sao-presos-e-refens-liberados-no-bairro-da-cidade-nova\/#respond\"]}]},{\"@type\":\"WebPage\",\"@id\":\"https:\/\/brasilnoticias.org\/site\/apos-acao-do-bope-criminosos-sao-presos-e-refens-liberados-no-bairro-da-cidade-nova\/\",\"url\":\"https:\/\/brasilnoticias.org\/site\/apos-acao-do-bope-criminosos-sao-presos-e-refens-liberados-no-bairro-da-cidade-nova\/\",\"name\":\"Ap\u00f3s a\u00e7\u00e3o do Bope, criminosos s\u00e3o presos e ref\u00e9ns liberados no bairro da Cidade Nova - Brasil not\u00edcias\",\"isPartOf\":{\"@id\":\"https:\/\/brasilnoticias.org\/site\/#website\"},\"primaryImageOfPage\":{\"@id\":\"https:\/\/brasilnoticias.org\/site\/apos-acao-do-bope-criminosos-sao-presos-e-refens-liberados-no-bairro-da-cidade-nova\/#primaryimage\"},\"image\":{\"@id\":\"https:\/\/brasilnoticias.org\/site\/apos-acao-do-bope-criminosos-sao-presos-e-refens-liberados-no-bairro-da-cidade-nova\/#primaryimage\"},\"thumbnailUrl\":\"https:\/\/brasilnoticias.org\/site\/wp-content\/uploads\/2024\/07\/situacao-refens-cidade-nova2.jpg\",\"datePublished\":\"2024-07-01T14:15:51+00:00\",\"breadcrumb\":{\"@id\":\"https:\/\/brasilnoticias.org\/site\/apos-acao-do-bope-criminosos-sao-presos-e-refens-liberados-no-bairro-da-cidade-nova\/#breadcrumb\"},\"inLanguage\":\"pt-PT\",\"potentialAction\":[{\"@type\":\"ReadAction\",\"target\":[\"https:\/\/brasilnoticias.org\/site\/apos-acao-do-bope-criminosos-sao-presos-e-refens-liberados-no-bairro-da-cidade-nova\/\"]}]},{\"@type\":\"ImageObject\",\"inLanguage\":\"pt-PT\",\"@id\":\"https:\/\/brasilnoticias.org\/site\/apos-acao-do-bope-criminosos-sao-presos-e-refens-liberados-no-bairro-da-cidade-nova\/#primaryimage\",\"url\":\"https:\/\/brasilnoticias.org\/site\/wp-content\/uploads\/2024\/07\/situacao-refens-cidade-nova2.jpg\",\"contentUrl\":\"https:\/\/brasilnoticias.org\/site\/wp-content\/uploads\/2024\/07\/situacao-refens-cidade-nova2.jpg\",\"width\":960,\"height\":500},{\"@type\":\"BreadcrumbList\",\"@id\":\"https:\/\/brasilnoticias.org\/site\/apos-acao-do-bope-criminosos-sao-presos-e-refens-liberados-no-bairro-da-cidade-nova\/#breadcrumb\",\"itemListElement\":[{\"@type\":\"ListItem\",\"position\":1,\"name\":\"In\u00edcio\",\"item\":\"https:\/\/brasilnoticias.org\/site\/\"},{\"@type\":\"ListItem\",\"position\":2,\"name\":\"Ap\u00f3s a\u00e7\u00e3o do Bope, criminosos s\u00e3o presos e ref\u00e9ns liberados no bairro da Cidade Nova\"}]},{\"@type\":\"WebSite\",\"@id\":\"https:\/\/brasilnoticias.org\/site\/#website\",\"url\":\"https:\/\/brasilnoticias.org\/site\/\",\"name\":\"Brasil not\u00edcias\",\"description\":\"Brasil not\u00edcias\",\"publisher\":{\"@id\":\"https:\/\/brasilnoticias.org\/site\/#organization\"},\"potentialAction\":[{\"@type\":\"SearchAction\",\"target\":{\"@type\":\"EntryPoint\",\"urlTemplate\":\"https:\/\/brasilnoticias.org\/site\/?s={search_term_string}\"},\"query-input\":{\"@type\":\"PropertyValueSpecification\",\"valueRequired\":true,\"valueName\":\"search_term_string\"}}],\"inLanguage\":\"pt-PT\"},{\"@type\":\"Organization\",\"@id\":\"https:\/\/brasilnoticias.org\/site\/#organization\",\"name\":\"Brasil not\u00edcias\",\"url\":\"https:\/\/brasilnoticias.org\/site\/\",\"logo\":{\"@type\":\"ImageObject\",\"inLanguage\":\"pt-PT\",\"@id\":\"https:\/\/brasilnoticias.org\/site\/#\/schema\/logo\/image\/\",\"url\":\"https:\/\/brasilnoticias.org\/site\/wp-content\/uploads\/2022\/05\/cropped-brasilnoticias-mini.jpg\",\"contentUrl\":\"https:\/\/brasilnoticias.org\/site\/wp-content\/uploads\/2022\/05\/cropped-brasilnoticias-mini.jpg\",\"width\":314,\"height\":86,\"caption\":\"Brasil not\u00edcias\"},\"image\":{\"@id\":\"https:\/\/brasilnoticias.org\/site\/#\/schema\/logo\/image\/\"}},{\"@type\":\"Person\",\"@id\":\"https:\/\/brasilnoticias.org\/site\/#\/schema\/person\/03bbbfe6c7634ad18c26444ea39049fa\",\"name\":\"Reda\u00e7\u00e3o\",\"image\":{\"@type\":\"ImageObject\",\"inLanguage\":\"pt-PT\",\"@id\":\"https:\/\/brasilnoticias.org\/site\/#\/schema\/person\/image\/\",\"url\":\"https:\/\/secure.gravatar.com\/avatar\/9ecaf7327a696cb23ad926fedded5f1f04d7049de9e445375d55b48c001a6e42?s=96&d=mm&r=g\",\"contentUrl\":\"https:\/\/secure.gravatar.com\/avatar\/9ecaf7327a696cb23ad926fedded5f1f04d7049de9e445375d55b48c001a6e42?s=96&d=mm&r=g\",\"caption\":\"Reda\u00e7\u00e3o\"},\"url\":\"https:\/\/brasilnoticias.org\/site\/author\/henrique\/\"}]}<\/script>\n<!-- \/ Yoast SEO plugin. -->","yoast_head_json":{"title":"Ap\u00f3s a\u00e7\u00e3o do Bope, criminosos s\u00e3o presos e ref\u00e9ns liberados no bairro da Cidade Nova - Brasil not\u00edcias","robots":{"index":"index","follow":"follow","max-snippet":"max-snippet:-1","max-image-preview":"max-image-preview:large","max-video-preview":"max-video-preview:-1"},"canonical":"https:\/\/brasilnoticias.org\/site\/apos-acao-do-bope-criminosos-sao-presos-e-refens-liberados-no-bairro-da-cidade-nova\/","og_locale":"pt_PT","og_type":"article","og_title":"Ap\u00f3s a\u00e7\u00e3o do Bope, criminosos s\u00e3o presos e ref\u00e9ns liberados no bairro da Cidade Nova - Brasil not\u00edcias","og_description":"Entre os criminosos, estava um menor de idade, que foi encaminhado \u00e0 Delegacia para o Adolescente Infrator (DAI). Terminou, por","og_url":"https:\/\/brasilnoticias.org\/site\/apos-acao-do-bope-criminosos-sao-presos-e-refens-liberados-no-bairro-da-cidade-nova\/","og_site_name":"Brasil not\u00edcias","article_published_time":"2024-07-01T14:15:51+00:00","og_image":[{"width":960,"height":500,"url":"https:\/\/brasilnoticias.org\/site\/wp-content\/uploads\/2024\/07\/situacao-refens-cidade-nova2.jpg","type":"image\/jpeg"}],"author":"Reda\u00e7\u00e3o","twitter_card":"summary_large_image","twitter_misc":{"Escrito por":"Reda\u00e7\u00e3o","Tempo estimado de leitura":"1 minuto"},"schema":{"@context":"https:\/\/schema.org","@graph":[{"@type":"Article","@id":"https:\/\/brasilnoticias.org\/site\/apos-acao-do-bope-criminosos-sao-presos-e-refens-liberados-no-bairro-da-cidade-nova\/#article","isPartOf":{"@id":"https:\/\/brasilnoticias.org\/site\/apos-acao-do-bope-criminosos-sao-presos-e-refens-liberados-no-bairro-da-cidade-nova\/"},"author":{"name":"Reda\u00e7\u00e3o","@id":"https:\/\/brasilnoticias.org\/site\/#\/schema\/person\/03bbbfe6c7634ad18c26444ea39049fa"},"headline":"Ap\u00f3s a\u00e7\u00e3o do Bope, criminosos s\u00e3o presos e ref\u00e9ns liberados no bairro da Cidade Nova","datePublished":"2024-07-01T14:15:51+00:00","mainEntityOfPage":{"@id":"https:\/\/brasilnoticias.org\/site\/apos-acao-do-bope-criminosos-sao-presos-e-refens-liberados-no-bairro-da-cidade-nova\/"},"wordCount":201,"commentCount":0,"publisher":{"@id":"https:\/\/brasilnoticias.org\/site\/#organization"},"image":{"@id":"https:\/\/brasilnoticias.org\/site\/apos-acao-do-bope-criminosos-sao-presos-e-refens-liberados-no-bairro-da-cidade-nova\/#primaryimage"},"thumbnailUrl":"https:\/\/brasilnoticias.org\/site\/wp-content\/uploads\/2024\/07\/situacao-refens-cidade-nova2.jpg","articleSection":["Pol\u00edcia","\u00daltimas"],"inLanguage":"pt-PT","potentialAction":[{"@type":"CommentAction","name":"Comment","target":["https:\/\/brasilnoticias.org\/site\/apos-acao-do-bope-criminosos-sao-presos-e-refens-liberados-no-bairro-da-cidade-nova\/#respond"]}]},{"@type":"WebPage","@id":"https:\/\/brasilnoticias.org\/site\/apos-acao-do-bope-criminosos-sao-presos-e-refens-liberados-no-bairro-da-cidade-nova\/","url":"https:\/\/brasilnoticias.org\/site\/apos-acao-do-bope-criminosos-sao-presos-e-refens-liberados-no-bairro-da-cidade-nova\/","name":"Ap\u00f3s a\u00e7\u00e3o do Bope, criminosos s\u00e3o presos e ref\u00e9ns liberados no bairro da Cidade Nova - Brasil not\u00edcias","isPartOf":{"@id":"https:\/\/brasilnoticias.org\/site\/#website"},"primaryImageOfPage":{"@id":"https:\/\/brasilnoticias.org\/site\/apos-acao-do-bope-criminosos-sao-presos-e-refens-liberados-no-bairro-da-cidade-nova\/#primaryimage"},"image":{"@id":"https:\/\/brasilnoticias.org\/site\/apos-acao-do-bope-criminosos-sao-presos-e-refens-liberados-no-bairro-da-cidade-nova\/#primaryimage"},"thumbnailUrl":"https:\/\/brasilnoticias.org\/site\/wp-content\/uploads\/2024\/07\/situacao-refens-cidade-nova2.jpg","datePublished":"2024-07-01T14:15:51+00:00","breadcrumb":{"@id":"https:\/\/brasilnoticias.org\/site\/apos-acao-do-bope-criminosos-sao-presos-e-refens-liberados-no-bairro-da-cidade-nova\/#breadcrumb"},"inLanguage":"pt-PT","potentialAction":[{"@type":"ReadAction","target":["https:\/\/brasilnoticias.org\/site\/apos-acao-do-bope-criminosos-sao-presos-e-refens-liberados-no-bairro-da-cidade-nova\/"]}]},{"@type":"ImageObject","inLanguage":"pt-PT","@id":"https:\/\/brasilnoticias.org\/site\/apos-acao-do-bope-criminosos-sao-presos-e-refens-liberados-no-bairro-da-cidade-nova\/#primaryimage","url":"https:\/\/brasilnoticias.org\/site\/wp-content\/uploads\/2024\/07\/situacao-refens-cidade-nova2.jpg","contentUrl":"https:\/\/brasilnoticias.org\/site\/wp-content\/uploads\/2024\/07\/situacao-refens-cidade-nova2.jpg","width":960,"height":500},{"@type":"BreadcrumbList","@id":"https:\/\/brasilnoticias.org\/site\/apos-acao-do-bope-criminosos-sao-presos-e-refens-liberados-no-bairro-da-cidade-nova\/#breadcrumb","itemListElement":[{"@type":"ListItem","position":1,"name":"In\u00edcio","item":"https:\/\/brasilnoticias.org\/site\/"},{"@type":"ListItem","position":2,"name":"Ap\u00f3s a\u00e7\u00e3o do Bope, criminosos s\u00e3o presos e ref\u00e9ns liberados no bairro da Cidade Nova"}]},{"@type":"WebSite","@id":"https:\/\/brasilnoticias.org\/site\/#website","url":"https:\/\/brasilnoticias.org\/site\/","name":"Brasil not\u00edcias","description":"Brasil not\u00edcias","publisher":{"@id":"https:\/\/brasilnoticias.org\/site\/#organization"},"potentialAction":[{"@type":"SearchAction","target":{"@type":"EntryPoint","urlTemplate":"https:\/\/brasilnoticias.org\/site\/?s={search_term_string}"},"query-input":{"@type":"PropertyValueSpecification","valueRequired":true,"valueName":"search_term_string"}}],"inLanguage":"pt-PT"},{"@type":"Organization","@id":"https:\/\/brasilnoticias.org\/site\/#organization","name":"Brasil not\u00edcias","url":"https:\/\/brasilnoticias.org\/site\/","logo":{"@type":"ImageObject","inLanguage":"pt-PT","@id":"https:\/\/brasilnoticias.org\/site\/#\/schema\/logo\/image\/","url":"https:\/\/brasilnoticias.org\/site\/wp-content\/uploads\/2022\/05\/cropped-brasilnoticias-mini.jpg","contentUrl":"https:\/\/brasilnoticias.org\/site\/wp-content\/uploads\/2022\/05\/cropped-brasilnoticias-mini.jpg","width":314,"height":86,"caption":"Brasil not\u00edcias"},"image":{"@id":"https:\/\/brasilnoticias.org\/site\/#\/schema\/logo\/image\/"}},{"@type":"Person","@id":"https:\/\/brasilnoticias.org\/site\/#\/schema\/person\/03bbbfe6c7634ad18c26444ea39049fa","name":"Reda\u00e7\u00e3o","image":{"@type":"ImageObject","inLanguage":"pt-PT","@id":"https:\/\/brasilnoticias.org\/site\/#\/schema\/person\/image\/","url":"https:\/\/secure.gravatar.com\/avatar\/9ecaf7327a696cb23ad926fedded5f1f04d7049de9e445375d55b48c001a6e42?s=96&d=mm&r=g","contentUrl":"https:\/\/secure.gravatar.com\/avatar\/9ecaf7327a696cb23ad926fedded5f1f04d7049de9e445375d55b48c001a6e42?s=96&d=mm&r=g","caption":"Reda\u00e7\u00e3o"},"url":"https:\/\/brasilnoticias.org\/site\/author\/henrique\/"}]}},"_links":{"self":[{"href":"https:\/\/brasilnoticias.org\/site\/wp-json\/wp\/v2\/posts\/14843","targetHints":{"allow":["GET"]}}],"collection":[{"href":"https:\/\/brasilnoticias.org\/site\/wp-json\/wp\/v2\/posts"}],"about":[{"href":"https:\/\/brasilnoticias.org\/site\/wp-json\/wp\/v2\/types\/post"}],"author":[{"embeddable":true,"href":"https:\/\/brasilnoticias.org\/site\/wp-json\/wp\/v2\/users\/4"}],"replies":[{"embeddable":true,"href":"https:\/\/brasilnoticias.org\/site\/wp-json\/wp\/v2\/comments?post=14843"}],"version-history":[{"count":1,"href":"https:\/\/brasilnoticias.org\/site\/wp-json\/wp\/v2\/posts\/14843\/revisions"}],"predecessor-version":[{"id":14845,"href":"https:\/\/brasilnoticias.org\/site\/wp-json\/wp\/v2\/posts\/14843\/revisions\/14845"}],"wp:featuredmedia":[{"embeddable":true,"href":"https:\/\/brasilnoticias.org\/site\/wp-json\/wp\/v2\/media\/14844"}],"wp:attachment":[{"href":"https:\/\/brasilnoticias.org\/site\/wp-json\/wp\/v2\/media?parent=14843"}],"wp:term":[{"taxonomy":"category","embeddable":true,"href":"https:\/\/brasilnoticias.org\/site\/wp-json\/wp\/v2\/categories?post=14843"},{"taxonomy":"post_tag","embeddable":true,"href":"https:\/\/brasilnoticias.org\/site\/wp-json\/wp\/v2\/tags?post=14843"}],"curies":[{"name":"wp","href":"https:\/\/api.w.org\/{rel}","templated":true}]}}