{"id":14846,"date":"2024-07-01T11:17:22","date_gmt":"2024-07-01T14:17:22","guid":{"rendered":"https:\/\/brasilnoticias.org\/site\/?p=14846"},"modified":"2024-07-01T11:17:22","modified_gmt":"2024-07-01T14:17:22","slug":"mais-de-r12-milhoes-em-emendas-parlamentares-foram-destinadas-para-festejos-juninos","status":"publish","type":"post","link":"https:\/\/brasilnoticias.org\/site\/mais-de-r12-milhoes-em-emendas-parlamentares-foram-destinadas-para-festejos-juninos\/","title":{"rendered":"Mais de R$12 milh\u00f5es em emendas parlamentares foram destinadas para festejos juninos"},"content":{"rendered":"<p>A Bahia foi o estado que recebeu a maior quantidade de verbas<\/p>\n<p>Mais de R$ 12,5 milh\u00f5es em emendas parlamentares foram destinados a estados e munic\u00edpios para custear as festas de S\u00e3o Jo\u00e3o por meio do Minist\u00e9rio do Turismo. Os recursos foram destinados aos festejos na Bahia, Pernambuco, Para\u00edba e Rio Grande do Norte.<\/p>\n<p>Com R$ 10,2 milh\u00f5es, a Bahia lidera com a maior quantidade de verba recebida. O valor foi dividido entre 37 munic\u00edpios. No estado baiano, o que mais recebeu foi Cruz das Almas, com R$ 1 milh\u00e3o. <\/p>\n<p>A deputada federal L\u00eddice da Mata (PSB), coordenadora da bancada da Bahia na C\u00e2mara, justificou a finalidade dos recursos devido a import\u00e2ncia dos festejos juninos para o estado. Na Bahia, cerca de 300 cidades fazem festas de S\u00e3o Jo\u00e3o e mais 100 celebram o S\u00e3o Pedro.<\/p>\n<p>Em nota, o Minist\u00e9rio do Turismo disse que &#8220;os festejos juninos s\u00e3o um importante indutor do turismo e contribuem para a gera\u00e7\u00e3o de emprego e renda nas cidades que realizam as festas&#8221;.  Segundo estimativas, 21,6 milh\u00f5es de pessoas devem participar dos festejos em 2024. A pasta ainda alegou que por se tratar de emendas impositivas, o destino do valor \u00e9 determinado pelos parlamentares e s\u00e3o justificadas por meio de notas t\u00e9cnicas.<\/p>\n<p>Foto: Marcello Casal Jr.\/Ag\u00eancia Brasil<br \/>\nPor: Metro1<\/p>\n","protected":false},"excerpt":{"rendered":"<p>A Bahia foi o estado que recebeu a maior quantidade de verbas Mais de R$ 12,5 milh\u00f5es em emendas parlamentares<\/p>\n","protected":false},"author":4,"featured_media":14847,"comment_status":"open","ping_status":"open","sticky":false,"template":"","format":"standard","meta":{"colormag_page_container_layout":"default_layout","colormag_page_sidebar_layout":"default_layout","_FSMCFIC_featured_image_caption":"","_FSMCFIC_featured_image_nocaption":"","_FSMCFIC_featured_image_hide":"","footnotes":""},"categories":[2,1],"tags":[],"class_list":["post-14846","post","type-post","status-publish","format-standard","has-post-thumbnail","hentry","category-noticias","category-ultimas"],"yoast_head":"<!-- This site is optimized with the Yoast SEO plugin v27.1.1 - https:\/\/yoast.com\/product\/yoast-seo-wordpress\/ -->\n<title>Mais de R$12 milh\u00f5es em emendas parlamentares foram destinadas para festejos juninos - Brasil not\u00edcias<\/title>\n<meta name=\"robots\" content=\"index, follow, max-snippet:-1, max-image-preview:large, max-video-preview:-1\" \/>\n<link rel=\"canonical\" href=\"https:\/\/brasilnoticias.org\/site\/mais-de-r12-milhoes-em-emendas-parlamentares-foram-destinadas-para-festejos-juninos\/\" \/>\n<meta property=\"og:locale\" content=\"pt_PT\" \/>\n<meta property=\"og:type\" content=\"article\" \/>\n<meta property=\"og:title\" content=\"Mais de R$12 milh\u00f5es em emendas parlamentares foram destinadas para festejos juninos - Brasil not\u00edcias\" \/>\n<meta property=\"og:description\" content=\"A Bahia foi o estado que recebeu a maior quantidade de verbas Mais de R$ 12,5 milh\u00f5es em emendas parlamentares\" \/>\n<meta property=\"og:url\" content=\"https:\/\/brasilnoticias.org\/site\/mais-de-r12-milhoes-em-emendas-parlamentares-foram-destinadas-para-festejos-juninos\/\" \/>\n<meta property=\"og:site_name\" content=\"Brasil not\u00edcias\" \/>\n<meta property=\"article:published_time\" content=\"2024-07-01T14:17:22+00:00\" \/>\n<meta property=\"og:image\" content=\"https:\/\/brasilnoticias.org\/site\/wp-content\/uploads\/2024\/07\/152234mais-de-r12-milhoes-em-emendas-parlamentares-foram-destinadas-para-festejos-juninos-3.jpg\" \/>\n\t<meta property=\"og:image:width\" content=\"1600\" \/>\n\t<meta property=\"og:image:height\" content=\"752\" \/>\n\t<meta property=\"og:image:type\" content=\"image\/jpeg\" \/>\n<meta name=\"author\" content=\"Reda\u00e7\u00e3o\" \/>\n<meta name=\"twitter:card\" content=\"summary_large_image\" \/>\n<meta name=\"twitter:label1\" content=\"Escrito por\" \/>\n\t<meta name=\"twitter:data1\" content=\"Reda\u00e7\u00e3o\" \/>\n\t<meta name=\"twitter:label2\" content=\"Tempo estimado de leitura\" \/>\n\t<meta name=\"twitter:data2\" content=\"1 minuto\" \/>\n<script type=\"application\/ld+json\" class=\"yoast-schema-graph\">{\"@context\":\"https:\/\/schema.org\",\"@graph\":[{\"@type\":\"Article\",\"@id\":\"https:\/\/brasilnoticias.org\/site\/mais-de-r12-milhoes-em-emendas-parlamentares-foram-destinadas-para-festejos-juninos\/#article\",\"isPartOf\":{\"@id\":\"https:\/\/brasilnoticias.org\/site\/mais-de-r12-milhoes-em-emendas-parlamentares-foram-destinadas-para-festejos-juninos\/\"},\"author\":{\"name\":\"Reda\u00e7\u00e3o\",\"@id\":\"https:\/\/brasilnoticias.org\/site\/#\/schema\/person\/03bbbfe6c7634ad18c26444ea39049fa\"},\"headline\":\"Mais de R$12 milh\u00f5es em emendas parlamentares foram destinadas para festejos juninos\",\"datePublished\":\"2024-07-01T14:17:22+00:00\",\"mainEntityOfPage\":{\"@id\":\"https:\/\/brasilnoticias.org\/site\/mais-de-r12-milhoes-em-emendas-parlamentares-foram-destinadas-para-festejos-juninos\/\"},\"wordCount\":241,\"commentCount\":0,\"publisher\":{\"@id\":\"https:\/\/brasilnoticias.org\/site\/#organization\"},\"image\":{\"@id\":\"https:\/\/brasilnoticias.org\/site\/mais-de-r12-milhoes-em-emendas-parlamentares-foram-destinadas-para-festejos-juninos\/#primaryimage\"},\"thumbnailUrl\":\"https:\/\/brasilnoticias.org\/site\/wp-content\/uploads\/2024\/07\/152234mais-de-r12-milhoes-em-emendas-parlamentares-foram-destinadas-para-festejos-juninos-3.jpg\",\"articleSection\":[\"Not\u00edcias\",\"\u00daltimas\"],\"inLanguage\":\"pt-PT\",\"potentialAction\":[{\"@type\":\"CommentAction\",\"name\":\"Comment\",\"target\":[\"https:\/\/brasilnoticias.org\/site\/mais-de-r12-milhoes-em-emendas-parlamentares-foram-destinadas-para-festejos-juninos\/#respond\"]}]},{\"@type\":\"WebPage\",\"@id\":\"https:\/\/brasilnoticias.org\/site\/mais-de-r12-milhoes-em-emendas-parlamentares-foram-destinadas-para-festejos-juninos\/\",\"url\":\"https:\/\/brasilnoticias.org\/site\/mais-de-r12-milhoes-em-emendas-parlamentares-foram-destinadas-para-festejos-juninos\/\",\"name\":\"Mais de R$12 milh\u00f5es em emendas parlamentares foram destinadas para festejos juninos - Brasil not\u00edcias\",\"isPartOf\":{\"@id\":\"https:\/\/brasilnoticias.org\/site\/#website\"},\"primaryImageOfPage\":{\"@id\":\"https:\/\/brasilnoticias.org\/site\/mais-de-r12-milhoes-em-emendas-parlamentares-foram-destinadas-para-festejos-juninos\/#primaryimage\"},\"image\":{\"@id\":\"https:\/\/brasilnoticias.org\/site\/mais-de-r12-milhoes-em-emendas-parlamentares-foram-destinadas-para-festejos-juninos\/#primaryimage\"},\"thumbnailUrl\":\"https:\/\/brasilnoticias.org\/site\/wp-content\/uploads\/2024\/07\/152234mais-de-r12-milhoes-em-emendas-parlamentares-foram-destinadas-para-festejos-juninos-3.jpg\",\"datePublished\":\"2024-07-01T14:17:22+00:00\",\"breadcrumb\":{\"@id\":\"https:\/\/brasilnoticias.org\/site\/mais-de-r12-milhoes-em-emendas-parlamentares-foram-destinadas-para-festejos-juninos\/#breadcrumb\"},\"inLanguage\":\"pt-PT\",\"potentialAction\":[{\"@type\":\"ReadAction\",\"target\":[\"https:\/\/brasilnoticias.org\/site\/mais-de-r12-milhoes-em-emendas-parlamentares-foram-destinadas-para-festejos-juninos\/\"]}]},{\"@type\":\"ImageObject\",\"inLanguage\":\"pt-PT\",\"@id\":\"https:\/\/brasilnoticias.org\/site\/mais-de-r12-milhoes-em-emendas-parlamentares-foram-destinadas-para-festejos-juninos\/#primaryimage\",\"url\":\"https:\/\/brasilnoticias.org\/site\/wp-content\/uploads\/2024\/07\/152234mais-de-r12-milhoes-em-emendas-parlamentares-foram-destinadas-para-festejos-juninos-3.jpg\",\"contentUrl\":\"https:\/\/brasilnoticias.org\/site\/wp-content\/uploads\/2024\/07\/152234mais-de-r12-milhoes-em-emendas-parlamentares-foram-destinadas-para-festejos-juninos-3.jpg\",\"width\":1600,\"height\":752},{\"@type\":\"BreadcrumbList\",\"@id\":\"https:\/\/brasilnoticias.org\/site\/mais-de-r12-milhoes-em-emendas-parlamentares-foram-destinadas-para-festejos-juninos\/#breadcrumb\",\"itemListElement\":[{\"@type\":\"ListItem\",\"position\":1,\"name\":\"In\u00edcio\",\"item\":\"https:\/\/brasilnoticias.org\/site\/\"},{\"@type\":\"ListItem\",\"position\":2,\"name\":\"Mais de R$12 milh\u00f5es em emendas parlamentares foram destinadas para festejos juninos\"}]},{\"@type\":\"WebSite\",\"@id\":\"https:\/\/brasilnoticias.org\/site\/#website\",\"url\":\"https:\/\/brasilnoticias.org\/site\/\",\"name\":\"Brasil not\u00edcias\",\"description\":\"Brasil not\u00edcias\",\"publisher\":{\"@id\":\"https:\/\/brasilnoticias.org\/site\/#organization\"},\"potentialAction\":[{\"@type\":\"SearchAction\",\"target\":{\"@type\":\"EntryPoint\",\"urlTemplate\":\"https:\/\/brasilnoticias.org\/site\/?s={search_term_string}\"},\"query-input\":{\"@type\":\"PropertyValueSpecification\",\"valueRequired\":true,\"valueName\":\"search_term_string\"}}],\"inLanguage\":\"pt-PT\"},{\"@type\":\"Organization\",\"@id\":\"https:\/\/brasilnoticias.org\/site\/#organization\",\"name\":\"Brasil not\u00edcias\",\"url\":\"https:\/\/brasilnoticias.org\/site\/\",\"logo\":{\"@type\":\"ImageObject\",\"inLanguage\":\"pt-PT\",\"@id\":\"https:\/\/brasilnoticias.org\/site\/#\/schema\/logo\/image\/\",\"url\":\"https:\/\/brasilnoticias.org\/site\/wp-content\/uploads\/2022\/05\/cropped-brasilnoticias-mini.jpg\",\"contentUrl\":\"https:\/\/brasilnoticias.org\/site\/wp-content\/uploads\/2022\/05\/cropped-brasilnoticias-mini.jpg\",\"width\":314,\"height\":86,\"caption\":\"Brasil not\u00edcias\"},\"image\":{\"@id\":\"https:\/\/brasilnoticias.org\/site\/#\/schema\/logo\/image\/\"}},{\"@type\":\"Person\",\"@id\":\"https:\/\/brasilnoticias.org\/site\/#\/schema\/person\/03bbbfe6c7634ad18c26444ea39049fa\",\"name\":\"Reda\u00e7\u00e3o\",\"image\":{\"@type\":\"ImageObject\",\"inLanguage\":\"pt-PT\",\"@id\":\"https:\/\/brasilnoticias.org\/site\/#\/schema\/person\/image\/\",\"url\":\"https:\/\/secure.gravatar.com\/avatar\/9ecaf7327a696cb23ad926fedded5f1f04d7049de9e445375d55b48c001a6e42?s=96&d=mm&r=g\",\"contentUrl\":\"https:\/\/secure.gravatar.com\/avatar\/9ecaf7327a696cb23ad926fedded5f1f04d7049de9e445375d55b48c001a6e42?s=96&d=mm&r=g\",\"caption\":\"Reda\u00e7\u00e3o\"},\"url\":\"https:\/\/brasilnoticias.org\/site\/author\/henrique\/\"}]}<\/script>\n<!-- \/ Yoast SEO plugin. -->","yoast_head_json":{"title":"Mais de R$12 milh\u00f5es em emendas parlamentares foram destinadas para festejos juninos - Brasil not\u00edcias","robots":{"index":"index","follow":"follow","max-snippet":"max-snippet:-1","max-image-preview":"max-image-preview:large","max-video-preview":"max-video-preview:-1"},"canonical":"https:\/\/brasilnoticias.org\/site\/mais-de-r12-milhoes-em-emendas-parlamentares-foram-destinadas-para-festejos-juninos\/","og_locale":"pt_PT","og_type":"article","og_title":"Mais de R$12 milh\u00f5es em emendas parlamentares foram destinadas para festejos juninos - Brasil not\u00edcias","og_description":"A Bahia foi o estado que recebeu a maior quantidade de verbas Mais de R$ 12,5 milh\u00f5es em emendas parlamentares","og_url":"https:\/\/brasilnoticias.org\/site\/mais-de-r12-milhoes-em-emendas-parlamentares-foram-destinadas-para-festejos-juninos\/","og_site_name":"Brasil not\u00edcias","article_published_time":"2024-07-01T14:17:22+00:00","og_image":[{"width":1600,"height":752,"url":"https:\/\/brasilnoticias.org\/site\/wp-content\/uploads\/2024\/07\/152234mais-de-r12-milhoes-em-emendas-parlamentares-foram-destinadas-para-festejos-juninos-3.jpg","type":"image\/jpeg"}],"author":"Reda\u00e7\u00e3o","twitter_card":"summary_large_image","twitter_misc":{"Escrito por":"Reda\u00e7\u00e3o","Tempo estimado de leitura":"1 minuto"},"schema":{"@context":"https:\/\/schema.org","@graph":[{"@type":"Article","@id":"https:\/\/brasilnoticias.org\/site\/mais-de-r12-milhoes-em-emendas-parlamentares-foram-destinadas-para-festejos-juninos\/#article","isPartOf":{"@id":"https:\/\/brasilnoticias.org\/site\/mais-de-r12-milhoes-em-emendas-parlamentares-foram-destinadas-para-festejos-juninos\/"},"author":{"name":"Reda\u00e7\u00e3o","@id":"https:\/\/brasilnoticias.org\/site\/#\/schema\/person\/03bbbfe6c7634ad18c26444ea39049fa"},"headline":"Mais de R$12 milh\u00f5es em emendas parlamentares foram destinadas para festejos juninos","datePublished":"2024-07-01T14:17:22+00:00","mainEntityOfPage":{"@id":"https:\/\/brasilnoticias.org\/site\/mais-de-r12-milhoes-em-emendas-parlamentares-foram-destinadas-para-festejos-juninos\/"},"wordCount":241,"commentCount":0,"publisher":{"@id":"https:\/\/brasilnoticias.org\/site\/#organization"},"image":{"@id":"https:\/\/brasilnoticias.org\/site\/mais-de-r12-milhoes-em-emendas-parlamentares-foram-destinadas-para-festejos-juninos\/#primaryimage"},"thumbnailUrl":"https:\/\/brasilnoticias.org\/site\/wp-content\/uploads\/2024\/07\/152234mais-de-r12-milhoes-em-emendas-parlamentares-foram-destinadas-para-festejos-juninos-3.jpg","articleSection":["Not\u00edcias","\u00daltimas"],"inLanguage":"pt-PT","potentialAction":[{"@type":"CommentAction","name":"Comment","target":["https:\/\/brasilnoticias.org\/site\/mais-de-r12-milhoes-em-emendas-parlamentares-foram-destinadas-para-festejos-juninos\/#respond"]}]},{"@type":"WebPage","@id":"https:\/\/brasilnoticias.org\/site\/mais-de-r12-milhoes-em-emendas-parlamentares-foram-destinadas-para-festejos-juninos\/","url":"https:\/\/brasilnoticias.org\/site\/mais-de-r12-milhoes-em-emendas-parlamentares-foram-destinadas-para-festejos-juninos\/","name":"Mais de R$12 milh\u00f5es em emendas parlamentares foram destinadas para festejos juninos - Brasil not\u00edcias","isPartOf":{"@id":"https:\/\/brasilnoticias.org\/site\/#website"},"primaryImageOfPage":{"@id":"https:\/\/brasilnoticias.org\/site\/mais-de-r12-milhoes-em-emendas-parlamentares-foram-destinadas-para-festejos-juninos\/#primaryimage"},"image":{"@id":"https:\/\/brasilnoticias.org\/site\/mais-de-r12-milhoes-em-emendas-parlamentares-foram-destinadas-para-festejos-juninos\/#primaryimage"},"thumbnailUrl":"https:\/\/brasilnoticias.org\/site\/wp-content\/uploads\/2024\/07\/152234mais-de-r12-milhoes-em-emendas-parlamentares-foram-destinadas-para-festejos-juninos-3.jpg","datePublished":"2024-07-01T14:17:22+00:00","breadcrumb":{"@id":"https:\/\/brasilnoticias.org\/site\/mais-de-r12-milhoes-em-emendas-parlamentares-foram-destinadas-para-festejos-juninos\/#breadcrumb"},"inLanguage":"pt-PT","potentialAction":[{"@type":"ReadAction","target":["https:\/\/brasilnoticias.org\/site\/mais-de-r12-milhoes-em-emendas-parlamentares-foram-destinadas-para-festejos-juninos\/"]}]},{"@type":"ImageObject","inLanguage":"pt-PT","@id":"https:\/\/brasilnoticias.org\/site\/mais-de-r12-milhoes-em-emendas-parlamentares-foram-destinadas-para-festejos-juninos\/#primaryimage","url":"https:\/\/brasilnoticias.org\/site\/wp-content\/uploads\/2024\/07\/152234mais-de-r12-milhoes-em-emendas-parlamentares-foram-destinadas-para-festejos-juninos-3.jpg","contentUrl":"https:\/\/brasilnoticias.org\/site\/wp-content\/uploads\/2024\/07\/152234mais-de-r12-milhoes-em-emendas-parlamentares-foram-destinadas-para-festejos-juninos-3.jpg","width":1600,"height":752},{"@type":"BreadcrumbList","@id":"https:\/\/brasilnoticias.org\/site\/mais-de-r12-milhoes-em-emendas-parlamentares-foram-destinadas-para-festejos-juninos\/#breadcrumb","itemListElement":[{"@type":"ListItem","position":1,"name":"In\u00edcio","item":"https:\/\/brasilnoticias.org\/site\/"},{"@type":"ListItem","position":2,"name":"Mais de R$12 milh\u00f5es em emendas parlamentares foram destinadas para festejos juninos"}]},{"@type":"WebSite","@id":"https:\/\/brasilnoticias.org\/site\/#website","url":"https:\/\/brasilnoticias.org\/site\/","name":"Brasil not\u00edcias","description":"Brasil not\u00edcias","publisher":{"@id":"https:\/\/brasilnoticias.org\/site\/#organization"},"potentialAction":[{"@type":"SearchAction","target":{"@type":"EntryPoint","urlTemplate":"https:\/\/brasilnoticias.org\/site\/?s={search_term_string}"},"query-input":{"@type":"PropertyValueSpecification","valueRequired":true,"valueName":"search_term_string"}}],"inLanguage":"pt-PT"},{"@type":"Organization","@id":"https:\/\/brasilnoticias.org\/site\/#organization","name":"Brasil not\u00edcias","url":"https:\/\/brasilnoticias.org\/site\/","logo":{"@type":"ImageObject","inLanguage":"pt-PT","@id":"https:\/\/brasilnoticias.org\/site\/#\/schema\/logo\/image\/","url":"https:\/\/brasilnoticias.org\/site\/wp-content\/uploads\/2022\/05\/cropped-brasilnoticias-mini.jpg","contentUrl":"https:\/\/brasilnoticias.org\/site\/wp-content\/uploads\/2022\/05\/cropped-brasilnoticias-mini.jpg","width":314,"height":86,"caption":"Brasil not\u00edcias"},"image":{"@id":"https:\/\/brasilnoticias.org\/site\/#\/schema\/logo\/image\/"}},{"@type":"Person","@id":"https:\/\/brasilnoticias.org\/site\/#\/schema\/person\/03bbbfe6c7634ad18c26444ea39049fa","name":"Reda\u00e7\u00e3o","image":{"@type":"ImageObject","inLanguage":"pt-PT","@id":"https:\/\/brasilnoticias.org\/site\/#\/schema\/person\/image\/","url":"https:\/\/secure.gravatar.com\/avatar\/9ecaf7327a696cb23ad926fedded5f1f04d7049de9e445375d55b48c001a6e42?s=96&d=mm&r=g","contentUrl":"https:\/\/secure.gravatar.com\/avatar\/9ecaf7327a696cb23ad926fedded5f1f04d7049de9e445375d55b48c001a6e42?s=96&d=mm&r=g","caption":"Reda\u00e7\u00e3o"},"url":"https:\/\/brasilnoticias.org\/site\/author\/henrique\/"}]}},"_links":{"self":[{"href":"https:\/\/brasilnoticias.org\/site\/wp-json\/wp\/v2\/posts\/14846","targetHints":{"allow":["GET"]}}],"collection":[{"href":"https:\/\/brasilnoticias.org\/site\/wp-json\/wp\/v2\/posts"}],"about":[{"href":"https:\/\/brasilnoticias.org\/site\/wp-json\/wp\/v2\/types\/post"}],"author":[{"embeddable":true,"href":"https:\/\/brasilnoticias.org\/site\/wp-json\/wp\/v2\/users\/4"}],"replies":[{"embeddable":true,"href":"https:\/\/brasilnoticias.org\/site\/wp-json\/wp\/v2\/comments?post=14846"}],"version-history":[{"count":1,"href":"https:\/\/brasilnoticias.org\/site\/wp-json\/wp\/v2\/posts\/14846\/revisions"}],"predecessor-version":[{"id":14848,"href":"https:\/\/brasilnoticias.org\/site\/wp-json\/wp\/v2\/posts\/14846\/revisions\/14848"}],"wp:featuredmedia":[{"embeddable":true,"href":"https:\/\/brasilnoticias.org\/site\/wp-json\/wp\/v2\/media\/14847"}],"wp:attachment":[{"href":"https:\/\/brasilnoticias.org\/site\/wp-json\/wp\/v2\/media?parent=14846"}],"wp:term":[{"taxonomy":"category","embeddable":true,"href":"https:\/\/brasilnoticias.org\/site\/wp-json\/wp\/v2\/categories?post=14846"},{"taxonomy":"post_tag","embeddable":true,"href":"https:\/\/brasilnoticias.org\/site\/wp-json\/wp\/v2\/tags?post=14846"}],"curies":[{"name":"wp","href":"https:\/\/api.w.org\/{rel}","templated":true}]}}