{"id":1485,"date":"2022-09-16T19:57:33","date_gmt":"2022-09-16T22:57:33","guid":{"rendered":"https:\/\/brasilnoticias.org\/site\/?p=1485"},"modified":"2022-09-16T19:57:33","modified_gmt":"2022-09-16T22:57:33","slug":"alagoinhas-olindina-conceicao-de-jacuipe-e-araci-recebem-capitao-alden-neste-final-de-semana","status":"publish","type":"post","link":"https:\/\/brasilnoticias.org\/site\/alagoinhas-olindina-conceicao-de-jacuipe-e-araci-recebem-capitao-alden-neste-final-de-semana\/","title":{"rendered":"Alagoinhas, Olindina, Concei\u00e7\u00e3o de Jacu\u00edpe e Araci recebem Capit\u00e3o Alden neste final de semana"},"content":{"rendered":"<p>&nbsp;<\/p>\n<p>Uma das principais caracter\u00edsticas de seu mandato \u00e9 estar cada vez mais pr\u00f3ximo do povo e compreendendo ainda mais as peculiaridades de cada munic\u00edpio. Com esse foco, o deputado Capit\u00e3o Alden (PL) pegou a estrada e foi para as cidades de Alagoinhas, Olindina e Concei\u00e7\u00e3o de Jacu\u00edpe.<\/p>\n<p>Nas regi\u00f5es visitadas, o parlamentar que em 2022 concorre a uma vaga na C\u00e2mara Federal, conversa com moradores locais; faz reuni\u00f5es com lideran\u00e7as; participa de entrevistas em ve\u00edculos de comunica\u00e7\u00e3o; e interage com agentes de Seguran\u00e7a P\u00fablica.<\/p>\n<p>Nesta sexta-feira (16), o deputado Capit\u00e3o Alden estar\u00e1 em Alagoinhas, j\u00e1 no s\u00e1bado (17) ele marca presen\u00e7a em Olindina e Concei\u00e7\u00e3o de Jacu\u00edpe. No domingo (18), a regi\u00e3o de Araci fechar\u00e1 a agenda do pol\u00edtico. \u201cNossa Bahia \u00e9 enorme e sabemos que s\u00e3o 417 munic\u00edpios, em que cada regi\u00e3o possui demandas pr\u00f3prias e devemos compreender melhor cada realidade destas cidades\u201d, comenta Alden.<\/p>\n","protected":false},"excerpt":{"rendered":"<p>&nbsp; Uma das principais caracter\u00edsticas de seu mandato \u00e9 estar cada vez mais pr\u00f3ximo do povo e compreendendo ainda mais<\/p>\n","protected":false},"author":2,"featured_media":1486,"comment_status":"open","ping_status":"open","sticky":false,"template":"","format":"standard","meta":{"colormag_page_container_layout":"default_layout","colormag_page_sidebar_layout":"default_layout","_FSMCFIC_featured_image_caption":"","_FSMCFIC_featured_image_nocaption":"","_FSMCFIC_featured_image_hide":"","footnotes":""},"categories":[5,1],"tags":[],"class_list":["post-1485","post","type-post","status-publish","format-standard","has-post-thumbnail","hentry","category-politica","category-ultimas"],"yoast_head":"<!-- This site is optimized with the Yoast SEO plugin v27.1.1 - https:\/\/yoast.com\/product\/yoast-seo-wordpress\/ -->\n<title>Alagoinhas, Olindina, Concei\u00e7\u00e3o de Jacu\u00edpe e Araci recebem Capit\u00e3o Alden neste final de semana - Brasil not\u00edcias<\/title>\n<meta name=\"robots\" content=\"index, follow, max-snippet:-1, max-image-preview:large, max-video-preview:-1\" \/>\n<link rel=\"canonical\" href=\"https:\/\/brasilnoticias.org\/site\/alagoinhas-olindina-conceicao-de-jacuipe-e-araci-recebem-capitao-alden-neste-final-de-semana\/\" \/>\n<meta property=\"og:locale\" content=\"pt_PT\" \/>\n<meta property=\"og:type\" content=\"article\" \/>\n<meta property=\"og:title\" content=\"Alagoinhas, Olindina, Concei\u00e7\u00e3o de Jacu\u00edpe e Araci recebem Capit\u00e3o Alden neste final de semana - Brasil not\u00edcias\" \/>\n<meta property=\"og:description\" content=\"&nbsp; Uma das principais caracter\u00edsticas de seu mandato \u00e9 estar cada vez mais pr\u00f3ximo do povo e compreendendo ainda mais\" \/>\n<meta property=\"og:url\" content=\"https:\/\/brasilnoticias.org\/site\/alagoinhas-olindina-conceicao-de-jacuipe-e-araci-recebem-capitao-alden-neste-final-de-semana\/\" \/>\n<meta property=\"og:site_name\" content=\"Brasil not\u00edcias\" \/>\n<meta property=\"article:published_time\" content=\"2022-09-16T22:57:33+00:00\" \/>\n<meta property=\"og:image\" content=\"https:\/\/brasilnoticias.org\/site\/wp-content\/uploads\/2022\/09\/IMG-20220916-WA0060.jpg\" \/>\n\t<meta property=\"og:image:width\" content=\"1600\" \/>\n\t<meta property=\"og:image:height\" content=\"1066\" \/>\n\t<meta property=\"og:image:type\" content=\"image\/jpeg\" \/>\n<meta name=\"author\" content=\"Reda\u00e7\u00e3o\" \/>\n<meta name=\"twitter:card\" content=\"summary_large_image\" \/>\n<meta name=\"twitter:label1\" content=\"Escrito por\" \/>\n\t<meta name=\"twitter:data1\" content=\"Reda\u00e7\u00e3o\" \/>\n\t<meta name=\"twitter:label2\" content=\"Tempo estimado de leitura\" \/>\n\t<meta name=\"twitter:data2\" content=\"1 minuto\" \/>\n<script type=\"application\/ld+json\" class=\"yoast-schema-graph\">{\"@context\":\"https:\/\/schema.org\",\"@graph\":[{\"@type\":\"Article\",\"@id\":\"https:\/\/brasilnoticias.org\/site\/alagoinhas-olindina-conceicao-de-jacuipe-e-araci-recebem-capitao-alden-neste-final-de-semana\/#article\",\"isPartOf\":{\"@id\":\"https:\/\/brasilnoticias.org\/site\/alagoinhas-olindina-conceicao-de-jacuipe-e-araci-recebem-capitao-alden-neste-final-de-semana\/\"},\"author\":{\"name\":\"Reda\u00e7\u00e3o\",\"@id\":\"https:\/\/brasilnoticias.org\/site\/#\/schema\/person\/f609fa847b5314f1c8b983342f34c798\"},\"headline\":\"Alagoinhas, Olindina, Concei\u00e7\u00e3o de Jacu\u00edpe e Araci recebem Capit\u00e3o Alden neste final de semana\",\"datePublished\":\"2022-09-16T22:57:33+00:00\",\"mainEntityOfPage\":{\"@id\":\"https:\/\/brasilnoticias.org\/site\/alagoinhas-olindina-conceicao-de-jacuipe-e-araci-recebem-capitao-alden-neste-final-de-semana\/\"},\"wordCount\":182,\"commentCount\":0,\"publisher\":{\"@id\":\"https:\/\/brasilnoticias.org\/site\/#organization\"},\"image\":{\"@id\":\"https:\/\/brasilnoticias.org\/site\/alagoinhas-olindina-conceicao-de-jacuipe-e-araci-recebem-capitao-alden-neste-final-de-semana\/#primaryimage\"},\"thumbnailUrl\":\"https:\/\/brasilnoticias.org\/site\/wp-content\/uploads\/2022\/09\/IMG-20220916-WA0060.jpg\",\"articleSection\":[\"Pol\u00edtica\",\"\u00daltimas\"],\"inLanguage\":\"pt-PT\",\"potentialAction\":[{\"@type\":\"CommentAction\",\"name\":\"Comment\",\"target\":[\"https:\/\/brasilnoticias.org\/site\/alagoinhas-olindina-conceicao-de-jacuipe-e-araci-recebem-capitao-alden-neste-final-de-semana\/#respond\"]}]},{\"@type\":\"WebPage\",\"@id\":\"https:\/\/brasilnoticias.org\/site\/alagoinhas-olindina-conceicao-de-jacuipe-e-araci-recebem-capitao-alden-neste-final-de-semana\/\",\"url\":\"https:\/\/brasilnoticias.org\/site\/alagoinhas-olindina-conceicao-de-jacuipe-e-araci-recebem-capitao-alden-neste-final-de-semana\/\",\"name\":\"Alagoinhas, Olindina, Concei\u00e7\u00e3o de Jacu\u00edpe e Araci recebem Capit\u00e3o Alden neste final de semana - Brasil not\u00edcias\",\"isPartOf\":{\"@id\":\"https:\/\/brasilnoticias.org\/site\/#website\"},\"primaryImageOfPage\":{\"@id\":\"https:\/\/brasilnoticias.org\/site\/alagoinhas-olindina-conceicao-de-jacuipe-e-araci-recebem-capitao-alden-neste-final-de-semana\/#primaryimage\"},\"image\":{\"@id\":\"https:\/\/brasilnoticias.org\/site\/alagoinhas-olindina-conceicao-de-jacuipe-e-araci-recebem-capitao-alden-neste-final-de-semana\/#primaryimage\"},\"thumbnailUrl\":\"https:\/\/brasilnoticias.org\/site\/wp-content\/uploads\/2022\/09\/IMG-20220916-WA0060.jpg\",\"datePublished\":\"2022-09-16T22:57:33+00:00\",\"breadcrumb\":{\"@id\":\"https:\/\/brasilnoticias.org\/site\/alagoinhas-olindina-conceicao-de-jacuipe-e-araci-recebem-capitao-alden-neste-final-de-semana\/#breadcrumb\"},\"inLanguage\":\"pt-PT\",\"potentialAction\":[{\"@type\":\"ReadAction\",\"target\":[\"https:\/\/brasilnoticias.org\/site\/alagoinhas-olindina-conceicao-de-jacuipe-e-araci-recebem-capitao-alden-neste-final-de-semana\/\"]}]},{\"@type\":\"ImageObject\",\"inLanguage\":\"pt-PT\",\"@id\":\"https:\/\/brasilnoticias.org\/site\/alagoinhas-olindina-conceicao-de-jacuipe-e-araci-recebem-capitao-alden-neste-final-de-semana\/#primaryimage\",\"url\":\"https:\/\/brasilnoticias.org\/site\/wp-content\/uploads\/2022\/09\/IMG-20220916-WA0060.jpg\",\"contentUrl\":\"https:\/\/brasilnoticias.org\/site\/wp-content\/uploads\/2022\/09\/IMG-20220916-WA0060.jpg\",\"width\":1600,\"height\":1066},{\"@type\":\"BreadcrumbList\",\"@id\":\"https:\/\/brasilnoticias.org\/site\/alagoinhas-olindina-conceicao-de-jacuipe-e-araci-recebem-capitao-alden-neste-final-de-semana\/#breadcrumb\",\"itemListElement\":[{\"@type\":\"ListItem\",\"position\":1,\"name\":\"In\u00edcio\",\"item\":\"https:\/\/brasilnoticias.org\/site\/\"},{\"@type\":\"ListItem\",\"position\":2,\"name\":\"Alagoinhas, Olindina, Concei\u00e7\u00e3o de Jacu\u00edpe e Araci recebem Capit\u00e3o Alden neste final de semana\"}]},{\"@type\":\"WebSite\",\"@id\":\"https:\/\/brasilnoticias.org\/site\/#website\",\"url\":\"https:\/\/brasilnoticias.org\/site\/\",\"name\":\"Brasil not\u00edcias\",\"description\":\"Brasil not\u00edcias\",\"publisher\":{\"@id\":\"https:\/\/brasilnoticias.org\/site\/#organization\"},\"potentialAction\":[{\"@type\":\"SearchAction\",\"target\":{\"@type\":\"EntryPoint\",\"urlTemplate\":\"https:\/\/brasilnoticias.org\/site\/?s={search_term_string}\"},\"query-input\":{\"@type\":\"PropertyValueSpecification\",\"valueRequired\":true,\"valueName\":\"search_term_string\"}}],\"inLanguage\":\"pt-PT\"},{\"@type\":\"Organization\",\"@id\":\"https:\/\/brasilnoticias.org\/site\/#organization\",\"name\":\"Brasil not\u00edcias\",\"url\":\"https:\/\/brasilnoticias.org\/site\/\",\"logo\":{\"@type\":\"ImageObject\",\"inLanguage\":\"pt-PT\",\"@id\":\"https:\/\/brasilnoticias.org\/site\/#\/schema\/logo\/image\/\",\"url\":\"https:\/\/brasilnoticias.org\/site\/wp-content\/uploads\/2022\/05\/cropped-brasilnoticias-mini.jpg\",\"contentUrl\":\"https:\/\/brasilnoticias.org\/site\/wp-content\/uploads\/2022\/05\/cropped-brasilnoticias-mini.jpg\",\"width\":314,\"height\":86,\"caption\":\"Brasil not\u00edcias\"},\"image\":{\"@id\":\"https:\/\/brasilnoticias.org\/site\/#\/schema\/logo\/image\/\"}},{\"@type\":\"Person\",\"@id\":\"https:\/\/brasilnoticias.org\/site\/#\/schema\/person\/f609fa847b5314f1c8b983342f34c798\",\"name\":\"Reda\u00e7\u00e3o\",\"image\":{\"@type\":\"ImageObject\",\"inLanguage\":\"pt-PT\",\"@id\":\"https:\/\/brasilnoticias.org\/site\/#\/schema\/person\/image\/\",\"url\":\"https:\/\/secure.gravatar.com\/avatar\/447284c06c1ad8b46465a36de9cd0d8326b73387a22799b8b1ffb1fbcff2ed0c?s=96&d=mm&r=g\",\"contentUrl\":\"https:\/\/secure.gravatar.com\/avatar\/447284c06c1ad8b46465a36de9cd0d8326b73387a22799b8b1ffb1fbcff2ed0c?s=96&d=mm&r=g\",\"caption\":\"Reda\u00e7\u00e3o\"},\"url\":\"https:\/\/brasilnoticias.org\/site\/author\/redacao\/\"}]}<\/script>\n<!-- \/ Yoast SEO plugin. -->","yoast_head_json":{"title":"Alagoinhas, Olindina, Concei\u00e7\u00e3o de Jacu\u00edpe e Araci recebem Capit\u00e3o Alden neste final de semana - Brasil not\u00edcias","robots":{"index":"index","follow":"follow","max-snippet":"max-snippet:-1","max-image-preview":"max-image-preview:large","max-video-preview":"max-video-preview:-1"},"canonical":"https:\/\/brasilnoticias.org\/site\/alagoinhas-olindina-conceicao-de-jacuipe-e-araci-recebem-capitao-alden-neste-final-de-semana\/","og_locale":"pt_PT","og_type":"article","og_title":"Alagoinhas, Olindina, Concei\u00e7\u00e3o de Jacu\u00edpe e Araci recebem Capit\u00e3o Alden neste final de semana - Brasil not\u00edcias","og_description":"&nbsp; Uma das principais caracter\u00edsticas de seu mandato \u00e9 estar cada vez mais pr\u00f3ximo do povo e compreendendo ainda mais","og_url":"https:\/\/brasilnoticias.org\/site\/alagoinhas-olindina-conceicao-de-jacuipe-e-araci-recebem-capitao-alden-neste-final-de-semana\/","og_site_name":"Brasil not\u00edcias","article_published_time":"2022-09-16T22:57:33+00:00","og_image":[{"width":1600,"height":1066,"url":"https:\/\/brasilnoticias.org\/site\/wp-content\/uploads\/2022\/09\/IMG-20220916-WA0060.jpg","type":"image\/jpeg"}],"author":"Reda\u00e7\u00e3o","twitter_card":"summary_large_image","twitter_misc":{"Escrito por":"Reda\u00e7\u00e3o","Tempo estimado de leitura":"1 minuto"},"schema":{"@context":"https:\/\/schema.org","@graph":[{"@type":"Article","@id":"https:\/\/brasilnoticias.org\/site\/alagoinhas-olindina-conceicao-de-jacuipe-e-araci-recebem-capitao-alden-neste-final-de-semana\/#article","isPartOf":{"@id":"https:\/\/brasilnoticias.org\/site\/alagoinhas-olindina-conceicao-de-jacuipe-e-araci-recebem-capitao-alden-neste-final-de-semana\/"},"author":{"name":"Reda\u00e7\u00e3o","@id":"https:\/\/brasilnoticias.org\/site\/#\/schema\/person\/f609fa847b5314f1c8b983342f34c798"},"headline":"Alagoinhas, Olindina, Concei\u00e7\u00e3o de Jacu\u00edpe e Araci recebem Capit\u00e3o Alden neste final de semana","datePublished":"2022-09-16T22:57:33+00:00","mainEntityOfPage":{"@id":"https:\/\/brasilnoticias.org\/site\/alagoinhas-olindina-conceicao-de-jacuipe-e-araci-recebem-capitao-alden-neste-final-de-semana\/"},"wordCount":182,"commentCount":0,"publisher":{"@id":"https:\/\/brasilnoticias.org\/site\/#organization"},"image":{"@id":"https:\/\/brasilnoticias.org\/site\/alagoinhas-olindina-conceicao-de-jacuipe-e-araci-recebem-capitao-alden-neste-final-de-semana\/#primaryimage"},"thumbnailUrl":"https:\/\/brasilnoticias.org\/site\/wp-content\/uploads\/2022\/09\/IMG-20220916-WA0060.jpg","articleSection":["Pol\u00edtica","\u00daltimas"],"inLanguage":"pt-PT","potentialAction":[{"@type":"CommentAction","name":"Comment","target":["https:\/\/brasilnoticias.org\/site\/alagoinhas-olindina-conceicao-de-jacuipe-e-araci-recebem-capitao-alden-neste-final-de-semana\/#respond"]}]},{"@type":"WebPage","@id":"https:\/\/brasilnoticias.org\/site\/alagoinhas-olindina-conceicao-de-jacuipe-e-araci-recebem-capitao-alden-neste-final-de-semana\/","url":"https:\/\/brasilnoticias.org\/site\/alagoinhas-olindina-conceicao-de-jacuipe-e-araci-recebem-capitao-alden-neste-final-de-semana\/","name":"Alagoinhas, Olindina, Concei\u00e7\u00e3o de Jacu\u00edpe e Araci recebem Capit\u00e3o Alden neste final de semana - Brasil not\u00edcias","isPartOf":{"@id":"https:\/\/brasilnoticias.org\/site\/#website"},"primaryImageOfPage":{"@id":"https:\/\/brasilnoticias.org\/site\/alagoinhas-olindina-conceicao-de-jacuipe-e-araci-recebem-capitao-alden-neste-final-de-semana\/#primaryimage"},"image":{"@id":"https:\/\/brasilnoticias.org\/site\/alagoinhas-olindina-conceicao-de-jacuipe-e-araci-recebem-capitao-alden-neste-final-de-semana\/#primaryimage"},"thumbnailUrl":"https:\/\/brasilnoticias.org\/site\/wp-content\/uploads\/2022\/09\/IMG-20220916-WA0060.jpg","datePublished":"2022-09-16T22:57:33+00:00","breadcrumb":{"@id":"https:\/\/brasilnoticias.org\/site\/alagoinhas-olindina-conceicao-de-jacuipe-e-araci-recebem-capitao-alden-neste-final-de-semana\/#breadcrumb"},"inLanguage":"pt-PT","potentialAction":[{"@type":"ReadAction","target":["https:\/\/brasilnoticias.org\/site\/alagoinhas-olindina-conceicao-de-jacuipe-e-araci-recebem-capitao-alden-neste-final-de-semana\/"]}]},{"@type":"ImageObject","inLanguage":"pt-PT","@id":"https:\/\/brasilnoticias.org\/site\/alagoinhas-olindina-conceicao-de-jacuipe-e-araci-recebem-capitao-alden-neste-final-de-semana\/#primaryimage","url":"https:\/\/brasilnoticias.org\/site\/wp-content\/uploads\/2022\/09\/IMG-20220916-WA0060.jpg","contentUrl":"https:\/\/brasilnoticias.org\/site\/wp-content\/uploads\/2022\/09\/IMG-20220916-WA0060.jpg","width":1600,"height":1066},{"@type":"BreadcrumbList","@id":"https:\/\/brasilnoticias.org\/site\/alagoinhas-olindina-conceicao-de-jacuipe-e-araci-recebem-capitao-alden-neste-final-de-semana\/#breadcrumb","itemListElement":[{"@type":"ListItem","position":1,"name":"In\u00edcio","item":"https:\/\/brasilnoticias.org\/site\/"},{"@type":"ListItem","position":2,"name":"Alagoinhas, Olindina, Concei\u00e7\u00e3o de Jacu\u00edpe e Araci recebem Capit\u00e3o Alden neste final de semana"}]},{"@type":"WebSite","@id":"https:\/\/brasilnoticias.org\/site\/#website","url":"https:\/\/brasilnoticias.org\/site\/","name":"Brasil not\u00edcias","description":"Brasil not\u00edcias","publisher":{"@id":"https:\/\/brasilnoticias.org\/site\/#organization"},"potentialAction":[{"@type":"SearchAction","target":{"@type":"EntryPoint","urlTemplate":"https:\/\/brasilnoticias.org\/site\/?s={search_term_string}"},"query-input":{"@type":"PropertyValueSpecification","valueRequired":true,"valueName":"search_term_string"}}],"inLanguage":"pt-PT"},{"@type":"Organization","@id":"https:\/\/brasilnoticias.org\/site\/#organization","name":"Brasil not\u00edcias","url":"https:\/\/brasilnoticias.org\/site\/","logo":{"@type":"ImageObject","inLanguage":"pt-PT","@id":"https:\/\/brasilnoticias.org\/site\/#\/schema\/logo\/image\/","url":"https:\/\/brasilnoticias.org\/site\/wp-content\/uploads\/2022\/05\/cropped-brasilnoticias-mini.jpg","contentUrl":"https:\/\/brasilnoticias.org\/site\/wp-content\/uploads\/2022\/05\/cropped-brasilnoticias-mini.jpg","width":314,"height":86,"caption":"Brasil not\u00edcias"},"image":{"@id":"https:\/\/brasilnoticias.org\/site\/#\/schema\/logo\/image\/"}},{"@type":"Person","@id":"https:\/\/brasilnoticias.org\/site\/#\/schema\/person\/f609fa847b5314f1c8b983342f34c798","name":"Reda\u00e7\u00e3o","image":{"@type":"ImageObject","inLanguage":"pt-PT","@id":"https:\/\/brasilnoticias.org\/site\/#\/schema\/person\/image\/","url":"https:\/\/secure.gravatar.com\/avatar\/447284c06c1ad8b46465a36de9cd0d8326b73387a22799b8b1ffb1fbcff2ed0c?s=96&d=mm&r=g","contentUrl":"https:\/\/secure.gravatar.com\/avatar\/447284c06c1ad8b46465a36de9cd0d8326b73387a22799b8b1ffb1fbcff2ed0c?s=96&d=mm&r=g","caption":"Reda\u00e7\u00e3o"},"url":"https:\/\/brasilnoticias.org\/site\/author\/redacao\/"}]}},"_links":{"self":[{"href":"https:\/\/brasilnoticias.org\/site\/wp-json\/wp\/v2\/posts\/1485","targetHints":{"allow":["GET"]}}],"collection":[{"href":"https:\/\/brasilnoticias.org\/site\/wp-json\/wp\/v2\/posts"}],"about":[{"href":"https:\/\/brasilnoticias.org\/site\/wp-json\/wp\/v2\/types\/post"}],"author":[{"embeddable":true,"href":"https:\/\/brasilnoticias.org\/site\/wp-json\/wp\/v2\/users\/2"}],"replies":[{"embeddable":true,"href":"https:\/\/brasilnoticias.org\/site\/wp-json\/wp\/v2\/comments?post=1485"}],"version-history":[{"count":1,"href":"https:\/\/brasilnoticias.org\/site\/wp-json\/wp\/v2\/posts\/1485\/revisions"}],"predecessor-version":[{"id":1487,"href":"https:\/\/brasilnoticias.org\/site\/wp-json\/wp\/v2\/posts\/1485\/revisions\/1487"}],"wp:featuredmedia":[{"embeddable":true,"href":"https:\/\/brasilnoticias.org\/site\/wp-json\/wp\/v2\/media\/1486"}],"wp:attachment":[{"href":"https:\/\/brasilnoticias.org\/site\/wp-json\/wp\/v2\/media?parent=1485"}],"wp:term":[{"taxonomy":"category","embeddable":true,"href":"https:\/\/brasilnoticias.org\/site\/wp-json\/wp\/v2\/categories?post=1485"},{"taxonomy":"post_tag","embeddable":true,"href":"https:\/\/brasilnoticias.org\/site\/wp-json\/wp\/v2\/tags?post=1485"}],"curies":[{"name":"wp","href":"https:\/\/api.w.org\/{rel}","templated":true}]}}