{"id":14859,"date":"2024-07-01T20:38:53","date_gmt":"2024-07-01T23:38:53","guid":{"rendered":"https:\/\/brasilnoticias.org\/site\/?p=14859"},"modified":"2024-07-01T20:38:53","modified_gmt":"2024-07-01T23:38:53","slug":"conta-de-luz-passa-a-ser-cobrada-com-bandeira-amarela-a-partir-desta-segunda-feira","status":"publish","type":"post","link":"https:\/\/brasilnoticias.org\/site\/conta-de-luz-passa-a-ser-cobrada-com-bandeira-amarela-a-partir-desta-segunda-feira\/","title":{"rendered":"Conta de luz passa a ser cobrada com bandeira amarela a partir desta segunda-feira"},"content":{"rendered":"<p>Com a medida, haver\u00e1 uma cobran\u00e7a extra de R$ 1,885 a cada 100 kW\/h de consumo de energia<\/p>\n<p>A tarifa de energia el\u00e9trica volta a ser cobrada com a sobretaxa da bandeira amarela a partir desta segunda-feira (1\u00b0).  Com a medida, haver\u00e1 uma cobran\u00e7a extra de R$ 1,885 a cada 100 kW\/h de consumo de energia. A determina\u00e7\u00e3o da Ag\u00eancia Nacional de Energia El\u00e9trica (Aneel) p\u00f5e fim aos 26 meses de bandeira verde na conta de luz, que estava sem adi\u00e7\u00e3o de valores extras desde abril de 2022<\/p>\n<p>A sobretaxa \u00e9 cobrada quando as usinas termel\u00e9tricas &#8211; que possuem custo maior que as hidrel\u00e9tricas &#8211; passam a operar mais, em decorr\u00eancia da diminui\u00e7\u00e3o no volume de chuvas, como explicou a Aneel em nota. <\/p>\n<p>\u201cEsse cen\u00e1rio de escassez de chuvas, somado ao inverno com temperaturas superiores \u00e0 m\u00e9dia hist\u00f3rica do per\u00edodo, faz com que as termel\u00e9tricas, com energia mais cara que hidrel\u00e9tricas, passem a operar mais\u201d, diz um trecho do comunicado.<\/p>\n<p>A Ag\u00eancia Nacional de Energia El\u00e9trica explicou que, apesar dos desastres ocasionados por enchentes no Brasil, as chuvas poder\u00e3o ficar 50% abaixo da m\u00e9dia quando analisado o pa\u00eds como um todo, o que justifica a ado\u00e7\u00e3o da bandeira amarela. <\/p>\n<p>Foto: Divulga\u00e7\u00e3o<br \/>\nPor: Metro1<\/p>\n","protected":false},"excerpt":{"rendered":"<p>Com a medida, haver\u00e1 uma cobran\u00e7a extra de R$ 1,885 a cada 100 kW\/h de consumo de energia A tarifa<\/p>\n","protected":false},"author":4,"featured_media":14860,"comment_status":"open","ping_status":"open","sticky":false,"template":"","format":"standard","meta":{"colormag_page_container_layout":"default_layout","colormag_page_sidebar_layout":"default_layout","_FSMCFIC_featured_image_caption":"","_FSMCFIC_featured_image_nocaption":"","_FSMCFIC_featured_image_hide":"","footnotes":""},"categories":[7,1],"tags":[],"class_list":["post-14859","post","type-post","status-publish","format-standard","has-post-thumbnail","hentry","category-justica","category-ultimas"],"yoast_head":"<!-- This site is optimized with the Yoast SEO plugin v27.1.1 - https:\/\/yoast.com\/product\/yoast-seo-wordpress\/ -->\n<title>Conta de luz passa a ser cobrada com bandeira amarela a partir desta segunda-feira - Brasil not\u00edcias<\/title>\n<meta name=\"robots\" content=\"index, follow, max-snippet:-1, max-image-preview:large, max-video-preview:-1\" \/>\n<link rel=\"canonical\" href=\"https:\/\/brasilnoticias.org\/site\/conta-de-luz-passa-a-ser-cobrada-com-bandeira-amarela-a-partir-desta-segunda-feira\/\" \/>\n<meta property=\"og:locale\" content=\"pt_PT\" \/>\n<meta property=\"og:type\" content=\"article\" \/>\n<meta property=\"og:title\" content=\"Conta de luz passa a ser cobrada com bandeira amarela a partir desta segunda-feira - Brasil not\u00edcias\" \/>\n<meta property=\"og:description\" content=\"Com a medida, haver\u00e1 uma cobran\u00e7a extra de R$ 1,885 a cada 100 kW\/h de consumo de energia A tarifa\" \/>\n<meta property=\"og:url\" content=\"https:\/\/brasilnoticias.org\/site\/conta-de-luz-passa-a-ser-cobrada-com-bandeira-amarela-a-partir-desta-segunda-feira\/\" \/>\n<meta property=\"og:site_name\" content=\"Brasil not\u00edcias\" \/>\n<meta property=\"article:published_time\" content=\"2024-07-01T23:38:53+00:00\" \/>\n<meta property=\"og:image\" content=\"https:\/\/brasilnoticias.org\/site\/wp-content\/uploads\/2024\/07\/152280conta-de-luz-passa-a-ser-cobrada-com-bandeira-amarela-a-partir-desta-segunda-feira-3.jpg\" \/>\n\t<meta property=\"og:image:width\" content=\"1600\" \/>\n\t<meta property=\"og:image:height\" content=\"752\" \/>\n\t<meta property=\"og:image:type\" content=\"image\/jpeg\" \/>\n<meta name=\"author\" content=\"Reda\u00e7\u00e3o\" \/>\n<meta name=\"twitter:card\" content=\"summary_large_image\" \/>\n<meta name=\"twitter:label1\" content=\"Escrito por\" \/>\n\t<meta name=\"twitter:data1\" content=\"Reda\u00e7\u00e3o\" \/>\n\t<meta name=\"twitter:label2\" content=\"Tempo estimado de leitura\" \/>\n\t<meta name=\"twitter:data2\" content=\"1 minuto\" \/>\n<script type=\"application\/ld+json\" class=\"yoast-schema-graph\">{\"@context\":\"https:\/\/schema.org\",\"@graph\":[{\"@type\":\"Article\",\"@id\":\"https:\/\/brasilnoticias.org\/site\/conta-de-luz-passa-a-ser-cobrada-com-bandeira-amarela-a-partir-desta-segunda-feira\/#article\",\"isPartOf\":{\"@id\":\"https:\/\/brasilnoticias.org\/site\/conta-de-luz-passa-a-ser-cobrada-com-bandeira-amarela-a-partir-desta-segunda-feira\/\"},\"author\":{\"name\":\"Reda\u00e7\u00e3o\",\"@id\":\"https:\/\/brasilnoticias.org\/site\/#\/schema\/person\/03bbbfe6c7634ad18c26444ea39049fa\"},\"headline\":\"Conta de luz passa a ser cobrada com bandeira amarela a partir desta segunda-feira\",\"datePublished\":\"2024-07-01T23:38:53+00:00\",\"mainEntityOfPage\":{\"@id\":\"https:\/\/brasilnoticias.org\/site\/conta-de-luz-passa-a-ser-cobrada-com-bandeira-amarela-a-partir-desta-segunda-feira\/\"},\"wordCount\":234,\"commentCount\":0,\"publisher\":{\"@id\":\"https:\/\/brasilnoticias.org\/site\/#organization\"},\"image\":{\"@id\":\"https:\/\/brasilnoticias.org\/site\/conta-de-luz-passa-a-ser-cobrada-com-bandeira-amarela-a-partir-desta-segunda-feira\/#primaryimage\"},\"thumbnailUrl\":\"https:\/\/brasilnoticias.org\/site\/wp-content\/uploads\/2024\/07\/152280conta-de-luz-passa-a-ser-cobrada-com-bandeira-amarela-a-partir-desta-segunda-feira-3.jpg\",\"articleSection\":[\"Justi\u00e7a\",\"\u00daltimas\"],\"inLanguage\":\"pt-PT\",\"potentialAction\":[{\"@type\":\"CommentAction\",\"name\":\"Comment\",\"target\":[\"https:\/\/brasilnoticias.org\/site\/conta-de-luz-passa-a-ser-cobrada-com-bandeira-amarela-a-partir-desta-segunda-feira\/#respond\"]}]},{\"@type\":\"WebPage\",\"@id\":\"https:\/\/brasilnoticias.org\/site\/conta-de-luz-passa-a-ser-cobrada-com-bandeira-amarela-a-partir-desta-segunda-feira\/\",\"url\":\"https:\/\/brasilnoticias.org\/site\/conta-de-luz-passa-a-ser-cobrada-com-bandeira-amarela-a-partir-desta-segunda-feira\/\",\"name\":\"Conta de luz passa a ser cobrada com bandeira amarela a partir desta segunda-feira - Brasil not\u00edcias\",\"isPartOf\":{\"@id\":\"https:\/\/brasilnoticias.org\/site\/#website\"},\"primaryImageOfPage\":{\"@id\":\"https:\/\/brasilnoticias.org\/site\/conta-de-luz-passa-a-ser-cobrada-com-bandeira-amarela-a-partir-desta-segunda-feira\/#primaryimage\"},\"image\":{\"@id\":\"https:\/\/brasilnoticias.org\/site\/conta-de-luz-passa-a-ser-cobrada-com-bandeira-amarela-a-partir-desta-segunda-feira\/#primaryimage\"},\"thumbnailUrl\":\"https:\/\/brasilnoticias.org\/site\/wp-content\/uploads\/2024\/07\/152280conta-de-luz-passa-a-ser-cobrada-com-bandeira-amarela-a-partir-desta-segunda-feira-3.jpg\",\"datePublished\":\"2024-07-01T23:38:53+00:00\",\"breadcrumb\":{\"@id\":\"https:\/\/brasilnoticias.org\/site\/conta-de-luz-passa-a-ser-cobrada-com-bandeira-amarela-a-partir-desta-segunda-feira\/#breadcrumb\"},\"inLanguage\":\"pt-PT\",\"potentialAction\":[{\"@type\":\"ReadAction\",\"target\":[\"https:\/\/brasilnoticias.org\/site\/conta-de-luz-passa-a-ser-cobrada-com-bandeira-amarela-a-partir-desta-segunda-feira\/\"]}]},{\"@type\":\"ImageObject\",\"inLanguage\":\"pt-PT\",\"@id\":\"https:\/\/brasilnoticias.org\/site\/conta-de-luz-passa-a-ser-cobrada-com-bandeira-amarela-a-partir-desta-segunda-feira\/#primaryimage\",\"url\":\"https:\/\/brasilnoticias.org\/site\/wp-content\/uploads\/2024\/07\/152280conta-de-luz-passa-a-ser-cobrada-com-bandeira-amarela-a-partir-desta-segunda-feira-3.jpg\",\"contentUrl\":\"https:\/\/brasilnoticias.org\/site\/wp-content\/uploads\/2024\/07\/152280conta-de-luz-passa-a-ser-cobrada-com-bandeira-amarela-a-partir-desta-segunda-feira-3.jpg\",\"width\":1600,\"height\":752},{\"@type\":\"BreadcrumbList\",\"@id\":\"https:\/\/brasilnoticias.org\/site\/conta-de-luz-passa-a-ser-cobrada-com-bandeira-amarela-a-partir-desta-segunda-feira\/#breadcrumb\",\"itemListElement\":[{\"@type\":\"ListItem\",\"position\":1,\"name\":\"In\u00edcio\",\"item\":\"https:\/\/brasilnoticias.org\/site\/\"},{\"@type\":\"ListItem\",\"position\":2,\"name\":\"Conta de luz passa a ser cobrada com bandeira amarela a partir desta segunda-feira\"}]},{\"@type\":\"WebSite\",\"@id\":\"https:\/\/brasilnoticias.org\/site\/#website\",\"url\":\"https:\/\/brasilnoticias.org\/site\/\",\"name\":\"Brasil not\u00edcias\",\"description\":\"Brasil not\u00edcias\",\"publisher\":{\"@id\":\"https:\/\/brasilnoticias.org\/site\/#organization\"},\"potentialAction\":[{\"@type\":\"SearchAction\",\"target\":{\"@type\":\"EntryPoint\",\"urlTemplate\":\"https:\/\/brasilnoticias.org\/site\/?s={search_term_string}\"},\"query-input\":{\"@type\":\"PropertyValueSpecification\",\"valueRequired\":true,\"valueName\":\"search_term_string\"}}],\"inLanguage\":\"pt-PT\"},{\"@type\":\"Organization\",\"@id\":\"https:\/\/brasilnoticias.org\/site\/#organization\",\"name\":\"Brasil not\u00edcias\",\"url\":\"https:\/\/brasilnoticias.org\/site\/\",\"logo\":{\"@type\":\"ImageObject\",\"inLanguage\":\"pt-PT\",\"@id\":\"https:\/\/brasilnoticias.org\/site\/#\/schema\/logo\/image\/\",\"url\":\"https:\/\/brasilnoticias.org\/site\/wp-content\/uploads\/2022\/05\/cropped-brasilnoticias-mini.jpg\",\"contentUrl\":\"https:\/\/brasilnoticias.org\/site\/wp-content\/uploads\/2022\/05\/cropped-brasilnoticias-mini.jpg\",\"width\":314,\"height\":86,\"caption\":\"Brasil not\u00edcias\"},\"image\":{\"@id\":\"https:\/\/brasilnoticias.org\/site\/#\/schema\/logo\/image\/\"}},{\"@type\":\"Person\",\"@id\":\"https:\/\/brasilnoticias.org\/site\/#\/schema\/person\/03bbbfe6c7634ad18c26444ea39049fa\",\"name\":\"Reda\u00e7\u00e3o\",\"image\":{\"@type\":\"ImageObject\",\"inLanguage\":\"pt-PT\",\"@id\":\"https:\/\/brasilnoticias.org\/site\/#\/schema\/person\/image\/\",\"url\":\"https:\/\/secure.gravatar.com\/avatar\/9ecaf7327a696cb23ad926fedded5f1f04d7049de9e445375d55b48c001a6e42?s=96&d=mm&r=g\",\"contentUrl\":\"https:\/\/secure.gravatar.com\/avatar\/9ecaf7327a696cb23ad926fedded5f1f04d7049de9e445375d55b48c001a6e42?s=96&d=mm&r=g\",\"caption\":\"Reda\u00e7\u00e3o\"},\"url\":\"https:\/\/brasilnoticias.org\/site\/author\/henrique\/\"}]}<\/script>\n<!-- \/ Yoast SEO plugin. -->","yoast_head_json":{"title":"Conta de luz passa a ser cobrada com bandeira amarela a partir desta segunda-feira - Brasil not\u00edcias","robots":{"index":"index","follow":"follow","max-snippet":"max-snippet:-1","max-image-preview":"max-image-preview:large","max-video-preview":"max-video-preview:-1"},"canonical":"https:\/\/brasilnoticias.org\/site\/conta-de-luz-passa-a-ser-cobrada-com-bandeira-amarela-a-partir-desta-segunda-feira\/","og_locale":"pt_PT","og_type":"article","og_title":"Conta de luz passa a ser cobrada com bandeira amarela a partir desta segunda-feira - Brasil not\u00edcias","og_description":"Com a medida, haver\u00e1 uma cobran\u00e7a extra de R$ 1,885 a cada 100 kW\/h de consumo de energia A tarifa","og_url":"https:\/\/brasilnoticias.org\/site\/conta-de-luz-passa-a-ser-cobrada-com-bandeira-amarela-a-partir-desta-segunda-feira\/","og_site_name":"Brasil not\u00edcias","article_published_time":"2024-07-01T23:38:53+00:00","og_image":[{"width":1600,"height":752,"url":"https:\/\/brasilnoticias.org\/site\/wp-content\/uploads\/2024\/07\/152280conta-de-luz-passa-a-ser-cobrada-com-bandeira-amarela-a-partir-desta-segunda-feira-3.jpg","type":"image\/jpeg"}],"author":"Reda\u00e7\u00e3o","twitter_card":"summary_large_image","twitter_misc":{"Escrito por":"Reda\u00e7\u00e3o","Tempo estimado de leitura":"1 minuto"},"schema":{"@context":"https:\/\/schema.org","@graph":[{"@type":"Article","@id":"https:\/\/brasilnoticias.org\/site\/conta-de-luz-passa-a-ser-cobrada-com-bandeira-amarela-a-partir-desta-segunda-feira\/#article","isPartOf":{"@id":"https:\/\/brasilnoticias.org\/site\/conta-de-luz-passa-a-ser-cobrada-com-bandeira-amarela-a-partir-desta-segunda-feira\/"},"author":{"name":"Reda\u00e7\u00e3o","@id":"https:\/\/brasilnoticias.org\/site\/#\/schema\/person\/03bbbfe6c7634ad18c26444ea39049fa"},"headline":"Conta de luz passa a ser cobrada com bandeira amarela a partir desta segunda-feira","datePublished":"2024-07-01T23:38:53+00:00","mainEntityOfPage":{"@id":"https:\/\/brasilnoticias.org\/site\/conta-de-luz-passa-a-ser-cobrada-com-bandeira-amarela-a-partir-desta-segunda-feira\/"},"wordCount":234,"commentCount":0,"publisher":{"@id":"https:\/\/brasilnoticias.org\/site\/#organization"},"image":{"@id":"https:\/\/brasilnoticias.org\/site\/conta-de-luz-passa-a-ser-cobrada-com-bandeira-amarela-a-partir-desta-segunda-feira\/#primaryimage"},"thumbnailUrl":"https:\/\/brasilnoticias.org\/site\/wp-content\/uploads\/2024\/07\/152280conta-de-luz-passa-a-ser-cobrada-com-bandeira-amarela-a-partir-desta-segunda-feira-3.jpg","articleSection":["Justi\u00e7a","\u00daltimas"],"inLanguage":"pt-PT","potentialAction":[{"@type":"CommentAction","name":"Comment","target":["https:\/\/brasilnoticias.org\/site\/conta-de-luz-passa-a-ser-cobrada-com-bandeira-amarela-a-partir-desta-segunda-feira\/#respond"]}]},{"@type":"WebPage","@id":"https:\/\/brasilnoticias.org\/site\/conta-de-luz-passa-a-ser-cobrada-com-bandeira-amarela-a-partir-desta-segunda-feira\/","url":"https:\/\/brasilnoticias.org\/site\/conta-de-luz-passa-a-ser-cobrada-com-bandeira-amarela-a-partir-desta-segunda-feira\/","name":"Conta de luz passa a ser cobrada com bandeira amarela a partir desta segunda-feira - Brasil not\u00edcias","isPartOf":{"@id":"https:\/\/brasilnoticias.org\/site\/#website"},"primaryImageOfPage":{"@id":"https:\/\/brasilnoticias.org\/site\/conta-de-luz-passa-a-ser-cobrada-com-bandeira-amarela-a-partir-desta-segunda-feira\/#primaryimage"},"image":{"@id":"https:\/\/brasilnoticias.org\/site\/conta-de-luz-passa-a-ser-cobrada-com-bandeira-amarela-a-partir-desta-segunda-feira\/#primaryimage"},"thumbnailUrl":"https:\/\/brasilnoticias.org\/site\/wp-content\/uploads\/2024\/07\/152280conta-de-luz-passa-a-ser-cobrada-com-bandeira-amarela-a-partir-desta-segunda-feira-3.jpg","datePublished":"2024-07-01T23:38:53+00:00","breadcrumb":{"@id":"https:\/\/brasilnoticias.org\/site\/conta-de-luz-passa-a-ser-cobrada-com-bandeira-amarela-a-partir-desta-segunda-feira\/#breadcrumb"},"inLanguage":"pt-PT","potentialAction":[{"@type":"ReadAction","target":["https:\/\/brasilnoticias.org\/site\/conta-de-luz-passa-a-ser-cobrada-com-bandeira-amarela-a-partir-desta-segunda-feira\/"]}]},{"@type":"ImageObject","inLanguage":"pt-PT","@id":"https:\/\/brasilnoticias.org\/site\/conta-de-luz-passa-a-ser-cobrada-com-bandeira-amarela-a-partir-desta-segunda-feira\/#primaryimage","url":"https:\/\/brasilnoticias.org\/site\/wp-content\/uploads\/2024\/07\/152280conta-de-luz-passa-a-ser-cobrada-com-bandeira-amarela-a-partir-desta-segunda-feira-3.jpg","contentUrl":"https:\/\/brasilnoticias.org\/site\/wp-content\/uploads\/2024\/07\/152280conta-de-luz-passa-a-ser-cobrada-com-bandeira-amarela-a-partir-desta-segunda-feira-3.jpg","width":1600,"height":752},{"@type":"BreadcrumbList","@id":"https:\/\/brasilnoticias.org\/site\/conta-de-luz-passa-a-ser-cobrada-com-bandeira-amarela-a-partir-desta-segunda-feira\/#breadcrumb","itemListElement":[{"@type":"ListItem","position":1,"name":"In\u00edcio","item":"https:\/\/brasilnoticias.org\/site\/"},{"@type":"ListItem","position":2,"name":"Conta de luz passa a ser cobrada com bandeira amarela a partir desta segunda-feira"}]},{"@type":"WebSite","@id":"https:\/\/brasilnoticias.org\/site\/#website","url":"https:\/\/brasilnoticias.org\/site\/","name":"Brasil not\u00edcias","description":"Brasil not\u00edcias","publisher":{"@id":"https:\/\/brasilnoticias.org\/site\/#organization"},"potentialAction":[{"@type":"SearchAction","target":{"@type":"EntryPoint","urlTemplate":"https:\/\/brasilnoticias.org\/site\/?s={search_term_string}"},"query-input":{"@type":"PropertyValueSpecification","valueRequired":true,"valueName":"search_term_string"}}],"inLanguage":"pt-PT"},{"@type":"Organization","@id":"https:\/\/brasilnoticias.org\/site\/#organization","name":"Brasil not\u00edcias","url":"https:\/\/brasilnoticias.org\/site\/","logo":{"@type":"ImageObject","inLanguage":"pt-PT","@id":"https:\/\/brasilnoticias.org\/site\/#\/schema\/logo\/image\/","url":"https:\/\/brasilnoticias.org\/site\/wp-content\/uploads\/2022\/05\/cropped-brasilnoticias-mini.jpg","contentUrl":"https:\/\/brasilnoticias.org\/site\/wp-content\/uploads\/2022\/05\/cropped-brasilnoticias-mini.jpg","width":314,"height":86,"caption":"Brasil not\u00edcias"},"image":{"@id":"https:\/\/brasilnoticias.org\/site\/#\/schema\/logo\/image\/"}},{"@type":"Person","@id":"https:\/\/brasilnoticias.org\/site\/#\/schema\/person\/03bbbfe6c7634ad18c26444ea39049fa","name":"Reda\u00e7\u00e3o","image":{"@type":"ImageObject","inLanguage":"pt-PT","@id":"https:\/\/brasilnoticias.org\/site\/#\/schema\/person\/image\/","url":"https:\/\/secure.gravatar.com\/avatar\/9ecaf7327a696cb23ad926fedded5f1f04d7049de9e445375d55b48c001a6e42?s=96&d=mm&r=g","contentUrl":"https:\/\/secure.gravatar.com\/avatar\/9ecaf7327a696cb23ad926fedded5f1f04d7049de9e445375d55b48c001a6e42?s=96&d=mm&r=g","caption":"Reda\u00e7\u00e3o"},"url":"https:\/\/brasilnoticias.org\/site\/author\/henrique\/"}]}},"_links":{"self":[{"href":"https:\/\/brasilnoticias.org\/site\/wp-json\/wp\/v2\/posts\/14859","targetHints":{"allow":["GET"]}}],"collection":[{"href":"https:\/\/brasilnoticias.org\/site\/wp-json\/wp\/v2\/posts"}],"about":[{"href":"https:\/\/brasilnoticias.org\/site\/wp-json\/wp\/v2\/types\/post"}],"author":[{"embeddable":true,"href":"https:\/\/brasilnoticias.org\/site\/wp-json\/wp\/v2\/users\/4"}],"replies":[{"embeddable":true,"href":"https:\/\/brasilnoticias.org\/site\/wp-json\/wp\/v2\/comments?post=14859"}],"version-history":[{"count":1,"href":"https:\/\/brasilnoticias.org\/site\/wp-json\/wp\/v2\/posts\/14859\/revisions"}],"predecessor-version":[{"id":14861,"href":"https:\/\/brasilnoticias.org\/site\/wp-json\/wp\/v2\/posts\/14859\/revisions\/14861"}],"wp:featuredmedia":[{"embeddable":true,"href":"https:\/\/brasilnoticias.org\/site\/wp-json\/wp\/v2\/media\/14860"}],"wp:attachment":[{"href":"https:\/\/brasilnoticias.org\/site\/wp-json\/wp\/v2\/media?parent=14859"}],"wp:term":[{"taxonomy":"category","embeddable":true,"href":"https:\/\/brasilnoticias.org\/site\/wp-json\/wp\/v2\/categories?post=14859"},{"taxonomy":"post_tag","embeddable":true,"href":"https:\/\/brasilnoticias.org\/site\/wp-json\/wp\/v2\/tags?post=14859"}],"curies":[{"name":"wp","href":"https:\/\/api.w.org\/{rel}","templated":true}]}}