{"id":14864,"date":"2024-07-02T14:21:38","date_gmt":"2024-07-02T17:21:38","guid":{"rendered":"https:\/\/brasilnoticias.org\/site\/?p=14864"},"modified":"2024-07-02T14:21:38","modified_gmt":"2024-07-02T17:21:38","slug":"batedor-de-lula-cai-em-pista-durante-escolta-e-transito-e-fechado-na-av-paralela","status":"publish","type":"post","link":"https:\/\/brasilnoticias.org\/site\/batedor-de-lula-cai-em-pista-durante-escolta-e-transito-e-fechado-na-av-paralela\/","title":{"rendered":"Batedor de Lula cai em pista durante escolta e tr\u00e2nsito \u00e9 fechado na Av. Paralela"},"content":{"rendered":"<p>Um longo congestionamento se formou na regi\u00e3o, sentido aeroporto, na altura entre a Esta\u00e7\u00e3o de Metr\u00f4 CAB e a entrada do bairro do Imbu\u00ed<\/p>\n<p>Ap\u00f3s participar das comemora\u00e7\u00f5es aos 201 anos da Independ\u00eancia do Brasil na Bahia, o presidente Lula e sua comitiva se envolveram em um acidente na Avenida Paralela, em Salvador, no final da manh\u00e3 desta ter\u00e7a-feira (2\/7). Um dos batedores, que realizava a escolta das autoridades, foi atingido por um ve\u00edculo e caiu na pista.<\/p>\n<p>Imagens recebidas pela reda\u00e7\u00e3o do Aratu On mostram o motociclista ca\u00eddo no ch\u00e3o, ao lado da moto e de um ve\u00edculo Fiat\/Idea. Nos registros \u00e9 poss\u00edvel ver ainda militares do Ex\u00e9rcito e funcion\u00e1rios da Transalvador no local.<\/p>\n<p>Um longo congestionamento se formou na regi\u00e3o, sentido aeroporto, na altura entre a Esta\u00e7\u00e3o de Metr\u00f4 CAB e a entrada do bairro do Imbu\u00ed. Informa\u00e7\u00f5es do Aplicativo Waze mostram que a velocidade na via \u00e9 inferior a 6km\/h.<\/p>\n<p>Ainda n\u00e3o h\u00e1 informa\u00e7\u00f5es da assessoria doa governo estadual ou Federal. Atualizaremos a nota assim que houver uma resposta oficial sobre o incidente.<\/p>\n<p>Foto: Leitor\/Aratu On<br \/>\nAratu On<\/p>\n","protected":false},"excerpt":{"rendered":"<p>Um longo congestionamento se formou na regi\u00e3o, sentido aeroporto, na altura entre a Esta\u00e7\u00e3o de Metr\u00f4 CAB e a entrada<\/p>\n","protected":false},"author":4,"featured_media":14865,"comment_status":"open","ping_status":"open","sticky":false,"template":"","format":"standard","meta":{"colormag_page_container_layout":"default_layout","colormag_page_sidebar_layout":"default_layout","_FSMCFIC_featured_image_caption":"","_FSMCFIC_featured_image_nocaption":"","_FSMCFIC_featured_image_hide":"","footnotes":""},"categories":[2,1],"tags":[],"class_list":["post-14864","post","type-post","status-publish","format-standard","has-post-thumbnail","hentry","category-noticias","category-ultimas"],"yoast_head":"<!-- This site is optimized with the Yoast SEO plugin v27.1.1 - https:\/\/yoast.com\/product\/yoast-seo-wordpress\/ -->\n<title>Batedor de Lula cai em pista durante escolta e tr\u00e2nsito \u00e9 fechado na Av. Paralela - Brasil not\u00edcias<\/title>\n<meta name=\"robots\" content=\"index, follow, max-snippet:-1, max-image-preview:large, max-video-preview:-1\" \/>\n<link rel=\"canonical\" href=\"https:\/\/brasilnoticias.org\/site\/batedor-de-lula-cai-em-pista-durante-escolta-e-transito-e-fechado-na-av-paralela\/\" \/>\n<meta property=\"og:locale\" content=\"pt_PT\" \/>\n<meta property=\"og:type\" content=\"article\" \/>\n<meta property=\"og:title\" content=\"Batedor de Lula cai em pista durante escolta e tr\u00e2nsito \u00e9 fechado na Av. Paralela - Brasil not\u00edcias\" \/>\n<meta property=\"og:description\" content=\"Um longo congestionamento se formou na regi\u00e3o, sentido aeroporto, na altura entre a Esta\u00e7\u00e3o de Metr\u00f4 CAB e a entrada\" \/>\n<meta property=\"og:url\" content=\"https:\/\/brasilnoticias.org\/site\/batedor-de-lula-cai-em-pista-durante-escolta-e-transito-e-fechado-na-av-paralela\/\" \/>\n<meta property=\"og:site_name\" content=\"Brasil not\u00edcias\" \/>\n<meta property=\"article:published_time\" content=\"2024-07-02T17:21:38+00:00\" \/>\n<meta property=\"og:image\" content=\"https:\/\/brasilnoticias.org\/site\/wp-content\/uploads\/2024\/07\/page-7.jpg\" \/>\n\t<meta property=\"og:image:width\" content=\"960\" \/>\n\t<meta property=\"og:image:height\" content=\"500\" \/>\n\t<meta property=\"og:image:type\" content=\"image\/jpeg\" \/>\n<meta name=\"author\" content=\"Reda\u00e7\u00e3o\" \/>\n<meta name=\"twitter:card\" content=\"summary_large_image\" \/>\n<meta name=\"twitter:label1\" content=\"Escrito por\" \/>\n\t<meta name=\"twitter:data1\" content=\"Reda\u00e7\u00e3o\" \/>\n\t<meta name=\"twitter:label2\" content=\"Tempo estimado de leitura\" \/>\n\t<meta name=\"twitter:data2\" content=\"1 minuto\" \/>\n<script type=\"application\/ld+json\" class=\"yoast-schema-graph\">{\"@context\":\"https:\/\/schema.org\",\"@graph\":[{\"@type\":\"Article\",\"@id\":\"https:\/\/brasilnoticias.org\/site\/batedor-de-lula-cai-em-pista-durante-escolta-e-transito-e-fechado-na-av-paralela\/#article\",\"isPartOf\":{\"@id\":\"https:\/\/brasilnoticias.org\/site\/batedor-de-lula-cai-em-pista-durante-escolta-e-transito-e-fechado-na-av-paralela\/\"},\"author\":{\"name\":\"Reda\u00e7\u00e3o\",\"@id\":\"https:\/\/brasilnoticias.org\/site\/#\/schema\/person\/03bbbfe6c7634ad18c26444ea39049fa\"},\"headline\":\"Batedor de Lula cai em pista durante escolta e tr\u00e2nsito \u00e9 fechado na Av. Paralela\",\"datePublished\":\"2024-07-02T17:21:38+00:00\",\"mainEntityOfPage\":{\"@id\":\"https:\/\/brasilnoticias.org\/site\/batedor-de-lula-cai-em-pista-durante-escolta-e-transito-e-fechado-na-av-paralela\/\"},\"wordCount\":214,\"commentCount\":0,\"publisher\":{\"@id\":\"https:\/\/brasilnoticias.org\/site\/#organization\"},\"image\":{\"@id\":\"https:\/\/brasilnoticias.org\/site\/batedor-de-lula-cai-em-pista-durante-escolta-e-transito-e-fechado-na-av-paralela\/#primaryimage\"},\"thumbnailUrl\":\"https:\/\/brasilnoticias.org\/site\/wp-content\/uploads\/2024\/07\/page-7.jpg\",\"articleSection\":[\"Not\u00edcias\",\"\u00daltimas\"],\"inLanguage\":\"pt-PT\",\"potentialAction\":[{\"@type\":\"CommentAction\",\"name\":\"Comment\",\"target\":[\"https:\/\/brasilnoticias.org\/site\/batedor-de-lula-cai-em-pista-durante-escolta-e-transito-e-fechado-na-av-paralela\/#respond\"]}]},{\"@type\":\"WebPage\",\"@id\":\"https:\/\/brasilnoticias.org\/site\/batedor-de-lula-cai-em-pista-durante-escolta-e-transito-e-fechado-na-av-paralela\/\",\"url\":\"https:\/\/brasilnoticias.org\/site\/batedor-de-lula-cai-em-pista-durante-escolta-e-transito-e-fechado-na-av-paralela\/\",\"name\":\"Batedor de Lula cai em pista durante escolta e tr\u00e2nsito \u00e9 fechado na Av. Paralela - Brasil not\u00edcias\",\"isPartOf\":{\"@id\":\"https:\/\/brasilnoticias.org\/site\/#website\"},\"primaryImageOfPage\":{\"@id\":\"https:\/\/brasilnoticias.org\/site\/batedor-de-lula-cai-em-pista-durante-escolta-e-transito-e-fechado-na-av-paralela\/#primaryimage\"},\"image\":{\"@id\":\"https:\/\/brasilnoticias.org\/site\/batedor-de-lula-cai-em-pista-durante-escolta-e-transito-e-fechado-na-av-paralela\/#primaryimage\"},\"thumbnailUrl\":\"https:\/\/brasilnoticias.org\/site\/wp-content\/uploads\/2024\/07\/page-7.jpg\",\"datePublished\":\"2024-07-02T17:21:38+00:00\",\"breadcrumb\":{\"@id\":\"https:\/\/brasilnoticias.org\/site\/batedor-de-lula-cai-em-pista-durante-escolta-e-transito-e-fechado-na-av-paralela\/#breadcrumb\"},\"inLanguage\":\"pt-PT\",\"potentialAction\":[{\"@type\":\"ReadAction\",\"target\":[\"https:\/\/brasilnoticias.org\/site\/batedor-de-lula-cai-em-pista-durante-escolta-e-transito-e-fechado-na-av-paralela\/\"]}]},{\"@type\":\"ImageObject\",\"inLanguage\":\"pt-PT\",\"@id\":\"https:\/\/brasilnoticias.org\/site\/batedor-de-lula-cai-em-pista-durante-escolta-e-transito-e-fechado-na-av-paralela\/#primaryimage\",\"url\":\"https:\/\/brasilnoticias.org\/site\/wp-content\/uploads\/2024\/07\/page-7.jpg\",\"contentUrl\":\"https:\/\/brasilnoticias.org\/site\/wp-content\/uploads\/2024\/07\/page-7.jpg\",\"width\":960,\"height\":500},{\"@type\":\"BreadcrumbList\",\"@id\":\"https:\/\/brasilnoticias.org\/site\/batedor-de-lula-cai-em-pista-durante-escolta-e-transito-e-fechado-na-av-paralela\/#breadcrumb\",\"itemListElement\":[{\"@type\":\"ListItem\",\"position\":1,\"name\":\"In\u00edcio\",\"item\":\"https:\/\/brasilnoticias.org\/site\/\"},{\"@type\":\"ListItem\",\"position\":2,\"name\":\"Batedor de Lula cai em pista durante escolta e tr\u00e2nsito \u00e9 fechado na Av. Paralela\"}]},{\"@type\":\"WebSite\",\"@id\":\"https:\/\/brasilnoticias.org\/site\/#website\",\"url\":\"https:\/\/brasilnoticias.org\/site\/\",\"name\":\"Brasil not\u00edcias\",\"description\":\"Brasil not\u00edcias\",\"publisher\":{\"@id\":\"https:\/\/brasilnoticias.org\/site\/#organization\"},\"potentialAction\":[{\"@type\":\"SearchAction\",\"target\":{\"@type\":\"EntryPoint\",\"urlTemplate\":\"https:\/\/brasilnoticias.org\/site\/?s={search_term_string}\"},\"query-input\":{\"@type\":\"PropertyValueSpecification\",\"valueRequired\":true,\"valueName\":\"search_term_string\"}}],\"inLanguage\":\"pt-PT\"},{\"@type\":\"Organization\",\"@id\":\"https:\/\/brasilnoticias.org\/site\/#organization\",\"name\":\"Brasil not\u00edcias\",\"url\":\"https:\/\/brasilnoticias.org\/site\/\",\"logo\":{\"@type\":\"ImageObject\",\"inLanguage\":\"pt-PT\",\"@id\":\"https:\/\/brasilnoticias.org\/site\/#\/schema\/logo\/image\/\",\"url\":\"https:\/\/brasilnoticias.org\/site\/wp-content\/uploads\/2022\/05\/cropped-brasilnoticias-mini.jpg\",\"contentUrl\":\"https:\/\/brasilnoticias.org\/site\/wp-content\/uploads\/2022\/05\/cropped-brasilnoticias-mini.jpg\",\"width\":314,\"height\":86,\"caption\":\"Brasil not\u00edcias\"},\"image\":{\"@id\":\"https:\/\/brasilnoticias.org\/site\/#\/schema\/logo\/image\/\"}},{\"@type\":\"Person\",\"@id\":\"https:\/\/brasilnoticias.org\/site\/#\/schema\/person\/03bbbfe6c7634ad18c26444ea39049fa\",\"name\":\"Reda\u00e7\u00e3o\",\"image\":{\"@type\":\"ImageObject\",\"inLanguage\":\"pt-PT\",\"@id\":\"https:\/\/brasilnoticias.org\/site\/#\/schema\/person\/image\/\",\"url\":\"https:\/\/secure.gravatar.com\/avatar\/9ecaf7327a696cb23ad926fedded5f1f04d7049de9e445375d55b48c001a6e42?s=96&d=mm&r=g\",\"contentUrl\":\"https:\/\/secure.gravatar.com\/avatar\/9ecaf7327a696cb23ad926fedded5f1f04d7049de9e445375d55b48c001a6e42?s=96&d=mm&r=g\",\"caption\":\"Reda\u00e7\u00e3o\"},\"url\":\"https:\/\/brasilnoticias.org\/site\/author\/henrique\/\"}]}<\/script>\n<!-- \/ Yoast SEO plugin. -->","yoast_head_json":{"title":"Batedor de Lula cai em pista durante escolta e tr\u00e2nsito \u00e9 fechado na Av. Paralela - Brasil not\u00edcias","robots":{"index":"index","follow":"follow","max-snippet":"max-snippet:-1","max-image-preview":"max-image-preview:large","max-video-preview":"max-video-preview:-1"},"canonical":"https:\/\/brasilnoticias.org\/site\/batedor-de-lula-cai-em-pista-durante-escolta-e-transito-e-fechado-na-av-paralela\/","og_locale":"pt_PT","og_type":"article","og_title":"Batedor de Lula cai em pista durante escolta e tr\u00e2nsito \u00e9 fechado na Av. Paralela - Brasil not\u00edcias","og_description":"Um longo congestionamento se formou na regi\u00e3o, sentido aeroporto, na altura entre a Esta\u00e7\u00e3o de Metr\u00f4 CAB e a entrada","og_url":"https:\/\/brasilnoticias.org\/site\/batedor-de-lula-cai-em-pista-durante-escolta-e-transito-e-fechado-na-av-paralela\/","og_site_name":"Brasil not\u00edcias","article_published_time":"2024-07-02T17:21:38+00:00","og_image":[{"width":960,"height":500,"url":"https:\/\/brasilnoticias.org\/site\/wp-content\/uploads\/2024\/07\/page-7.jpg","type":"image\/jpeg"}],"author":"Reda\u00e7\u00e3o","twitter_card":"summary_large_image","twitter_misc":{"Escrito por":"Reda\u00e7\u00e3o","Tempo estimado de leitura":"1 minuto"},"schema":{"@context":"https:\/\/schema.org","@graph":[{"@type":"Article","@id":"https:\/\/brasilnoticias.org\/site\/batedor-de-lula-cai-em-pista-durante-escolta-e-transito-e-fechado-na-av-paralela\/#article","isPartOf":{"@id":"https:\/\/brasilnoticias.org\/site\/batedor-de-lula-cai-em-pista-durante-escolta-e-transito-e-fechado-na-av-paralela\/"},"author":{"name":"Reda\u00e7\u00e3o","@id":"https:\/\/brasilnoticias.org\/site\/#\/schema\/person\/03bbbfe6c7634ad18c26444ea39049fa"},"headline":"Batedor de Lula cai em pista durante escolta e tr\u00e2nsito \u00e9 fechado na Av. Paralela","datePublished":"2024-07-02T17:21:38+00:00","mainEntityOfPage":{"@id":"https:\/\/brasilnoticias.org\/site\/batedor-de-lula-cai-em-pista-durante-escolta-e-transito-e-fechado-na-av-paralela\/"},"wordCount":214,"commentCount":0,"publisher":{"@id":"https:\/\/brasilnoticias.org\/site\/#organization"},"image":{"@id":"https:\/\/brasilnoticias.org\/site\/batedor-de-lula-cai-em-pista-durante-escolta-e-transito-e-fechado-na-av-paralela\/#primaryimage"},"thumbnailUrl":"https:\/\/brasilnoticias.org\/site\/wp-content\/uploads\/2024\/07\/page-7.jpg","articleSection":["Not\u00edcias","\u00daltimas"],"inLanguage":"pt-PT","potentialAction":[{"@type":"CommentAction","name":"Comment","target":["https:\/\/brasilnoticias.org\/site\/batedor-de-lula-cai-em-pista-durante-escolta-e-transito-e-fechado-na-av-paralela\/#respond"]}]},{"@type":"WebPage","@id":"https:\/\/brasilnoticias.org\/site\/batedor-de-lula-cai-em-pista-durante-escolta-e-transito-e-fechado-na-av-paralela\/","url":"https:\/\/brasilnoticias.org\/site\/batedor-de-lula-cai-em-pista-durante-escolta-e-transito-e-fechado-na-av-paralela\/","name":"Batedor de Lula cai em pista durante escolta e tr\u00e2nsito \u00e9 fechado na Av. Paralela - Brasil not\u00edcias","isPartOf":{"@id":"https:\/\/brasilnoticias.org\/site\/#website"},"primaryImageOfPage":{"@id":"https:\/\/brasilnoticias.org\/site\/batedor-de-lula-cai-em-pista-durante-escolta-e-transito-e-fechado-na-av-paralela\/#primaryimage"},"image":{"@id":"https:\/\/brasilnoticias.org\/site\/batedor-de-lula-cai-em-pista-durante-escolta-e-transito-e-fechado-na-av-paralela\/#primaryimage"},"thumbnailUrl":"https:\/\/brasilnoticias.org\/site\/wp-content\/uploads\/2024\/07\/page-7.jpg","datePublished":"2024-07-02T17:21:38+00:00","breadcrumb":{"@id":"https:\/\/brasilnoticias.org\/site\/batedor-de-lula-cai-em-pista-durante-escolta-e-transito-e-fechado-na-av-paralela\/#breadcrumb"},"inLanguage":"pt-PT","potentialAction":[{"@type":"ReadAction","target":["https:\/\/brasilnoticias.org\/site\/batedor-de-lula-cai-em-pista-durante-escolta-e-transito-e-fechado-na-av-paralela\/"]}]},{"@type":"ImageObject","inLanguage":"pt-PT","@id":"https:\/\/brasilnoticias.org\/site\/batedor-de-lula-cai-em-pista-durante-escolta-e-transito-e-fechado-na-av-paralela\/#primaryimage","url":"https:\/\/brasilnoticias.org\/site\/wp-content\/uploads\/2024\/07\/page-7.jpg","contentUrl":"https:\/\/brasilnoticias.org\/site\/wp-content\/uploads\/2024\/07\/page-7.jpg","width":960,"height":500},{"@type":"BreadcrumbList","@id":"https:\/\/brasilnoticias.org\/site\/batedor-de-lula-cai-em-pista-durante-escolta-e-transito-e-fechado-na-av-paralela\/#breadcrumb","itemListElement":[{"@type":"ListItem","position":1,"name":"In\u00edcio","item":"https:\/\/brasilnoticias.org\/site\/"},{"@type":"ListItem","position":2,"name":"Batedor de Lula cai em pista durante escolta e tr\u00e2nsito \u00e9 fechado na Av. Paralela"}]},{"@type":"WebSite","@id":"https:\/\/brasilnoticias.org\/site\/#website","url":"https:\/\/brasilnoticias.org\/site\/","name":"Brasil not\u00edcias","description":"Brasil not\u00edcias","publisher":{"@id":"https:\/\/brasilnoticias.org\/site\/#organization"},"potentialAction":[{"@type":"SearchAction","target":{"@type":"EntryPoint","urlTemplate":"https:\/\/brasilnoticias.org\/site\/?s={search_term_string}"},"query-input":{"@type":"PropertyValueSpecification","valueRequired":true,"valueName":"search_term_string"}}],"inLanguage":"pt-PT"},{"@type":"Organization","@id":"https:\/\/brasilnoticias.org\/site\/#organization","name":"Brasil not\u00edcias","url":"https:\/\/brasilnoticias.org\/site\/","logo":{"@type":"ImageObject","inLanguage":"pt-PT","@id":"https:\/\/brasilnoticias.org\/site\/#\/schema\/logo\/image\/","url":"https:\/\/brasilnoticias.org\/site\/wp-content\/uploads\/2022\/05\/cropped-brasilnoticias-mini.jpg","contentUrl":"https:\/\/brasilnoticias.org\/site\/wp-content\/uploads\/2022\/05\/cropped-brasilnoticias-mini.jpg","width":314,"height":86,"caption":"Brasil not\u00edcias"},"image":{"@id":"https:\/\/brasilnoticias.org\/site\/#\/schema\/logo\/image\/"}},{"@type":"Person","@id":"https:\/\/brasilnoticias.org\/site\/#\/schema\/person\/03bbbfe6c7634ad18c26444ea39049fa","name":"Reda\u00e7\u00e3o","image":{"@type":"ImageObject","inLanguage":"pt-PT","@id":"https:\/\/brasilnoticias.org\/site\/#\/schema\/person\/image\/","url":"https:\/\/secure.gravatar.com\/avatar\/9ecaf7327a696cb23ad926fedded5f1f04d7049de9e445375d55b48c001a6e42?s=96&d=mm&r=g","contentUrl":"https:\/\/secure.gravatar.com\/avatar\/9ecaf7327a696cb23ad926fedded5f1f04d7049de9e445375d55b48c001a6e42?s=96&d=mm&r=g","caption":"Reda\u00e7\u00e3o"},"url":"https:\/\/brasilnoticias.org\/site\/author\/henrique\/"}]}},"_links":{"self":[{"href":"https:\/\/brasilnoticias.org\/site\/wp-json\/wp\/v2\/posts\/14864","targetHints":{"allow":["GET"]}}],"collection":[{"href":"https:\/\/brasilnoticias.org\/site\/wp-json\/wp\/v2\/posts"}],"about":[{"href":"https:\/\/brasilnoticias.org\/site\/wp-json\/wp\/v2\/types\/post"}],"author":[{"embeddable":true,"href":"https:\/\/brasilnoticias.org\/site\/wp-json\/wp\/v2\/users\/4"}],"replies":[{"embeddable":true,"href":"https:\/\/brasilnoticias.org\/site\/wp-json\/wp\/v2\/comments?post=14864"}],"version-history":[{"count":1,"href":"https:\/\/brasilnoticias.org\/site\/wp-json\/wp\/v2\/posts\/14864\/revisions"}],"predecessor-version":[{"id":14866,"href":"https:\/\/brasilnoticias.org\/site\/wp-json\/wp\/v2\/posts\/14864\/revisions\/14866"}],"wp:featuredmedia":[{"embeddable":true,"href":"https:\/\/brasilnoticias.org\/site\/wp-json\/wp\/v2\/media\/14865"}],"wp:attachment":[{"href":"https:\/\/brasilnoticias.org\/site\/wp-json\/wp\/v2\/media?parent=14864"}],"wp:term":[{"taxonomy":"category","embeddable":true,"href":"https:\/\/brasilnoticias.org\/site\/wp-json\/wp\/v2\/categories?post=14864"},{"taxonomy":"post_tag","embeddable":true,"href":"https:\/\/brasilnoticias.org\/site\/wp-json\/wp\/v2\/tags?post=14864"}],"curies":[{"name":"wp","href":"https:\/\/api.w.org\/{rel}","templated":true}]}}