{"id":14867,"date":"2024-07-02T14:32:18","date_gmt":"2024-07-02T17:32:18","guid":{"rendered":"https:\/\/brasilnoticias.org\/site\/?p=14867"},"modified":"2024-07-02T14:32:18","modified_gmt":"2024-07-02T17:32:18","slug":"baianos-e-turistas-mantem-tradicao-de-celebrar-a-luta-pela-independencia-confira-programacao-completa-do-dia","status":"publish","type":"post","link":"https:\/\/brasilnoticias.org\/site\/baianos-e-turistas-mantem-tradicao-de-celebrar-a-luta-pela-independencia-confira-programacao-completa-do-dia\/","title":{"rendered":"Baianos e turistas mant\u00e9m tradi\u00e7\u00e3o de celebrar a luta pela Independ\u00eancia; confira programa\u00e7\u00e3o completa do dia"},"content":{"rendered":"<p>Os moradores do entorno, como de costume, enfeitaram suas casas para a ocasi\u00e3o<\/p>\n<p>Nesta ter\u00e7a-feira (2), baianos e turistas se reuniram em grande n\u00famero para celebrar os 201 anos da Independ\u00eancia do Brasil na Bahia. Desde as primeiras horas da manh\u00e3, a popula\u00e7\u00e3o come\u00e7ou a se concentrar no Largo da Lapinha, ponto de partida dos festejos. O tradicional cortejo seguiu pelas ruas de Salvador, com uma multid\u00e3o acompanhando todo o percurso.<\/p>\n<p>A partir das 14h ser\u00e1 realizado o 2\u00ba Festival de Fanfarras e Balizas, na Avenida Sete de Setembro. J\u00e1 \u00e0s 15h \u2013 Cerim\u00f4nia C\u00edvica no 2\u00ba Distrito Naval no bairro do Com\u00e9rcio. As cerim\u00f4nias c\u00edvicas no Campo Grande ser\u00e1 marcada  \u00e0s 16h com a chegada dos carros dos Caboclos; hasteamento das Bandeiras por Autoridades; execu\u00e7\u00e3o do hino nacional pelas Bandas de M\u00fasica da Marinha, Ex\u00e9rcito e Aeron\u00e1utica; coloca\u00e7\u00e3o de coroas de flores no Monumento ao 2 de Julho pelas autoridades presentes; acendimento da pira do Fogo Simb\u00f3lico pela paratleta cega Iracema Vilaronga; execu\u00e7\u00e3o do Hino ao 2 de Julho: Coral da PM\/BA com acompanhamento da Banda de M\u00fasica Wanderley da Pol\u00edcia Militar da Bahia.<\/p>\n<p>Das 17h30 \u00e0s 21h30 acontecer\u00e1 o encontro de Filarm\u00f4nicas com Maestro Fred Dantas e participa\u00e7\u00e3o da Banda de M\u00fasica da Guarda Municipal, Filarm\u00f4nica Ambiental de Cama\u00e7ari, Filarm\u00f4nica Ribeirinhos do Vale do S\u00e3o Francisco (Xique-Xique), Filarm\u00f4nica Lyra Ceciliana (Cachoeira), Filarm\u00f4nica Guerreiros do Sol (Dias D\u2019\u00c1vila) e Oficina de Frevos e Dobrados.<\/p>\n<p>Foto: Bruno Concha\/Secom PMS<br \/>\nPor: Metro1<\/p>\n","protected":false},"excerpt":{"rendered":"<p>Os moradores do entorno, como de costume, enfeitaram suas casas para a ocasi\u00e3o Nesta ter\u00e7a-feira (2), baianos e turistas se<\/p>\n","protected":false},"author":4,"featured_media":14868,"comment_status":"open","ping_status":"open","sticky":false,"template":"","format":"standard","meta":{"colormag_page_container_layout":"default_layout","colormag_page_sidebar_layout":"default_layout","_FSMCFIC_featured_image_caption":"","_FSMCFIC_featured_image_nocaption":"","_FSMCFIC_featured_image_hide":"","footnotes":""},"categories":[2,1],"tags":[],"class_list":["post-14867","post","type-post","status-publish","format-standard","has-post-thumbnail","hentry","category-noticias","category-ultimas"],"yoast_head":"<!-- This site is optimized with the Yoast SEO plugin v27.1.1 - https:\/\/yoast.com\/product\/yoast-seo-wordpress\/ -->\n<title>Baianos e turistas mant\u00e9m tradi\u00e7\u00e3o de celebrar a luta pela Independ\u00eancia; confira programa\u00e7\u00e3o completa do dia - Brasil not\u00edcias<\/title>\n<meta name=\"robots\" content=\"index, follow, max-snippet:-1, max-image-preview:large, max-video-preview:-1\" \/>\n<link rel=\"canonical\" href=\"https:\/\/brasilnoticias.org\/site\/baianos-e-turistas-mantem-tradicao-de-celebrar-a-luta-pela-independencia-confira-programacao-completa-do-dia\/\" \/>\n<meta property=\"og:locale\" content=\"pt_PT\" \/>\n<meta property=\"og:type\" content=\"article\" \/>\n<meta property=\"og:title\" content=\"Baianos e turistas mant\u00e9m tradi\u00e7\u00e3o de celebrar a luta pela Independ\u00eancia; confira programa\u00e7\u00e3o completa do dia - Brasil not\u00edcias\" \/>\n<meta property=\"og:description\" content=\"Os moradores do entorno, como de costume, enfeitaram suas casas para a ocasi\u00e3o Nesta ter\u00e7a-feira (2), baianos e turistas se\" \/>\n<meta property=\"og:url\" content=\"https:\/\/brasilnoticias.org\/site\/baianos-e-turistas-mantem-tradicao-de-celebrar-a-luta-pela-independencia-confira-programacao-completa-do-dia\/\" \/>\n<meta property=\"og:site_name\" content=\"Brasil not\u00edcias\" \/>\n<meta property=\"article:published_time\" content=\"2024-07-02T17:32:18+00:00\" \/>\n<meta property=\"og:image\" content=\"https:\/\/brasilnoticias.org\/site\/wp-content\/uploads\/2024\/07\/152307baianos-e-turistas-mantem-tradicao-de-celebrar-a-luta-pela-independencia-confira-programacao-completa-do-dia-3.jpg\" \/>\n\t<meta property=\"og:image:width\" content=\"1600\" \/>\n\t<meta property=\"og:image:height\" content=\"752\" \/>\n\t<meta property=\"og:image:type\" content=\"image\/jpeg\" \/>\n<meta name=\"author\" content=\"Reda\u00e7\u00e3o\" \/>\n<meta name=\"twitter:card\" content=\"summary_large_image\" \/>\n<meta name=\"twitter:label1\" content=\"Escrito por\" \/>\n\t<meta name=\"twitter:data1\" content=\"Reda\u00e7\u00e3o\" \/>\n\t<meta name=\"twitter:label2\" content=\"Tempo estimado de leitura\" \/>\n\t<meta name=\"twitter:data2\" content=\"1 minuto\" \/>\n<script type=\"application\/ld+json\" class=\"yoast-schema-graph\">{\"@context\":\"https:\/\/schema.org\",\"@graph\":[{\"@type\":\"Article\",\"@id\":\"https:\/\/brasilnoticias.org\/site\/baianos-e-turistas-mantem-tradicao-de-celebrar-a-luta-pela-independencia-confira-programacao-completa-do-dia\/#article\",\"isPartOf\":{\"@id\":\"https:\/\/brasilnoticias.org\/site\/baianos-e-turistas-mantem-tradicao-de-celebrar-a-luta-pela-independencia-confira-programacao-completa-do-dia\/\"},\"author\":{\"name\":\"Reda\u00e7\u00e3o\",\"@id\":\"https:\/\/brasilnoticias.org\/site\/#\/schema\/person\/03bbbfe6c7634ad18c26444ea39049fa\"},\"headline\":\"Baianos e turistas mant\u00e9m tradi\u00e7\u00e3o de celebrar a luta pela Independ\u00eancia; confira programa\u00e7\u00e3o completa do dia\",\"datePublished\":\"2024-07-02T17:32:18+00:00\",\"mainEntityOfPage\":{\"@id\":\"https:\/\/brasilnoticias.org\/site\/baianos-e-turistas-mantem-tradicao-de-celebrar-a-luta-pela-independencia-confira-programacao-completa-do-dia\/\"},\"wordCount\":287,\"commentCount\":0,\"publisher\":{\"@id\":\"https:\/\/brasilnoticias.org\/site\/#organization\"},\"image\":{\"@id\":\"https:\/\/brasilnoticias.org\/site\/baianos-e-turistas-mantem-tradicao-de-celebrar-a-luta-pela-independencia-confira-programacao-completa-do-dia\/#primaryimage\"},\"thumbnailUrl\":\"https:\/\/brasilnoticias.org\/site\/wp-content\/uploads\/2024\/07\/152307baianos-e-turistas-mantem-tradicao-de-celebrar-a-luta-pela-independencia-confira-programacao-completa-do-dia-3.jpg\",\"articleSection\":[\"Not\u00edcias\",\"\u00daltimas\"],\"inLanguage\":\"pt-PT\",\"potentialAction\":[{\"@type\":\"CommentAction\",\"name\":\"Comment\",\"target\":[\"https:\/\/brasilnoticias.org\/site\/baianos-e-turistas-mantem-tradicao-de-celebrar-a-luta-pela-independencia-confira-programacao-completa-do-dia\/#respond\"]}]},{\"@type\":\"WebPage\",\"@id\":\"https:\/\/brasilnoticias.org\/site\/baianos-e-turistas-mantem-tradicao-de-celebrar-a-luta-pela-independencia-confira-programacao-completa-do-dia\/\",\"url\":\"https:\/\/brasilnoticias.org\/site\/baianos-e-turistas-mantem-tradicao-de-celebrar-a-luta-pela-independencia-confira-programacao-completa-do-dia\/\",\"name\":\"Baianos e turistas mant\u00e9m tradi\u00e7\u00e3o de celebrar a luta pela Independ\u00eancia; confira programa\u00e7\u00e3o completa do dia - Brasil not\u00edcias\",\"isPartOf\":{\"@id\":\"https:\/\/brasilnoticias.org\/site\/#website\"},\"primaryImageOfPage\":{\"@id\":\"https:\/\/brasilnoticias.org\/site\/baianos-e-turistas-mantem-tradicao-de-celebrar-a-luta-pela-independencia-confira-programacao-completa-do-dia\/#primaryimage\"},\"image\":{\"@id\":\"https:\/\/brasilnoticias.org\/site\/baianos-e-turistas-mantem-tradicao-de-celebrar-a-luta-pela-independencia-confira-programacao-completa-do-dia\/#primaryimage\"},\"thumbnailUrl\":\"https:\/\/brasilnoticias.org\/site\/wp-content\/uploads\/2024\/07\/152307baianos-e-turistas-mantem-tradicao-de-celebrar-a-luta-pela-independencia-confira-programacao-completa-do-dia-3.jpg\",\"datePublished\":\"2024-07-02T17:32:18+00:00\",\"breadcrumb\":{\"@id\":\"https:\/\/brasilnoticias.org\/site\/baianos-e-turistas-mantem-tradicao-de-celebrar-a-luta-pela-independencia-confira-programacao-completa-do-dia\/#breadcrumb\"},\"inLanguage\":\"pt-PT\",\"potentialAction\":[{\"@type\":\"ReadAction\",\"target\":[\"https:\/\/brasilnoticias.org\/site\/baianos-e-turistas-mantem-tradicao-de-celebrar-a-luta-pela-independencia-confira-programacao-completa-do-dia\/\"]}]},{\"@type\":\"ImageObject\",\"inLanguage\":\"pt-PT\",\"@id\":\"https:\/\/brasilnoticias.org\/site\/baianos-e-turistas-mantem-tradicao-de-celebrar-a-luta-pela-independencia-confira-programacao-completa-do-dia\/#primaryimage\",\"url\":\"https:\/\/brasilnoticias.org\/site\/wp-content\/uploads\/2024\/07\/152307baianos-e-turistas-mantem-tradicao-de-celebrar-a-luta-pela-independencia-confira-programacao-completa-do-dia-3.jpg\",\"contentUrl\":\"https:\/\/brasilnoticias.org\/site\/wp-content\/uploads\/2024\/07\/152307baianos-e-turistas-mantem-tradicao-de-celebrar-a-luta-pela-independencia-confira-programacao-completa-do-dia-3.jpg\",\"width\":1600,\"height\":752},{\"@type\":\"BreadcrumbList\",\"@id\":\"https:\/\/brasilnoticias.org\/site\/baianos-e-turistas-mantem-tradicao-de-celebrar-a-luta-pela-independencia-confira-programacao-completa-do-dia\/#breadcrumb\",\"itemListElement\":[{\"@type\":\"ListItem\",\"position\":1,\"name\":\"In\u00edcio\",\"item\":\"https:\/\/brasilnoticias.org\/site\/\"},{\"@type\":\"ListItem\",\"position\":2,\"name\":\"Baianos e turistas mant\u00e9m tradi\u00e7\u00e3o de celebrar a luta pela Independ\u00eancia; confira programa\u00e7\u00e3o completa do dia\"}]},{\"@type\":\"WebSite\",\"@id\":\"https:\/\/brasilnoticias.org\/site\/#website\",\"url\":\"https:\/\/brasilnoticias.org\/site\/\",\"name\":\"Brasil not\u00edcias\",\"description\":\"Brasil not\u00edcias\",\"publisher\":{\"@id\":\"https:\/\/brasilnoticias.org\/site\/#organization\"},\"potentialAction\":[{\"@type\":\"SearchAction\",\"target\":{\"@type\":\"EntryPoint\",\"urlTemplate\":\"https:\/\/brasilnoticias.org\/site\/?s={search_term_string}\"},\"query-input\":{\"@type\":\"PropertyValueSpecification\",\"valueRequired\":true,\"valueName\":\"search_term_string\"}}],\"inLanguage\":\"pt-PT\"},{\"@type\":\"Organization\",\"@id\":\"https:\/\/brasilnoticias.org\/site\/#organization\",\"name\":\"Brasil not\u00edcias\",\"url\":\"https:\/\/brasilnoticias.org\/site\/\",\"logo\":{\"@type\":\"ImageObject\",\"inLanguage\":\"pt-PT\",\"@id\":\"https:\/\/brasilnoticias.org\/site\/#\/schema\/logo\/image\/\",\"url\":\"https:\/\/brasilnoticias.org\/site\/wp-content\/uploads\/2022\/05\/cropped-brasilnoticias-mini.jpg\",\"contentUrl\":\"https:\/\/brasilnoticias.org\/site\/wp-content\/uploads\/2022\/05\/cropped-brasilnoticias-mini.jpg\",\"width\":314,\"height\":86,\"caption\":\"Brasil not\u00edcias\"},\"image\":{\"@id\":\"https:\/\/brasilnoticias.org\/site\/#\/schema\/logo\/image\/\"}},{\"@type\":\"Person\",\"@id\":\"https:\/\/brasilnoticias.org\/site\/#\/schema\/person\/03bbbfe6c7634ad18c26444ea39049fa\",\"name\":\"Reda\u00e7\u00e3o\",\"image\":{\"@type\":\"ImageObject\",\"inLanguage\":\"pt-PT\",\"@id\":\"https:\/\/brasilnoticias.org\/site\/#\/schema\/person\/image\/\",\"url\":\"https:\/\/secure.gravatar.com\/avatar\/9ecaf7327a696cb23ad926fedded5f1f04d7049de9e445375d55b48c001a6e42?s=96&d=mm&r=g\",\"contentUrl\":\"https:\/\/secure.gravatar.com\/avatar\/9ecaf7327a696cb23ad926fedded5f1f04d7049de9e445375d55b48c001a6e42?s=96&d=mm&r=g\",\"caption\":\"Reda\u00e7\u00e3o\"},\"url\":\"https:\/\/brasilnoticias.org\/site\/author\/henrique\/\"}]}<\/script>\n<!-- \/ Yoast SEO plugin. -->","yoast_head_json":{"title":"Baianos e turistas mant\u00e9m tradi\u00e7\u00e3o de celebrar a luta pela Independ\u00eancia; confira programa\u00e7\u00e3o completa do dia - Brasil not\u00edcias","robots":{"index":"index","follow":"follow","max-snippet":"max-snippet:-1","max-image-preview":"max-image-preview:large","max-video-preview":"max-video-preview:-1"},"canonical":"https:\/\/brasilnoticias.org\/site\/baianos-e-turistas-mantem-tradicao-de-celebrar-a-luta-pela-independencia-confira-programacao-completa-do-dia\/","og_locale":"pt_PT","og_type":"article","og_title":"Baianos e turistas mant\u00e9m tradi\u00e7\u00e3o de celebrar a luta pela Independ\u00eancia; confira programa\u00e7\u00e3o completa do dia - Brasil not\u00edcias","og_description":"Os moradores do entorno, como de costume, enfeitaram suas casas para a ocasi\u00e3o Nesta ter\u00e7a-feira (2), baianos e turistas se","og_url":"https:\/\/brasilnoticias.org\/site\/baianos-e-turistas-mantem-tradicao-de-celebrar-a-luta-pela-independencia-confira-programacao-completa-do-dia\/","og_site_name":"Brasil not\u00edcias","article_published_time":"2024-07-02T17:32:18+00:00","og_image":[{"width":1600,"height":752,"url":"https:\/\/brasilnoticias.org\/site\/wp-content\/uploads\/2024\/07\/152307baianos-e-turistas-mantem-tradicao-de-celebrar-a-luta-pela-independencia-confira-programacao-completa-do-dia-3.jpg","type":"image\/jpeg"}],"author":"Reda\u00e7\u00e3o","twitter_card":"summary_large_image","twitter_misc":{"Escrito por":"Reda\u00e7\u00e3o","Tempo estimado de leitura":"1 minuto"},"schema":{"@context":"https:\/\/schema.org","@graph":[{"@type":"Article","@id":"https:\/\/brasilnoticias.org\/site\/baianos-e-turistas-mantem-tradicao-de-celebrar-a-luta-pela-independencia-confira-programacao-completa-do-dia\/#article","isPartOf":{"@id":"https:\/\/brasilnoticias.org\/site\/baianos-e-turistas-mantem-tradicao-de-celebrar-a-luta-pela-independencia-confira-programacao-completa-do-dia\/"},"author":{"name":"Reda\u00e7\u00e3o","@id":"https:\/\/brasilnoticias.org\/site\/#\/schema\/person\/03bbbfe6c7634ad18c26444ea39049fa"},"headline":"Baianos e turistas mant\u00e9m tradi\u00e7\u00e3o de celebrar a luta pela Independ\u00eancia; confira programa\u00e7\u00e3o completa do dia","datePublished":"2024-07-02T17:32:18+00:00","mainEntityOfPage":{"@id":"https:\/\/brasilnoticias.org\/site\/baianos-e-turistas-mantem-tradicao-de-celebrar-a-luta-pela-independencia-confira-programacao-completa-do-dia\/"},"wordCount":287,"commentCount":0,"publisher":{"@id":"https:\/\/brasilnoticias.org\/site\/#organization"},"image":{"@id":"https:\/\/brasilnoticias.org\/site\/baianos-e-turistas-mantem-tradicao-de-celebrar-a-luta-pela-independencia-confira-programacao-completa-do-dia\/#primaryimage"},"thumbnailUrl":"https:\/\/brasilnoticias.org\/site\/wp-content\/uploads\/2024\/07\/152307baianos-e-turistas-mantem-tradicao-de-celebrar-a-luta-pela-independencia-confira-programacao-completa-do-dia-3.jpg","articleSection":["Not\u00edcias","\u00daltimas"],"inLanguage":"pt-PT","potentialAction":[{"@type":"CommentAction","name":"Comment","target":["https:\/\/brasilnoticias.org\/site\/baianos-e-turistas-mantem-tradicao-de-celebrar-a-luta-pela-independencia-confira-programacao-completa-do-dia\/#respond"]}]},{"@type":"WebPage","@id":"https:\/\/brasilnoticias.org\/site\/baianos-e-turistas-mantem-tradicao-de-celebrar-a-luta-pela-independencia-confira-programacao-completa-do-dia\/","url":"https:\/\/brasilnoticias.org\/site\/baianos-e-turistas-mantem-tradicao-de-celebrar-a-luta-pela-independencia-confira-programacao-completa-do-dia\/","name":"Baianos e turistas mant\u00e9m tradi\u00e7\u00e3o de celebrar a luta pela Independ\u00eancia; confira programa\u00e7\u00e3o completa do dia - Brasil not\u00edcias","isPartOf":{"@id":"https:\/\/brasilnoticias.org\/site\/#website"},"primaryImageOfPage":{"@id":"https:\/\/brasilnoticias.org\/site\/baianos-e-turistas-mantem-tradicao-de-celebrar-a-luta-pela-independencia-confira-programacao-completa-do-dia\/#primaryimage"},"image":{"@id":"https:\/\/brasilnoticias.org\/site\/baianos-e-turistas-mantem-tradicao-de-celebrar-a-luta-pela-independencia-confira-programacao-completa-do-dia\/#primaryimage"},"thumbnailUrl":"https:\/\/brasilnoticias.org\/site\/wp-content\/uploads\/2024\/07\/152307baianos-e-turistas-mantem-tradicao-de-celebrar-a-luta-pela-independencia-confira-programacao-completa-do-dia-3.jpg","datePublished":"2024-07-02T17:32:18+00:00","breadcrumb":{"@id":"https:\/\/brasilnoticias.org\/site\/baianos-e-turistas-mantem-tradicao-de-celebrar-a-luta-pela-independencia-confira-programacao-completa-do-dia\/#breadcrumb"},"inLanguage":"pt-PT","potentialAction":[{"@type":"ReadAction","target":["https:\/\/brasilnoticias.org\/site\/baianos-e-turistas-mantem-tradicao-de-celebrar-a-luta-pela-independencia-confira-programacao-completa-do-dia\/"]}]},{"@type":"ImageObject","inLanguage":"pt-PT","@id":"https:\/\/brasilnoticias.org\/site\/baianos-e-turistas-mantem-tradicao-de-celebrar-a-luta-pela-independencia-confira-programacao-completa-do-dia\/#primaryimage","url":"https:\/\/brasilnoticias.org\/site\/wp-content\/uploads\/2024\/07\/152307baianos-e-turistas-mantem-tradicao-de-celebrar-a-luta-pela-independencia-confira-programacao-completa-do-dia-3.jpg","contentUrl":"https:\/\/brasilnoticias.org\/site\/wp-content\/uploads\/2024\/07\/152307baianos-e-turistas-mantem-tradicao-de-celebrar-a-luta-pela-independencia-confira-programacao-completa-do-dia-3.jpg","width":1600,"height":752},{"@type":"BreadcrumbList","@id":"https:\/\/brasilnoticias.org\/site\/baianos-e-turistas-mantem-tradicao-de-celebrar-a-luta-pela-independencia-confira-programacao-completa-do-dia\/#breadcrumb","itemListElement":[{"@type":"ListItem","position":1,"name":"In\u00edcio","item":"https:\/\/brasilnoticias.org\/site\/"},{"@type":"ListItem","position":2,"name":"Baianos e turistas mant\u00e9m tradi\u00e7\u00e3o de celebrar a luta pela Independ\u00eancia; confira programa\u00e7\u00e3o completa do dia"}]},{"@type":"WebSite","@id":"https:\/\/brasilnoticias.org\/site\/#website","url":"https:\/\/brasilnoticias.org\/site\/","name":"Brasil not\u00edcias","description":"Brasil not\u00edcias","publisher":{"@id":"https:\/\/brasilnoticias.org\/site\/#organization"},"potentialAction":[{"@type":"SearchAction","target":{"@type":"EntryPoint","urlTemplate":"https:\/\/brasilnoticias.org\/site\/?s={search_term_string}"},"query-input":{"@type":"PropertyValueSpecification","valueRequired":true,"valueName":"search_term_string"}}],"inLanguage":"pt-PT"},{"@type":"Organization","@id":"https:\/\/brasilnoticias.org\/site\/#organization","name":"Brasil not\u00edcias","url":"https:\/\/brasilnoticias.org\/site\/","logo":{"@type":"ImageObject","inLanguage":"pt-PT","@id":"https:\/\/brasilnoticias.org\/site\/#\/schema\/logo\/image\/","url":"https:\/\/brasilnoticias.org\/site\/wp-content\/uploads\/2022\/05\/cropped-brasilnoticias-mini.jpg","contentUrl":"https:\/\/brasilnoticias.org\/site\/wp-content\/uploads\/2022\/05\/cropped-brasilnoticias-mini.jpg","width":314,"height":86,"caption":"Brasil not\u00edcias"},"image":{"@id":"https:\/\/brasilnoticias.org\/site\/#\/schema\/logo\/image\/"}},{"@type":"Person","@id":"https:\/\/brasilnoticias.org\/site\/#\/schema\/person\/03bbbfe6c7634ad18c26444ea39049fa","name":"Reda\u00e7\u00e3o","image":{"@type":"ImageObject","inLanguage":"pt-PT","@id":"https:\/\/brasilnoticias.org\/site\/#\/schema\/person\/image\/","url":"https:\/\/secure.gravatar.com\/avatar\/9ecaf7327a696cb23ad926fedded5f1f04d7049de9e445375d55b48c001a6e42?s=96&d=mm&r=g","contentUrl":"https:\/\/secure.gravatar.com\/avatar\/9ecaf7327a696cb23ad926fedded5f1f04d7049de9e445375d55b48c001a6e42?s=96&d=mm&r=g","caption":"Reda\u00e7\u00e3o"},"url":"https:\/\/brasilnoticias.org\/site\/author\/henrique\/"}]}},"_links":{"self":[{"href":"https:\/\/brasilnoticias.org\/site\/wp-json\/wp\/v2\/posts\/14867","targetHints":{"allow":["GET"]}}],"collection":[{"href":"https:\/\/brasilnoticias.org\/site\/wp-json\/wp\/v2\/posts"}],"about":[{"href":"https:\/\/brasilnoticias.org\/site\/wp-json\/wp\/v2\/types\/post"}],"author":[{"embeddable":true,"href":"https:\/\/brasilnoticias.org\/site\/wp-json\/wp\/v2\/users\/4"}],"replies":[{"embeddable":true,"href":"https:\/\/brasilnoticias.org\/site\/wp-json\/wp\/v2\/comments?post=14867"}],"version-history":[{"count":1,"href":"https:\/\/brasilnoticias.org\/site\/wp-json\/wp\/v2\/posts\/14867\/revisions"}],"predecessor-version":[{"id":14869,"href":"https:\/\/brasilnoticias.org\/site\/wp-json\/wp\/v2\/posts\/14867\/revisions\/14869"}],"wp:featuredmedia":[{"embeddable":true,"href":"https:\/\/brasilnoticias.org\/site\/wp-json\/wp\/v2\/media\/14868"}],"wp:attachment":[{"href":"https:\/\/brasilnoticias.org\/site\/wp-json\/wp\/v2\/media?parent=14867"}],"wp:term":[{"taxonomy":"category","embeddable":true,"href":"https:\/\/brasilnoticias.org\/site\/wp-json\/wp\/v2\/categories?post=14867"},{"taxonomy":"post_tag","embeddable":true,"href":"https:\/\/brasilnoticias.org\/site\/wp-json\/wp\/v2\/tags?post=14867"}],"curies":[{"name":"wp","href":"https:\/\/api.w.org\/{rel}","templated":true}]}}