{"id":14873,"date":"2024-07-02T14:44:07","date_gmt":"2024-07-02T17:44:07","guid":{"rendered":"https:\/\/brasilnoticias.org\/site\/?p=14873"},"modified":"2024-07-02T14:44:07","modified_gmt":"2024-07-02T17:44:07","slug":"palanque-eleitoral-confira-manifestacoes-partidarias-de-jeronimo-bruno-e-adolfo-no-2-de-julho","status":"publish","type":"post","link":"https:\/\/brasilnoticias.org\/site\/palanque-eleitoral-confira-manifestacoes-partidarias-de-jeronimo-bruno-e-adolfo-no-2-de-julho\/","title":{"rendered":"Palanque eleitoral? Confira manifesta\u00e7\u00f5es partid\u00e1rias de Jer\u00f4nimo, Bruno e Adolfo no \u20182 de Julho\u2019"},"content":{"rendered":"<p>Em ano de processo eleitoral, o cortejo que sai da Lapinha em dire\u00e7\u00e3o ao centro de Salvador serve de term\u00f4metro, para os gestores p\u00fablicos e correligion\u00e1rios testarem popularidades.<\/p>\n<p>N\u00e3o s\u00f3 de civismo vive a Festa da confirma\u00e7\u00e3o da Independ\u00eancia do Brasil, na Bahia. Al\u00e9m das comemora\u00e7\u00f5es pelo orgulho hist\u00f3rico do feito heroico do 2 de Julho, acontecem tamb\u00e9m diversas manifesta\u00e7\u00f5es pol\u00edticas.<\/p>\n<p>Em ano de processo eleitoral, o tradicional cortejo que sai da Lapinha em dire\u00e7\u00e3o ao centro de Salvador serve tamb\u00e9m de term\u00f4metro, para os gestores p\u00fablicos e correligion\u00e1rios testarem suas popularidades.<\/p>\n<p>Entre as principais figuras da pol\u00edtica local, o governador Jer\u00f4nimo Rodrigues (PT); o prefeito de Salvador, Bruno Reis (Uni\u00e3o); e o presidente da Assembleia Legislativa da Bahia, Adolfo Menezes (PSD); al\u00e9m de oficializarem a abertura da Festa, com os hasteamentos das bandeiras, aproveitaram para, em seguida, externar posicionamentos partid\u00e1rios.<\/p>\n<p>Na oportunidade, o governador do estado defendeu um pensamento do presidente Lula (PT), verbalizado ontem (1\/7), em Salvador, no sentido de tornar o 2 de Julho uma data nacional no calend\u00e1rio hist\u00f3rico do pa\u00eds.<\/p>\n<p>\u201c\u00c9 importante a gente ter a consci\u00eancia de como construir esse cen\u00e1rio [\u2026] O 7 de Setembro tem o seu lugar, mas a constru\u00e7\u00e3o de fato, a luta, a expuls\u00e3o daqueles que no Brasil n\u00e3o cabiam mais, foi feita a partir do 2 de Julho\u201d, salientou o petista.<\/p>\n<p>N\u00e3o esquecendo de pontuar as elei\u00e7\u00f5es municipais, que acontecem no pr\u00f3ximo m\u00eas de outubro, o Executivo Estadual solicitou consci\u00eancia ao eleitor na hora de votar.<\/p>\n<p>\u201cEu sempre acredito que haveremos de ter uma pol\u00edtica, a mais s\u00e9ria poss\u00edvel [\u2026] E todas as vezes que a gente faz um ato equivocado, usar o voto de forma equivocada, a gente atrapalha [o processo]. N\u00f3s vimos o que aconteceu com o Brasil, quando escolheu um presidente que n\u00e3o gostava de tratar das pessoas\u201d, disse, alfinetando sua oposi\u00e7\u00e3o.<\/p>\n<p>J\u00e1 o prefeito Bruno, em uma de suas coloca\u00e7\u00f5es, concordou com o posicionamento do seu titular da Secretaria da Cultura, Pedro Tourinho. O gestor da capital baiana enalteceu os feitos de seu mandato no segmento cultural e criticou o apoio do governo federal.<\/p>\n<p>N\u00e3o tenha d\u00favidas que, pela for\u00e7a cultural que \u00e9 a Bahia, em especial Salvador, n\u00f3s t\u00ednhamos que ter um tratamento diferenciado em rela\u00e7\u00e3o a outras cidades e outros estados [\u2026 ] N\u00e3o tenha d\u00favida que, quando a gente compara o que a Prefeitura vem fazendo na \u00e1rea cultural com o que o governo [federal] vem realizando, \u00e9 um baile, um show! [que damos]\u201d, comparou.<\/p>\n<p>O presidente da ALBA, Adolfo Menezes, comentou a uni\u00e3o dos partidos que comp\u00f5e a base do governo baiano e falou, tamb\u00e9m, sobre as elei\u00e7\u00f5es municipais e a candidatura de sua esposa, Denise Menezes, em Campo Formoso. \u201cVamos, ver daqui a tr\u00eas meses, o que o povo quer [\u2026] Se eu achasse que n\u00e3o havia a possibilidade de vencer, eu n\u00e3o colocaria a minha esposa candidata\u201d, cravou.<\/p>\n<p>*Com a colabora\u00e7\u00e3o do jornalista Matheus Caldas<\/p>\n<p>Foto: Matheus Caldas\/Aratu On<br \/>\nAratu On<\/p>\n","protected":false},"excerpt":{"rendered":"<p>Em ano de processo eleitoral, o cortejo que sai da Lapinha em dire\u00e7\u00e3o ao centro de Salvador serve de term\u00f4metro,<\/p>\n","protected":false},"author":4,"featured_media":14874,"comment_status":"open","ping_status":"open","sticky":false,"template":"","format":"standard","meta":{"colormag_page_container_layout":"default_layout","colormag_page_sidebar_layout":"default_layout","_FSMCFIC_featured_image_caption":"","_FSMCFIC_featured_image_nocaption":"","_FSMCFIC_featured_image_hide":"","footnotes":""},"categories":[5,1],"tags":[],"class_list":["post-14873","post","type-post","status-publish","format-standard","has-post-thumbnail","hentry","category-politica","category-ultimas"],"yoast_head":"<!-- This site is optimized with the Yoast SEO plugin v27.1.1 - https:\/\/yoast.com\/product\/yoast-seo-wordpress\/ -->\n<title>Palanque eleitoral? Confira manifesta\u00e7\u00f5es partid\u00e1rias de Jer\u00f4nimo, Bruno e Adolfo no \u20182 de Julho\u2019 - Brasil not\u00edcias<\/title>\n<meta name=\"robots\" content=\"index, follow, max-snippet:-1, max-image-preview:large, max-video-preview:-1\" \/>\n<link rel=\"canonical\" href=\"https:\/\/brasilnoticias.org\/site\/palanque-eleitoral-confira-manifestacoes-partidarias-de-jeronimo-bruno-e-adolfo-no-2-de-julho\/\" \/>\n<meta property=\"og:locale\" content=\"pt_PT\" \/>\n<meta property=\"og:type\" content=\"article\" \/>\n<meta property=\"og:title\" content=\"Palanque eleitoral? Confira manifesta\u00e7\u00f5es partid\u00e1rias de Jer\u00f4nimo, Bruno e Adolfo no \u20182 de Julho\u2019 - Brasil not\u00edcias\" \/>\n<meta property=\"og:description\" content=\"Em ano de processo eleitoral, o cortejo que sai da Lapinha em dire\u00e7\u00e3o ao centro de Salvador serve de term\u00f4metro,\" \/>\n<meta property=\"og:url\" content=\"https:\/\/brasilnoticias.org\/site\/palanque-eleitoral-confira-manifestacoes-partidarias-de-jeronimo-bruno-e-adolfo-no-2-de-julho\/\" \/>\n<meta property=\"og:site_name\" content=\"Brasil not\u00edcias\" \/>\n<meta property=\"article:published_time\" content=\"2024-07-02T17:44:07+00:00\" \/>\n<meta property=\"og:image\" content=\"https:\/\/brasilnoticias.org\/site\/wp-content\/uploads\/2024\/07\/autoridades-2-de-julho.jpg\" \/>\n\t<meta property=\"og:image:width\" content=\"960\" \/>\n\t<meta property=\"og:image:height\" content=\"500\" \/>\n\t<meta property=\"og:image:type\" content=\"image\/jpeg\" \/>\n<meta name=\"author\" content=\"Reda\u00e7\u00e3o\" \/>\n<meta name=\"twitter:card\" content=\"summary_large_image\" \/>\n<meta name=\"twitter:label1\" content=\"Escrito por\" \/>\n\t<meta name=\"twitter:data1\" content=\"Reda\u00e7\u00e3o\" \/>\n\t<meta name=\"twitter:label2\" content=\"Tempo estimado de leitura\" \/>\n\t<meta name=\"twitter:data2\" content=\"1 minuto\" \/>\n<script type=\"application\/ld+json\" class=\"yoast-schema-graph\">{\"@context\":\"https:\/\/schema.org\",\"@graph\":[{\"@type\":\"Article\",\"@id\":\"https:\/\/brasilnoticias.org\/site\/palanque-eleitoral-confira-manifestacoes-partidarias-de-jeronimo-bruno-e-adolfo-no-2-de-julho\/#article\",\"isPartOf\":{\"@id\":\"https:\/\/brasilnoticias.org\/site\/palanque-eleitoral-confira-manifestacoes-partidarias-de-jeronimo-bruno-e-adolfo-no-2-de-julho\/\"},\"author\":{\"name\":\"Reda\u00e7\u00e3o\",\"@id\":\"https:\/\/brasilnoticias.org\/site\/#\/schema\/person\/03bbbfe6c7634ad18c26444ea39049fa\"},\"headline\":\"Palanque eleitoral? Confira manifesta\u00e7\u00f5es partid\u00e1rias de Jer\u00f4nimo, Bruno e Adolfo no \u20182 de Julho\u2019\",\"datePublished\":\"2024-07-02T17:44:07+00:00\",\"mainEntityOfPage\":{\"@id\":\"https:\/\/brasilnoticias.org\/site\/palanque-eleitoral-confira-manifestacoes-partidarias-de-jeronimo-bruno-e-adolfo-no-2-de-julho\/\"},\"wordCount\":556,\"commentCount\":0,\"publisher\":{\"@id\":\"https:\/\/brasilnoticias.org\/site\/#organization\"},\"image\":{\"@id\":\"https:\/\/brasilnoticias.org\/site\/palanque-eleitoral-confira-manifestacoes-partidarias-de-jeronimo-bruno-e-adolfo-no-2-de-julho\/#primaryimage\"},\"thumbnailUrl\":\"https:\/\/brasilnoticias.org\/site\/wp-content\/uploads\/2024\/07\/autoridades-2-de-julho.jpg\",\"articleSection\":[\"Pol\u00edtica\",\"\u00daltimas\"],\"inLanguage\":\"pt-PT\",\"potentialAction\":[{\"@type\":\"CommentAction\",\"name\":\"Comment\",\"target\":[\"https:\/\/brasilnoticias.org\/site\/palanque-eleitoral-confira-manifestacoes-partidarias-de-jeronimo-bruno-e-adolfo-no-2-de-julho\/#respond\"]}]},{\"@type\":\"WebPage\",\"@id\":\"https:\/\/brasilnoticias.org\/site\/palanque-eleitoral-confira-manifestacoes-partidarias-de-jeronimo-bruno-e-adolfo-no-2-de-julho\/\",\"url\":\"https:\/\/brasilnoticias.org\/site\/palanque-eleitoral-confira-manifestacoes-partidarias-de-jeronimo-bruno-e-adolfo-no-2-de-julho\/\",\"name\":\"Palanque eleitoral? Confira manifesta\u00e7\u00f5es partid\u00e1rias de Jer\u00f4nimo, Bruno e Adolfo no \u20182 de Julho\u2019 - Brasil not\u00edcias\",\"isPartOf\":{\"@id\":\"https:\/\/brasilnoticias.org\/site\/#website\"},\"primaryImageOfPage\":{\"@id\":\"https:\/\/brasilnoticias.org\/site\/palanque-eleitoral-confira-manifestacoes-partidarias-de-jeronimo-bruno-e-adolfo-no-2-de-julho\/#primaryimage\"},\"image\":{\"@id\":\"https:\/\/brasilnoticias.org\/site\/palanque-eleitoral-confira-manifestacoes-partidarias-de-jeronimo-bruno-e-adolfo-no-2-de-julho\/#primaryimage\"},\"thumbnailUrl\":\"https:\/\/brasilnoticias.org\/site\/wp-content\/uploads\/2024\/07\/autoridades-2-de-julho.jpg\",\"datePublished\":\"2024-07-02T17:44:07+00:00\",\"breadcrumb\":{\"@id\":\"https:\/\/brasilnoticias.org\/site\/palanque-eleitoral-confira-manifestacoes-partidarias-de-jeronimo-bruno-e-adolfo-no-2-de-julho\/#breadcrumb\"},\"inLanguage\":\"pt-PT\",\"potentialAction\":[{\"@type\":\"ReadAction\",\"target\":[\"https:\/\/brasilnoticias.org\/site\/palanque-eleitoral-confira-manifestacoes-partidarias-de-jeronimo-bruno-e-adolfo-no-2-de-julho\/\"]}]},{\"@type\":\"ImageObject\",\"inLanguage\":\"pt-PT\",\"@id\":\"https:\/\/brasilnoticias.org\/site\/palanque-eleitoral-confira-manifestacoes-partidarias-de-jeronimo-bruno-e-adolfo-no-2-de-julho\/#primaryimage\",\"url\":\"https:\/\/brasilnoticias.org\/site\/wp-content\/uploads\/2024\/07\/autoridades-2-de-julho.jpg\",\"contentUrl\":\"https:\/\/brasilnoticias.org\/site\/wp-content\/uploads\/2024\/07\/autoridades-2-de-julho.jpg\",\"width\":960,\"height\":500},{\"@type\":\"BreadcrumbList\",\"@id\":\"https:\/\/brasilnoticias.org\/site\/palanque-eleitoral-confira-manifestacoes-partidarias-de-jeronimo-bruno-e-adolfo-no-2-de-julho\/#breadcrumb\",\"itemListElement\":[{\"@type\":\"ListItem\",\"position\":1,\"name\":\"In\u00edcio\",\"item\":\"https:\/\/brasilnoticias.org\/site\/\"},{\"@type\":\"ListItem\",\"position\":2,\"name\":\"Palanque eleitoral? Confira manifesta\u00e7\u00f5es partid\u00e1rias de Jer\u00f4nimo, Bruno e Adolfo no \u20182 de Julho\u2019\"}]},{\"@type\":\"WebSite\",\"@id\":\"https:\/\/brasilnoticias.org\/site\/#website\",\"url\":\"https:\/\/brasilnoticias.org\/site\/\",\"name\":\"Brasil not\u00edcias\",\"description\":\"Brasil not\u00edcias\",\"publisher\":{\"@id\":\"https:\/\/brasilnoticias.org\/site\/#organization\"},\"potentialAction\":[{\"@type\":\"SearchAction\",\"target\":{\"@type\":\"EntryPoint\",\"urlTemplate\":\"https:\/\/brasilnoticias.org\/site\/?s={search_term_string}\"},\"query-input\":{\"@type\":\"PropertyValueSpecification\",\"valueRequired\":true,\"valueName\":\"search_term_string\"}}],\"inLanguage\":\"pt-PT\"},{\"@type\":\"Organization\",\"@id\":\"https:\/\/brasilnoticias.org\/site\/#organization\",\"name\":\"Brasil not\u00edcias\",\"url\":\"https:\/\/brasilnoticias.org\/site\/\",\"logo\":{\"@type\":\"ImageObject\",\"inLanguage\":\"pt-PT\",\"@id\":\"https:\/\/brasilnoticias.org\/site\/#\/schema\/logo\/image\/\",\"url\":\"https:\/\/brasilnoticias.org\/site\/wp-content\/uploads\/2022\/05\/cropped-brasilnoticias-mini.jpg\",\"contentUrl\":\"https:\/\/brasilnoticias.org\/site\/wp-content\/uploads\/2022\/05\/cropped-brasilnoticias-mini.jpg\",\"width\":314,\"height\":86,\"caption\":\"Brasil not\u00edcias\"},\"image\":{\"@id\":\"https:\/\/brasilnoticias.org\/site\/#\/schema\/logo\/image\/\"}},{\"@type\":\"Person\",\"@id\":\"https:\/\/brasilnoticias.org\/site\/#\/schema\/person\/03bbbfe6c7634ad18c26444ea39049fa\",\"name\":\"Reda\u00e7\u00e3o\",\"image\":{\"@type\":\"ImageObject\",\"inLanguage\":\"pt-PT\",\"@id\":\"https:\/\/brasilnoticias.org\/site\/#\/schema\/person\/image\/\",\"url\":\"https:\/\/secure.gravatar.com\/avatar\/9ecaf7327a696cb23ad926fedded5f1f04d7049de9e445375d55b48c001a6e42?s=96&d=mm&r=g\",\"contentUrl\":\"https:\/\/secure.gravatar.com\/avatar\/9ecaf7327a696cb23ad926fedded5f1f04d7049de9e445375d55b48c001a6e42?s=96&d=mm&r=g\",\"caption\":\"Reda\u00e7\u00e3o\"},\"url\":\"https:\/\/brasilnoticias.org\/site\/author\/henrique\/\"}]}<\/script>\n<!-- \/ Yoast SEO plugin. -->","yoast_head_json":{"title":"Palanque eleitoral? Confira manifesta\u00e7\u00f5es partid\u00e1rias de Jer\u00f4nimo, Bruno e Adolfo no \u20182 de Julho\u2019 - Brasil not\u00edcias","robots":{"index":"index","follow":"follow","max-snippet":"max-snippet:-1","max-image-preview":"max-image-preview:large","max-video-preview":"max-video-preview:-1"},"canonical":"https:\/\/brasilnoticias.org\/site\/palanque-eleitoral-confira-manifestacoes-partidarias-de-jeronimo-bruno-e-adolfo-no-2-de-julho\/","og_locale":"pt_PT","og_type":"article","og_title":"Palanque eleitoral? Confira manifesta\u00e7\u00f5es partid\u00e1rias de Jer\u00f4nimo, Bruno e Adolfo no \u20182 de Julho\u2019 - Brasil not\u00edcias","og_description":"Em ano de processo eleitoral, o cortejo que sai da Lapinha em dire\u00e7\u00e3o ao centro de Salvador serve de term\u00f4metro,","og_url":"https:\/\/brasilnoticias.org\/site\/palanque-eleitoral-confira-manifestacoes-partidarias-de-jeronimo-bruno-e-adolfo-no-2-de-julho\/","og_site_name":"Brasil not\u00edcias","article_published_time":"2024-07-02T17:44:07+00:00","og_image":[{"width":960,"height":500,"url":"https:\/\/brasilnoticias.org\/site\/wp-content\/uploads\/2024\/07\/autoridades-2-de-julho.jpg","type":"image\/jpeg"}],"author":"Reda\u00e7\u00e3o","twitter_card":"summary_large_image","twitter_misc":{"Escrito por":"Reda\u00e7\u00e3o","Tempo estimado de leitura":"1 minuto"},"schema":{"@context":"https:\/\/schema.org","@graph":[{"@type":"Article","@id":"https:\/\/brasilnoticias.org\/site\/palanque-eleitoral-confira-manifestacoes-partidarias-de-jeronimo-bruno-e-adolfo-no-2-de-julho\/#article","isPartOf":{"@id":"https:\/\/brasilnoticias.org\/site\/palanque-eleitoral-confira-manifestacoes-partidarias-de-jeronimo-bruno-e-adolfo-no-2-de-julho\/"},"author":{"name":"Reda\u00e7\u00e3o","@id":"https:\/\/brasilnoticias.org\/site\/#\/schema\/person\/03bbbfe6c7634ad18c26444ea39049fa"},"headline":"Palanque eleitoral? Confira manifesta\u00e7\u00f5es partid\u00e1rias de Jer\u00f4nimo, Bruno e Adolfo no \u20182 de Julho\u2019","datePublished":"2024-07-02T17:44:07+00:00","mainEntityOfPage":{"@id":"https:\/\/brasilnoticias.org\/site\/palanque-eleitoral-confira-manifestacoes-partidarias-de-jeronimo-bruno-e-adolfo-no-2-de-julho\/"},"wordCount":556,"commentCount":0,"publisher":{"@id":"https:\/\/brasilnoticias.org\/site\/#organization"},"image":{"@id":"https:\/\/brasilnoticias.org\/site\/palanque-eleitoral-confira-manifestacoes-partidarias-de-jeronimo-bruno-e-adolfo-no-2-de-julho\/#primaryimage"},"thumbnailUrl":"https:\/\/brasilnoticias.org\/site\/wp-content\/uploads\/2024\/07\/autoridades-2-de-julho.jpg","articleSection":["Pol\u00edtica","\u00daltimas"],"inLanguage":"pt-PT","potentialAction":[{"@type":"CommentAction","name":"Comment","target":["https:\/\/brasilnoticias.org\/site\/palanque-eleitoral-confira-manifestacoes-partidarias-de-jeronimo-bruno-e-adolfo-no-2-de-julho\/#respond"]}]},{"@type":"WebPage","@id":"https:\/\/brasilnoticias.org\/site\/palanque-eleitoral-confira-manifestacoes-partidarias-de-jeronimo-bruno-e-adolfo-no-2-de-julho\/","url":"https:\/\/brasilnoticias.org\/site\/palanque-eleitoral-confira-manifestacoes-partidarias-de-jeronimo-bruno-e-adolfo-no-2-de-julho\/","name":"Palanque eleitoral? Confira manifesta\u00e7\u00f5es partid\u00e1rias de Jer\u00f4nimo, Bruno e Adolfo no \u20182 de Julho\u2019 - Brasil not\u00edcias","isPartOf":{"@id":"https:\/\/brasilnoticias.org\/site\/#website"},"primaryImageOfPage":{"@id":"https:\/\/brasilnoticias.org\/site\/palanque-eleitoral-confira-manifestacoes-partidarias-de-jeronimo-bruno-e-adolfo-no-2-de-julho\/#primaryimage"},"image":{"@id":"https:\/\/brasilnoticias.org\/site\/palanque-eleitoral-confira-manifestacoes-partidarias-de-jeronimo-bruno-e-adolfo-no-2-de-julho\/#primaryimage"},"thumbnailUrl":"https:\/\/brasilnoticias.org\/site\/wp-content\/uploads\/2024\/07\/autoridades-2-de-julho.jpg","datePublished":"2024-07-02T17:44:07+00:00","breadcrumb":{"@id":"https:\/\/brasilnoticias.org\/site\/palanque-eleitoral-confira-manifestacoes-partidarias-de-jeronimo-bruno-e-adolfo-no-2-de-julho\/#breadcrumb"},"inLanguage":"pt-PT","potentialAction":[{"@type":"ReadAction","target":["https:\/\/brasilnoticias.org\/site\/palanque-eleitoral-confira-manifestacoes-partidarias-de-jeronimo-bruno-e-adolfo-no-2-de-julho\/"]}]},{"@type":"ImageObject","inLanguage":"pt-PT","@id":"https:\/\/brasilnoticias.org\/site\/palanque-eleitoral-confira-manifestacoes-partidarias-de-jeronimo-bruno-e-adolfo-no-2-de-julho\/#primaryimage","url":"https:\/\/brasilnoticias.org\/site\/wp-content\/uploads\/2024\/07\/autoridades-2-de-julho.jpg","contentUrl":"https:\/\/brasilnoticias.org\/site\/wp-content\/uploads\/2024\/07\/autoridades-2-de-julho.jpg","width":960,"height":500},{"@type":"BreadcrumbList","@id":"https:\/\/brasilnoticias.org\/site\/palanque-eleitoral-confira-manifestacoes-partidarias-de-jeronimo-bruno-e-adolfo-no-2-de-julho\/#breadcrumb","itemListElement":[{"@type":"ListItem","position":1,"name":"In\u00edcio","item":"https:\/\/brasilnoticias.org\/site\/"},{"@type":"ListItem","position":2,"name":"Palanque eleitoral? Confira manifesta\u00e7\u00f5es partid\u00e1rias de Jer\u00f4nimo, Bruno e Adolfo no \u20182 de Julho\u2019"}]},{"@type":"WebSite","@id":"https:\/\/brasilnoticias.org\/site\/#website","url":"https:\/\/brasilnoticias.org\/site\/","name":"Brasil not\u00edcias","description":"Brasil not\u00edcias","publisher":{"@id":"https:\/\/brasilnoticias.org\/site\/#organization"},"potentialAction":[{"@type":"SearchAction","target":{"@type":"EntryPoint","urlTemplate":"https:\/\/brasilnoticias.org\/site\/?s={search_term_string}"},"query-input":{"@type":"PropertyValueSpecification","valueRequired":true,"valueName":"search_term_string"}}],"inLanguage":"pt-PT"},{"@type":"Organization","@id":"https:\/\/brasilnoticias.org\/site\/#organization","name":"Brasil not\u00edcias","url":"https:\/\/brasilnoticias.org\/site\/","logo":{"@type":"ImageObject","inLanguage":"pt-PT","@id":"https:\/\/brasilnoticias.org\/site\/#\/schema\/logo\/image\/","url":"https:\/\/brasilnoticias.org\/site\/wp-content\/uploads\/2022\/05\/cropped-brasilnoticias-mini.jpg","contentUrl":"https:\/\/brasilnoticias.org\/site\/wp-content\/uploads\/2022\/05\/cropped-brasilnoticias-mini.jpg","width":314,"height":86,"caption":"Brasil not\u00edcias"},"image":{"@id":"https:\/\/brasilnoticias.org\/site\/#\/schema\/logo\/image\/"}},{"@type":"Person","@id":"https:\/\/brasilnoticias.org\/site\/#\/schema\/person\/03bbbfe6c7634ad18c26444ea39049fa","name":"Reda\u00e7\u00e3o","image":{"@type":"ImageObject","inLanguage":"pt-PT","@id":"https:\/\/brasilnoticias.org\/site\/#\/schema\/person\/image\/","url":"https:\/\/secure.gravatar.com\/avatar\/9ecaf7327a696cb23ad926fedded5f1f04d7049de9e445375d55b48c001a6e42?s=96&d=mm&r=g","contentUrl":"https:\/\/secure.gravatar.com\/avatar\/9ecaf7327a696cb23ad926fedded5f1f04d7049de9e445375d55b48c001a6e42?s=96&d=mm&r=g","caption":"Reda\u00e7\u00e3o"},"url":"https:\/\/brasilnoticias.org\/site\/author\/henrique\/"}]}},"_links":{"self":[{"href":"https:\/\/brasilnoticias.org\/site\/wp-json\/wp\/v2\/posts\/14873","targetHints":{"allow":["GET"]}}],"collection":[{"href":"https:\/\/brasilnoticias.org\/site\/wp-json\/wp\/v2\/posts"}],"about":[{"href":"https:\/\/brasilnoticias.org\/site\/wp-json\/wp\/v2\/types\/post"}],"author":[{"embeddable":true,"href":"https:\/\/brasilnoticias.org\/site\/wp-json\/wp\/v2\/users\/4"}],"replies":[{"embeddable":true,"href":"https:\/\/brasilnoticias.org\/site\/wp-json\/wp\/v2\/comments?post=14873"}],"version-history":[{"count":1,"href":"https:\/\/brasilnoticias.org\/site\/wp-json\/wp\/v2\/posts\/14873\/revisions"}],"predecessor-version":[{"id":14875,"href":"https:\/\/brasilnoticias.org\/site\/wp-json\/wp\/v2\/posts\/14873\/revisions\/14875"}],"wp:featuredmedia":[{"embeddable":true,"href":"https:\/\/brasilnoticias.org\/site\/wp-json\/wp\/v2\/media\/14874"}],"wp:attachment":[{"href":"https:\/\/brasilnoticias.org\/site\/wp-json\/wp\/v2\/media?parent=14873"}],"wp:term":[{"taxonomy":"category","embeddable":true,"href":"https:\/\/brasilnoticias.org\/site\/wp-json\/wp\/v2\/categories?post=14873"},{"taxonomy":"post_tag","embeddable":true,"href":"https:\/\/brasilnoticias.org\/site\/wp-json\/wp\/v2\/tags?post=14873"}],"curies":[{"name":"wp","href":"https:\/\/api.w.org\/{rel}","templated":true}]}}