{"id":14898,"date":"2024-07-05T17:26:30","date_gmt":"2024-07-05T20:26:30","guid":{"rendered":"https:\/\/brasilnoticias.org\/site\/?p=14898"},"modified":"2024-07-05T17:26:30","modified_gmt":"2024-07-05T20:26:30","slug":"ataque-a-tiros-dentro-de-carro-homem-e-baleado-no-bairro-de-campinas-de-piraja","status":"publish","type":"post","link":"https:\/\/brasilnoticias.org\/site\/ataque-a-tiros-dentro-de-carro-homem-e-baleado-no-bairro-de-campinas-de-piraja\/","title":{"rendered":"Ataque a tiros: dentro de carro, homem \u00e9 baleado no bairro de Campinas de Piraj\u00e1"},"content":{"rendered":"<p>O Samu foi acionado para presta\u00e7\u00e3o de socorro e, ap\u00f3s o atendimento, ele foi encaminhado para o Hospital Geral do Estado (HGE)<\/p>\n<p>Um homem sofreu um atentado a tiros, quando estava dentro de um carro, na noite desta quinta-feira (4\/7), no bairro de Campinas de Piraj\u00e1, em Salvador.<\/p>\n<p>Segundo informa\u00e7\u00f5es da Pol\u00edcia Militar, agentes da 9\u00aa Companhia Independente (CIPM\/Piraj\u00e1) foram acionados para averiguar a situa\u00e7\u00e3o e encontraram a v\u00edtima, ca\u00edda ao solo, do lado de fora do carro.<\/p>\n<p>Ainda de acordo com a PM, o homem apresentava diversas perfura\u00e7\u00f5es de arma de fogo. O Samu foi acionado para presta\u00e7\u00e3o de socorro e, ap\u00f3s o atendimento, ele foi encaminhado para o Hospital Geral do Estado (HGE).<\/p>\n<p>Testemunhas relatar que, dois homens chegaram em uma moto e efetuaram os disparos contra o motorista. A autoria e a motiva\u00e7\u00e3o est\u00e3o sendo investigadas pela Pol\u00edcia Civil.<\/p>\n<p>Em nota, a PC informou que a v\u00edtima tem 31 anos, mas n\u00e3o revelou sua identidade. A Pol\u00edcia T\u00e9cnica esteve no local e realizou per\u00edcia no ve\u00edculo. A investiga\u00e7\u00e3o ficar\u00e1 a cargo da 4\u00aa Delegacia Territorial (DT\/S\u00e3o Caetano). Veja v\u00eddeo:<\/p>\n<blockquote class=\"twitter-tweet\" data-media-max-width=\"560\">\n<p lang=\"pt\" dir=\"ltr\">Homem \u00e9 baleado em Campinas de Piraj\u00e1. <a href=\"https:\/\/t.co\/UFKX6apmAX\">pic.twitter.com\/UFKX6apmAX<\/a><\/p>\n<p>&mdash; Aratu On (@aratuonline) <a href=\"https:\/\/twitter.com\/aratuonline\/status\/1809183331877056753?ref_src=twsrc%5Etfw\">July 5, 2024<\/a><\/p><\/blockquote>\n<p> <script async src=\"https:\/\/platform.twitter.com\/widgets.js\" charset=\"utf-8\"><\/script><\/p>\n<p>Foto: reprodu\u00e7\u00e3o\/v\u00eddeo<br \/>\nAratu On<\/p>\n","protected":false},"excerpt":{"rendered":"<p>O Samu foi acionado para presta\u00e7\u00e3o de socorro e, ap\u00f3s o atendimento, ele foi encaminhado para o Hospital Geral do<\/p>\n","protected":false},"author":4,"featured_media":14899,"comment_status":"open","ping_status":"open","sticky":false,"template":"","format":"standard","meta":{"colormag_page_container_layout":"default_layout","colormag_page_sidebar_layout":"default_layout","_FSMCFIC_featured_image_caption":"","_FSMCFIC_featured_image_nocaption":"","_FSMCFIC_featured_image_hide":"","footnotes":""},"categories":[3,1],"tags":[],"class_list":["post-14898","post","type-post","status-publish","format-standard","has-post-thumbnail","hentry","category-policia","category-ultimas"],"yoast_head":"<!-- This site is optimized with the Yoast SEO plugin v27.1.1 - https:\/\/yoast.com\/product\/yoast-seo-wordpress\/ -->\n<title>Ataque a tiros: dentro de carro, homem \u00e9 baleado no bairro de Campinas de Piraj\u00e1 - Brasil not\u00edcias<\/title>\n<meta name=\"robots\" content=\"index, follow, max-snippet:-1, max-image-preview:large, max-video-preview:-1\" \/>\n<link rel=\"canonical\" href=\"https:\/\/brasilnoticias.org\/site\/ataque-a-tiros-dentro-de-carro-homem-e-baleado-no-bairro-de-campinas-de-piraja\/\" \/>\n<meta property=\"og:locale\" content=\"pt_PT\" \/>\n<meta property=\"og:type\" content=\"article\" \/>\n<meta property=\"og:title\" content=\"Ataque a tiros: dentro de carro, homem \u00e9 baleado no bairro de Campinas de Piraj\u00e1 - Brasil not\u00edcias\" \/>\n<meta property=\"og:description\" content=\"O Samu foi acionado para presta\u00e7\u00e3o de socorro e, ap\u00f3s o atendimento, ele foi encaminhado para o Hospital Geral do\" \/>\n<meta property=\"og:url\" content=\"https:\/\/brasilnoticias.org\/site\/ataque-a-tiros-dentro-de-carro-homem-e-baleado-no-bairro-de-campinas-de-piraja\/\" \/>\n<meta property=\"og:site_name\" content=\"Brasil not\u00edcias\" \/>\n<meta property=\"article:published_time\" content=\"2024-07-05T20:26:30+00:00\" \/>\n<meta property=\"og:image\" content=\"https:\/\/brasilnoticias.org\/site\/wp-content\/uploads\/2024\/07\/baleado-campinas-piraja.jpg\" \/>\n\t<meta property=\"og:image:width\" content=\"960\" \/>\n\t<meta property=\"og:image:height\" content=\"500\" \/>\n\t<meta property=\"og:image:type\" content=\"image\/jpeg\" \/>\n<meta name=\"author\" content=\"Reda\u00e7\u00e3o\" \/>\n<meta name=\"twitter:card\" content=\"summary_large_image\" \/>\n<meta name=\"twitter:label1\" content=\"Escrito por\" \/>\n\t<meta name=\"twitter:data1\" content=\"Reda\u00e7\u00e3o\" \/>\n\t<meta name=\"twitter:label2\" content=\"Tempo estimado de leitura\" \/>\n\t<meta name=\"twitter:data2\" content=\"1 minuto\" \/>\n<script type=\"application\/ld+json\" class=\"yoast-schema-graph\">{\"@context\":\"https:\/\/schema.org\",\"@graph\":[{\"@type\":\"Article\",\"@id\":\"https:\/\/brasilnoticias.org\/site\/ataque-a-tiros-dentro-de-carro-homem-e-baleado-no-bairro-de-campinas-de-piraja\/#article\",\"isPartOf\":{\"@id\":\"https:\/\/brasilnoticias.org\/site\/ataque-a-tiros-dentro-de-carro-homem-e-baleado-no-bairro-de-campinas-de-piraja\/\"},\"author\":{\"name\":\"Reda\u00e7\u00e3o\",\"@id\":\"https:\/\/brasilnoticias.org\/site\/#\/schema\/person\/03bbbfe6c7634ad18c26444ea39049fa\"},\"headline\":\"Ataque a tiros: dentro de carro, homem \u00e9 baleado no bairro de Campinas de Piraj\u00e1\",\"datePublished\":\"2024-07-05T20:26:30+00:00\",\"mainEntityOfPage\":{\"@id\":\"https:\/\/brasilnoticias.org\/site\/ataque-a-tiros-dentro-de-carro-homem-e-baleado-no-bairro-de-campinas-de-piraja\/\"},\"wordCount\":239,\"commentCount\":0,\"publisher\":{\"@id\":\"https:\/\/brasilnoticias.org\/site\/#organization\"},\"image\":{\"@id\":\"https:\/\/brasilnoticias.org\/site\/ataque-a-tiros-dentro-de-carro-homem-e-baleado-no-bairro-de-campinas-de-piraja\/#primaryimage\"},\"thumbnailUrl\":\"https:\/\/brasilnoticias.org\/site\/wp-content\/uploads\/2024\/07\/baleado-campinas-piraja.jpg\",\"articleSection\":[\"Pol\u00edcia\",\"\u00daltimas\"],\"inLanguage\":\"pt-PT\",\"potentialAction\":[{\"@type\":\"CommentAction\",\"name\":\"Comment\",\"target\":[\"https:\/\/brasilnoticias.org\/site\/ataque-a-tiros-dentro-de-carro-homem-e-baleado-no-bairro-de-campinas-de-piraja\/#respond\"]}]},{\"@type\":\"WebPage\",\"@id\":\"https:\/\/brasilnoticias.org\/site\/ataque-a-tiros-dentro-de-carro-homem-e-baleado-no-bairro-de-campinas-de-piraja\/\",\"url\":\"https:\/\/brasilnoticias.org\/site\/ataque-a-tiros-dentro-de-carro-homem-e-baleado-no-bairro-de-campinas-de-piraja\/\",\"name\":\"Ataque a tiros: dentro de carro, homem \u00e9 baleado no bairro de Campinas de Piraj\u00e1 - Brasil not\u00edcias\",\"isPartOf\":{\"@id\":\"https:\/\/brasilnoticias.org\/site\/#website\"},\"primaryImageOfPage\":{\"@id\":\"https:\/\/brasilnoticias.org\/site\/ataque-a-tiros-dentro-de-carro-homem-e-baleado-no-bairro-de-campinas-de-piraja\/#primaryimage\"},\"image\":{\"@id\":\"https:\/\/brasilnoticias.org\/site\/ataque-a-tiros-dentro-de-carro-homem-e-baleado-no-bairro-de-campinas-de-piraja\/#primaryimage\"},\"thumbnailUrl\":\"https:\/\/brasilnoticias.org\/site\/wp-content\/uploads\/2024\/07\/baleado-campinas-piraja.jpg\",\"datePublished\":\"2024-07-05T20:26:30+00:00\",\"breadcrumb\":{\"@id\":\"https:\/\/brasilnoticias.org\/site\/ataque-a-tiros-dentro-de-carro-homem-e-baleado-no-bairro-de-campinas-de-piraja\/#breadcrumb\"},\"inLanguage\":\"pt-PT\",\"potentialAction\":[{\"@type\":\"ReadAction\",\"target\":[\"https:\/\/brasilnoticias.org\/site\/ataque-a-tiros-dentro-de-carro-homem-e-baleado-no-bairro-de-campinas-de-piraja\/\"]}]},{\"@type\":\"ImageObject\",\"inLanguage\":\"pt-PT\",\"@id\":\"https:\/\/brasilnoticias.org\/site\/ataque-a-tiros-dentro-de-carro-homem-e-baleado-no-bairro-de-campinas-de-piraja\/#primaryimage\",\"url\":\"https:\/\/brasilnoticias.org\/site\/wp-content\/uploads\/2024\/07\/baleado-campinas-piraja.jpg\",\"contentUrl\":\"https:\/\/brasilnoticias.org\/site\/wp-content\/uploads\/2024\/07\/baleado-campinas-piraja.jpg\",\"width\":960,\"height\":500},{\"@type\":\"BreadcrumbList\",\"@id\":\"https:\/\/brasilnoticias.org\/site\/ataque-a-tiros-dentro-de-carro-homem-e-baleado-no-bairro-de-campinas-de-piraja\/#breadcrumb\",\"itemListElement\":[{\"@type\":\"ListItem\",\"position\":1,\"name\":\"In\u00edcio\",\"item\":\"https:\/\/brasilnoticias.org\/site\/\"},{\"@type\":\"ListItem\",\"position\":2,\"name\":\"Ataque a tiros: dentro de carro, homem \u00e9 baleado no bairro de Campinas de Piraj\u00e1\"}]},{\"@type\":\"WebSite\",\"@id\":\"https:\/\/brasilnoticias.org\/site\/#website\",\"url\":\"https:\/\/brasilnoticias.org\/site\/\",\"name\":\"Brasil not\u00edcias\",\"description\":\"Brasil not\u00edcias\",\"publisher\":{\"@id\":\"https:\/\/brasilnoticias.org\/site\/#organization\"},\"potentialAction\":[{\"@type\":\"SearchAction\",\"target\":{\"@type\":\"EntryPoint\",\"urlTemplate\":\"https:\/\/brasilnoticias.org\/site\/?s={search_term_string}\"},\"query-input\":{\"@type\":\"PropertyValueSpecification\",\"valueRequired\":true,\"valueName\":\"search_term_string\"}}],\"inLanguage\":\"pt-PT\"},{\"@type\":\"Organization\",\"@id\":\"https:\/\/brasilnoticias.org\/site\/#organization\",\"name\":\"Brasil not\u00edcias\",\"url\":\"https:\/\/brasilnoticias.org\/site\/\",\"logo\":{\"@type\":\"ImageObject\",\"inLanguage\":\"pt-PT\",\"@id\":\"https:\/\/brasilnoticias.org\/site\/#\/schema\/logo\/image\/\",\"url\":\"https:\/\/brasilnoticias.org\/site\/wp-content\/uploads\/2022\/05\/cropped-brasilnoticias-mini.jpg\",\"contentUrl\":\"https:\/\/brasilnoticias.org\/site\/wp-content\/uploads\/2022\/05\/cropped-brasilnoticias-mini.jpg\",\"width\":314,\"height\":86,\"caption\":\"Brasil not\u00edcias\"},\"image\":{\"@id\":\"https:\/\/brasilnoticias.org\/site\/#\/schema\/logo\/image\/\"}},{\"@type\":\"Person\",\"@id\":\"https:\/\/brasilnoticias.org\/site\/#\/schema\/person\/03bbbfe6c7634ad18c26444ea39049fa\",\"name\":\"Reda\u00e7\u00e3o\",\"image\":{\"@type\":\"ImageObject\",\"inLanguage\":\"pt-PT\",\"@id\":\"https:\/\/brasilnoticias.org\/site\/#\/schema\/person\/image\/\",\"url\":\"https:\/\/secure.gravatar.com\/avatar\/9ecaf7327a696cb23ad926fedded5f1f04d7049de9e445375d55b48c001a6e42?s=96&d=mm&r=g\",\"contentUrl\":\"https:\/\/secure.gravatar.com\/avatar\/9ecaf7327a696cb23ad926fedded5f1f04d7049de9e445375d55b48c001a6e42?s=96&d=mm&r=g\",\"caption\":\"Reda\u00e7\u00e3o\"},\"url\":\"https:\/\/brasilnoticias.org\/site\/author\/henrique\/\"}]}<\/script>\n<!-- \/ Yoast SEO plugin. -->","yoast_head_json":{"title":"Ataque a tiros: dentro de carro, homem \u00e9 baleado no bairro de Campinas de Piraj\u00e1 - Brasil not\u00edcias","robots":{"index":"index","follow":"follow","max-snippet":"max-snippet:-1","max-image-preview":"max-image-preview:large","max-video-preview":"max-video-preview:-1"},"canonical":"https:\/\/brasilnoticias.org\/site\/ataque-a-tiros-dentro-de-carro-homem-e-baleado-no-bairro-de-campinas-de-piraja\/","og_locale":"pt_PT","og_type":"article","og_title":"Ataque a tiros: dentro de carro, homem \u00e9 baleado no bairro de Campinas de Piraj\u00e1 - Brasil not\u00edcias","og_description":"O Samu foi acionado para presta\u00e7\u00e3o de socorro e, ap\u00f3s o atendimento, ele foi encaminhado para o Hospital Geral do","og_url":"https:\/\/brasilnoticias.org\/site\/ataque-a-tiros-dentro-de-carro-homem-e-baleado-no-bairro-de-campinas-de-piraja\/","og_site_name":"Brasil not\u00edcias","article_published_time":"2024-07-05T20:26:30+00:00","og_image":[{"width":960,"height":500,"url":"https:\/\/brasilnoticias.org\/site\/wp-content\/uploads\/2024\/07\/baleado-campinas-piraja.jpg","type":"image\/jpeg"}],"author":"Reda\u00e7\u00e3o","twitter_card":"summary_large_image","twitter_misc":{"Escrito por":"Reda\u00e7\u00e3o","Tempo estimado de leitura":"1 minuto"},"schema":{"@context":"https:\/\/schema.org","@graph":[{"@type":"Article","@id":"https:\/\/brasilnoticias.org\/site\/ataque-a-tiros-dentro-de-carro-homem-e-baleado-no-bairro-de-campinas-de-piraja\/#article","isPartOf":{"@id":"https:\/\/brasilnoticias.org\/site\/ataque-a-tiros-dentro-de-carro-homem-e-baleado-no-bairro-de-campinas-de-piraja\/"},"author":{"name":"Reda\u00e7\u00e3o","@id":"https:\/\/brasilnoticias.org\/site\/#\/schema\/person\/03bbbfe6c7634ad18c26444ea39049fa"},"headline":"Ataque a tiros: dentro de carro, homem \u00e9 baleado no bairro de Campinas de Piraj\u00e1","datePublished":"2024-07-05T20:26:30+00:00","mainEntityOfPage":{"@id":"https:\/\/brasilnoticias.org\/site\/ataque-a-tiros-dentro-de-carro-homem-e-baleado-no-bairro-de-campinas-de-piraja\/"},"wordCount":239,"commentCount":0,"publisher":{"@id":"https:\/\/brasilnoticias.org\/site\/#organization"},"image":{"@id":"https:\/\/brasilnoticias.org\/site\/ataque-a-tiros-dentro-de-carro-homem-e-baleado-no-bairro-de-campinas-de-piraja\/#primaryimage"},"thumbnailUrl":"https:\/\/brasilnoticias.org\/site\/wp-content\/uploads\/2024\/07\/baleado-campinas-piraja.jpg","articleSection":["Pol\u00edcia","\u00daltimas"],"inLanguage":"pt-PT","potentialAction":[{"@type":"CommentAction","name":"Comment","target":["https:\/\/brasilnoticias.org\/site\/ataque-a-tiros-dentro-de-carro-homem-e-baleado-no-bairro-de-campinas-de-piraja\/#respond"]}]},{"@type":"WebPage","@id":"https:\/\/brasilnoticias.org\/site\/ataque-a-tiros-dentro-de-carro-homem-e-baleado-no-bairro-de-campinas-de-piraja\/","url":"https:\/\/brasilnoticias.org\/site\/ataque-a-tiros-dentro-de-carro-homem-e-baleado-no-bairro-de-campinas-de-piraja\/","name":"Ataque a tiros: dentro de carro, homem \u00e9 baleado no bairro de Campinas de Piraj\u00e1 - Brasil not\u00edcias","isPartOf":{"@id":"https:\/\/brasilnoticias.org\/site\/#website"},"primaryImageOfPage":{"@id":"https:\/\/brasilnoticias.org\/site\/ataque-a-tiros-dentro-de-carro-homem-e-baleado-no-bairro-de-campinas-de-piraja\/#primaryimage"},"image":{"@id":"https:\/\/brasilnoticias.org\/site\/ataque-a-tiros-dentro-de-carro-homem-e-baleado-no-bairro-de-campinas-de-piraja\/#primaryimage"},"thumbnailUrl":"https:\/\/brasilnoticias.org\/site\/wp-content\/uploads\/2024\/07\/baleado-campinas-piraja.jpg","datePublished":"2024-07-05T20:26:30+00:00","breadcrumb":{"@id":"https:\/\/brasilnoticias.org\/site\/ataque-a-tiros-dentro-de-carro-homem-e-baleado-no-bairro-de-campinas-de-piraja\/#breadcrumb"},"inLanguage":"pt-PT","potentialAction":[{"@type":"ReadAction","target":["https:\/\/brasilnoticias.org\/site\/ataque-a-tiros-dentro-de-carro-homem-e-baleado-no-bairro-de-campinas-de-piraja\/"]}]},{"@type":"ImageObject","inLanguage":"pt-PT","@id":"https:\/\/brasilnoticias.org\/site\/ataque-a-tiros-dentro-de-carro-homem-e-baleado-no-bairro-de-campinas-de-piraja\/#primaryimage","url":"https:\/\/brasilnoticias.org\/site\/wp-content\/uploads\/2024\/07\/baleado-campinas-piraja.jpg","contentUrl":"https:\/\/brasilnoticias.org\/site\/wp-content\/uploads\/2024\/07\/baleado-campinas-piraja.jpg","width":960,"height":500},{"@type":"BreadcrumbList","@id":"https:\/\/brasilnoticias.org\/site\/ataque-a-tiros-dentro-de-carro-homem-e-baleado-no-bairro-de-campinas-de-piraja\/#breadcrumb","itemListElement":[{"@type":"ListItem","position":1,"name":"In\u00edcio","item":"https:\/\/brasilnoticias.org\/site\/"},{"@type":"ListItem","position":2,"name":"Ataque a tiros: dentro de carro, homem \u00e9 baleado no bairro de Campinas de Piraj\u00e1"}]},{"@type":"WebSite","@id":"https:\/\/brasilnoticias.org\/site\/#website","url":"https:\/\/brasilnoticias.org\/site\/","name":"Brasil not\u00edcias","description":"Brasil not\u00edcias","publisher":{"@id":"https:\/\/brasilnoticias.org\/site\/#organization"},"potentialAction":[{"@type":"SearchAction","target":{"@type":"EntryPoint","urlTemplate":"https:\/\/brasilnoticias.org\/site\/?s={search_term_string}"},"query-input":{"@type":"PropertyValueSpecification","valueRequired":true,"valueName":"search_term_string"}}],"inLanguage":"pt-PT"},{"@type":"Organization","@id":"https:\/\/brasilnoticias.org\/site\/#organization","name":"Brasil not\u00edcias","url":"https:\/\/brasilnoticias.org\/site\/","logo":{"@type":"ImageObject","inLanguage":"pt-PT","@id":"https:\/\/brasilnoticias.org\/site\/#\/schema\/logo\/image\/","url":"https:\/\/brasilnoticias.org\/site\/wp-content\/uploads\/2022\/05\/cropped-brasilnoticias-mini.jpg","contentUrl":"https:\/\/brasilnoticias.org\/site\/wp-content\/uploads\/2022\/05\/cropped-brasilnoticias-mini.jpg","width":314,"height":86,"caption":"Brasil not\u00edcias"},"image":{"@id":"https:\/\/brasilnoticias.org\/site\/#\/schema\/logo\/image\/"}},{"@type":"Person","@id":"https:\/\/brasilnoticias.org\/site\/#\/schema\/person\/03bbbfe6c7634ad18c26444ea39049fa","name":"Reda\u00e7\u00e3o","image":{"@type":"ImageObject","inLanguage":"pt-PT","@id":"https:\/\/brasilnoticias.org\/site\/#\/schema\/person\/image\/","url":"https:\/\/secure.gravatar.com\/avatar\/9ecaf7327a696cb23ad926fedded5f1f04d7049de9e445375d55b48c001a6e42?s=96&d=mm&r=g","contentUrl":"https:\/\/secure.gravatar.com\/avatar\/9ecaf7327a696cb23ad926fedded5f1f04d7049de9e445375d55b48c001a6e42?s=96&d=mm&r=g","caption":"Reda\u00e7\u00e3o"},"url":"https:\/\/brasilnoticias.org\/site\/author\/henrique\/"}]}},"_links":{"self":[{"href":"https:\/\/brasilnoticias.org\/site\/wp-json\/wp\/v2\/posts\/14898","targetHints":{"allow":["GET"]}}],"collection":[{"href":"https:\/\/brasilnoticias.org\/site\/wp-json\/wp\/v2\/posts"}],"about":[{"href":"https:\/\/brasilnoticias.org\/site\/wp-json\/wp\/v2\/types\/post"}],"author":[{"embeddable":true,"href":"https:\/\/brasilnoticias.org\/site\/wp-json\/wp\/v2\/users\/4"}],"replies":[{"embeddable":true,"href":"https:\/\/brasilnoticias.org\/site\/wp-json\/wp\/v2\/comments?post=14898"}],"version-history":[{"count":1,"href":"https:\/\/brasilnoticias.org\/site\/wp-json\/wp\/v2\/posts\/14898\/revisions"}],"predecessor-version":[{"id":14900,"href":"https:\/\/brasilnoticias.org\/site\/wp-json\/wp\/v2\/posts\/14898\/revisions\/14900"}],"wp:featuredmedia":[{"embeddable":true,"href":"https:\/\/brasilnoticias.org\/site\/wp-json\/wp\/v2\/media\/14899"}],"wp:attachment":[{"href":"https:\/\/brasilnoticias.org\/site\/wp-json\/wp\/v2\/media?parent=14898"}],"wp:term":[{"taxonomy":"category","embeddable":true,"href":"https:\/\/brasilnoticias.org\/site\/wp-json\/wp\/v2\/categories?post=14898"},{"taxonomy":"post_tag","embeddable":true,"href":"https:\/\/brasilnoticias.org\/site\/wp-json\/wp\/v2\/tags?post=14898"}],"curies":[{"name":"wp","href":"https:\/\/api.w.org\/{rel}","templated":true}]}}