{"id":14901,"date":"2024-07-06T16:49:48","date_gmt":"2024-07-06T19:49:48","guid":{"rendered":"https:\/\/brasilnoticias.org\/site\/?p=14901"},"modified":"2024-07-06T16:49:48","modified_gmt":"2024-07-06T19:49:48","slug":"copa-america-brasil-enfrenta-uruguai-em-busca-de-vaga-nas-semifinais","status":"publish","type":"post","link":"https:\/\/brasilnoticias.org\/site\/copa-america-brasil-enfrenta-uruguai-em-busca-de-vaga-nas-semifinais\/","title":{"rendered":"Copa Am\u00e9rica: Brasil enfrenta Uruguai em busca de vaga nas semifinais"},"content":{"rendered":"<p>Partida ser\u00e1 disputada a partir das 22h deste s\u00e1bado (6)<\/p>\n<p>O Brasil enfrenta o Uruguai em uma partida decisiva em busca de uma vaga nas semifinais da Copa Am\u00e9rica. O confronto entre a sele\u00e7\u00e3o brasileira e a Celeste ser\u00e1 realizado a partir das 22h (hor\u00e1rio de Bras\u00edlia) deste s\u00e1bado (6) no est\u00e1dio Allegiant, em Las Vegas, nos Estados Unidos.<\/p>\n<p>O Brasil n\u00e3o poder\u00e1 contar neste jogo com uma de suas refer\u00eancias t\u00e9cnicas, o atacante Vinicius J\u00fanior, suspenso por ac\u00famulo de cart\u00f5es amarelos. E para substituir o jogador do Real Madrid (Espanha) o t\u00e9cnico Dorival J\u00fanior escolheu o jovem Endrick, de 18 anos.<\/p>\n<p>\u201cPerdemos um jogador importante, mas ganhamos um jogador que vem despontando, buscando uma oportunidade. Quem sabe seja a\u00ed o momento do Endrick\u201d, declarou Dorival J\u00fanior em entrevista coletiva na \u00faltima sexta-feira (5). Outra mudan\u00e7a certa para a partida ser\u00e1 a entrada de Guilherme Arana no lugar de Wendell na lateral esquerda. Desta forma a sele\u00e7\u00e3o brasileira inicia o confronto com: Alisson; Danilo, \u00c9der Milit\u00e3o, Marquinhos e Guilherme Arana; Jo\u00e3o Gomes, Bruno Guimar\u00e3es e Lucas Paquet\u00e1; Raphinha, Rodrygo e Endrick.<\/p>\n<p>Foto: Rafael Ribeiro\/CBF<br \/>\nPor: Metro1<\/p>\n","protected":false},"excerpt":{"rendered":"<p>Partida ser\u00e1 disputada a partir das 22h deste s\u00e1bado (6) O Brasil enfrenta o Uruguai em uma partida decisiva em<\/p>\n","protected":false},"author":4,"featured_media":14902,"comment_status":"open","ping_status":"open","sticky":false,"template":"","format":"standard","meta":{"colormag_page_container_layout":"default_layout","colormag_page_sidebar_layout":"default_layout","_FSMCFIC_featured_image_caption":"","_FSMCFIC_featured_image_nocaption":"","_FSMCFIC_featured_image_hide":"","footnotes":""},"categories":[4,1],"tags":[],"class_list":["post-14901","post","type-post","status-publish","format-standard","has-post-thumbnail","hentry","category-esporte","category-ultimas"],"yoast_head":"<!-- This site is optimized with the Yoast SEO plugin v27.1.1 - https:\/\/yoast.com\/product\/yoast-seo-wordpress\/ -->\n<title>Copa Am\u00e9rica: Brasil enfrenta Uruguai em busca de vaga nas semifinais - Brasil not\u00edcias<\/title>\n<meta name=\"robots\" content=\"index, follow, max-snippet:-1, max-image-preview:large, max-video-preview:-1\" \/>\n<link rel=\"canonical\" href=\"https:\/\/brasilnoticias.org\/site\/copa-america-brasil-enfrenta-uruguai-em-busca-de-vaga-nas-semifinais\/\" \/>\n<meta property=\"og:locale\" content=\"pt_PT\" \/>\n<meta property=\"og:type\" content=\"article\" \/>\n<meta property=\"og:title\" content=\"Copa Am\u00e9rica: Brasil enfrenta Uruguai em busca de vaga nas semifinais - Brasil not\u00edcias\" \/>\n<meta property=\"og:description\" content=\"Partida ser\u00e1 disputada a partir das 22h deste s\u00e1bado (6) O Brasil enfrenta o Uruguai em uma partida decisiva em\" \/>\n<meta property=\"og:url\" content=\"https:\/\/brasilnoticias.org\/site\/copa-america-brasil-enfrenta-uruguai-em-busca-de-vaga-nas-semifinais\/\" \/>\n<meta property=\"og:site_name\" content=\"Brasil not\u00edcias\" \/>\n<meta property=\"article:published_time\" content=\"2024-07-06T19:49:48+00:00\" \/>\n<meta property=\"og:image\" content=\"https:\/\/brasilnoticias.org\/site\/wp-content\/uploads\/2024\/07\/152470copa-america-brasil-enfrenta-uruguai-em-busca-de-vaga-nas-semifinais-3.jpg\" \/>\n\t<meta property=\"og:image:width\" content=\"1600\" \/>\n\t<meta property=\"og:image:height\" content=\"752\" \/>\n\t<meta property=\"og:image:type\" content=\"image\/jpeg\" \/>\n<meta name=\"author\" content=\"Reda\u00e7\u00e3o\" \/>\n<meta name=\"twitter:card\" content=\"summary_large_image\" \/>\n<meta name=\"twitter:label1\" content=\"Escrito por\" \/>\n\t<meta name=\"twitter:data1\" content=\"Reda\u00e7\u00e3o\" \/>\n\t<meta name=\"twitter:label2\" content=\"Tempo estimado de leitura\" \/>\n\t<meta name=\"twitter:data2\" content=\"1 minuto\" \/>\n<script type=\"application\/ld+json\" class=\"yoast-schema-graph\">{\"@context\":\"https:\/\/schema.org\",\"@graph\":[{\"@type\":\"Article\",\"@id\":\"https:\/\/brasilnoticias.org\/site\/copa-america-brasil-enfrenta-uruguai-em-busca-de-vaga-nas-semifinais\/#article\",\"isPartOf\":{\"@id\":\"https:\/\/brasilnoticias.org\/site\/copa-america-brasil-enfrenta-uruguai-em-busca-de-vaga-nas-semifinais\/\"},\"author\":{\"name\":\"Reda\u00e7\u00e3o\",\"@id\":\"https:\/\/brasilnoticias.org\/site\/#\/schema\/person\/03bbbfe6c7634ad18c26444ea39049fa\"},\"headline\":\"Copa Am\u00e9rica: Brasil enfrenta Uruguai em busca de vaga nas semifinais\",\"datePublished\":\"2024-07-06T19:49:48+00:00\",\"mainEntityOfPage\":{\"@id\":\"https:\/\/brasilnoticias.org\/site\/copa-america-brasil-enfrenta-uruguai-em-busca-de-vaga-nas-semifinais\/\"},\"wordCount\":216,\"commentCount\":0,\"publisher\":{\"@id\":\"https:\/\/brasilnoticias.org\/site\/#organization\"},\"image\":{\"@id\":\"https:\/\/brasilnoticias.org\/site\/copa-america-brasil-enfrenta-uruguai-em-busca-de-vaga-nas-semifinais\/#primaryimage\"},\"thumbnailUrl\":\"https:\/\/brasilnoticias.org\/site\/wp-content\/uploads\/2024\/07\/152470copa-america-brasil-enfrenta-uruguai-em-busca-de-vaga-nas-semifinais-3.jpg\",\"articleSection\":[\"Esporte\",\"\u00daltimas\"],\"inLanguage\":\"pt-PT\",\"potentialAction\":[{\"@type\":\"CommentAction\",\"name\":\"Comment\",\"target\":[\"https:\/\/brasilnoticias.org\/site\/copa-america-brasil-enfrenta-uruguai-em-busca-de-vaga-nas-semifinais\/#respond\"]}]},{\"@type\":\"WebPage\",\"@id\":\"https:\/\/brasilnoticias.org\/site\/copa-america-brasil-enfrenta-uruguai-em-busca-de-vaga-nas-semifinais\/\",\"url\":\"https:\/\/brasilnoticias.org\/site\/copa-america-brasil-enfrenta-uruguai-em-busca-de-vaga-nas-semifinais\/\",\"name\":\"Copa Am\u00e9rica: Brasil enfrenta Uruguai em busca de vaga nas semifinais - Brasil not\u00edcias\",\"isPartOf\":{\"@id\":\"https:\/\/brasilnoticias.org\/site\/#website\"},\"primaryImageOfPage\":{\"@id\":\"https:\/\/brasilnoticias.org\/site\/copa-america-brasil-enfrenta-uruguai-em-busca-de-vaga-nas-semifinais\/#primaryimage\"},\"image\":{\"@id\":\"https:\/\/brasilnoticias.org\/site\/copa-america-brasil-enfrenta-uruguai-em-busca-de-vaga-nas-semifinais\/#primaryimage\"},\"thumbnailUrl\":\"https:\/\/brasilnoticias.org\/site\/wp-content\/uploads\/2024\/07\/152470copa-america-brasil-enfrenta-uruguai-em-busca-de-vaga-nas-semifinais-3.jpg\",\"datePublished\":\"2024-07-06T19:49:48+00:00\",\"breadcrumb\":{\"@id\":\"https:\/\/brasilnoticias.org\/site\/copa-america-brasil-enfrenta-uruguai-em-busca-de-vaga-nas-semifinais\/#breadcrumb\"},\"inLanguage\":\"pt-PT\",\"potentialAction\":[{\"@type\":\"ReadAction\",\"target\":[\"https:\/\/brasilnoticias.org\/site\/copa-america-brasil-enfrenta-uruguai-em-busca-de-vaga-nas-semifinais\/\"]}]},{\"@type\":\"ImageObject\",\"inLanguage\":\"pt-PT\",\"@id\":\"https:\/\/brasilnoticias.org\/site\/copa-america-brasil-enfrenta-uruguai-em-busca-de-vaga-nas-semifinais\/#primaryimage\",\"url\":\"https:\/\/brasilnoticias.org\/site\/wp-content\/uploads\/2024\/07\/152470copa-america-brasil-enfrenta-uruguai-em-busca-de-vaga-nas-semifinais-3.jpg\",\"contentUrl\":\"https:\/\/brasilnoticias.org\/site\/wp-content\/uploads\/2024\/07\/152470copa-america-brasil-enfrenta-uruguai-em-busca-de-vaga-nas-semifinais-3.jpg\",\"width\":1600,\"height\":752},{\"@type\":\"BreadcrumbList\",\"@id\":\"https:\/\/brasilnoticias.org\/site\/copa-america-brasil-enfrenta-uruguai-em-busca-de-vaga-nas-semifinais\/#breadcrumb\",\"itemListElement\":[{\"@type\":\"ListItem\",\"position\":1,\"name\":\"In\u00edcio\",\"item\":\"https:\/\/brasilnoticias.org\/site\/\"},{\"@type\":\"ListItem\",\"position\":2,\"name\":\"Copa Am\u00e9rica: Brasil enfrenta Uruguai em busca de vaga nas semifinais\"}]},{\"@type\":\"WebSite\",\"@id\":\"https:\/\/brasilnoticias.org\/site\/#website\",\"url\":\"https:\/\/brasilnoticias.org\/site\/\",\"name\":\"Brasil not\u00edcias\",\"description\":\"Brasil not\u00edcias\",\"publisher\":{\"@id\":\"https:\/\/brasilnoticias.org\/site\/#organization\"},\"potentialAction\":[{\"@type\":\"SearchAction\",\"target\":{\"@type\":\"EntryPoint\",\"urlTemplate\":\"https:\/\/brasilnoticias.org\/site\/?s={search_term_string}\"},\"query-input\":{\"@type\":\"PropertyValueSpecification\",\"valueRequired\":true,\"valueName\":\"search_term_string\"}}],\"inLanguage\":\"pt-PT\"},{\"@type\":\"Organization\",\"@id\":\"https:\/\/brasilnoticias.org\/site\/#organization\",\"name\":\"Brasil not\u00edcias\",\"url\":\"https:\/\/brasilnoticias.org\/site\/\",\"logo\":{\"@type\":\"ImageObject\",\"inLanguage\":\"pt-PT\",\"@id\":\"https:\/\/brasilnoticias.org\/site\/#\/schema\/logo\/image\/\",\"url\":\"https:\/\/brasilnoticias.org\/site\/wp-content\/uploads\/2022\/05\/cropped-brasilnoticias-mini.jpg\",\"contentUrl\":\"https:\/\/brasilnoticias.org\/site\/wp-content\/uploads\/2022\/05\/cropped-brasilnoticias-mini.jpg\",\"width\":314,\"height\":86,\"caption\":\"Brasil not\u00edcias\"},\"image\":{\"@id\":\"https:\/\/brasilnoticias.org\/site\/#\/schema\/logo\/image\/\"}},{\"@type\":\"Person\",\"@id\":\"https:\/\/brasilnoticias.org\/site\/#\/schema\/person\/03bbbfe6c7634ad18c26444ea39049fa\",\"name\":\"Reda\u00e7\u00e3o\",\"image\":{\"@type\":\"ImageObject\",\"inLanguage\":\"pt-PT\",\"@id\":\"https:\/\/brasilnoticias.org\/site\/#\/schema\/person\/image\/\",\"url\":\"https:\/\/secure.gravatar.com\/avatar\/9ecaf7327a696cb23ad926fedded5f1f04d7049de9e445375d55b48c001a6e42?s=96&d=mm&r=g\",\"contentUrl\":\"https:\/\/secure.gravatar.com\/avatar\/9ecaf7327a696cb23ad926fedded5f1f04d7049de9e445375d55b48c001a6e42?s=96&d=mm&r=g\",\"caption\":\"Reda\u00e7\u00e3o\"},\"url\":\"https:\/\/brasilnoticias.org\/site\/author\/henrique\/\"}]}<\/script>\n<!-- \/ Yoast SEO plugin. -->","yoast_head_json":{"title":"Copa Am\u00e9rica: Brasil enfrenta Uruguai em busca de vaga nas semifinais - Brasil not\u00edcias","robots":{"index":"index","follow":"follow","max-snippet":"max-snippet:-1","max-image-preview":"max-image-preview:large","max-video-preview":"max-video-preview:-1"},"canonical":"https:\/\/brasilnoticias.org\/site\/copa-america-brasil-enfrenta-uruguai-em-busca-de-vaga-nas-semifinais\/","og_locale":"pt_PT","og_type":"article","og_title":"Copa Am\u00e9rica: Brasil enfrenta Uruguai em busca de vaga nas semifinais - Brasil not\u00edcias","og_description":"Partida ser\u00e1 disputada a partir das 22h deste s\u00e1bado (6) O Brasil enfrenta o Uruguai em uma partida decisiva em","og_url":"https:\/\/brasilnoticias.org\/site\/copa-america-brasil-enfrenta-uruguai-em-busca-de-vaga-nas-semifinais\/","og_site_name":"Brasil not\u00edcias","article_published_time":"2024-07-06T19:49:48+00:00","og_image":[{"width":1600,"height":752,"url":"https:\/\/brasilnoticias.org\/site\/wp-content\/uploads\/2024\/07\/152470copa-america-brasil-enfrenta-uruguai-em-busca-de-vaga-nas-semifinais-3.jpg","type":"image\/jpeg"}],"author":"Reda\u00e7\u00e3o","twitter_card":"summary_large_image","twitter_misc":{"Escrito por":"Reda\u00e7\u00e3o","Tempo estimado de leitura":"1 minuto"},"schema":{"@context":"https:\/\/schema.org","@graph":[{"@type":"Article","@id":"https:\/\/brasilnoticias.org\/site\/copa-america-brasil-enfrenta-uruguai-em-busca-de-vaga-nas-semifinais\/#article","isPartOf":{"@id":"https:\/\/brasilnoticias.org\/site\/copa-america-brasil-enfrenta-uruguai-em-busca-de-vaga-nas-semifinais\/"},"author":{"name":"Reda\u00e7\u00e3o","@id":"https:\/\/brasilnoticias.org\/site\/#\/schema\/person\/03bbbfe6c7634ad18c26444ea39049fa"},"headline":"Copa Am\u00e9rica: Brasil enfrenta Uruguai em busca de vaga nas semifinais","datePublished":"2024-07-06T19:49:48+00:00","mainEntityOfPage":{"@id":"https:\/\/brasilnoticias.org\/site\/copa-america-brasil-enfrenta-uruguai-em-busca-de-vaga-nas-semifinais\/"},"wordCount":216,"commentCount":0,"publisher":{"@id":"https:\/\/brasilnoticias.org\/site\/#organization"},"image":{"@id":"https:\/\/brasilnoticias.org\/site\/copa-america-brasil-enfrenta-uruguai-em-busca-de-vaga-nas-semifinais\/#primaryimage"},"thumbnailUrl":"https:\/\/brasilnoticias.org\/site\/wp-content\/uploads\/2024\/07\/152470copa-america-brasil-enfrenta-uruguai-em-busca-de-vaga-nas-semifinais-3.jpg","articleSection":["Esporte","\u00daltimas"],"inLanguage":"pt-PT","potentialAction":[{"@type":"CommentAction","name":"Comment","target":["https:\/\/brasilnoticias.org\/site\/copa-america-brasil-enfrenta-uruguai-em-busca-de-vaga-nas-semifinais\/#respond"]}]},{"@type":"WebPage","@id":"https:\/\/brasilnoticias.org\/site\/copa-america-brasil-enfrenta-uruguai-em-busca-de-vaga-nas-semifinais\/","url":"https:\/\/brasilnoticias.org\/site\/copa-america-brasil-enfrenta-uruguai-em-busca-de-vaga-nas-semifinais\/","name":"Copa Am\u00e9rica: Brasil enfrenta Uruguai em busca de vaga nas semifinais - Brasil not\u00edcias","isPartOf":{"@id":"https:\/\/brasilnoticias.org\/site\/#website"},"primaryImageOfPage":{"@id":"https:\/\/brasilnoticias.org\/site\/copa-america-brasil-enfrenta-uruguai-em-busca-de-vaga-nas-semifinais\/#primaryimage"},"image":{"@id":"https:\/\/brasilnoticias.org\/site\/copa-america-brasil-enfrenta-uruguai-em-busca-de-vaga-nas-semifinais\/#primaryimage"},"thumbnailUrl":"https:\/\/brasilnoticias.org\/site\/wp-content\/uploads\/2024\/07\/152470copa-america-brasil-enfrenta-uruguai-em-busca-de-vaga-nas-semifinais-3.jpg","datePublished":"2024-07-06T19:49:48+00:00","breadcrumb":{"@id":"https:\/\/brasilnoticias.org\/site\/copa-america-brasil-enfrenta-uruguai-em-busca-de-vaga-nas-semifinais\/#breadcrumb"},"inLanguage":"pt-PT","potentialAction":[{"@type":"ReadAction","target":["https:\/\/brasilnoticias.org\/site\/copa-america-brasil-enfrenta-uruguai-em-busca-de-vaga-nas-semifinais\/"]}]},{"@type":"ImageObject","inLanguage":"pt-PT","@id":"https:\/\/brasilnoticias.org\/site\/copa-america-brasil-enfrenta-uruguai-em-busca-de-vaga-nas-semifinais\/#primaryimage","url":"https:\/\/brasilnoticias.org\/site\/wp-content\/uploads\/2024\/07\/152470copa-america-brasil-enfrenta-uruguai-em-busca-de-vaga-nas-semifinais-3.jpg","contentUrl":"https:\/\/brasilnoticias.org\/site\/wp-content\/uploads\/2024\/07\/152470copa-america-brasil-enfrenta-uruguai-em-busca-de-vaga-nas-semifinais-3.jpg","width":1600,"height":752},{"@type":"BreadcrumbList","@id":"https:\/\/brasilnoticias.org\/site\/copa-america-brasil-enfrenta-uruguai-em-busca-de-vaga-nas-semifinais\/#breadcrumb","itemListElement":[{"@type":"ListItem","position":1,"name":"In\u00edcio","item":"https:\/\/brasilnoticias.org\/site\/"},{"@type":"ListItem","position":2,"name":"Copa Am\u00e9rica: Brasil enfrenta Uruguai em busca de vaga nas semifinais"}]},{"@type":"WebSite","@id":"https:\/\/brasilnoticias.org\/site\/#website","url":"https:\/\/brasilnoticias.org\/site\/","name":"Brasil not\u00edcias","description":"Brasil not\u00edcias","publisher":{"@id":"https:\/\/brasilnoticias.org\/site\/#organization"},"potentialAction":[{"@type":"SearchAction","target":{"@type":"EntryPoint","urlTemplate":"https:\/\/brasilnoticias.org\/site\/?s={search_term_string}"},"query-input":{"@type":"PropertyValueSpecification","valueRequired":true,"valueName":"search_term_string"}}],"inLanguage":"pt-PT"},{"@type":"Organization","@id":"https:\/\/brasilnoticias.org\/site\/#organization","name":"Brasil not\u00edcias","url":"https:\/\/brasilnoticias.org\/site\/","logo":{"@type":"ImageObject","inLanguage":"pt-PT","@id":"https:\/\/brasilnoticias.org\/site\/#\/schema\/logo\/image\/","url":"https:\/\/brasilnoticias.org\/site\/wp-content\/uploads\/2022\/05\/cropped-brasilnoticias-mini.jpg","contentUrl":"https:\/\/brasilnoticias.org\/site\/wp-content\/uploads\/2022\/05\/cropped-brasilnoticias-mini.jpg","width":314,"height":86,"caption":"Brasil not\u00edcias"},"image":{"@id":"https:\/\/brasilnoticias.org\/site\/#\/schema\/logo\/image\/"}},{"@type":"Person","@id":"https:\/\/brasilnoticias.org\/site\/#\/schema\/person\/03bbbfe6c7634ad18c26444ea39049fa","name":"Reda\u00e7\u00e3o","image":{"@type":"ImageObject","inLanguage":"pt-PT","@id":"https:\/\/brasilnoticias.org\/site\/#\/schema\/person\/image\/","url":"https:\/\/secure.gravatar.com\/avatar\/9ecaf7327a696cb23ad926fedded5f1f04d7049de9e445375d55b48c001a6e42?s=96&d=mm&r=g","contentUrl":"https:\/\/secure.gravatar.com\/avatar\/9ecaf7327a696cb23ad926fedded5f1f04d7049de9e445375d55b48c001a6e42?s=96&d=mm&r=g","caption":"Reda\u00e7\u00e3o"},"url":"https:\/\/brasilnoticias.org\/site\/author\/henrique\/"}]}},"_links":{"self":[{"href":"https:\/\/brasilnoticias.org\/site\/wp-json\/wp\/v2\/posts\/14901","targetHints":{"allow":["GET"]}}],"collection":[{"href":"https:\/\/brasilnoticias.org\/site\/wp-json\/wp\/v2\/posts"}],"about":[{"href":"https:\/\/brasilnoticias.org\/site\/wp-json\/wp\/v2\/types\/post"}],"author":[{"embeddable":true,"href":"https:\/\/brasilnoticias.org\/site\/wp-json\/wp\/v2\/users\/4"}],"replies":[{"embeddable":true,"href":"https:\/\/brasilnoticias.org\/site\/wp-json\/wp\/v2\/comments?post=14901"}],"version-history":[{"count":1,"href":"https:\/\/brasilnoticias.org\/site\/wp-json\/wp\/v2\/posts\/14901\/revisions"}],"predecessor-version":[{"id":14903,"href":"https:\/\/brasilnoticias.org\/site\/wp-json\/wp\/v2\/posts\/14901\/revisions\/14903"}],"wp:featuredmedia":[{"embeddable":true,"href":"https:\/\/brasilnoticias.org\/site\/wp-json\/wp\/v2\/media\/14902"}],"wp:attachment":[{"href":"https:\/\/brasilnoticias.org\/site\/wp-json\/wp\/v2\/media?parent=14901"}],"wp:term":[{"taxonomy":"category","embeddable":true,"href":"https:\/\/brasilnoticias.org\/site\/wp-json\/wp\/v2\/categories?post=14901"},{"taxonomy":"post_tag","embeddable":true,"href":"https:\/\/brasilnoticias.org\/site\/wp-json\/wp\/v2\/tags?post=14901"}],"curies":[{"name":"wp","href":"https:\/\/api.w.org\/{rel}","templated":true}]}}