{"id":1492,"date":"2022-09-16T20:03:45","date_gmt":"2022-09-16T23:03:45","guid":{"rendered":"https:\/\/brasilnoticias.org\/site\/?p=1492"},"modified":"2022-09-16T20:03:45","modified_gmt":"2022-09-16T23:03:45","slug":"a-jogadora-rebeca-costa-de-16-anos-que-atua-pelo-fortaleza-e-na-selecao-brasileira-sub-17-esta-processando-o-clube-pleiteando-danos-morais-e-dividas-trabalhistas-segundo-consta-na-acao-a-jogadora","status":"publish","type":"post","link":"https:\/\/brasilnoticias.org\/site\/a-jogadora-rebeca-costa-de-16-anos-que-atua-pelo-fortaleza-e-na-selecao-brasileira-sub-17-esta-processando-o-clube-pleiteando-danos-morais-e-dividas-trabalhistas-segundo-consta-na-acao-a-jogadora\/","title":{"rendered":"A jogadora Rebeca Costa, de 16 anos, que atua pelo Fortaleza e na Sele\u00e7\u00e3o Brasileira Sub-17, est\u00e1 processando o clube pleiteando danos morais e d\u00edvidas trabalhistas. Segundo consta na a\u00e7\u00e3o, a jogadora alega que o Fortaleza n\u00e3o d\u00e1 condi\u00e7\u00f5es adequadas \u00e0s atletas. Ela teria ido ao Est\u00e1dio da Universidade Federal de Alagoas, local do jogo contra o UDA, na S\u00e9rie A2, de motot\u00e1xi, conforme noticiou o Planeta Futebol Feminino (PFF).  Em nota, o Le\u00e3o do Pici afirmou cumprir com todas as obriga\u00e7\u00f5es. &#8220;O Fortaleza Esporte Clube vem, por meio desta, esclarecer que recebe com abalo as acusa\u00e7\u00f5es da mat\u00e9ria em torno de Rebeca Costa, atleta do Futebol Feminino Sub-20 e profissional. O Clube sempre cumpriu com seus pagamentos, al\u00e9m de demais obriga\u00e7\u00f5es que s\u00e3o pagas rigorosamente em dia. Com isso, refor\u00e7a que n\u00e3o foi procurado para esclarecimentos antes da veicula\u00e7\u00e3o da publica\u00e7\u00e3o&#8221;."},"content":{"rendered":"<p>A jogadora Rebeca Costa, de 16 anos, que atua pelo Fortaleza e na Sele\u00e7\u00e3o Brasileira Sub-17, est\u00e1 processando o clube pleiteando danos morais e d\u00edvidas trabalhistas. Segundo consta na a\u00e7\u00e3o, a jogadora alega que o Fortaleza n\u00e3o d\u00e1 condi\u00e7\u00f5es adequadas \u00e0s atletas. Ela teria ido ao Est\u00e1dio da Universidade Federal de Alagoas, local do jogo contra o UDA, na S\u00e9rie A2, de motot\u00e1xi, conforme noticiou o Planeta Futebol Feminino (PFF).<\/p>\n<p>Em nota, o Le\u00e3o do Pici afirmou cumprir com todas as obriga\u00e7\u00f5es. &#8220;O Fortaleza Esporte Clube vem, por meio desta, esclarecer que recebe com abalo as acusa\u00e7\u00f5es da mat\u00e9ria em torno de Rebeca Costa, atleta do Futebol Feminino Sub-20 e profissional. O Clube sempre cumpriu com seus pagamentos, al\u00e9m de demais obriga\u00e7\u00f5es que s\u00e3o pagas rigorosamente em dia. Com isso, refor\u00e7a que n\u00e3o foi procurado para esclarecimentos antes da veicula\u00e7\u00e3o da publica\u00e7\u00e3o&#8221;.<\/p>\n<p>O clube ainda alega que a atleta passou a faltar treinamentos e se ausentar sem justificativas, para conseguir uma sa\u00edda for\u00e7ada do clube. &#8220;Mesmo com esse tipo de conduta individual, o Clube n\u00e3o vai deixar de investir e apoiar a modalidade&#8221;, diz a nota.<\/p>\n<p>A jogadora entrou com uma a\u00e7\u00e3o trabalhista pedindo a rescis\u00e3o indireta do contrato entre ela e o clube. Segundo a peti\u00e7\u00e3o obtida pelo PFF, o Fortaleza n\u00e3o teria recolhido o FGTS (Fundo de Garantia por Tempo de Servi\u00e7o) de Rebeca.<\/p>\n<p>&nbsp;<\/p>\n<p>&nbsp;<\/p>\n<p>&nbsp;<\/p>\n<p>&nbsp;<\/p>\n<p>Bnews<\/p>\n","protected":false},"excerpt":{"rendered":"<p>A jogadora Rebeca Costa, de 16 anos, que atua pelo Fortaleza e na Sele\u00e7\u00e3o Brasileira Sub-17, est\u00e1 processando o clube<\/p>\n","protected":false},"author":2,"featured_media":1493,"comment_status":"open","ping_status":"open","sticky":false,"template":"","format":"standard","meta":{"colormag_page_container_layout":"default_layout","colormag_page_sidebar_layout":"default_layout","_FSMCFIC_featured_image_caption":"","_FSMCFIC_featured_image_nocaption":"","_FSMCFIC_featured_image_hide":"","footnotes":""},"categories":[4,1],"tags":[],"class_list":["post-1492","post","type-post","status-publish","format-standard","has-post-thumbnail","hentry","category-esporte","category-ultimas"],"yoast_head":"<!-- This site is optimized with the Yoast SEO plugin v27.1.1 - https:\/\/yoast.com\/product\/yoast-seo-wordpress\/ -->\n<title>A jogadora Rebeca Costa, de 16 anos, que atua pelo Fortaleza e na Sele\u00e7\u00e3o Brasileira Sub-17, est\u00e1 processando o clube pleiteando danos morais e d\u00edvidas trabalhistas. Segundo consta na a\u00e7\u00e3o, a jogadora alega que o Fortaleza n\u00e3o d\u00e1 condi\u00e7\u00f5es adequadas \u00e0s atletas. Ela teria ido ao Est\u00e1dio da Universidade Federal de Alagoas, local do jogo contra o UDA, na S\u00e9rie A2, de motot\u00e1xi, conforme noticiou o Planeta Futebol Feminino (PFF). Em nota, o Le\u00e3o do Pici afirmou cumprir com todas as obriga\u00e7\u00f5es. &quot;O Fortaleza Esporte Clube vem, por meio desta, esclarecer que recebe com abalo as acusa\u00e7\u00f5es da mat\u00e9ria em torno de Rebeca Costa, atleta do Futebol Feminino Sub-20 e profissional. O Clube sempre cumpriu com seus pagamentos, al\u00e9m de demais obriga\u00e7\u00f5es que s\u00e3o pagas rigorosamente em dia. Com isso, refor\u00e7a que n\u00e3o foi procurado para esclarecimentos antes da veicula\u00e7\u00e3o da publica\u00e7\u00e3o&quot;. - Brasil not\u00edcias<\/title>\n<meta name=\"robots\" content=\"index, follow, max-snippet:-1, max-image-preview:large, max-video-preview:-1\" \/>\n<link rel=\"canonical\" href=\"https:\/\/brasilnoticias.org\/site\/a-jogadora-rebeca-costa-de-16-anos-que-atua-pelo-fortaleza-e-na-selecao-brasileira-sub-17-esta-processando-o-clube-pleiteando-danos-morais-e-dividas-trabalhistas-segundo-consta-na-acao-a-jogadora\/\" \/>\n<meta property=\"og:locale\" content=\"pt_PT\" \/>\n<meta property=\"og:type\" content=\"article\" \/>\n<meta property=\"og:title\" content=\"A jogadora Rebeca Costa, de 16 anos, que atua pelo Fortaleza e na Sele\u00e7\u00e3o Brasileira Sub-17, est\u00e1 processando o clube pleiteando danos morais e d\u00edvidas trabalhistas. Segundo consta na a\u00e7\u00e3o, a jogadora alega que o Fortaleza n\u00e3o d\u00e1 condi\u00e7\u00f5es adequadas \u00e0s atletas. Ela teria ido ao Est\u00e1dio da Universidade Federal de Alagoas, local do jogo contra o UDA, na S\u00e9rie A2, de motot\u00e1xi, conforme noticiou o Planeta Futebol Feminino (PFF). Em nota, o Le\u00e3o do Pici afirmou cumprir com todas as obriga\u00e7\u00f5es. &quot;O Fortaleza Esporte Clube vem, por meio desta, esclarecer que recebe com abalo as acusa\u00e7\u00f5es da mat\u00e9ria em torno de Rebeca Costa, atleta do Futebol Feminino Sub-20 e profissional. O Clube sempre cumpriu com seus pagamentos, al\u00e9m de demais obriga\u00e7\u00f5es que s\u00e3o pagas rigorosamente em dia. Com isso, refor\u00e7a que n\u00e3o foi procurado para esclarecimentos antes da veicula\u00e7\u00e3o da publica\u00e7\u00e3o&quot;. - Brasil not\u00edcias\" \/>\n<meta property=\"og:description\" content=\"A jogadora Rebeca Costa, de 16 anos, que atua pelo Fortaleza e na Sele\u00e7\u00e3o Brasileira Sub-17, est\u00e1 processando o clube\" \/>\n<meta property=\"og:url\" content=\"https:\/\/brasilnoticias.org\/site\/a-jogadora-rebeca-costa-de-16-anos-que-atua-pelo-fortaleza-e-na-selecao-brasileira-sub-17-esta-processando-o-clube-pleiteando-danos-morais-e-dividas-trabalhistas-segundo-consta-na-acao-a-jogadora\/\" \/>\n<meta property=\"og:site_name\" content=\"Brasil not\u00edcias\" \/>\n<meta property=\"article:published_time\" content=\"2022-09-16T23:03:45+00:00\" \/>\n<meta property=\"og:image\" content=\"https:\/\/brasilnoticias.org\/site\/wp-content\/uploads\/2022\/09\/adriano_fontes_-_cbf_widelg-1.jpg\" \/>\n\t<meta property=\"og:image:width\" content=\"800\" \/>\n\t<meta property=\"og:image:height\" content=\"450\" \/>\n\t<meta property=\"og:image:type\" content=\"image\/jpeg\" \/>\n<meta name=\"author\" content=\"Reda\u00e7\u00e3o\" \/>\n<meta name=\"twitter:card\" content=\"summary_large_image\" \/>\n<meta name=\"twitter:label1\" content=\"Escrito por\" \/>\n\t<meta name=\"twitter:data1\" content=\"Reda\u00e7\u00e3o\" \/>\n\t<meta name=\"twitter:label2\" content=\"Tempo estimado de leitura\" \/>\n\t<meta name=\"twitter:data2\" content=\"1 minuto\" \/>\n<script type=\"application\/ld+json\" class=\"yoast-schema-graph\">{\"@context\":\"https:\/\/schema.org\",\"@graph\":[{\"@type\":\"Article\",\"@id\":\"https:\/\/brasilnoticias.org\/site\/a-jogadora-rebeca-costa-de-16-anos-que-atua-pelo-fortaleza-e-na-selecao-brasileira-sub-17-esta-processando-o-clube-pleiteando-danos-morais-e-dividas-trabalhistas-segundo-consta-na-acao-a-jogadora\/#article\",\"isPartOf\":{\"@id\":\"https:\/\/brasilnoticias.org\/site\/a-jogadora-rebeca-costa-de-16-anos-que-atua-pelo-fortaleza-e-na-selecao-brasileira-sub-17-esta-processando-o-clube-pleiteando-danos-morais-e-dividas-trabalhistas-segundo-consta-na-acao-a-jogadora\/\"},\"author\":{\"name\":\"Reda\u00e7\u00e3o\",\"@id\":\"https:\/\/brasilnoticias.org\/site\/#\/schema\/person\/f609fa847b5314f1c8b983342f34c798\"},\"headline\":\"A jogadora Rebeca Costa, de 16 anos, que atua pelo Fortaleza e na Sele\u00e7\u00e3o Brasileira Sub-17, est\u00e1 processando o clube pleiteando danos morais e d\u00edvidas trabalhistas. Segundo consta na a\u00e7\u00e3o, a jogadora alega que o Fortaleza n\u00e3o d\u00e1 condi\u00e7\u00f5es adequadas \u00e0s atletas. Ela teria ido ao Est\u00e1dio da Universidade Federal de Alagoas, local do jogo contra o UDA, na S\u00e9rie A2, de motot\u00e1xi, conforme noticiou o Planeta Futebol Feminino (PFF). Em nota, o Le\u00e3o do Pici afirmou cumprir com todas as obriga\u00e7\u00f5es. &#8220;O Fortaleza Esporte Clube vem, por meio desta, esclarecer que recebe com abalo as acusa\u00e7\u00f5es da mat\u00e9ria em torno de Rebeca Costa, atleta do Futebol Feminino Sub-20 e profissional. O Clube sempre cumpriu com seus pagamentos, al\u00e9m de demais obriga\u00e7\u00f5es que s\u00e3o pagas rigorosamente em dia. Com isso, refor\u00e7a que n\u00e3o foi procurado para esclarecimentos antes da veicula\u00e7\u00e3o da publica\u00e7\u00e3o&#8221;.\",\"datePublished\":\"2022-09-16T23:03:45+00:00\",\"mainEntityOfPage\":{\"@id\":\"https:\/\/brasilnoticias.org\/site\/a-jogadora-rebeca-costa-de-16-anos-que-atua-pelo-fortaleza-e-na-selecao-brasileira-sub-17-esta-processando-o-clube-pleiteando-danos-morais-e-dividas-trabalhistas-segundo-consta-na-acao-a-jogadora\/\"},\"wordCount\":417,\"commentCount\":0,\"publisher\":{\"@id\":\"https:\/\/brasilnoticias.org\/site\/#organization\"},\"image\":{\"@id\":\"https:\/\/brasilnoticias.org\/site\/a-jogadora-rebeca-costa-de-16-anos-que-atua-pelo-fortaleza-e-na-selecao-brasileira-sub-17-esta-processando-o-clube-pleiteando-danos-morais-e-dividas-trabalhistas-segundo-consta-na-acao-a-jogadora\/#primaryimage\"},\"thumbnailUrl\":\"https:\/\/brasilnoticias.org\/site\/wp-content\/uploads\/2022\/09\/adriano_fontes_-_cbf_widelg-1.jpg\",\"articleSection\":[\"Esporte\",\"\u00daltimas\"],\"inLanguage\":\"pt-PT\",\"potentialAction\":[{\"@type\":\"CommentAction\",\"name\":\"Comment\",\"target\":[\"https:\/\/brasilnoticias.org\/site\/a-jogadora-rebeca-costa-de-16-anos-que-atua-pelo-fortaleza-e-na-selecao-brasileira-sub-17-esta-processando-o-clube-pleiteando-danos-morais-e-dividas-trabalhistas-segundo-consta-na-acao-a-jogadora\/#respond\"]}]},{\"@type\":\"WebPage\",\"@id\":\"https:\/\/brasilnoticias.org\/site\/a-jogadora-rebeca-costa-de-16-anos-que-atua-pelo-fortaleza-e-na-selecao-brasileira-sub-17-esta-processando-o-clube-pleiteando-danos-morais-e-dividas-trabalhistas-segundo-consta-na-acao-a-jogadora\/\",\"url\":\"https:\/\/brasilnoticias.org\/site\/a-jogadora-rebeca-costa-de-16-anos-que-atua-pelo-fortaleza-e-na-selecao-brasileira-sub-17-esta-processando-o-clube-pleiteando-danos-morais-e-dividas-trabalhistas-segundo-consta-na-acao-a-jogadora\/\",\"name\":\"A jogadora Rebeca Costa, de 16 anos, que atua pelo Fortaleza e na Sele\u00e7\u00e3o Brasileira Sub-17, est\u00e1 processando o clube pleiteando danos morais e d\u00edvidas trabalhistas. Segundo consta na a\u00e7\u00e3o, a jogadora alega que o Fortaleza n\u00e3o d\u00e1 condi\u00e7\u00f5es adequadas \u00e0s atletas. Ela teria ido ao Est\u00e1dio da Universidade Federal de Alagoas, local do jogo contra o UDA, na S\u00e9rie A2, de motot\u00e1xi, conforme noticiou o Planeta Futebol Feminino (PFF). Em nota, o Le\u00e3o do Pici afirmou cumprir com todas as obriga\u00e7\u00f5es. \\\"O Fortaleza Esporte Clube vem, por meio desta, esclarecer que recebe com abalo as acusa\u00e7\u00f5es da mat\u00e9ria em torno de Rebeca Costa, atleta do Futebol Feminino Sub-20 e profissional. O Clube sempre cumpriu com seus pagamentos, al\u00e9m de demais obriga\u00e7\u00f5es que s\u00e3o pagas rigorosamente em dia. Com isso, refor\u00e7a que n\u00e3o foi procurado para esclarecimentos antes da veicula\u00e7\u00e3o da publica\u00e7\u00e3o\\\". - Brasil not\u00edcias\",\"isPartOf\":{\"@id\":\"https:\/\/brasilnoticias.org\/site\/#website\"},\"primaryImageOfPage\":{\"@id\":\"https:\/\/brasilnoticias.org\/site\/a-jogadora-rebeca-costa-de-16-anos-que-atua-pelo-fortaleza-e-na-selecao-brasileira-sub-17-esta-processando-o-clube-pleiteando-danos-morais-e-dividas-trabalhistas-segundo-consta-na-acao-a-jogadora\/#primaryimage\"},\"image\":{\"@id\":\"https:\/\/brasilnoticias.org\/site\/a-jogadora-rebeca-costa-de-16-anos-que-atua-pelo-fortaleza-e-na-selecao-brasileira-sub-17-esta-processando-o-clube-pleiteando-danos-morais-e-dividas-trabalhistas-segundo-consta-na-acao-a-jogadora\/#primaryimage\"},\"thumbnailUrl\":\"https:\/\/brasilnoticias.org\/site\/wp-content\/uploads\/2022\/09\/adriano_fontes_-_cbf_widelg-1.jpg\",\"datePublished\":\"2022-09-16T23:03:45+00:00\",\"breadcrumb\":{\"@id\":\"https:\/\/brasilnoticias.org\/site\/a-jogadora-rebeca-costa-de-16-anos-que-atua-pelo-fortaleza-e-na-selecao-brasileira-sub-17-esta-processando-o-clube-pleiteando-danos-morais-e-dividas-trabalhistas-segundo-consta-na-acao-a-jogadora\/#breadcrumb\"},\"inLanguage\":\"pt-PT\",\"potentialAction\":[{\"@type\":\"ReadAction\",\"target\":[\"https:\/\/brasilnoticias.org\/site\/a-jogadora-rebeca-costa-de-16-anos-que-atua-pelo-fortaleza-e-na-selecao-brasileira-sub-17-esta-processando-o-clube-pleiteando-danos-morais-e-dividas-trabalhistas-segundo-consta-na-acao-a-jogadora\/\"]}]},{\"@type\":\"ImageObject\",\"inLanguage\":\"pt-PT\",\"@id\":\"https:\/\/brasilnoticias.org\/site\/a-jogadora-rebeca-costa-de-16-anos-que-atua-pelo-fortaleza-e-na-selecao-brasileira-sub-17-esta-processando-o-clube-pleiteando-danos-morais-e-dividas-trabalhistas-segundo-consta-na-acao-a-jogadora\/#primaryimage\",\"url\":\"https:\/\/brasilnoticias.org\/site\/wp-content\/uploads\/2022\/09\/adriano_fontes_-_cbf_widelg-1.jpg\",\"contentUrl\":\"https:\/\/brasilnoticias.org\/site\/wp-content\/uploads\/2022\/09\/adriano_fontes_-_cbf_widelg-1.jpg\",\"width\":800,\"height\":450},{\"@type\":\"BreadcrumbList\",\"@id\":\"https:\/\/brasilnoticias.org\/site\/a-jogadora-rebeca-costa-de-16-anos-que-atua-pelo-fortaleza-e-na-selecao-brasileira-sub-17-esta-processando-o-clube-pleiteando-danos-morais-e-dividas-trabalhistas-segundo-consta-na-acao-a-jogadora\/#breadcrumb\",\"itemListElement\":[{\"@type\":\"ListItem\",\"position\":1,\"name\":\"In\u00edcio\",\"item\":\"https:\/\/brasilnoticias.org\/site\/\"},{\"@type\":\"ListItem\",\"position\":2,\"name\":\"A jogadora Rebeca Costa, de 16 anos, que atua pelo Fortaleza e na Sele\u00e7\u00e3o Brasileira Sub-17, est\u00e1 processando o clube pleiteando danos morais e d\u00edvidas trabalhistas. Segundo consta na a\u00e7\u00e3o, a jogadora alega que o Fortaleza n\u00e3o d\u00e1 condi\u00e7\u00f5es adequadas \u00e0s atletas. Ela teria ido ao Est\u00e1dio da Universidade Federal de Alagoas, local do jogo contra o UDA, na S\u00e9rie A2, de motot\u00e1xi, conforme noticiou o Planeta Futebol Feminino (PFF). Em nota, o Le\u00e3o do Pici afirmou cumprir com todas as obriga\u00e7\u00f5es. &#8220;O Fortaleza Esporte Clube vem, por meio desta, esclarecer que recebe com abalo as acusa\u00e7\u00f5es da mat\u00e9ria em torno de Rebeca Costa, atleta do Futebol Feminino Sub-20 e profissional. O Clube sempre cumpriu com seus pagamentos, al\u00e9m de demais obriga\u00e7\u00f5es que s\u00e3o pagas rigorosamente em dia. Com isso, refor\u00e7a que n\u00e3o foi procurado para esclarecimentos antes da veicula\u00e7\u00e3o da publica\u00e7\u00e3o&#8221;.\"}]},{\"@type\":\"WebSite\",\"@id\":\"https:\/\/brasilnoticias.org\/site\/#website\",\"url\":\"https:\/\/brasilnoticias.org\/site\/\",\"name\":\"Brasil not\u00edcias\",\"description\":\"Brasil not\u00edcias\",\"publisher\":{\"@id\":\"https:\/\/brasilnoticias.org\/site\/#organization\"},\"potentialAction\":[{\"@type\":\"SearchAction\",\"target\":{\"@type\":\"EntryPoint\",\"urlTemplate\":\"https:\/\/brasilnoticias.org\/site\/?s={search_term_string}\"},\"query-input\":{\"@type\":\"PropertyValueSpecification\",\"valueRequired\":true,\"valueName\":\"search_term_string\"}}],\"inLanguage\":\"pt-PT\"},{\"@type\":\"Organization\",\"@id\":\"https:\/\/brasilnoticias.org\/site\/#organization\",\"name\":\"Brasil not\u00edcias\",\"url\":\"https:\/\/brasilnoticias.org\/site\/\",\"logo\":{\"@type\":\"ImageObject\",\"inLanguage\":\"pt-PT\",\"@id\":\"https:\/\/brasilnoticias.org\/site\/#\/schema\/logo\/image\/\",\"url\":\"https:\/\/brasilnoticias.org\/site\/wp-content\/uploads\/2022\/05\/cropped-brasilnoticias-mini.jpg\",\"contentUrl\":\"https:\/\/brasilnoticias.org\/site\/wp-content\/uploads\/2022\/05\/cropped-brasilnoticias-mini.jpg\",\"width\":314,\"height\":86,\"caption\":\"Brasil not\u00edcias\"},\"image\":{\"@id\":\"https:\/\/brasilnoticias.org\/site\/#\/schema\/logo\/image\/\"}},{\"@type\":\"Person\",\"@id\":\"https:\/\/brasilnoticias.org\/site\/#\/schema\/person\/f609fa847b5314f1c8b983342f34c798\",\"name\":\"Reda\u00e7\u00e3o\",\"image\":{\"@type\":\"ImageObject\",\"inLanguage\":\"pt-PT\",\"@id\":\"https:\/\/brasilnoticias.org\/site\/#\/schema\/person\/image\/\",\"url\":\"https:\/\/secure.gravatar.com\/avatar\/447284c06c1ad8b46465a36de9cd0d8326b73387a22799b8b1ffb1fbcff2ed0c?s=96&d=mm&r=g\",\"contentUrl\":\"https:\/\/secure.gravatar.com\/avatar\/447284c06c1ad8b46465a36de9cd0d8326b73387a22799b8b1ffb1fbcff2ed0c?s=96&d=mm&r=g\",\"caption\":\"Reda\u00e7\u00e3o\"},\"url\":\"https:\/\/brasilnoticias.org\/site\/author\/redacao\/\"}]}<\/script>\n<!-- \/ Yoast SEO plugin. -->","yoast_head_json":{"title":"A jogadora Rebeca Costa, de 16 anos, que atua pelo Fortaleza e na Sele\u00e7\u00e3o Brasileira Sub-17, est\u00e1 processando o clube pleiteando danos morais e d\u00edvidas trabalhistas. Segundo consta na a\u00e7\u00e3o, a jogadora alega que o Fortaleza n\u00e3o d\u00e1 condi\u00e7\u00f5es adequadas \u00e0s atletas. Ela teria ido ao Est\u00e1dio da Universidade Federal de Alagoas, local do jogo contra o UDA, na S\u00e9rie A2, de motot\u00e1xi, conforme noticiou o Planeta Futebol Feminino (PFF). Em nota, o Le\u00e3o do Pici afirmou cumprir com todas as obriga\u00e7\u00f5es. \"O Fortaleza Esporte Clube vem, por meio desta, esclarecer que recebe com abalo as acusa\u00e7\u00f5es da mat\u00e9ria em torno de Rebeca Costa, atleta do Futebol Feminino Sub-20 e profissional. O Clube sempre cumpriu com seus pagamentos, al\u00e9m de demais obriga\u00e7\u00f5es que s\u00e3o pagas rigorosamente em dia. Com isso, refor\u00e7a que n\u00e3o foi procurado para esclarecimentos antes da veicula\u00e7\u00e3o da publica\u00e7\u00e3o\". - Brasil not\u00edcias","robots":{"index":"index","follow":"follow","max-snippet":"max-snippet:-1","max-image-preview":"max-image-preview:large","max-video-preview":"max-video-preview:-1"},"canonical":"https:\/\/brasilnoticias.org\/site\/a-jogadora-rebeca-costa-de-16-anos-que-atua-pelo-fortaleza-e-na-selecao-brasileira-sub-17-esta-processando-o-clube-pleiteando-danos-morais-e-dividas-trabalhistas-segundo-consta-na-acao-a-jogadora\/","og_locale":"pt_PT","og_type":"article","og_title":"A jogadora Rebeca Costa, de 16 anos, que atua pelo Fortaleza e na Sele\u00e7\u00e3o Brasileira Sub-17, est\u00e1 processando o clube pleiteando danos morais e d\u00edvidas trabalhistas. Segundo consta na a\u00e7\u00e3o, a jogadora alega que o Fortaleza n\u00e3o d\u00e1 condi\u00e7\u00f5es adequadas \u00e0s atletas. Ela teria ido ao Est\u00e1dio da Universidade Federal de Alagoas, local do jogo contra o UDA, na S\u00e9rie A2, de motot\u00e1xi, conforme noticiou o Planeta Futebol Feminino (PFF). Em nota, o Le\u00e3o do Pici afirmou cumprir com todas as obriga\u00e7\u00f5es. \"O Fortaleza Esporte Clube vem, por meio desta, esclarecer que recebe com abalo as acusa\u00e7\u00f5es da mat\u00e9ria em torno de Rebeca Costa, atleta do Futebol Feminino Sub-20 e profissional. O Clube sempre cumpriu com seus pagamentos, al\u00e9m de demais obriga\u00e7\u00f5es que s\u00e3o pagas rigorosamente em dia. Com isso, refor\u00e7a que n\u00e3o foi procurado para esclarecimentos antes da veicula\u00e7\u00e3o da publica\u00e7\u00e3o\". - Brasil not\u00edcias","og_description":"A jogadora Rebeca Costa, de 16 anos, que atua pelo Fortaleza e na Sele\u00e7\u00e3o Brasileira Sub-17, est\u00e1 processando o clube","og_url":"https:\/\/brasilnoticias.org\/site\/a-jogadora-rebeca-costa-de-16-anos-que-atua-pelo-fortaleza-e-na-selecao-brasileira-sub-17-esta-processando-o-clube-pleiteando-danos-morais-e-dividas-trabalhistas-segundo-consta-na-acao-a-jogadora\/","og_site_name":"Brasil not\u00edcias","article_published_time":"2022-09-16T23:03:45+00:00","og_image":[{"width":800,"height":450,"url":"https:\/\/brasilnoticias.org\/site\/wp-content\/uploads\/2022\/09\/adriano_fontes_-_cbf_widelg-1.jpg","type":"image\/jpeg"}],"author":"Reda\u00e7\u00e3o","twitter_card":"summary_large_image","twitter_misc":{"Escrito por":"Reda\u00e7\u00e3o","Tempo estimado de leitura":"1 minuto"},"schema":{"@context":"https:\/\/schema.org","@graph":[{"@type":"Article","@id":"https:\/\/brasilnoticias.org\/site\/a-jogadora-rebeca-costa-de-16-anos-que-atua-pelo-fortaleza-e-na-selecao-brasileira-sub-17-esta-processando-o-clube-pleiteando-danos-morais-e-dividas-trabalhistas-segundo-consta-na-acao-a-jogadora\/#article","isPartOf":{"@id":"https:\/\/brasilnoticias.org\/site\/a-jogadora-rebeca-costa-de-16-anos-que-atua-pelo-fortaleza-e-na-selecao-brasileira-sub-17-esta-processando-o-clube-pleiteando-danos-morais-e-dividas-trabalhistas-segundo-consta-na-acao-a-jogadora\/"},"author":{"name":"Reda\u00e7\u00e3o","@id":"https:\/\/brasilnoticias.org\/site\/#\/schema\/person\/f609fa847b5314f1c8b983342f34c798"},"headline":"A jogadora Rebeca Costa, de 16 anos, que atua pelo Fortaleza e na Sele\u00e7\u00e3o Brasileira Sub-17, est\u00e1 processando o clube pleiteando danos morais e d\u00edvidas trabalhistas. Segundo consta na a\u00e7\u00e3o, a jogadora alega que o Fortaleza n\u00e3o d\u00e1 condi\u00e7\u00f5es adequadas \u00e0s atletas. Ela teria ido ao Est\u00e1dio da Universidade Federal de Alagoas, local do jogo contra o UDA, na S\u00e9rie A2, de motot\u00e1xi, conforme noticiou o Planeta Futebol Feminino (PFF). Em nota, o Le\u00e3o do Pici afirmou cumprir com todas as obriga\u00e7\u00f5es. &#8220;O Fortaleza Esporte Clube vem, por meio desta, esclarecer que recebe com abalo as acusa\u00e7\u00f5es da mat\u00e9ria em torno de Rebeca Costa, atleta do Futebol Feminino Sub-20 e profissional. O Clube sempre cumpriu com seus pagamentos, al\u00e9m de demais obriga\u00e7\u00f5es que s\u00e3o pagas rigorosamente em dia. Com isso, refor\u00e7a que n\u00e3o foi procurado para esclarecimentos antes da veicula\u00e7\u00e3o da publica\u00e7\u00e3o&#8221;.","datePublished":"2022-09-16T23:03:45+00:00","mainEntityOfPage":{"@id":"https:\/\/brasilnoticias.org\/site\/a-jogadora-rebeca-costa-de-16-anos-que-atua-pelo-fortaleza-e-na-selecao-brasileira-sub-17-esta-processando-o-clube-pleiteando-danos-morais-e-dividas-trabalhistas-segundo-consta-na-acao-a-jogadora\/"},"wordCount":417,"commentCount":0,"publisher":{"@id":"https:\/\/brasilnoticias.org\/site\/#organization"},"image":{"@id":"https:\/\/brasilnoticias.org\/site\/a-jogadora-rebeca-costa-de-16-anos-que-atua-pelo-fortaleza-e-na-selecao-brasileira-sub-17-esta-processando-o-clube-pleiteando-danos-morais-e-dividas-trabalhistas-segundo-consta-na-acao-a-jogadora\/#primaryimage"},"thumbnailUrl":"https:\/\/brasilnoticias.org\/site\/wp-content\/uploads\/2022\/09\/adriano_fontes_-_cbf_widelg-1.jpg","articleSection":["Esporte","\u00daltimas"],"inLanguage":"pt-PT","potentialAction":[{"@type":"CommentAction","name":"Comment","target":["https:\/\/brasilnoticias.org\/site\/a-jogadora-rebeca-costa-de-16-anos-que-atua-pelo-fortaleza-e-na-selecao-brasileira-sub-17-esta-processando-o-clube-pleiteando-danos-morais-e-dividas-trabalhistas-segundo-consta-na-acao-a-jogadora\/#respond"]}]},{"@type":"WebPage","@id":"https:\/\/brasilnoticias.org\/site\/a-jogadora-rebeca-costa-de-16-anos-que-atua-pelo-fortaleza-e-na-selecao-brasileira-sub-17-esta-processando-o-clube-pleiteando-danos-morais-e-dividas-trabalhistas-segundo-consta-na-acao-a-jogadora\/","url":"https:\/\/brasilnoticias.org\/site\/a-jogadora-rebeca-costa-de-16-anos-que-atua-pelo-fortaleza-e-na-selecao-brasileira-sub-17-esta-processando-o-clube-pleiteando-danos-morais-e-dividas-trabalhistas-segundo-consta-na-acao-a-jogadora\/","name":"A jogadora Rebeca Costa, de 16 anos, que atua pelo Fortaleza e na Sele\u00e7\u00e3o Brasileira Sub-17, est\u00e1 processando o clube pleiteando danos morais e d\u00edvidas trabalhistas. Segundo consta na a\u00e7\u00e3o, a jogadora alega que o Fortaleza n\u00e3o d\u00e1 condi\u00e7\u00f5es adequadas \u00e0s atletas. Ela teria ido ao Est\u00e1dio da Universidade Federal de Alagoas, local do jogo contra o UDA, na S\u00e9rie A2, de motot\u00e1xi, conforme noticiou o Planeta Futebol Feminino (PFF). Em nota, o Le\u00e3o do Pici afirmou cumprir com todas as obriga\u00e7\u00f5es. \"O Fortaleza Esporte Clube vem, por meio desta, esclarecer que recebe com abalo as acusa\u00e7\u00f5es da mat\u00e9ria em torno de Rebeca Costa, atleta do Futebol Feminino Sub-20 e profissional. O Clube sempre cumpriu com seus pagamentos, al\u00e9m de demais obriga\u00e7\u00f5es que s\u00e3o pagas rigorosamente em dia. Com isso, refor\u00e7a que n\u00e3o foi procurado para esclarecimentos antes da veicula\u00e7\u00e3o da publica\u00e7\u00e3o\". - Brasil not\u00edcias","isPartOf":{"@id":"https:\/\/brasilnoticias.org\/site\/#website"},"primaryImageOfPage":{"@id":"https:\/\/brasilnoticias.org\/site\/a-jogadora-rebeca-costa-de-16-anos-que-atua-pelo-fortaleza-e-na-selecao-brasileira-sub-17-esta-processando-o-clube-pleiteando-danos-morais-e-dividas-trabalhistas-segundo-consta-na-acao-a-jogadora\/#primaryimage"},"image":{"@id":"https:\/\/brasilnoticias.org\/site\/a-jogadora-rebeca-costa-de-16-anos-que-atua-pelo-fortaleza-e-na-selecao-brasileira-sub-17-esta-processando-o-clube-pleiteando-danos-morais-e-dividas-trabalhistas-segundo-consta-na-acao-a-jogadora\/#primaryimage"},"thumbnailUrl":"https:\/\/brasilnoticias.org\/site\/wp-content\/uploads\/2022\/09\/adriano_fontes_-_cbf_widelg-1.jpg","datePublished":"2022-09-16T23:03:45+00:00","breadcrumb":{"@id":"https:\/\/brasilnoticias.org\/site\/a-jogadora-rebeca-costa-de-16-anos-que-atua-pelo-fortaleza-e-na-selecao-brasileira-sub-17-esta-processando-o-clube-pleiteando-danos-morais-e-dividas-trabalhistas-segundo-consta-na-acao-a-jogadora\/#breadcrumb"},"inLanguage":"pt-PT","potentialAction":[{"@type":"ReadAction","target":["https:\/\/brasilnoticias.org\/site\/a-jogadora-rebeca-costa-de-16-anos-que-atua-pelo-fortaleza-e-na-selecao-brasileira-sub-17-esta-processando-o-clube-pleiteando-danos-morais-e-dividas-trabalhistas-segundo-consta-na-acao-a-jogadora\/"]}]},{"@type":"ImageObject","inLanguage":"pt-PT","@id":"https:\/\/brasilnoticias.org\/site\/a-jogadora-rebeca-costa-de-16-anos-que-atua-pelo-fortaleza-e-na-selecao-brasileira-sub-17-esta-processando-o-clube-pleiteando-danos-morais-e-dividas-trabalhistas-segundo-consta-na-acao-a-jogadora\/#primaryimage","url":"https:\/\/brasilnoticias.org\/site\/wp-content\/uploads\/2022\/09\/adriano_fontes_-_cbf_widelg-1.jpg","contentUrl":"https:\/\/brasilnoticias.org\/site\/wp-content\/uploads\/2022\/09\/adriano_fontes_-_cbf_widelg-1.jpg","width":800,"height":450},{"@type":"BreadcrumbList","@id":"https:\/\/brasilnoticias.org\/site\/a-jogadora-rebeca-costa-de-16-anos-que-atua-pelo-fortaleza-e-na-selecao-brasileira-sub-17-esta-processando-o-clube-pleiteando-danos-morais-e-dividas-trabalhistas-segundo-consta-na-acao-a-jogadora\/#breadcrumb","itemListElement":[{"@type":"ListItem","position":1,"name":"In\u00edcio","item":"https:\/\/brasilnoticias.org\/site\/"},{"@type":"ListItem","position":2,"name":"A jogadora Rebeca Costa, de 16 anos, que atua pelo Fortaleza e na Sele\u00e7\u00e3o Brasileira Sub-17, est\u00e1 processando o clube pleiteando danos morais e d\u00edvidas trabalhistas. Segundo consta na a\u00e7\u00e3o, a jogadora alega que o Fortaleza n\u00e3o d\u00e1 condi\u00e7\u00f5es adequadas \u00e0s atletas. Ela teria ido ao Est\u00e1dio da Universidade Federal de Alagoas, local do jogo contra o UDA, na S\u00e9rie A2, de motot\u00e1xi, conforme noticiou o Planeta Futebol Feminino (PFF). Em nota, o Le\u00e3o do Pici afirmou cumprir com todas as obriga\u00e7\u00f5es. &#8220;O Fortaleza Esporte Clube vem, por meio desta, esclarecer que recebe com abalo as acusa\u00e7\u00f5es da mat\u00e9ria em torno de Rebeca Costa, atleta do Futebol Feminino Sub-20 e profissional. O Clube sempre cumpriu com seus pagamentos, al\u00e9m de demais obriga\u00e7\u00f5es que s\u00e3o pagas rigorosamente em dia. Com isso, refor\u00e7a que n\u00e3o foi procurado para esclarecimentos antes da veicula\u00e7\u00e3o da publica\u00e7\u00e3o&#8221;."}]},{"@type":"WebSite","@id":"https:\/\/brasilnoticias.org\/site\/#website","url":"https:\/\/brasilnoticias.org\/site\/","name":"Brasil not\u00edcias","description":"Brasil not\u00edcias","publisher":{"@id":"https:\/\/brasilnoticias.org\/site\/#organization"},"potentialAction":[{"@type":"SearchAction","target":{"@type":"EntryPoint","urlTemplate":"https:\/\/brasilnoticias.org\/site\/?s={search_term_string}"},"query-input":{"@type":"PropertyValueSpecification","valueRequired":true,"valueName":"search_term_string"}}],"inLanguage":"pt-PT"},{"@type":"Organization","@id":"https:\/\/brasilnoticias.org\/site\/#organization","name":"Brasil not\u00edcias","url":"https:\/\/brasilnoticias.org\/site\/","logo":{"@type":"ImageObject","inLanguage":"pt-PT","@id":"https:\/\/brasilnoticias.org\/site\/#\/schema\/logo\/image\/","url":"https:\/\/brasilnoticias.org\/site\/wp-content\/uploads\/2022\/05\/cropped-brasilnoticias-mini.jpg","contentUrl":"https:\/\/brasilnoticias.org\/site\/wp-content\/uploads\/2022\/05\/cropped-brasilnoticias-mini.jpg","width":314,"height":86,"caption":"Brasil not\u00edcias"},"image":{"@id":"https:\/\/brasilnoticias.org\/site\/#\/schema\/logo\/image\/"}},{"@type":"Person","@id":"https:\/\/brasilnoticias.org\/site\/#\/schema\/person\/f609fa847b5314f1c8b983342f34c798","name":"Reda\u00e7\u00e3o","image":{"@type":"ImageObject","inLanguage":"pt-PT","@id":"https:\/\/brasilnoticias.org\/site\/#\/schema\/person\/image\/","url":"https:\/\/secure.gravatar.com\/avatar\/447284c06c1ad8b46465a36de9cd0d8326b73387a22799b8b1ffb1fbcff2ed0c?s=96&d=mm&r=g","contentUrl":"https:\/\/secure.gravatar.com\/avatar\/447284c06c1ad8b46465a36de9cd0d8326b73387a22799b8b1ffb1fbcff2ed0c?s=96&d=mm&r=g","caption":"Reda\u00e7\u00e3o"},"url":"https:\/\/brasilnoticias.org\/site\/author\/redacao\/"}]}},"_links":{"self":[{"href":"https:\/\/brasilnoticias.org\/site\/wp-json\/wp\/v2\/posts\/1492","targetHints":{"allow":["GET"]}}],"collection":[{"href":"https:\/\/brasilnoticias.org\/site\/wp-json\/wp\/v2\/posts"}],"about":[{"href":"https:\/\/brasilnoticias.org\/site\/wp-json\/wp\/v2\/types\/post"}],"author":[{"embeddable":true,"href":"https:\/\/brasilnoticias.org\/site\/wp-json\/wp\/v2\/users\/2"}],"replies":[{"embeddable":true,"href":"https:\/\/brasilnoticias.org\/site\/wp-json\/wp\/v2\/comments?post=1492"}],"version-history":[{"count":1,"href":"https:\/\/brasilnoticias.org\/site\/wp-json\/wp\/v2\/posts\/1492\/revisions"}],"predecessor-version":[{"id":1494,"href":"https:\/\/brasilnoticias.org\/site\/wp-json\/wp\/v2\/posts\/1492\/revisions\/1494"}],"wp:featuredmedia":[{"embeddable":true,"href":"https:\/\/brasilnoticias.org\/site\/wp-json\/wp\/v2\/media\/1493"}],"wp:attachment":[{"href":"https:\/\/brasilnoticias.org\/site\/wp-json\/wp\/v2\/media?parent=1492"}],"wp:term":[{"taxonomy":"category","embeddable":true,"href":"https:\/\/brasilnoticias.org\/site\/wp-json\/wp\/v2\/categories?post=1492"},{"taxonomy":"post_tag","embeddable":true,"href":"https:\/\/brasilnoticias.org\/site\/wp-json\/wp\/v2\/tags?post=1492"}],"curies":[{"name":"wp","href":"https:\/\/api.w.org\/{rel}","templated":true}]}}