{"id":14923,"date":"2024-07-06T17:00:54","date_gmt":"2024-07-06T20:00:54","guid":{"rendered":"https:\/\/brasilnoticias.org\/site\/?p=14923"},"modified":"2024-07-06T17:00:54","modified_gmt":"2024-07-06T20:00:54","slug":"conta-de-luz-pode-ficar-ate-13-mais-cara-com-novos-subsidios-ao-setor","status":"publish","type":"post","link":"https:\/\/brasilnoticias.org\/site\/conta-de-luz-pode-ficar-ate-13-mais-cara-com-novos-subsidios-ao-setor\/","title":{"rendered":"Conta de luz pode ficar at\u00e9 13% mais cara com novos subs\u00eddios ao setor"},"content":{"rendered":"<p>Projetos que tratam de energia renov\u00e1vel no Congresso ganharam outros incentivos, como manuten\u00e7\u00e3o de usinas a carv\u00e3o<\/p>\n<p>Dois projetos de lei (PLs) em tramita\u00e7\u00e3o no Congresso v\u00e3o onerar ainda mais a conta de luz dos brasileiros. A estimativa \u00e9 que, caso aprovadas, essas propostas envolvendo o est\u00edmulo a e\u00f3licas offshore e microgera\u00e7\u00e3o distribu\u00edda para a popula\u00e7\u00e3o de baixa renda possam gerar um custo extra de ao menos R$ 28,9 bilh\u00f5es por ano nas tarifas.<\/p>\n<p>De acordo com o jornal O Globo, especialistas apontam, no entanto, que os riscos v\u00e3o al\u00e9m. H\u00e1 o temor de que os investimentos em seguran\u00e7a e adapta\u00e7\u00e3o do sistema interligado n\u00e3o acompanhem o aumento da oferta de energia renov\u00e1vel.<\/p>\n<p>De acordo com a Associa\u00e7\u00e3o Brasileira de Distribuidores de Energia El\u00e9trica (Abradee), o impacto do PL das e\u00f3licas offshore \u00e9 de 11% nas tarifas. J\u00e1 o PL 624 provoca aumento de 2,01% na conta. Segundo Ricardo Brand\u00e3o, diretor de Regula\u00e7\u00e3o da Abradee, ambos os PLs levar\u00e3o a uma alta estrutural nas tarifas, cujo impacto na conta de energia vai perdurar at\u00e9 2050. <\/p>\n<p>Os novos projetos chegam ainda em um momento de tarifa em alta. Semana passada, a Ag\u00eancia Nacional de Energia El\u00e9trica (Aneel) informou que este m\u00eas vai vigorar a bandeira amarela, devido \u00e0 previs\u00e3o de uma m\u00e9dia de chuvas cerca de 50% abaixo da registrada nos \u00faltimos anos, e tamb\u00e9m pela expectativa de crescimento de consumo.<\/p>\n<p>Foto: Arquivo\/Ag\u00eancia Brasil<br \/>\nPor: Metro1 <\/p>\n","protected":false},"excerpt":{"rendered":"<p>Projetos que tratam de energia renov\u00e1vel no Congresso ganharam outros incentivos, como manuten\u00e7\u00e3o de usinas a carv\u00e3o Dois projetos de<\/p>\n","protected":false},"author":4,"featured_media":14924,"comment_status":"open","ping_status":"open","sticky":false,"template":"","format":"standard","meta":{"colormag_page_container_layout":"default_layout","colormag_page_sidebar_layout":"default_layout","_FSMCFIC_featured_image_caption":"","_FSMCFIC_featured_image_nocaption":"","_FSMCFIC_featured_image_hide":"","footnotes":""},"categories":[2,1],"tags":[],"class_list":["post-14923","post","type-post","status-publish","format-standard","has-post-thumbnail","hentry","category-noticias","category-ultimas"],"yoast_head":"<!-- This site is optimized with the Yoast SEO plugin v27.1.1 - https:\/\/yoast.com\/product\/yoast-seo-wordpress\/ -->\n<title>Conta de luz pode ficar at\u00e9 13% mais cara com novos subs\u00eddios ao setor - Brasil not\u00edcias<\/title>\n<meta name=\"robots\" content=\"index, follow, max-snippet:-1, max-image-preview:large, max-video-preview:-1\" \/>\n<link rel=\"canonical\" href=\"https:\/\/brasilnoticias.org\/site\/conta-de-luz-pode-ficar-ate-13-mais-cara-com-novos-subsidios-ao-setor\/\" \/>\n<meta property=\"og:locale\" content=\"pt_PT\" \/>\n<meta property=\"og:type\" content=\"article\" \/>\n<meta property=\"og:title\" content=\"Conta de luz pode ficar at\u00e9 13% mais cara com novos subs\u00eddios ao setor - Brasil not\u00edcias\" \/>\n<meta property=\"og:description\" content=\"Projetos que tratam de energia renov\u00e1vel no Congresso ganharam outros incentivos, como manuten\u00e7\u00e3o de usinas a carv\u00e3o Dois projetos de\" \/>\n<meta property=\"og:url\" content=\"https:\/\/brasilnoticias.org\/site\/conta-de-luz-pode-ficar-ate-13-mais-cara-com-novos-subsidios-ao-setor\/\" \/>\n<meta property=\"og:site_name\" content=\"Brasil not\u00edcias\" \/>\n<meta property=\"article:published_time\" content=\"2024-07-06T20:00:54+00:00\" \/>\n<meta property=\"og:image\" content=\"https:\/\/brasilnoticias.org\/site\/wp-content\/uploads\/2024\/07\/152467conta-de-luz-pode-ficar-ate-13-mais-cara-com-novos-subsidios-ao-setor-3.jpg\" \/>\n\t<meta property=\"og:image:width\" content=\"1600\" \/>\n\t<meta property=\"og:image:height\" content=\"752\" \/>\n\t<meta property=\"og:image:type\" content=\"image\/jpeg\" \/>\n<meta name=\"author\" content=\"Reda\u00e7\u00e3o\" \/>\n<meta name=\"twitter:card\" content=\"summary_large_image\" \/>\n<meta name=\"twitter:label1\" content=\"Escrito por\" \/>\n\t<meta name=\"twitter:data1\" content=\"Reda\u00e7\u00e3o\" \/>\n<script type=\"application\/ld+json\" class=\"yoast-schema-graph\">{\"@context\":\"https:\/\/schema.org\",\"@graph\":[{\"@type\":\"Article\",\"@id\":\"https:\/\/brasilnoticias.org\/site\/conta-de-luz-pode-ficar-ate-13-mais-cara-com-novos-subsidios-ao-setor\/#article\",\"isPartOf\":{\"@id\":\"https:\/\/brasilnoticias.org\/site\/conta-de-luz-pode-ficar-ate-13-mais-cara-com-novos-subsidios-ao-setor\/\"},\"author\":{\"name\":\"Reda\u00e7\u00e3o\",\"@id\":\"https:\/\/brasilnoticias.org\/site\/#\/schema\/person\/03bbbfe6c7634ad18c26444ea39049fa\"},\"headline\":\"Conta de luz pode ficar at\u00e9 13% mais cara com novos subs\u00eddios ao setor\",\"datePublished\":\"2024-07-06T20:00:54+00:00\",\"mainEntityOfPage\":{\"@id\":\"https:\/\/brasilnoticias.org\/site\/conta-de-luz-pode-ficar-ate-13-mais-cara-com-novos-subsidios-ao-setor\/\"},\"wordCount\":271,\"commentCount\":0,\"publisher\":{\"@id\":\"https:\/\/brasilnoticias.org\/site\/#organization\"},\"image\":{\"@id\":\"https:\/\/brasilnoticias.org\/site\/conta-de-luz-pode-ficar-ate-13-mais-cara-com-novos-subsidios-ao-setor\/#primaryimage\"},\"thumbnailUrl\":\"https:\/\/brasilnoticias.org\/site\/wp-content\/uploads\/2024\/07\/152467conta-de-luz-pode-ficar-ate-13-mais-cara-com-novos-subsidios-ao-setor-3.jpg\",\"articleSection\":[\"Not\u00edcias\",\"\u00daltimas\"],\"inLanguage\":\"pt-PT\",\"potentialAction\":[{\"@type\":\"CommentAction\",\"name\":\"Comment\",\"target\":[\"https:\/\/brasilnoticias.org\/site\/conta-de-luz-pode-ficar-ate-13-mais-cara-com-novos-subsidios-ao-setor\/#respond\"]}]},{\"@type\":\"WebPage\",\"@id\":\"https:\/\/brasilnoticias.org\/site\/conta-de-luz-pode-ficar-ate-13-mais-cara-com-novos-subsidios-ao-setor\/\",\"url\":\"https:\/\/brasilnoticias.org\/site\/conta-de-luz-pode-ficar-ate-13-mais-cara-com-novos-subsidios-ao-setor\/\",\"name\":\"Conta de luz pode ficar at\u00e9 13% mais cara com novos subs\u00eddios ao setor - Brasil not\u00edcias\",\"isPartOf\":{\"@id\":\"https:\/\/brasilnoticias.org\/site\/#website\"},\"primaryImageOfPage\":{\"@id\":\"https:\/\/brasilnoticias.org\/site\/conta-de-luz-pode-ficar-ate-13-mais-cara-com-novos-subsidios-ao-setor\/#primaryimage\"},\"image\":{\"@id\":\"https:\/\/brasilnoticias.org\/site\/conta-de-luz-pode-ficar-ate-13-mais-cara-com-novos-subsidios-ao-setor\/#primaryimage\"},\"thumbnailUrl\":\"https:\/\/brasilnoticias.org\/site\/wp-content\/uploads\/2024\/07\/152467conta-de-luz-pode-ficar-ate-13-mais-cara-com-novos-subsidios-ao-setor-3.jpg\",\"datePublished\":\"2024-07-06T20:00:54+00:00\",\"breadcrumb\":{\"@id\":\"https:\/\/brasilnoticias.org\/site\/conta-de-luz-pode-ficar-ate-13-mais-cara-com-novos-subsidios-ao-setor\/#breadcrumb\"},\"inLanguage\":\"pt-PT\",\"potentialAction\":[{\"@type\":\"ReadAction\",\"target\":[\"https:\/\/brasilnoticias.org\/site\/conta-de-luz-pode-ficar-ate-13-mais-cara-com-novos-subsidios-ao-setor\/\"]}]},{\"@type\":\"ImageObject\",\"inLanguage\":\"pt-PT\",\"@id\":\"https:\/\/brasilnoticias.org\/site\/conta-de-luz-pode-ficar-ate-13-mais-cara-com-novos-subsidios-ao-setor\/#primaryimage\",\"url\":\"https:\/\/brasilnoticias.org\/site\/wp-content\/uploads\/2024\/07\/152467conta-de-luz-pode-ficar-ate-13-mais-cara-com-novos-subsidios-ao-setor-3.jpg\",\"contentUrl\":\"https:\/\/brasilnoticias.org\/site\/wp-content\/uploads\/2024\/07\/152467conta-de-luz-pode-ficar-ate-13-mais-cara-com-novos-subsidios-ao-setor-3.jpg\",\"width\":1600,\"height\":752},{\"@type\":\"BreadcrumbList\",\"@id\":\"https:\/\/brasilnoticias.org\/site\/conta-de-luz-pode-ficar-ate-13-mais-cara-com-novos-subsidios-ao-setor\/#breadcrumb\",\"itemListElement\":[{\"@type\":\"ListItem\",\"position\":1,\"name\":\"In\u00edcio\",\"item\":\"https:\/\/brasilnoticias.org\/site\/\"},{\"@type\":\"ListItem\",\"position\":2,\"name\":\"Conta de luz pode ficar at\u00e9 13% mais cara com novos subs\u00eddios ao setor\"}]},{\"@type\":\"WebSite\",\"@id\":\"https:\/\/brasilnoticias.org\/site\/#website\",\"url\":\"https:\/\/brasilnoticias.org\/site\/\",\"name\":\"Brasil not\u00edcias\",\"description\":\"Brasil not\u00edcias\",\"publisher\":{\"@id\":\"https:\/\/brasilnoticias.org\/site\/#organization\"},\"potentialAction\":[{\"@type\":\"SearchAction\",\"target\":{\"@type\":\"EntryPoint\",\"urlTemplate\":\"https:\/\/brasilnoticias.org\/site\/?s={search_term_string}\"},\"query-input\":{\"@type\":\"PropertyValueSpecification\",\"valueRequired\":true,\"valueName\":\"search_term_string\"}}],\"inLanguage\":\"pt-PT\"},{\"@type\":\"Organization\",\"@id\":\"https:\/\/brasilnoticias.org\/site\/#organization\",\"name\":\"Brasil not\u00edcias\",\"url\":\"https:\/\/brasilnoticias.org\/site\/\",\"logo\":{\"@type\":\"ImageObject\",\"inLanguage\":\"pt-PT\",\"@id\":\"https:\/\/brasilnoticias.org\/site\/#\/schema\/logo\/image\/\",\"url\":\"https:\/\/brasilnoticias.org\/site\/wp-content\/uploads\/2022\/05\/cropped-brasilnoticias-mini.jpg\",\"contentUrl\":\"https:\/\/brasilnoticias.org\/site\/wp-content\/uploads\/2022\/05\/cropped-brasilnoticias-mini.jpg\",\"width\":314,\"height\":86,\"caption\":\"Brasil not\u00edcias\"},\"image\":{\"@id\":\"https:\/\/brasilnoticias.org\/site\/#\/schema\/logo\/image\/\"}},{\"@type\":\"Person\",\"@id\":\"https:\/\/brasilnoticias.org\/site\/#\/schema\/person\/03bbbfe6c7634ad18c26444ea39049fa\",\"name\":\"Reda\u00e7\u00e3o\",\"image\":{\"@type\":\"ImageObject\",\"inLanguage\":\"pt-PT\",\"@id\":\"https:\/\/brasilnoticias.org\/site\/#\/schema\/person\/image\/\",\"url\":\"https:\/\/secure.gravatar.com\/avatar\/9ecaf7327a696cb23ad926fedded5f1f04d7049de9e445375d55b48c001a6e42?s=96&d=mm&r=g\",\"contentUrl\":\"https:\/\/secure.gravatar.com\/avatar\/9ecaf7327a696cb23ad926fedded5f1f04d7049de9e445375d55b48c001a6e42?s=96&d=mm&r=g\",\"caption\":\"Reda\u00e7\u00e3o\"},\"url\":\"https:\/\/brasilnoticias.org\/site\/author\/henrique\/\"}]}<\/script>\n<!-- \/ Yoast SEO plugin. -->","yoast_head_json":{"title":"Conta de luz pode ficar at\u00e9 13% mais cara com novos subs\u00eddios ao setor - Brasil not\u00edcias","robots":{"index":"index","follow":"follow","max-snippet":"max-snippet:-1","max-image-preview":"max-image-preview:large","max-video-preview":"max-video-preview:-1"},"canonical":"https:\/\/brasilnoticias.org\/site\/conta-de-luz-pode-ficar-ate-13-mais-cara-com-novos-subsidios-ao-setor\/","og_locale":"pt_PT","og_type":"article","og_title":"Conta de luz pode ficar at\u00e9 13% mais cara com novos subs\u00eddios ao setor - Brasil not\u00edcias","og_description":"Projetos que tratam de energia renov\u00e1vel no Congresso ganharam outros incentivos, como manuten\u00e7\u00e3o de usinas a carv\u00e3o Dois projetos de","og_url":"https:\/\/brasilnoticias.org\/site\/conta-de-luz-pode-ficar-ate-13-mais-cara-com-novos-subsidios-ao-setor\/","og_site_name":"Brasil not\u00edcias","article_published_time":"2024-07-06T20:00:54+00:00","og_image":[{"width":1600,"height":752,"url":"https:\/\/brasilnoticias.org\/site\/wp-content\/uploads\/2024\/07\/152467conta-de-luz-pode-ficar-ate-13-mais-cara-com-novos-subsidios-ao-setor-3.jpg","type":"image\/jpeg"}],"author":"Reda\u00e7\u00e3o","twitter_card":"summary_large_image","twitter_misc":{"Escrito por":"Reda\u00e7\u00e3o"},"schema":{"@context":"https:\/\/schema.org","@graph":[{"@type":"Article","@id":"https:\/\/brasilnoticias.org\/site\/conta-de-luz-pode-ficar-ate-13-mais-cara-com-novos-subsidios-ao-setor\/#article","isPartOf":{"@id":"https:\/\/brasilnoticias.org\/site\/conta-de-luz-pode-ficar-ate-13-mais-cara-com-novos-subsidios-ao-setor\/"},"author":{"name":"Reda\u00e7\u00e3o","@id":"https:\/\/brasilnoticias.org\/site\/#\/schema\/person\/03bbbfe6c7634ad18c26444ea39049fa"},"headline":"Conta de luz pode ficar at\u00e9 13% mais cara com novos subs\u00eddios ao setor","datePublished":"2024-07-06T20:00:54+00:00","mainEntityOfPage":{"@id":"https:\/\/brasilnoticias.org\/site\/conta-de-luz-pode-ficar-ate-13-mais-cara-com-novos-subsidios-ao-setor\/"},"wordCount":271,"commentCount":0,"publisher":{"@id":"https:\/\/brasilnoticias.org\/site\/#organization"},"image":{"@id":"https:\/\/brasilnoticias.org\/site\/conta-de-luz-pode-ficar-ate-13-mais-cara-com-novos-subsidios-ao-setor\/#primaryimage"},"thumbnailUrl":"https:\/\/brasilnoticias.org\/site\/wp-content\/uploads\/2024\/07\/152467conta-de-luz-pode-ficar-ate-13-mais-cara-com-novos-subsidios-ao-setor-3.jpg","articleSection":["Not\u00edcias","\u00daltimas"],"inLanguage":"pt-PT","potentialAction":[{"@type":"CommentAction","name":"Comment","target":["https:\/\/brasilnoticias.org\/site\/conta-de-luz-pode-ficar-ate-13-mais-cara-com-novos-subsidios-ao-setor\/#respond"]}]},{"@type":"WebPage","@id":"https:\/\/brasilnoticias.org\/site\/conta-de-luz-pode-ficar-ate-13-mais-cara-com-novos-subsidios-ao-setor\/","url":"https:\/\/brasilnoticias.org\/site\/conta-de-luz-pode-ficar-ate-13-mais-cara-com-novos-subsidios-ao-setor\/","name":"Conta de luz pode ficar at\u00e9 13% mais cara com novos subs\u00eddios ao setor - Brasil not\u00edcias","isPartOf":{"@id":"https:\/\/brasilnoticias.org\/site\/#website"},"primaryImageOfPage":{"@id":"https:\/\/brasilnoticias.org\/site\/conta-de-luz-pode-ficar-ate-13-mais-cara-com-novos-subsidios-ao-setor\/#primaryimage"},"image":{"@id":"https:\/\/brasilnoticias.org\/site\/conta-de-luz-pode-ficar-ate-13-mais-cara-com-novos-subsidios-ao-setor\/#primaryimage"},"thumbnailUrl":"https:\/\/brasilnoticias.org\/site\/wp-content\/uploads\/2024\/07\/152467conta-de-luz-pode-ficar-ate-13-mais-cara-com-novos-subsidios-ao-setor-3.jpg","datePublished":"2024-07-06T20:00:54+00:00","breadcrumb":{"@id":"https:\/\/brasilnoticias.org\/site\/conta-de-luz-pode-ficar-ate-13-mais-cara-com-novos-subsidios-ao-setor\/#breadcrumb"},"inLanguage":"pt-PT","potentialAction":[{"@type":"ReadAction","target":["https:\/\/brasilnoticias.org\/site\/conta-de-luz-pode-ficar-ate-13-mais-cara-com-novos-subsidios-ao-setor\/"]}]},{"@type":"ImageObject","inLanguage":"pt-PT","@id":"https:\/\/brasilnoticias.org\/site\/conta-de-luz-pode-ficar-ate-13-mais-cara-com-novos-subsidios-ao-setor\/#primaryimage","url":"https:\/\/brasilnoticias.org\/site\/wp-content\/uploads\/2024\/07\/152467conta-de-luz-pode-ficar-ate-13-mais-cara-com-novos-subsidios-ao-setor-3.jpg","contentUrl":"https:\/\/brasilnoticias.org\/site\/wp-content\/uploads\/2024\/07\/152467conta-de-luz-pode-ficar-ate-13-mais-cara-com-novos-subsidios-ao-setor-3.jpg","width":1600,"height":752},{"@type":"BreadcrumbList","@id":"https:\/\/brasilnoticias.org\/site\/conta-de-luz-pode-ficar-ate-13-mais-cara-com-novos-subsidios-ao-setor\/#breadcrumb","itemListElement":[{"@type":"ListItem","position":1,"name":"In\u00edcio","item":"https:\/\/brasilnoticias.org\/site\/"},{"@type":"ListItem","position":2,"name":"Conta de luz pode ficar at\u00e9 13% mais cara com novos subs\u00eddios ao setor"}]},{"@type":"WebSite","@id":"https:\/\/brasilnoticias.org\/site\/#website","url":"https:\/\/brasilnoticias.org\/site\/","name":"Brasil not\u00edcias","description":"Brasil not\u00edcias","publisher":{"@id":"https:\/\/brasilnoticias.org\/site\/#organization"},"potentialAction":[{"@type":"SearchAction","target":{"@type":"EntryPoint","urlTemplate":"https:\/\/brasilnoticias.org\/site\/?s={search_term_string}"},"query-input":{"@type":"PropertyValueSpecification","valueRequired":true,"valueName":"search_term_string"}}],"inLanguage":"pt-PT"},{"@type":"Organization","@id":"https:\/\/brasilnoticias.org\/site\/#organization","name":"Brasil not\u00edcias","url":"https:\/\/brasilnoticias.org\/site\/","logo":{"@type":"ImageObject","inLanguage":"pt-PT","@id":"https:\/\/brasilnoticias.org\/site\/#\/schema\/logo\/image\/","url":"https:\/\/brasilnoticias.org\/site\/wp-content\/uploads\/2022\/05\/cropped-brasilnoticias-mini.jpg","contentUrl":"https:\/\/brasilnoticias.org\/site\/wp-content\/uploads\/2022\/05\/cropped-brasilnoticias-mini.jpg","width":314,"height":86,"caption":"Brasil not\u00edcias"},"image":{"@id":"https:\/\/brasilnoticias.org\/site\/#\/schema\/logo\/image\/"}},{"@type":"Person","@id":"https:\/\/brasilnoticias.org\/site\/#\/schema\/person\/03bbbfe6c7634ad18c26444ea39049fa","name":"Reda\u00e7\u00e3o","image":{"@type":"ImageObject","inLanguage":"pt-PT","@id":"https:\/\/brasilnoticias.org\/site\/#\/schema\/person\/image\/","url":"https:\/\/secure.gravatar.com\/avatar\/9ecaf7327a696cb23ad926fedded5f1f04d7049de9e445375d55b48c001a6e42?s=96&d=mm&r=g","contentUrl":"https:\/\/secure.gravatar.com\/avatar\/9ecaf7327a696cb23ad926fedded5f1f04d7049de9e445375d55b48c001a6e42?s=96&d=mm&r=g","caption":"Reda\u00e7\u00e3o"},"url":"https:\/\/brasilnoticias.org\/site\/author\/henrique\/"}]}},"_links":{"self":[{"href":"https:\/\/brasilnoticias.org\/site\/wp-json\/wp\/v2\/posts\/14923","targetHints":{"allow":["GET"]}}],"collection":[{"href":"https:\/\/brasilnoticias.org\/site\/wp-json\/wp\/v2\/posts"}],"about":[{"href":"https:\/\/brasilnoticias.org\/site\/wp-json\/wp\/v2\/types\/post"}],"author":[{"embeddable":true,"href":"https:\/\/brasilnoticias.org\/site\/wp-json\/wp\/v2\/users\/4"}],"replies":[{"embeddable":true,"href":"https:\/\/brasilnoticias.org\/site\/wp-json\/wp\/v2\/comments?post=14923"}],"version-history":[{"count":1,"href":"https:\/\/brasilnoticias.org\/site\/wp-json\/wp\/v2\/posts\/14923\/revisions"}],"predecessor-version":[{"id":14925,"href":"https:\/\/brasilnoticias.org\/site\/wp-json\/wp\/v2\/posts\/14923\/revisions\/14925"}],"wp:featuredmedia":[{"embeddable":true,"href":"https:\/\/brasilnoticias.org\/site\/wp-json\/wp\/v2\/media\/14924"}],"wp:attachment":[{"href":"https:\/\/brasilnoticias.org\/site\/wp-json\/wp\/v2\/media?parent=14923"}],"wp:term":[{"taxonomy":"category","embeddable":true,"href":"https:\/\/brasilnoticias.org\/site\/wp-json\/wp\/v2\/categories?post=14923"},{"taxonomy":"post_tag","embeddable":true,"href":"https:\/\/brasilnoticias.org\/site\/wp-json\/wp\/v2\/tags?post=14923"}],"curies":[{"name":"wp","href":"https:\/\/api.w.org\/{rel}","templated":true}]}}