{"id":14929,"date":"2024-07-07T20:42:31","date_gmt":"2024-07-07T23:42:31","guid":{"rendered":"https:\/\/brasilnoticias.org\/site\/?p=14929"},"modified":"2024-07-07T20:42:31","modified_gmt":"2024-07-07T23:42:31","slug":"vitoria-bate-o-criciuma-se-reabilita-no-brasileirao-e-abre-vantagem-do-z-4","status":"publish","type":"post","link":"https:\/\/brasilnoticias.org\/site\/vitoria-bate-o-criciuma-se-reabilita-no-brasileirao-e-abre-vantagem-do-z-4\/","title":{"rendered":"Vit\u00f3ria bate o Crici\u00fama, se reabilita no Brasileir\u00e3o e abre vantagem do Z-4"},"content":{"rendered":"<p>Alerrandro foi o destaque da partida com um gol e uma assist\u00eancia; confronto terminou em 2 x 1 no Barrad\u00e3o e o Rubro-Negro foi a 15 pontos na tabela<\/p>\n<p>O Vit\u00f3ria voltou a vencer no Campeonato Brasileiro ao bater o Crici\u00fama por 2 x 1 neste domingo (7). Ap\u00f3s o confronto da 15\u00aa rodada no Barrad\u00e3o, o Rubro-Negro foi a 15 pontos e abriu tr\u00eas de vantagem para o Corinthians, que aparece em 17 e tem dois triunfos a menos.<\/p>\n<p>Os primeiros 20 minutos foram de total controle do Crici\u00fama, que encurralou o Vit\u00f3ria no campo de defesa, mas n\u00e3o conseguiu transformar a superioridade em bola na rede. Depois, o Le\u00e3o equilibrou a partida e fez dois gols em sequ\u00eancia com Alerrandro, de p\u00eanalti, e Lucas Esteves com passe do centroavante rubro-negro. Antes do intervalo, a equipe catarinense diminuiu com Matheusinho.<\/p>\n<p>Na segunda etapa, o Crici\u00fama voltou com mais \u00edmpeto ofensivo e esteve mais pr\u00f3ximo do gol &#8211; Arthur Ca\u00edke carimbou o travess\u00e3o. Por\u00e9m, o Rubro-Negro soube se defender e segurou o time catarinense para conquistar o resultado positivo.<\/p>\n<p>No pr\u00f3ximo confronto, o Vit\u00f3ria ter\u00e1 mais uma vez o Barrad\u00e3o como palco. Na quinta-feira (11), a equipe baiana recebe o Botafogo, \u00e0s 21h30, pela 16\u00aa rodada do Brasileir\u00e3o. <\/p>\n<p>FICHA T\u00c9CNICA<\/p>\n<p>Vit\u00f3ria 2 x 1 Crici\u00fama<br \/>\nS\u00e9rie A &#8211; 15\u00aa rodada<br \/>\nLocal: Est\u00e1dio Barrad\u00e3o, em Salvador (BA)<br \/>\nData: 07\/07\/2024 (domingo)<br \/>\nHor\u00e1rio: 18h30<br \/>\n\u00c1rbitro: Bruno Mota Correia (RJ)<br \/>\nAssistentes: Luiz Cl\u00e1udio Regazone (RJ) e Thiago Rosa de Oliveira (RJ)<br \/>\nQuarto \u00e1rbitro: Vin\u00edcius Gon\u00e7alves Dias Ara\u00fajo (SP)<br \/>\nVAR: Emerson de Almeida Ferreira (MG)<\/p>\n<p>Gols: Alerrandro, Lucas Esteves (Vit\u00f3ria) \/ Matheusinho (Crici\u00fama)<br \/>\nCart\u00f5es amarelos: (Vit\u00f3ria) \/ Walisson Maia, Barreto (Crici\u00fama)<br \/>\nCart\u00e3o vermelho: (Vit\u00f3ria) \/ (Crici\u00fama)<\/p>\n<p>Vit\u00f3ria: Lucas Arcanjo; Ra\u00fal C\u00e1ceres, Willean Lepo, Wagner Leonardo \u00a9 e Lucas Esteves; Willian Oliveira (Z\u00e9 Hugo), Luan Santos, L\u00e9o Naldi e Matheuzinho; Janderson (Everaldo) e Alerrandro (Eryc Castillo). T\u00e9cnico: Thiago Carpini<\/p>\n<p>Crici\u00fama: Gustavo; Claudinho, Rodrigo \u00a9, Walisson Maia e Miguel Trauco (Newton); Barreto (Marquinhos Gabriel), Ronald (Fellipe Mateus), Marcelo Hermes e Matheusinho; Arthur Ca\u00edke e Bolasie (Eder). T\u00e9cnico: Cl\u00e1udio Tencati<\/p>\n<p>Foto: Victor Ferreira\/EC Vit\u00f3ria<br \/>\nPor: Jos\u00e9 Gabriel<\/p>\n","protected":false},"excerpt":{"rendered":"<p>Alerrandro foi o destaque da partida com um gol e uma assist\u00eancia; confronto terminou em 2 x 1 no Barrad\u00e3o<\/p>\n","protected":false},"author":4,"featured_media":14930,"comment_status":"open","ping_status":"open","sticky":false,"template":"","format":"standard","meta":{"colormag_page_container_layout":"default_layout","colormag_page_sidebar_layout":"default_layout","_FSMCFIC_featured_image_caption":"","_FSMCFIC_featured_image_nocaption":"","_FSMCFIC_featured_image_hide":"","footnotes":""},"categories":[4,1],"tags":[],"class_list":["post-14929","post","type-post","status-publish","format-standard","has-post-thumbnail","hentry","category-esporte","category-ultimas"],"yoast_head":"<!-- This site is optimized with the Yoast SEO plugin v27.1.1 - https:\/\/yoast.com\/product\/yoast-seo-wordpress\/ -->\n<title>Vit\u00f3ria bate o Crici\u00fama, se reabilita no Brasileir\u00e3o e abre vantagem do Z-4 - Brasil not\u00edcias<\/title>\n<meta name=\"robots\" content=\"index, follow, max-snippet:-1, max-image-preview:large, max-video-preview:-1\" \/>\n<link rel=\"canonical\" href=\"https:\/\/brasilnoticias.org\/site\/vitoria-bate-o-criciuma-se-reabilita-no-brasileirao-e-abre-vantagem-do-z-4\/\" \/>\n<meta property=\"og:locale\" content=\"pt_PT\" \/>\n<meta property=\"og:type\" content=\"article\" \/>\n<meta property=\"og:title\" content=\"Vit\u00f3ria bate o Crici\u00fama, se reabilita no Brasileir\u00e3o e abre vantagem do Z-4 - Brasil not\u00edcias\" \/>\n<meta property=\"og:description\" content=\"Alerrandro foi o destaque da partida com um gol e uma assist\u00eancia; confronto terminou em 2 x 1 no Barrad\u00e3o\" \/>\n<meta property=\"og:url\" content=\"https:\/\/brasilnoticias.org\/site\/vitoria-bate-o-criciuma-se-reabilita-no-brasileirao-e-abre-vantagem-do-z-4\/\" \/>\n<meta property=\"og:site_name\" content=\"Brasil not\u00edcias\" \/>\n<meta property=\"article:published_time\" content=\"2024-07-07T23:42:31+00:00\" \/>\n<meta property=\"og:image\" content=\"https:\/\/brasilnoticias.org\/site\/wp-content\/uploads\/2024\/07\/152511vitoria-bate-o-criciuma-se-reabilita-no-brasileirao-e-abre-vantagem-do-z-4-3.jpg\" \/>\n\t<meta property=\"og:image:width\" content=\"1600\" \/>\n\t<meta property=\"og:image:height\" content=\"752\" \/>\n\t<meta property=\"og:image:type\" content=\"image\/jpeg\" \/>\n<meta name=\"author\" content=\"Reda\u00e7\u00e3o\" \/>\n<meta name=\"twitter:card\" content=\"summary_large_image\" \/>\n<meta name=\"twitter:label1\" content=\"Escrito por\" \/>\n\t<meta name=\"twitter:data1\" content=\"Reda\u00e7\u00e3o\" \/>\n\t<meta name=\"twitter:label2\" content=\"Tempo estimado de leitura\" \/>\n\t<meta name=\"twitter:data2\" content=\"1 minuto\" \/>\n<script type=\"application\/ld+json\" class=\"yoast-schema-graph\">{\"@context\":\"https:\/\/schema.org\",\"@graph\":[{\"@type\":\"Article\",\"@id\":\"https:\/\/brasilnoticias.org\/site\/vitoria-bate-o-criciuma-se-reabilita-no-brasileirao-e-abre-vantagem-do-z-4\/#article\",\"isPartOf\":{\"@id\":\"https:\/\/brasilnoticias.org\/site\/vitoria-bate-o-criciuma-se-reabilita-no-brasileirao-e-abre-vantagem-do-z-4\/\"},\"author\":{\"name\":\"Reda\u00e7\u00e3o\",\"@id\":\"https:\/\/brasilnoticias.org\/site\/#\/schema\/person\/03bbbfe6c7634ad18c26444ea39049fa\"},\"headline\":\"Vit\u00f3ria bate o Crici\u00fama, se reabilita no Brasileir\u00e3o e abre vantagem do Z-4\",\"datePublished\":\"2024-07-07T23:42:31+00:00\",\"mainEntityOfPage\":{\"@id\":\"https:\/\/brasilnoticias.org\/site\/vitoria-bate-o-criciuma-se-reabilita-no-brasileirao-e-abre-vantagem-do-z-4\/\"},\"wordCount\":396,\"commentCount\":0,\"publisher\":{\"@id\":\"https:\/\/brasilnoticias.org\/site\/#organization\"},\"image\":{\"@id\":\"https:\/\/brasilnoticias.org\/site\/vitoria-bate-o-criciuma-se-reabilita-no-brasileirao-e-abre-vantagem-do-z-4\/#primaryimage\"},\"thumbnailUrl\":\"https:\/\/brasilnoticias.org\/site\/wp-content\/uploads\/2024\/07\/152511vitoria-bate-o-criciuma-se-reabilita-no-brasileirao-e-abre-vantagem-do-z-4-3.jpg\",\"articleSection\":[\"Esporte\",\"\u00daltimas\"],\"inLanguage\":\"pt-PT\",\"potentialAction\":[{\"@type\":\"CommentAction\",\"name\":\"Comment\",\"target\":[\"https:\/\/brasilnoticias.org\/site\/vitoria-bate-o-criciuma-se-reabilita-no-brasileirao-e-abre-vantagem-do-z-4\/#respond\"]}]},{\"@type\":\"WebPage\",\"@id\":\"https:\/\/brasilnoticias.org\/site\/vitoria-bate-o-criciuma-se-reabilita-no-brasileirao-e-abre-vantagem-do-z-4\/\",\"url\":\"https:\/\/brasilnoticias.org\/site\/vitoria-bate-o-criciuma-se-reabilita-no-brasileirao-e-abre-vantagem-do-z-4\/\",\"name\":\"Vit\u00f3ria bate o Crici\u00fama, se reabilita no Brasileir\u00e3o e abre vantagem do Z-4 - Brasil not\u00edcias\",\"isPartOf\":{\"@id\":\"https:\/\/brasilnoticias.org\/site\/#website\"},\"primaryImageOfPage\":{\"@id\":\"https:\/\/brasilnoticias.org\/site\/vitoria-bate-o-criciuma-se-reabilita-no-brasileirao-e-abre-vantagem-do-z-4\/#primaryimage\"},\"image\":{\"@id\":\"https:\/\/brasilnoticias.org\/site\/vitoria-bate-o-criciuma-se-reabilita-no-brasileirao-e-abre-vantagem-do-z-4\/#primaryimage\"},\"thumbnailUrl\":\"https:\/\/brasilnoticias.org\/site\/wp-content\/uploads\/2024\/07\/152511vitoria-bate-o-criciuma-se-reabilita-no-brasileirao-e-abre-vantagem-do-z-4-3.jpg\",\"datePublished\":\"2024-07-07T23:42:31+00:00\",\"breadcrumb\":{\"@id\":\"https:\/\/brasilnoticias.org\/site\/vitoria-bate-o-criciuma-se-reabilita-no-brasileirao-e-abre-vantagem-do-z-4\/#breadcrumb\"},\"inLanguage\":\"pt-PT\",\"potentialAction\":[{\"@type\":\"ReadAction\",\"target\":[\"https:\/\/brasilnoticias.org\/site\/vitoria-bate-o-criciuma-se-reabilita-no-brasileirao-e-abre-vantagem-do-z-4\/\"]}]},{\"@type\":\"ImageObject\",\"inLanguage\":\"pt-PT\",\"@id\":\"https:\/\/brasilnoticias.org\/site\/vitoria-bate-o-criciuma-se-reabilita-no-brasileirao-e-abre-vantagem-do-z-4\/#primaryimage\",\"url\":\"https:\/\/brasilnoticias.org\/site\/wp-content\/uploads\/2024\/07\/152511vitoria-bate-o-criciuma-se-reabilita-no-brasileirao-e-abre-vantagem-do-z-4-3.jpg\",\"contentUrl\":\"https:\/\/brasilnoticias.org\/site\/wp-content\/uploads\/2024\/07\/152511vitoria-bate-o-criciuma-se-reabilita-no-brasileirao-e-abre-vantagem-do-z-4-3.jpg\",\"width\":1600,\"height\":752},{\"@type\":\"BreadcrumbList\",\"@id\":\"https:\/\/brasilnoticias.org\/site\/vitoria-bate-o-criciuma-se-reabilita-no-brasileirao-e-abre-vantagem-do-z-4\/#breadcrumb\",\"itemListElement\":[{\"@type\":\"ListItem\",\"position\":1,\"name\":\"In\u00edcio\",\"item\":\"https:\/\/brasilnoticias.org\/site\/\"},{\"@type\":\"ListItem\",\"position\":2,\"name\":\"Vit\u00f3ria bate o Crici\u00fama, se reabilita no Brasileir\u00e3o e abre vantagem do Z-4\"}]},{\"@type\":\"WebSite\",\"@id\":\"https:\/\/brasilnoticias.org\/site\/#website\",\"url\":\"https:\/\/brasilnoticias.org\/site\/\",\"name\":\"Brasil not\u00edcias\",\"description\":\"Brasil not\u00edcias\",\"publisher\":{\"@id\":\"https:\/\/brasilnoticias.org\/site\/#organization\"},\"potentialAction\":[{\"@type\":\"SearchAction\",\"target\":{\"@type\":\"EntryPoint\",\"urlTemplate\":\"https:\/\/brasilnoticias.org\/site\/?s={search_term_string}\"},\"query-input\":{\"@type\":\"PropertyValueSpecification\",\"valueRequired\":true,\"valueName\":\"search_term_string\"}}],\"inLanguage\":\"pt-PT\"},{\"@type\":\"Organization\",\"@id\":\"https:\/\/brasilnoticias.org\/site\/#organization\",\"name\":\"Brasil not\u00edcias\",\"url\":\"https:\/\/brasilnoticias.org\/site\/\",\"logo\":{\"@type\":\"ImageObject\",\"inLanguage\":\"pt-PT\",\"@id\":\"https:\/\/brasilnoticias.org\/site\/#\/schema\/logo\/image\/\",\"url\":\"https:\/\/brasilnoticias.org\/site\/wp-content\/uploads\/2022\/05\/cropped-brasilnoticias-mini.jpg\",\"contentUrl\":\"https:\/\/brasilnoticias.org\/site\/wp-content\/uploads\/2022\/05\/cropped-brasilnoticias-mini.jpg\",\"width\":314,\"height\":86,\"caption\":\"Brasil not\u00edcias\"},\"image\":{\"@id\":\"https:\/\/brasilnoticias.org\/site\/#\/schema\/logo\/image\/\"}},{\"@type\":\"Person\",\"@id\":\"https:\/\/brasilnoticias.org\/site\/#\/schema\/person\/03bbbfe6c7634ad18c26444ea39049fa\",\"name\":\"Reda\u00e7\u00e3o\",\"image\":{\"@type\":\"ImageObject\",\"inLanguage\":\"pt-PT\",\"@id\":\"https:\/\/brasilnoticias.org\/site\/#\/schema\/person\/image\/\",\"url\":\"https:\/\/secure.gravatar.com\/avatar\/9ecaf7327a696cb23ad926fedded5f1f04d7049de9e445375d55b48c001a6e42?s=96&d=mm&r=g\",\"contentUrl\":\"https:\/\/secure.gravatar.com\/avatar\/9ecaf7327a696cb23ad926fedded5f1f04d7049de9e445375d55b48c001a6e42?s=96&d=mm&r=g\",\"caption\":\"Reda\u00e7\u00e3o\"},\"url\":\"https:\/\/brasilnoticias.org\/site\/author\/henrique\/\"}]}<\/script>\n<!-- \/ Yoast SEO plugin. -->","yoast_head_json":{"title":"Vit\u00f3ria bate o Crici\u00fama, se reabilita no Brasileir\u00e3o e abre vantagem do Z-4 - Brasil not\u00edcias","robots":{"index":"index","follow":"follow","max-snippet":"max-snippet:-1","max-image-preview":"max-image-preview:large","max-video-preview":"max-video-preview:-1"},"canonical":"https:\/\/brasilnoticias.org\/site\/vitoria-bate-o-criciuma-se-reabilita-no-brasileirao-e-abre-vantagem-do-z-4\/","og_locale":"pt_PT","og_type":"article","og_title":"Vit\u00f3ria bate o Crici\u00fama, se reabilita no Brasileir\u00e3o e abre vantagem do Z-4 - Brasil not\u00edcias","og_description":"Alerrandro foi o destaque da partida com um gol e uma assist\u00eancia; confronto terminou em 2 x 1 no Barrad\u00e3o","og_url":"https:\/\/brasilnoticias.org\/site\/vitoria-bate-o-criciuma-se-reabilita-no-brasileirao-e-abre-vantagem-do-z-4\/","og_site_name":"Brasil not\u00edcias","article_published_time":"2024-07-07T23:42:31+00:00","og_image":[{"width":1600,"height":752,"url":"https:\/\/brasilnoticias.org\/site\/wp-content\/uploads\/2024\/07\/152511vitoria-bate-o-criciuma-se-reabilita-no-brasileirao-e-abre-vantagem-do-z-4-3.jpg","type":"image\/jpeg"}],"author":"Reda\u00e7\u00e3o","twitter_card":"summary_large_image","twitter_misc":{"Escrito por":"Reda\u00e7\u00e3o","Tempo estimado de leitura":"1 minuto"},"schema":{"@context":"https:\/\/schema.org","@graph":[{"@type":"Article","@id":"https:\/\/brasilnoticias.org\/site\/vitoria-bate-o-criciuma-se-reabilita-no-brasileirao-e-abre-vantagem-do-z-4\/#article","isPartOf":{"@id":"https:\/\/brasilnoticias.org\/site\/vitoria-bate-o-criciuma-se-reabilita-no-brasileirao-e-abre-vantagem-do-z-4\/"},"author":{"name":"Reda\u00e7\u00e3o","@id":"https:\/\/brasilnoticias.org\/site\/#\/schema\/person\/03bbbfe6c7634ad18c26444ea39049fa"},"headline":"Vit\u00f3ria bate o Crici\u00fama, se reabilita no Brasileir\u00e3o e abre vantagem do Z-4","datePublished":"2024-07-07T23:42:31+00:00","mainEntityOfPage":{"@id":"https:\/\/brasilnoticias.org\/site\/vitoria-bate-o-criciuma-se-reabilita-no-brasileirao-e-abre-vantagem-do-z-4\/"},"wordCount":396,"commentCount":0,"publisher":{"@id":"https:\/\/brasilnoticias.org\/site\/#organization"},"image":{"@id":"https:\/\/brasilnoticias.org\/site\/vitoria-bate-o-criciuma-se-reabilita-no-brasileirao-e-abre-vantagem-do-z-4\/#primaryimage"},"thumbnailUrl":"https:\/\/brasilnoticias.org\/site\/wp-content\/uploads\/2024\/07\/152511vitoria-bate-o-criciuma-se-reabilita-no-brasileirao-e-abre-vantagem-do-z-4-3.jpg","articleSection":["Esporte","\u00daltimas"],"inLanguage":"pt-PT","potentialAction":[{"@type":"CommentAction","name":"Comment","target":["https:\/\/brasilnoticias.org\/site\/vitoria-bate-o-criciuma-se-reabilita-no-brasileirao-e-abre-vantagem-do-z-4\/#respond"]}]},{"@type":"WebPage","@id":"https:\/\/brasilnoticias.org\/site\/vitoria-bate-o-criciuma-se-reabilita-no-brasileirao-e-abre-vantagem-do-z-4\/","url":"https:\/\/brasilnoticias.org\/site\/vitoria-bate-o-criciuma-se-reabilita-no-brasileirao-e-abre-vantagem-do-z-4\/","name":"Vit\u00f3ria bate o Crici\u00fama, se reabilita no Brasileir\u00e3o e abre vantagem do Z-4 - Brasil not\u00edcias","isPartOf":{"@id":"https:\/\/brasilnoticias.org\/site\/#website"},"primaryImageOfPage":{"@id":"https:\/\/brasilnoticias.org\/site\/vitoria-bate-o-criciuma-se-reabilita-no-brasileirao-e-abre-vantagem-do-z-4\/#primaryimage"},"image":{"@id":"https:\/\/brasilnoticias.org\/site\/vitoria-bate-o-criciuma-se-reabilita-no-brasileirao-e-abre-vantagem-do-z-4\/#primaryimage"},"thumbnailUrl":"https:\/\/brasilnoticias.org\/site\/wp-content\/uploads\/2024\/07\/152511vitoria-bate-o-criciuma-se-reabilita-no-brasileirao-e-abre-vantagem-do-z-4-3.jpg","datePublished":"2024-07-07T23:42:31+00:00","breadcrumb":{"@id":"https:\/\/brasilnoticias.org\/site\/vitoria-bate-o-criciuma-se-reabilita-no-brasileirao-e-abre-vantagem-do-z-4\/#breadcrumb"},"inLanguage":"pt-PT","potentialAction":[{"@type":"ReadAction","target":["https:\/\/brasilnoticias.org\/site\/vitoria-bate-o-criciuma-se-reabilita-no-brasileirao-e-abre-vantagem-do-z-4\/"]}]},{"@type":"ImageObject","inLanguage":"pt-PT","@id":"https:\/\/brasilnoticias.org\/site\/vitoria-bate-o-criciuma-se-reabilita-no-brasileirao-e-abre-vantagem-do-z-4\/#primaryimage","url":"https:\/\/brasilnoticias.org\/site\/wp-content\/uploads\/2024\/07\/152511vitoria-bate-o-criciuma-se-reabilita-no-brasileirao-e-abre-vantagem-do-z-4-3.jpg","contentUrl":"https:\/\/brasilnoticias.org\/site\/wp-content\/uploads\/2024\/07\/152511vitoria-bate-o-criciuma-se-reabilita-no-brasileirao-e-abre-vantagem-do-z-4-3.jpg","width":1600,"height":752},{"@type":"BreadcrumbList","@id":"https:\/\/brasilnoticias.org\/site\/vitoria-bate-o-criciuma-se-reabilita-no-brasileirao-e-abre-vantagem-do-z-4\/#breadcrumb","itemListElement":[{"@type":"ListItem","position":1,"name":"In\u00edcio","item":"https:\/\/brasilnoticias.org\/site\/"},{"@type":"ListItem","position":2,"name":"Vit\u00f3ria bate o Crici\u00fama, se reabilita no Brasileir\u00e3o e abre vantagem do Z-4"}]},{"@type":"WebSite","@id":"https:\/\/brasilnoticias.org\/site\/#website","url":"https:\/\/brasilnoticias.org\/site\/","name":"Brasil not\u00edcias","description":"Brasil not\u00edcias","publisher":{"@id":"https:\/\/brasilnoticias.org\/site\/#organization"},"potentialAction":[{"@type":"SearchAction","target":{"@type":"EntryPoint","urlTemplate":"https:\/\/brasilnoticias.org\/site\/?s={search_term_string}"},"query-input":{"@type":"PropertyValueSpecification","valueRequired":true,"valueName":"search_term_string"}}],"inLanguage":"pt-PT"},{"@type":"Organization","@id":"https:\/\/brasilnoticias.org\/site\/#organization","name":"Brasil not\u00edcias","url":"https:\/\/brasilnoticias.org\/site\/","logo":{"@type":"ImageObject","inLanguage":"pt-PT","@id":"https:\/\/brasilnoticias.org\/site\/#\/schema\/logo\/image\/","url":"https:\/\/brasilnoticias.org\/site\/wp-content\/uploads\/2022\/05\/cropped-brasilnoticias-mini.jpg","contentUrl":"https:\/\/brasilnoticias.org\/site\/wp-content\/uploads\/2022\/05\/cropped-brasilnoticias-mini.jpg","width":314,"height":86,"caption":"Brasil not\u00edcias"},"image":{"@id":"https:\/\/brasilnoticias.org\/site\/#\/schema\/logo\/image\/"}},{"@type":"Person","@id":"https:\/\/brasilnoticias.org\/site\/#\/schema\/person\/03bbbfe6c7634ad18c26444ea39049fa","name":"Reda\u00e7\u00e3o","image":{"@type":"ImageObject","inLanguage":"pt-PT","@id":"https:\/\/brasilnoticias.org\/site\/#\/schema\/person\/image\/","url":"https:\/\/secure.gravatar.com\/avatar\/9ecaf7327a696cb23ad926fedded5f1f04d7049de9e445375d55b48c001a6e42?s=96&d=mm&r=g","contentUrl":"https:\/\/secure.gravatar.com\/avatar\/9ecaf7327a696cb23ad926fedded5f1f04d7049de9e445375d55b48c001a6e42?s=96&d=mm&r=g","caption":"Reda\u00e7\u00e3o"},"url":"https:\/\/brasilnoticias.org\/site\/author\/henrique\/"}]}},"_links":{"self":[{"href":"https:\/\/brasilnoticias.org\/site\/wp-json\/wp\/v2\/posts\/14929","targetHints":{"allow":["GET"]}}],"collection":[{"href":"https:\/\/brasilnoticias.org\/site\/wp-json\/wp\/v2\/posts"}],"about":[{"href":"https:\/\/brasilnoticias.org\/site\/wp-json\/wp\/v2\/types\/post"}],"author":[{"embeddable":true,"href":"https:\/\/brasilnoticias.org\/site\/wp-json\/wp\/v2\/users\/4"}],"replies":[{"embeddable":true,"href":"https:\/\/brasilnoticias.org\/site\/wp-json\/wp\/v2\/comments?post=14929"}],"version-history":[{"count":1,"href":"https:\/\/brasilnoticias.org\/site\/wp-json\/wp\/v2\/posts\/14929\/revisions"}],"predecessor-version":[{"id":14931,"href":"https:\/\/brasilnoticias.org\/site\/wp-json\/wp\/v2\/posts\/14929\/revisions\/14931"}],"wp:featuredmedia":[{"embeddable":true,"href":"https:\/\/brasilnoticias.org\/site\/wp-json\/wp\/v2\/media\/14930"}],"wp:attachment":[{"href":"https:\/\/brasilnoticias.org\/site\/wp-json\/wp\/v2\/media?parent=14929"}],"wp:term":[{"taxonomy":"category","embeddable":true,"href":"https:\/\/brasilnoticias.org\/site\/wp-json\/wp\/v2\/categories?post=14929"},{"taxonomy":"post_tag","embeddable":true,"href":"https:\/\/brasilnoticias.org\/site\/wp-json\/wp\/v2\/tags?post=14929"}],"curies":[{"name":"wp","href":"https:\/\/api.w.org\/{rel}","templated":true}]}}