{"id":14935,"date":"2024-07-07T20:45:18","date_gmt":"2024-07-07T23:45:18","guid":{"rendered":"https:\/\/brasilnoticias.org\/site\/?p=14935"},"modified":"2024-07-07T20:45:18","modified_gmt":"2024-07-07T23:45:18","slug":"tese-do-racismo-reverso-nao-tem-aplicacao-juridica-defende-dpu","status":"publish","type":"post","link":"https:\/\/brasilnoticias.org\/site\/tese-do-racismo-reverso-nao-tem-aplicacao-juridica-defende-dpu\/","title":{"rendered":"Tese do racismo reverso n\u00e3o tem aplica\u00e7\u00e3o jur\u00eddica, defende DPU"},"content":{"rendered":"<p>Caso que defende racismo reverso est\u00e1 sendo julgado em habeas corpus no TJ de Alagoas .<\/p>\n<p>A Defensoria P\u00fablica da Uni\u00e3o (DPU) se manifestou a respeito da impossibilidade da aplica\u00e7\u00e3o jur\u00eddica da tese do \u2018racismo reverso\u2019 no Brasil. Por meio de nota t\u00e9cnica, divulgada na \u00faltima ter\u00e7a-feira (2), o \u00f3rg\u00e3o ressaltou a necessidade de que as normas que identificam e criminalizam o racismo recebam interpreta\u00e7\u00e3o hist\u00f3rica, n\u00e3o podendo ser entendidas e aplicadas de forma literal. <\/p>\n<p>A manifesta\u00e7\u00e3o decorreu no contexto do julgamento de um habeas corpus protocolado no Tribunal de Justi\u00e7a de Alagoas (TJ-AL) em um caso em que se apura a ocorr\u00eancia de inj\u00faria racial contra um homem branco. Elaborada pelo Grupo de Trabalho de Pol\u00edticas Etnorraciais da DPU, a nota alertou para os riscos de que a tese possa se propagar como uma argumenta\u00e7\u00e3o v\u00e1lida no Judici\u00e1rio brasileiro. Os defensores argumentam que a Lei de Racismo (Lei n\u00ba 7.716\/89) tem por objetivo proteger grupos sociais historicamente discriminados. <\/p>\n<p>A nota tamb\u00e9m ressalta que, na identifica\u00e7\u00e3o das poss\u00edveis v\u00edtimas do racismo, \u00e9 preciso lembrar as pr\u00e1ticas discriminat\u00f3rias da sociedade brasileira que sempre se voltaram a grupos que sofreram e ainda sofrem o processo de marginaliza\u00e7\u00e3o e exclus\u00e3o social e cultural<\/p>\n<p>Foto: Pillar Pedreira\/Ag\u00eancia Senado<br \/>\nPor: Metro1<\/p>\n","protected":false},"excerpt":{"rendered":"<p>Caso que defende racismo reverso est\u00e1 sendo julgado em habeas corpus no TJ de Alagoas . A Defensoria P\u00fablica da<\/p>\n","protected":false},"author":4,"featured_media":14936,"comment_status":"open","ping_status":"open","sticky":false,"template":"","format":"standard","meta":{"colormag_page_container_layout":"default_layout","colormag_page_sidebar_layout":"default_layout","_FSMCFIC_featured_image_caption":"","_FSMCFIC_featured_image_nocaption":"","_FSMCFIC_featured_image_hide":"","footnotes":""},"categories":[7,1],"tags":[],"class_list":["post-14935","post","type-post","status-publish","format-standard","has-post-thumbnail","hentry","category-justica","category-ultimas"],"yoast_head":"<!-- This site is optimized with the Yoast SEO plugin v27.1.1 - https:\/\/yoast.com\/product\/yoast-seo-wordpress\/ -->\n<title>Tese do racismo reverso n\u00e3o tem aplica\u00e7\u00e3o jur\u00eddica, defende DPU - Brasil not\u00edcias<\/title>\n<meta name=\"robots\" content=\"index, follow, max-snippet:-1, max-image-preview:large, max-video-preview:-1\" \/>\n<link rel=\"canonical\" href=\"https:\/\/brasilnoticias.org\/site\/tese-do-racismo-reverso-nao-tem-aplicacao-juridica-defende-dpu\/\" \/>\n<meta property=\"og:locale\" content=\"pt_PT\" \/>\n<meta property=\"og:type\" content=\"article\" \/>\n<meta property=\"og:title\" content=\"Tese do racismo reverso n\u00e3o tem aplica\u00e7\u00e3o jur\u00eddica, defende DPU - Brasil not\u00edcias\" \/>\n<meta property=\"og:description\" content=\"Caso que defende racismo reverso est\u00e1 sendo julgado em habeas corpus no TJ de Alagoas . A Defensoria P\u00fablica da\" \/>\n<meta property=\"og:url\" content=\"https:\/\/brasilnoticias.org\/site\/tese-do-racismo-reverso-nao-tem-aplicacao-juridica-defende-dpu\/\" \/>\n<meta property=\"og:site_name\" content=\"Brasil not\u00edcias\" \/>\n<meta property=\"article:published_time\" content=\"2024-07-07T23:45:18+00:00\" \/>\n<meta property=\"og:image\" content=\"https:\/\/brasilnoticias.org\/site\/wp-content\/uploads\/2024\/07\/152498tese-do-racismo-reverso-nao-tem-aplicacao-juridica-defende-dpu-3.jpg\" \/>\n\t<meta property=\"og:image:width\" content=\"1600\" \/>\n\t<meta property=\"og:image:height\" content=\"752\" \/>\n\t<meta property=\"og:image:type\" content=\"image\/jpeg\" \/>\n<meta name=\"author\" content=\"Reda\u00e7\u00e3o\" \/>\n<meta name=\"twitter:card\" content=\"summary_large_image\" \/>\n<meta name=\"twitter:label1\" content=\"Escrito por\" \/>\n\t<meta name=\"twitter:data1\" content=\"Reda\u00e7\u00e3o\" \/>\n\t<meta name=\"twitter:label2\" content=\"Tempo estimado de leitura\" \/>\n\t<meta name=\"twitter:data2\" content=\"1 minuto\" \/>\n<script type=\"application\/ld+json\" class=\"yoast-schema-graph\">{\"@context\":\"https:\/\/schema.org\",\"@graph\":[{\"@type\":\"Article\",\"@id\":\"https:\/\/brasilnoticias.org\/site\/tese-do-racismo-reverso-nao-tem-aplicacao-juridica-defende-dpu\/#article\",\"isPartOf\":{\"@id\":\"https:\/\/brasilnoticias.org\/site\/tese-do-racismo-reverso-nao-tem-aplicacao-juridica-defende-dpu\/\"},\"author\":{\"name\":\"Reda\u00e7\u00e3o\",\"@id\":\"https:\/\/brasilnoticias.org\/site\/#\/schema\/person\/03bbbfe6c7634ad18c26444ea39049fa\"},\"headline\":\"Tese do racismo reverso n\u00e3o tem aplica\u00e7\u00e3o jur\u00eddica, defende DPU\",\"datePublished\":\"2024-07-07T23:45:18+00:00\",\"mainEntityOfPage\":{\"@id\":\"https:\/\/brasilnoticias.org\/site\/tese-do-racismo-reverso-nao-tem-aplicacao-juridica-defende-dpu\/\"},\"wordCount\":243,\"commentCount\":0,\"publisher\":{\"@id\":\"https:\/\/brasilnoticias.org\/site\/#organization\"},\"image\":{\"@id\":\"https:\/\/brasilnoticias.org\/site\/tese-do-racismo-reverso-nao-tem-aplicacao-juridica-defende-dpu\/#primaryimage\"},\"thumbnailUrl\":\"https:\/\/brasilnoticias.org\/site\/wp-content\/uploads\/2024\/07\/152498tese-do-racismo-reverso-nao-tem-aplicacao-juridica-defende-dpu-3.jpg\",\"articleSection\":[\"Justi\u00e7a\",\"\u00daltimas\"],\"inLanguage\":\"pt-PT\",\"potentialAction\":[{\"@type\":\"CommentAction\",\"name\":\"Comment\",\"target\":[\"https:\/\/brasilnoticias.org\/site\/tese-do-racismo-reverso-nao-tem-aplicacao-juridica-defende-dpu\/#respond\"]}]},{\"@type\":\"WebPage\",\"@id\":\"https:\/\/brasilnoticias.org\/site\/tese-do-racismo-reverso-nao-tem-aplicacao-juridica-defende-dpu\/\",\"url\":\"https:\/\/brasilnoticias.org\/site\/tese-do-racismo-reverso-nao-tem-aplicacao-juridica-defende-dpu\/\",\"name\":\"Tese do racismo reverso n\u00e3o tem aplica\u00e7\u00e3o jur\u00eddica, defende DPU - Brasil not\u00edcias\",\"isPartOf\":{\"@id\":\"https:\/\/brasilnoticias.org\/site\/#website\"},\"primaryImageOfPage\":{\"@id\":\"https:\/\/brasilnoticias.org\/site\/tese-do-racismo-reverso-nao-tem-aplicacao-juridica-defende-dpu\/#primaryimage\"},\"image\":{\"@id\":\"https:\/\/brasilnoticias.org\/site\/tese-do-racismo-reverso-nao-tem-aplicacao-juridica-defende-dpu\/#primaryimage\"},\"thumbnailUrl\":\"https:\/\/brasilnoticias.org\/site\/wp-content\/uploads\/2024\/07\/152498tese-do-racismo-reverso-nao-tem-aplicacao-juridica-defende-dpu-3.jpg\",\"datePublished\":\"2024-07-07T23:45:18+00:00\",\"breadcrumb\":{\"@id\":\"https:\/\/brasilnoticias.org\/site\/tese-do-racismo-reverso-nao-tem-aplicacao-juridica-defende-dpu\/#breadcrumb\"},\"inLanguage\":\"pt-PT\",\"potentialAction\":[{\"@type\":\"ReadAction\",\"target\":[\"https:\/\/brasilnoticias.org\/site\/tese-do-racismo-reverso-nao-tem-aplicacao-juridica-defende-dpu\/\"]}]},{\"@type\":\"ImageObject\",\"inLanguage\":\"pt-PT\",\"@id\":\"https:\/\/brasilnoticias.org\/site\/tese-do-racismo-reverso-nao-tem-aplicacao-juridica-defende-dpu\/#primaryimage\",\"url\":\"https:\/\/brasilnoticias.org\/site\/wp-content\/uploads\/2024\/07\/152498tese-do-racismo-reverso-nao-tem-aplicacao-juridica-defende-dpu-3.jpg\",\"contentUrl\":\"https:\/\/brasilnoticias.org\/site\/wp-content\/uploads\/2024\/07\/152498tese-do-racismo-reverso-nao-tem-aplicacao-juridica-defende-dpu-3.jpg\",\"width\":1600,\"height\":752},{\"@type\":\"BreadcrumbList\",\"@id\":\"https:\/\/brasilnoticias.org\/site\/tese-do-racismo-reverso-nao-tem-aplicacao-juridica-defende-dpu\/#breadcrumb\",\"itemListElement\":[{\"@type\":\"ListItem\",\"position\":1,\"name\":\"In\u00edcio\",\"item\":\"https:\/\/brasilnoticias.org\/site\/\"},{\"@type\":\"ListItem\",\"position\":2,\"name\":\"Tese do racismo reverso n\u00e3o tem aplica\u00e7\u00e3o jur\u00eddica, defende DPU\"}]},{\"@type\":\"WebSite\",\"@id\":\"https:\/\/brasilnoticias.org\/site\/#website\",\"url\":\"https:\/\/brasilnoticias.org\/site\/\",\"name\":\"Brasil not\u00edcias\",\"description\":\"Brasil not\u00edcias\",\"publisher\":{\"@id\":\"https:\/\/brasilnoticias.org\/site\/#organization\"},\"potentialAction\":[{\"@type\":\"SearchAction\",\"target\":{\"@type\":\"EntryPoint\",\"urlTemplate\":\"https:\/\/brasilnoticias.org\/site\/?s={search_term_string}\"},\"query-input\":{\"@type\":\"PropertyValueSpecification\",\"valueRequired\":true,\"valueName\":\"search_term_string\"}}],\"inLanguage\":\"pt-PT\"},{\"@type\":\"Organization\",\"@id\":\"https:\/\/brasilnoticias.org\/site\/#organization\",\"name\":\"Brasil not\u00edcias\",\"url\":\"https:\/\/brasilnoticias.org\/site\/\",\"logo\":{\"@type\":\"ImageObject\",\"inLanguage\":\"pt-PT\",\"@id\":\"https:\/\/brasilnoticias.org\/site\/#\/schema\/logo\/image\/\",\"url\":\"https:\/\/brasilnoticias.org\/site\/wp-content\/uploads\/2022\/05\/cropped-brasilnoticias-mini.jpg\",\"contentUrl\":\"https:\/\/brasilnoticias.org\/site\/wp-content\/uploads\/2022\/05\/cropped-brasilnoticias-mini.jpg\",\"width\":314,\"height\":86,\"caption\":\"Brasil not\u00edcias\"},\"image\":{\"@id\":\"https:\/\/brasilnoticias.org\/site\/#\/schema\/logo\/image\/\"}},{\"@type\":\"Person\",\"@id\":\"https:\/\/brasilnoticias.org\/site\/#\/schema\/person\/03bbbfe6c7634ad18c26444ea39049fa\",\"name\":\"Reda\u00e7\u00e3o\",\"image\":{\"@type\":\"ImageObject\",\"inLanguage\":\"pt-PT\",\"@id\":\"https:\/\/brasilnoticias.org\/site\/#\/schema\/person\/image\/\",\"url\":\"https:\/\/secure.gravatar.com\/avatar\/9ecaf7327a696cb23ad926fedded5f1f04d7049de9e445375d55b48c001a6e42?s=96&d=mm&r=g\",\"contentUrl\":\"https:\/\/secure.gravatar.com\/avatar\/9ecaf7327a696cb23ad926fedded5f1f04d7049de9e445375d55b48c001a6e42?s=96&d=mm&r=g\",\"caption\":\"Reda\u00e7\u00e3o\"},\"url\":\"https:\/\/brasilnoticias.org\/site\/author\/henrique\/\"}]}<\/script>\n<!-- \/ Yoast SEO plugin. -->","yoast_head_json":{"title":"Tese do racismo reverso n\u00e3o tem aplica\u00e7\u00e3o jur\u00eddica, defende DPU - Brasil not\u00edcias","robots":{"index":"index","follow":"follow","max-snippet":"max-snippet:-1","max-image-preview":"max-image-preview:large","max-video-preview":"max-video-preview:-1"},"canonical":"https:\/\/brasilnoticias.org\/site\/tese-do-racismo-reverso-nao-tem-aplicacao-juridica-defende-dpu\/","og_locale":"pt_PT","og_type":"article","og_title":"Tese do racismo reverso n\u00e3o tem aplica\u00e7\u00e3o jur\u00eddica, defende DPU - Brasil not\u00edcias","og_description":"Caso que defende racismo reverso est\u00e1 sendo julgado em habeas corpus no TJ de Alagoas . A Defensoria P\u00fablica da","og_url":"https:\/\/brasilnoticias.org\/site\/tese-do-racismo-reverso-nao-tem-aplicacao-juridica-defende-dpu\/","og_site_name":"Brasil not\u00edcias","article_published_time":"2024-07-07T23:45:18+00:00","og_image":[{"width":1600,"height":752,"url":"https:\/\/brasilnoticias.org\/site\/wp-content\/uploads\/2024\/07\/152498tese-do-racismo-reverso-nao-tem-aplicacao-juridica-defende-dpu-3.jpg","type":"image\/jpeg"}],"author":"Reda\u00e7\u00e3o","twitter_card":"summary_large_image","twitter_misc":{"Escrito por":"Reda\u00e7\u00e3o","Tempo estimado de leitura":"1 minuto"},"schema":{"@context":"https:\/\/schema.org","@graph":[{"@type":"Article","@id":"https:\/\/brasilnoticias.org\/site\/tese-do-racismo-reverso-nao-tem-aplicacao-juridica-defende-dpu\/#article","isPartOf":{"@id":"https:\/\/brasilnoticias.org\/site\/tese-do-racismo-reverso-nao-tem-aplicacao-juridica-defende-dpu\/"},"author":{"name":"Reda\u00e7\u00e3o","@id":"https:\/\/brasilnoticias.org\/site\/#\/schema\/person\/03bbbfe6c7634ad18c26444ea39049fa"},"headline":"Tese do racismo reverso n\u00e3o tem aplica\u00e7\u00e3o jur\u00eddica, defende DPU","datePublished":"2024-07-07T23:45:18+00:00","mainEntityOfPage":{"@id":"https:\/\/brasilnoticias.org\/site\/tese-do-racismo-reverso-nao-tem-aplicacao-juridica-defende-dpu\/"},"wordCount":243,"commentCount":0,"publisher":{"@id":"https:\/\/brasilnoticias.org\/site\/#organization"},"image":{"@id":"https:\/\/brasilnoticias.org\/site\/tese-do-racismo-reverso-nao-tem-aplicacao-juridica-defende-dpu\/#primaryimage"},"thumbnailUrl":"https:\/\/brasilnoticias.org\/site\/wp-content\/uploads\/2024\/07\/152498tese-do-racismo-reverso-nao-tem-aplicacao-juridica-defende-dpu-3.jpg","articleSection":["Justi\u00e7a","\u00daltimas"],"inLanguage":"pt-PT","potentialAction":[{"@type":"CommentAction","name":"Comment","target":["https:\/\/brasilnoticias.org\/site\/tese-do-racismo-reverso-nao-tem-aplicacao-juridica-defende-dpu\/#respond"]}]},{"@type":"WebPage","@id":"https:\/\/brasilnoticias.org\/site\/tese-do-racismo-reverso-nao-tem-aplicacao-juridica-defende-dpu\/","url":"https:\/\/brasilnoticias.org\/site\/tese-do-racismo-reverso-nao-tem-aplicacao-juridica-defende-dpu\/","name":"Tese do racismo reverso n\u00e3o tem aplica\u00e7\u00e3o jur\u00eddica, defende DPU - Brasil not\u00edcias","isPartOf":{"@id":"https:\/\/brasilnoticias.org\/site\/#website"},"primaryImageOfPage":{"@id":"https:\/\/brasilnoticias.org\/site\/tese-do-racismo-reverso-nao-tem-aplicacao-juridica-defende-dpu\/#primaryimage"},"image":{"@id":"https:\/\/brasilnoticias.org\/site\/tese-do-racismo-reverso-nao-tem-aplicacao-juridica-defende-dpu\/#primaryimage"},"thumbnailUrl":"https:\/\/brasilnoticias.org\/site\/wp-content\/uploads\/2024\/07\/152498tese-do-racismo-reverso-nao-tem-aplicacao-juridica-defende-dpu-3.jpg","datePublished":"2024-07-07T23:45:18+00:00","breadcrumb":{"@id":"https:\/\/brasilnoticias.org\/site\/tese-do-racismo-reverso-nao-tem-aplicacao-juridica-defende-dpu\/#breadcrumb"},"inLanguage":"pt-PT","potentialAction":[{"@type":"ReadAction","target":["https:\/\/brasilnoticias.org\/site\/tese-do-racismo-reverso-nao-tem-aplicacao-juridica-defende-dpu\/"]}]},{"@type":"ImageObject","inLanguage":"pt-PT","@id":"https:\/\/brasilnoticias.org\/site\/tese-do-racismo-reverso-nao-tem-aplicacao-juridica-defende-dpu\/#primaryimage","url":"https:\/\/brasilnoticias.org\/site\/wp-content\/uploads\/2024\/07\/152498tese-do-racismo-reverso-nao-tem-aplicacao-juridica-defende-dpu-3.jpg","contentUrl":"https:\/\/brasilnoticias.org\/site\/wp-content\/uploads\/2024\/07\/152498tese-do-racismo-reverso-nao-tem-aplicacao-juridica-defende-dpu-3.jpg","width":1600,"height":752},{"@type":"BreadcrumbList","@id":"https:\/\/brasilnoticias.org\/site\/tese-do-racismo-reverso-nao-tem-aplicacao-juridica-defende-dpu\/#breadcrumb","itemListElement":[{"@type":"ListItem","position":1,"name":"In\u00edcio","item":"https:\/\/brasilnoticias.org\/site\/"},{"@type":"ListItem","position":2,"name":"Tese do racismo reverso n\u00e3o tem aplica\u00e7\u00e3o jur\u00eddica, defende DPU"}]},{"@type":"WebSite","@id":"https:\/\/brasilnoticias.org\/site\/#website","url":"https:\/\/brasilnoticias.org\/site\/","name":"Brasil not\u00edcias","description":"Brasil not\u00edcias","publisher":{"@id":"https:\/\/brasilnoticias.org\/site\/#organization"},"potentialAction":[{"@type":"SearchAction","target":{"@type":"EntryPoint","urlTemplate":"https:\/\/brasilnoticias.org\/site\/?s={search_term_string}"},"query-input":{"@type":"PropertyValueSpecification","valueRequired":true,"valueName":"search_term_string"}}],"inLanguage":"pt-PT"},{"@type":"Organization","@id":"https:\/\/brasilnoticias.org\/site\/#organization","name":"Brasil not\u00edcias","url":"https:\/\/brasilnoticias.org\/site\/","logo":{"@type":"ImageObject","inLanguage":"pt-PT","@id":"https:\/\/brasilnoticias.org\/site\/#\/schema\/logo\/image\/","url":"https:\/\/brasilnoticias.org\/site\/wp-content\/uploads\/2022\/05\/cropped-brasilnoticias-mini.jpg","contentUrl":"https:\/\/brasilnoticias.org\/site\/wp-content\/uploads\/2022\/05\/cropped-brasilnoticias-mini.jpg","width":314,"height":86,"caption":"Brasil not\u00edcias"},"image":{"@id":"https:\/\/brasilnoticias.org\/site\/#\/schema\/logo\/image\/"}},{"@type":"Person","@id":"https:\/\/brasilnoticias.org\/site\/#\/schema\/person\/03bbbfe6c7634ad18c26444ea39049fa","name":"Reda\u00e7\u00e3o","image":{"@type":"ImageObject","inLanguage":"pt-PT","@id":"https:\/\/brasilnoticias.org\/site\/#\/schema\/person\/image\/","url":"https:\/\/secure.gravatar.com\/avatar\/9ecaf7327a696cb23ad926fedded5f1f04d7049de9e445375d55b48c001a6e42?s=96&d=mm&r=g","contentUrl":"https:\/\/secure.gravatar.com\/avatar\/9ecaf7327a696cb23ad926fedded5f1f04d7049de9e445375d55b48c001a6e42?s=96&d=mm&r=g","caption":"Reda\u00e7\u00e3o"},"url":"https:\/\/brasilnoticias.org\/site\/author\/henrique\/"}]}},"_links":{"self":[{"href":"https:\/\/brasilnoticias.org\/site\/wp-json\/wp\/v2\/posts\/14935","targetHints":{"allow":["GET"]}}],"collection":[{"href":"https:\/\/brasilnoticias.org\/site\/wp-json\/wp\/v2\/posts"}],"about":[{"href":"https:\/\/brasilnoticias.org\/site\/wp-json\/wp\/v2\/types\/post"}],"author":[{"embeddable":true,"href":"https:\/\/brasilnoticias.org\/site\/wp-json\/wp\/v2\/users\/4"}],"replies":[{"embeddable":true,"href":"https:\/\/brasilnoticias.org\/site\/wp-json\/wp\/v2\/comments?post=14935"}],"version-history":[{"count":1,"href":"https:\/\/brasilnoticias.org\/site\/wp-json\/wp\/v2\/posts\/14935\/revisions"}],"predecessor-version":[{"id":14937,"href":"https:\/\/brasilnoticias.org\/site\/wp-json\/wp\/v2\/posts\/14935\/revisions\/14937"}],"wp:featuredmedia":[{"embeddable":true,"href":"https:\/\/brasilnoticias.org\/site\/wp-json\/wp\/v2\/media\/14936"}],"wp:attachment":[{"href":"https:\/\/brasilnoticias.org\/site\/wp-json\/wp\/v2\/media?parent=14935"}],"wp:term":[{"taxonomy":"category","embeddable":true,"href":"https:\/\/brasilnoticias.org\/site\/wp-json\/wp\/v2\/categories?post=14935"},{"taxonomy":"post_tag","embeddable":true,"href":"https:\/\/brasilnoticias.org\/site\/wp-json\/wp\/v2\/tags?post=14935"}],"curies":[{"name":"wp","href":"https:\/\/api.w.org\/{rel}","templated":true}]}}