{"id":14957,"date":"2024-07-09T17:03:09","date_gmt":"2024-07-09T20:03:09","guid":{"rendered":"https:\/\/brasilnoticias.org\/site\/?p=14957"},"modified":"2024-07-09T17:03:09","modified_gmt":"2024-07-09T20:03:09","slug":"suspeito-investigado-por-homicidio-e-preso-portando-armas-e-municoes-em-juazeiro","status":"publish","type":"post","link":"https:\/\/brasilnoticias.org\/site\/suspeito-investigado-por-homicidio-e-preso-portando-armas-e-municoes-em-juazeiro\/","title":{"rendered":"Suspeito investigado por homic\u00eddio \u00e9 preso portando armas e muni\u00e7\u00f5es em Juazeiro"},"content":{"rendered":"<p>Um outro suspeito envolvido no crime confrontou os policiais civis e n\u00e3o resistiu aos ferimentos<\/p>\n<p>Foi preso nesta ter\u00e7a-feira (9\/7) um homem investigado por homic\u00eddio, no povoado de Itamotinga, em Juazeiro, na regi\u00e3o norte da Bahia. Com ele, foram apreendidos um rev\u00f3lver calibre 38, quatro muni\u00e7\u00f5es intactas e duas deflagradas e uma motocicleta com restri\u00e7\u00e3o de roubo e chassi adulterado.<\/p>\n<p>O mandado ocorreu durante uma opera\u00e7\u00e3o realizada pela Pol\u00edcia Civil para combater crimes de homic\u00eddios e tr\u00e1fico de drogas, praticados na zona rural de Juazeiro.<\/p>\n<p>Durante a opera\u00e7\u00e3o, os agentes apreenderam o material que estava na casa de um dos investigados, um homem de 48 anos, que n\u00e3o teve a identidade revelada, mas resistiu \u00e0 pris\u00e3o e confrontou com equipes da Coordena\u00e7\u00e3o de Apoio T\u00e9cnico \u00e0 Investiga\u00e7\u00e3o (CATI\/Norte) e da 7\u00aa Delegacia de T\u00f3xicos e Entorpecentes (DTE\/Juazeiro).<\/p>\n<p>Ele ficou ferido e foi socorrido para uma unidade hospitalar, mas n\u00e3o resistiu. O suspeito j\u00e1 tinha passagens por roubo, porte ilegal de arma de fogo e homic\u00eddio. O material apreendido foi encaminhado \u00e0 per\u00edcia.<\/p>\n<p>Foto: Divulga\u00e7\u00e3o\/ DHPP Juazeiro<br \/>\nAratu On<\/p>\n","protected":false},"excerpt":{"rendered":"<p>Um outro suspeito envolvido no crime confrontou os policiais civis e n\u00e3o resistiu aos ferimentos Foi preso nesta ter\u00e7a-feira (9\/7)<\/p>\n","protected":false},"author":4,"featured_media":14958,"comment_status":"open","ping_status":"open","sticky":false,"template":"","format":"standard","meta":{"colormag_page_container_layout":"default_layout","colormag_page_sidebar_layout":"default_layout","_FSMCFIC_featured_image_caption":"","_FSMCFIC_featured_image_nocaption":"","_FSMCFIC_featured_image_hide":"","footnotes":""},"categories":[3,1],"tags":[],"class_list":["post-14957","post","type-post","status-publish","format-standard","has-post-thumbnail","hentry","category-policia","category-ultimas"],"yoast_head":"<!-- This site is optimized with the Yoast SEO plugin v27.1.1 - https:\/\/yoast.com\/product\/yoast-seo-wordpress\/ -->\n<title>Suspeito investigado por homic\u00eddio \u00e9 preso portando armas e muni\u00e7\u00f5es em Juazeiro - Brasil not\u00edcias<\/title>\n<meta name=\"robots\" content=\"index, follow, max-snippet:-1, max-image-preview:large, max-video-preview:-1\" \/>\n<link rel=\"canonical\" href=\"https:\/\/brasilnoticias.org\/site\/suspeito-investigado-por-homicidio-e-preso-portando-armas-e-municoes-em-juazeiro\/\" \/>\n<meta property=\"og:locale\" content=\"pt_PT\" \/>\n<meta property=\"og:type\" content=\"article\" \/>\n<meta property=\"og:title\" content=\"Suspeito investigado por homic\u00eddio \u00e9 preso portando armas e muni\u00e7\u00f5es em Juazeiro - Brasil not\u00edcias\" \/>\n<meta property=\"og:description\" content=\"Um outro suspeito envolvido no crime confrontou os policiais civis e n\u00e3o resistiu aos ferimentos Foi preso nesta ter\u00e7a-feira (9\/7)\" \/>\n<meta property=\"og:url\" content=\"https:\/\/brasilnoticias.org\/site\/suspeito-investigado-por-homicidio-e-preso-portando-armas-e-municoes-em-juazeiro\/\" \/>\n<meta property=\"og:site_name\" content=\"Brasil not\u00edcias\" \/>\n<meta property=\"article:published_time\" content=\"2024-07-09T20:03:09+00:00\" \/>\n<meta property=\"og:image\" content=\"https:\/\/brasilnoticias.org\/site\/wp-content\/uploads\/2024\/07\/WhatsApp-Image-2024-07-09-at-16.00.38-e1720554027817.jpeg\" \/>\n\t<meta property=\"og:image:width\" content=\"959\" \/>\n\t<meta property=\"og:image:height\" content=\"500\" \/>\n\t<meta property=\"og:image:type\" content=\"image\/jpeg\" \/>\n<meta name=\"author\" content=\"Reda\u00e7\u00e3o\" \/>\n<meta name=\"twitter:card\" content=\"summary_large_image\" \/>\n<meta name=\"twitter:label1\" content=\"Escrito por\" \/>\n\t<meta name=\"twitter:data1\" content=\"Reda\u00e7\u00e3o\" \/>\n\t<meta name=\"twitter:label2\" content=\"Tempo estimado de leitura\" \/>\n\t<meta name=\"twitter:data2\" content=\"1 minuto\" \/>\n<script type=\"application\/ld+json\" class=\"yoast-schema-graph\">{\"@context\":\"https:\/\/schema.org\",\"@graph\":[{\"@type\":\"Article\",\"@id\":\"https:\/\/brasilnoticias.org\/site\/suspeito-investigado-por-homicidio-e-preso-portando-armas-e-municoes-em-juazeiro\/#article\",\"isPartOf\":{\"@id\":\"https:\/\/brasilnoticias.org\/site\/suspeito-investigado-por-homicidio-e-preso-portando-armas-e-municoes-em-juazeiro\/\"},\"author\":{\"name\":\"Reda\u00e7\u00e3o\",\"@id\":\"https:\/\/brasilnoticias.org\/site\/#\/schema\/person\/03bbbfe6c7634ad18c26444ea39049fa\"},\"headline\":\"Suspeito investigado por homic\u00eddio \u00e9 preso portando armas e muni\u00e7\u00f5es em Juazeiro\",\"datePublished\":\"2024-07-09T20:03:09+00:00\",\"mainEntityOfPage\":{\"@id\":\"https:\/\/brasilnoticias.org\/site\/suspeito-investigado-por-homicidio-e-preso-portando-armas-e-municoes-em-juazeiro\/\"},\"wordCount\":208,\"commentCount\":0,\"publisher\":{\"@id\":\"https:\/\/brasilnoticias.org\/site\/#organization\"},\"image\":{\"@id\":\"https:\/\/brasilnoticias.org\/site\/suspeito-investigado-por-homicidio-e-preso-portando-armas-e-municoes-em-juazeiro\/#primaryimage\"},\"thumbnailUrl\":\"https:\/\/brasilnoticias.org\/site\/wp-content\/uploads\/2024\/07\/WhatsApp-Image-2024-07-09-at-16.00.38-e1720554027817.jpeg\",\"articleSection\":[\"Pol\u00edcia\",\"\u00daltimas\"],\"inLanguage\":\"pt-PT\",\"potentialAction\":[{\"@type\":\"CommentAction\",\"name\":\"Comment\",\"target\":[\"https:\/\/brasilnoticias.org\/site\/suspeito-investigado-por-homicidio-e-preso-portando-armas-e-municoes-em-juazeiro\/#respond\"]}]},{\"@type\":\"WebPage\",\"@id\":\"https:\/\/brasilnoticias.org\/site\/suspeito-investigado-por-homicidio-e-preso-portando-armas-e-municoes-em-juazeiro\/\",\"url\":\"https:\/\/brasilnoticias.org\/site\/suspeito-investigado-por-homicidio-e-preso-portando-armas-e-municoes-em-juazeiro\/\",\"name\":\"Suspeito investigado por homic\u00eddio \u00e9 preso portando armas e muni\u00e7\u00f5es em Juazeiro - Brasil not\u00edcias\",\"isPartOf\":{\"@id\":\"https:\/\/brasilnoticias.org\/site\/#website\"},\"primaryImageOfPage\":{\"@id\":\"https:\/\/brasilnoticias.org\/site\/suspeito-investigado-por-homicidio-e-preso-portando-armas-e-municoes-em-juazeiro\/#primaryimage\"},\"image\":{\"@id\":\"https:\/\/brasilnoticias.org\/site\/suspeito-investigado-por-homicidio-e-preso-portando-armas-e-municoes-em-juazeiro\/#primaryimage\"},\"thumbnailUrl\":\"https:\/\/brasilnoticias.org\/site\/wp-content\/uploads\/2024\/07\/WhatsApp-Image-2024-07-09-at-16.00.38-e1720554027817.jpeg\",\"datePublished\":\"2024-07-09T20:03:09+00:00\",\"breadcrumb\":{\"@id\":\"https:\/\/brasilnoticias.org\/site\/suspeito-investigado-por-homicidio-e-preso-portando-armas-e-municoes-em-juazeiro\/#breadcrumb\"},\"inLanguage\":\"pt-PT\",\"potentialAction\":[{\"@type\":\"ReadAction\",\"target\":[\"https:\/\/brasilnoticias.org\/site\/suspeito-investigado-por-homicidio-e-preso-portando-armas-e-municoes-em-juazeiro\/\"]}]},{\"@type\":\"ImageObject\",\"inLanguage\":\"pt-PT\",\"@id\":\"https:\/\/brasilnoticias.org\/site\/suspeito-investigado-por-homicidio-e-preso-portando-armas-e-municoes-em-juazeiro\/#primaryimage\",\"url\":\"https:\/\/brasilnoticias.org\/site\/wp-content\/uploads\/2024\/07\/WhatsApp-Image-2024-07-09-at-16.00.38-e1720554027817.jpeg\",\"contentUrl\":\"https:\/\/brasilnoticias.org\/site\/wp-content\/uploads\/2024\/07\/WhatsApp-Image-2024-07-09-at-16.00.38-e1720554027817.jpeg\",\"width\":959,\"height\":500},{\"@type\":\"BreadcrumbList\",\"@id\":\"https:\/\/brasilnoticias.org\/site\/suspeito-investigado-por-homicidio-e-preso-portando-armas-e-municoes-em-juazeiro\/#breadcrumb\",\"itemListElement\":[{\"@type\":\"ListItem\",\"position\":1,\"name\":\"In\u00edcio\",\"item\":\"https:\/\/brasilnoticias.org\/site\/\"},{\"@type\":\"ListItem\",\"position\":2,\"name\":\"Suspeito investigado por homic\u00eddio \u00e9 preso portando armas e muni\u00e7\u00f5es em Juazeiro\"}]},{\"@type\":\"WebSite\",\"@id\":\"https:\/\/brasilnoticias.org\/site\/#website\",\"url\":\"https:\/\/brasilnoticias.org\/site\/\",\"name\":\"Brasil not\u00edcias\",\"description\":\"Brasil not\u00edcias\",\"publisher\":{\"@id\":\"https:\/\/brasilnoticias.org\/site\/#organization\"},\"potentialAction\":[{\"@type\":\"SearchAction\",\"target\":{\"@type\":\"EntryPoint\",\"urlTemplate\":\"https:\/\/brasilnoticias.org\/site\/?s={search_term_string}\"},\"query-input\":{\"@type\":\"PropertyValueSpecification\",\"valueRequired\":true,\"valueName\":\"search_term_string\"}}],\"inLanguage\":\"pt-PT\"},{\"@type\":\"Organization\",\"@id\":\"https:\/\/brasilnoticias.org\/site\/#organization\",\"name\":\"Brasil not\u00edcias\",\"url\":\"https:\/\/brasilnoticias.org\/site\/\",\"logo\":{\"@type\":\"ImageObject\",\"inLanguage\":\"pt-PT\",\"@id\":\"https:\/\/brasilnoticias.org\/site\/#\/schema\/logo\/image\/\",\"url\":\"https:\/\/brasilnoticias.org\/site\/wp-content\/uploads\/2022\/05\/cropped-brasilnoticias-mini.jpg\",\"contentUrl\":\"https:\/\/brasilnoticias.org\/site\/wp-content\/uploads\/2022\/05\/cropped-brasilnoticias-mini.jpg\",\"width\":314,\"height\":86,\"caption\":\"Brasil not\u00edcias\"},\"image\":{\"@id\":\"https:\/\/brasilnoticias.org\/site\/#\/schema\/logo\/image\/\"}},{\"@type\":\"Person\",\"@id\":\"https:\/\/brasilnoticias.org\/site\/#\/schema\/person\/03bbbfe6c7634ad18c26444ea39049fa\",\"name\":\"Reda\u00e7\u00e3o\",\"image\":{\"@type\":\"ImageObject\",\"inLanguage\":\"pt-PT\",\"@id\":\"https:\/\/brasilnoticias.org\/site\/#\/schema\/person\/image\/\",\"url\":\"https:\/\/secure.gravatar.com\/avatar\/9ecaf7327a696cb23ad926fedded5f1f04d7049de9e445375d55b48c001a6e42?s=96&d=mm&r=g\",\"contentUrl\":\"https:\/\/secure.gravatar.com\/avatar\/9ecaf7327a696cb23ad926fedded5f1f04d7049de9e445375d55b48c001a6e42?s=96&d=mm&r=g\",\"caption\":\"Reda\u00e7\u00e3o\"},\"url\":\"https:\/\/brasilnoticias.org\/site\/author\/henrique\/\"}]}<\/script>\n<!-- \/ Yoast SEO plugin. -->","yoast_head_json":{"title":"Suspeito investigado por homic\u00eddio \u00e9 preso portando armas e muni\u00e7\u00f5es em Juazeiro - Brasil not\u00edcias","robots":{"index":"index","follow":"follow","max-snippet":"max-snippet:-1","max-image-preview":"max-image-preview:large","max-video-preview":"max-video-preview:-1"},"canonical":"https:\/\/brasilnoticias.org\/site\/suspeito-investigado-por-homicidio-e-preso-portando-armas-e-municoes-em-juazeiro\/","og_locale":"pt_PT","og_type":"article","og_title":"Suspeito investigado por homic\u00eddio \u00e9 preso portando armas e muni\u00e7\u00f5es em Juazeiro - Brasil not\u00edcias","og_description":"Um outro suspeito envolvido no crime confrontou os policiais civis e n\u00e3o resistiu aos ferimentos Foi preso nesta ter\u00e7a-feira (9\/7)","og_url":"https:\/\/brasilnoticias.org\/site\/suspeito-investigado-por-homicidio-e-preso-portando-armas-e-municoes-em-juazeiro\/","og_site_name":"Brasil not\u00edcias","article_published_time":"2024-07-09T20:03:09+00:00","og_image":[{"width":959,"height":500,"url":"https:\/\/brasilnoticias.org\/site\/wp-content\/uploads\/2024\/07\/WhatsApp-Image-2024-07-09-at-16.00.38-e1720554027817.jpeg","type":"image\/jpeg"}],"author":"Reda\u00e7\u00e3o","twitter_card":"summary_large_image","twitter_misc":{"Escrito por":"Reda\u00e7\u00e3o","Tempo estimado de leitura":"1 minuto"},"schema":{"@context":"https:\/\/schema.org","@graph":[{"@type":"Article","@id":"https:\/\/brasilnoticias.org\/site\/suspeito-investigado-por-homicidio-e-preso-portando-armas-e-municoes-em-juazeiro\/#article","isPartOf":{"@id":"https:\/\/brasilnoticias.org\/site\/suspeito-investigado-por-homicidio-e-preso-portando-armas-e-municoes-em-juazeiro\/"},"author":{"name":"Reda\u00e7\u00e3o","@id":"https:\/\/brasilnoticias.org\/site\/#\/schema\/person\/03bbbfe6c7634ad18c26444ea39049fa"},"headline":"Suspeito investigado por homic\u00eddio \u00e9 preso portando armas e muni\u00e7\u00f5es em Juazeiro","datePublished":"2024-07-09T20:03:09+00:00","mainEntityOfPage":{"@id":"https:\/\/brasilnoticias.org\/site\/suspeito-investigado-por-homicidio-e-preso-portando-armas-e-municoes-em-juazeiro\/"},"wordCount":208,"commentCount":0,"publisher":{"@id":"https:\/\/brasilnoticias.org\/site\/#organization"},"image":{"@id":"https:\/\/brasilnoticias.org\/site\/suspeito-investigado-por-homicidio-e-preso-portando-armas-e-municoes-em-juazeiro\/#primaryimage"},"thumbnailUrl":"https:\/\/brasilnoticias.org\/site\/wp-content\/uploads\/2024\/07\/WhatsApp-Image-2024-07-09-at-16.00.38-e1720554027817.jpeg","articleSection":["Pol\u00edcia","\u00daltimas"],"inLanguage":"pt-PT","potentialAction":[{"@type":"CommentAction","name":"Comment","target":["https:\/\/brasilnoticias.org\/site\/suspeito-investigado-por-homicidio-e-preso-portando-armas-e-municoes-em-juazeiro\/#respond"]}]},{"@type":"WebPage","@id":"https:\/\/brasilnoticias.org\/site\/suspeito-investigado-por-homicidio-e-preso-portando-armas-e-municoes-em-juazeiro\/","url":"https:\/\/brasilnoticias.org\/site\/suspeito-investigado-por-homicidio-e-preso-portando-armas-e-municoes-em-juazeiro\/","name":"Suspeito investigado por homic\u00eddio \u00e9 preso portando armas e muni\u00e7\u00f5es em Juazeiro - Brasil not\u00edcias","isPartOf":{"@id":"https:\/\/brasilnoticias.org\/site\/#website"},"primaryImageOfPage":{"@id":"https:\/\/brasilnoticias.org\/site\/suspeito-investigado-por-homicidio-e-preso-portando-armas-e-municoes-em-juazeiro\/#primaryimage"},"image":{"@id":"https:\/\/brasilnoticias.org\/site\/suspeito-investigado-por-homicidio-e-preso-portando-armas-e-municoes-em-juazeiro\/#primaryimage"},"thumbnailUrl":"https:\/\/brasilnoticias.org\/site\/wp-content\/uploads\/2024\/07\/WhatsApp-Image-2024-07-09-at-16.00.38-e1720554027817.jpeg","datePublished":"2024-07-09T20:03:09+00:00","breadcrumb":{"@id":"https:\/\/brasilnoticias.org\/site\/suspeito-investigado-por-homicidio-e-preso-portando-armas-e-municoes-em-juazeiro\/#breadcrumb"},"inLanguage":"pt-PT","potentialAction":[{"@type":"ReadAction","target":["https:\/\/brasilnoticias.org\/site\/suspeito-investigado-por-homicidio-e-preso-portando-armas-e-municoes-em-juazeiro\/"]}]},{"@type":"ImageObject","inLanguage":"pt-PT","@id":"https:\/\/brasilnoticias.org\/site\/suspeito-investigado-por-homicidio-e-preso-portando-armas-e-municoes-em-juazeiro\/#primaryimage","url":"https:\/\/brasilnoticias.org\/site\/wp-content\/uploads\/2024\/07\/WhatsApp-Image-2024-07-09-at-16.00.38-e1720554027817.jpeg","contentUrl":"https:\/\/brasilnoticias.org\/site\/wp-content\/uploads\/2024\/07\/WhatsApp-Image-2024-07-09-at-16.00.38-e1720554027817.jpeg","width":959,"height":500},{"@type":"BreadcrumbList","@id":"https:\/\/brasilnoticias.org\/site\/suspeito-investigado-por-homicidio-e-preso-portando-armas-e-municoes-em-juazeiro\/#breadcrumb","itemListElement":[{"@type":"ListItem","position":1,"name":"In\u00edcio","item":"https:\/\/brasilnoticias.org\/site\/"},{"@type":"ListItem","position":2,"name":"Suspeito investigado por homic\u00eddio \u00e9 preso portando armas e muni\u00e7\u00f5es em Juazeiro"}]},{"@type":"WebSite","@id":"https:\/\/brasilnoticias.org\/site\/#website","url":"https:\/\/brasilnoticias.org\/site\/","name":"Brasil not\u00edcias","description":"Brasil not\u00edcias","publisher":{"@id":"https:\/\/brasilnoticias.org\/site\/#organization"},"potentialAction":[{"@type":"SearchAction","target":{"@type":"EntryPoint","urlTemplate":"https:\/\/brasilnoticias.org\/site\/?s={search_term_string}"},"query-input":{"@type":"PropertyValueSpecification","valueRequired":true,"valueName":"search_term_string"}}],"inLanguage":"pt-PT"},{"@type":"Organization","@id":"https:\/\/brasilnoticias.org\/site\/#organization","name":"Brasil not\u00edcias","url":"https:\/\/brasilnoticias.org\/site\/","logo":{"@type":"ImageObject","inLanguage":"pt-PT","@id":"https:\/\/brasilnoticias.org\/site\/#\/schema\/logo\/image\/","url":"https:\/\/brasilnoticias.org\/site\/wp-content\/uploads\/2022\/05\/cropped-brasilnoticias-mini.jpg","contentUrl":"https:\/\/brasilnoticias.org\/site\/wp-content\/uploads\/2022\/05\/cropped-brasilnoticias-mini.jpg","width":314,"height":86,"caption":"Brasil not\u00edcias"},"image":{"@id":"https:\/\/brasilnoticias.org\/site\/#\/schema\/logo\/image\/"}},{"@type":"Person","@id":"https:\/\/brasilnoticias.org\/site\/#\/schema\/person\/03bbbfe6c7634ad18c26444ea39049fa","name":"Reda\u00e7\u00e3o","image":{"@type":"ImageObject","inLanguage":"pt-PT","@id":"https:\/\/brasilnoticias.org\/site\/#\/schema\/person\/image\/","url":"https:\/\/secure.gravatar.com\/avatar\/9ecaf7327a696cb23ad926fedded5f1f04d7049de9e445375d55b48c001a6e42?s=96&d=mm&r=g","contentUrl":"https:\/\/secure.gravatar.com\/avatar\/9ecaf7327a696cb23ad926fedded5f1f04d7049de9e445375d55b48c001a6e42?s=96&d=mm&r=g","caption":"Reda\u00e7\u00e3o"},"url":"https:\/\/brasilnoticias.org\/site\/author\/henrique\/"}]}},"_links":{"self":[{"href":"https:\/\/brasilnoticias.org\/site\/wp-json\/wp\/v2\/posts\/14957","targetHints":{"allow":["GET"]}}],"collection":[{"href":"https:\/\/brasilnoticias.org\/site\/wp-json\/wp\/v2\/posts"}],"about":[{"href":"https:\/\/brasilnoticias.org\/site\/wp-json\/wp\/v2\/types\/post"}],"author":[{"embeddable":true,"href":"https:\/\/brasilnoticias.org\/site\/wp-json\/wp\/v2\/users\/4"}],"replies":[{"embeddable":true,"href":"https:\/\/brasilnoticias.org\/site\/wp-json\/wp\/v2\/comments?post=14957"}],"version-history":[{"count":1,"href":"https:\/\/brasilnoticias.org\/site\/wp-json\/wp\/v2\/posts\/14957\/revisions"}],"predecessor-version":[{"id":14959,"href":"https:\/\/brasilnoticias.org\/site\/wp-json\/wp\/v2\/posts\/14957\/revisions\/14959"}],"wp:featuredmedia":[{"embeddable":true,"href":"https:\/\/brasilnoticias.org\/site\/wp-json\/wp\/v2\/media\/14958"}],"wp:attachment":[{"href":"https:\/\/brasilnoticias.org\/site\/wp-json\/wp\/v2\/media?parent=14957"}],"wp:term":[{"taxonomy":"category","embeddable":true,"href":"https:\/\/brasilnoticias.org\/site\/wp-json\/wp\/v2\/categories?post=14957"},{"taxonomy":"post_tag","embeddable":true,"href":"https:\/\/brasilnoticias.org\/site\/wp-json\/wp\/v2\/tags?post=14957"}],"curies":[{"name":"wp","href":"https:\/\/api.w.org\/{rel}","templated":true}]}}