{"id":14960,"date":"2024-07-09T17:05:29","date_gmt":"2024-07-09T20:05:29","guid":{"rendered":"https:\/\/brasilnoticias.org\/site\/?p=14960"},"modified":"2024-07-09T17:05:29","modified_gmt":"2024-07-09T20:05:29","slug":"pacheco-sustenta-autonomia-do-bc-e-diz-que-debate-precisa-de-cautela-e-prudencia","status":"publish","type":"post","link":"https:\/\/brasilnoticias.org\/site\/pacheco-sustenta-autonomia-do-bc-e-diz-que-debate-precisa-de-cautela-e-prudencia\/","title":{"rendered":"Pacheco sustenta autonomia do BC e diz que debate precisa de &#8220;cautela e prud\u00eancia&#8221;"},"content":{"rendered":"<p>O senador argumentou que o tema continua sendo \u201cdecantado\u201d pela pr\u00f3pria sociedade, que ainda n\u00e3o teria se decidido a respeito da discuss\u00e3<\/p>\n<p>O presidente do Senado, Rodrigo Pacheco (PSD-MG), afirmou nesta ter\u00e7a-feira (9) que s\u00e3o necess\u00e1rias mais \u201ccautela e prud\u00eancia\u201d na discuss\u00e3o sobre a autonomia do Banco Central, pauta que divide opini\u00f5es com o Governo Federal. <\/p>\n<p>\u201cEu teria um pouco mais de cautela e prud\u00eancia em rela\u00e7\u00e3o a esse tema, ampliando o debate para os servidores do BC, sobre os agentes regulados pelo BC e o pr\u00f3prio governo federal\u201d, disse Pacheco.<\/p>\n<p>Durante a declara\u00e7\u00e3o feita em entrevista em frente ao Senado, Pacheco ainda reconheceu as cr\u00edticas feitas pelo presidente Luiz In\u00e1cio Lula da Silva (PT) ao Banco Central, mas ressaltou defender uma \u201cdiverg\u00eancia respeitosa e civilizada\u201d.<\/p>\n<p>\u201cEu considero que o m\u00e9rito \u00e9 bem razo\u00e1vel. Temos que avaliar apenas a quest\u00e3o de circunst\u00e2ncias de momento. A autonomia do BC, concebida pelo Senado Federal, esse tema ainda tem sido muito bem debatido e, por alguns, criticado. O pr\u00f3prio presidente Lula tem cr\u00edticas \u00e0 autonomia do BC\u201d, destacou. <\/p>\n<p>\u201cEu, naturalmente, j\u00e1 defendi, como defendo hoje, esse ambiente de diverg\u00eancia respeitosa e civilizada. A gente tem que preservar\u201d, disse.<\/p>\n<p>O senador argumentou que o tema continua sendo \u201cdecantado\u201d pela pr\u00f3pria sociedade, que ainda n\u00e3o teria se decidido a respeito da discuss\u00e3o. \u201cA autonomia que concebemos com um projeto de lei complementar ainda est\u00e1 em discuss\u00e3o, ainda est\u00e1 sendo decantado, at\u00e9 pela pr\u00f3pria sociedade, que n\u00e3o conseguiu se decidir, aferir se autonomia foi positiva, se gerou bons frutos\u201d, completou Pacheco.<\/p>\n<p>Foto: Geraldo Magela\/Ag\u00eancia Senado<br \/>\nPor: Metro1<\/p>\n","protected":false},"excerpt":{"rendered":"<p>O senador argumentou que o tema continua sendo \u201cdecantado\u201d pela pr\u00f3pria sociedade, que ainda n\u00e3o teria se decidido a respeito<\/p>\n","protected":false},"author":4,"featured_media":14961,"comment_status":"open","ping_status":"open","sticky":false,"template":"","format":"standard","meta":{"colormag_page_container_layout":"default_layout","colormag_page_sidebar_layout":"default_layout","_FSMCFIC_featured_image_caption":"","_FSMCFIC_featured_image_nocaption":"","_FSMCFIC_featured_image_hide":"","footnotes":""},"categories":[5,1],"tags":[],"class_list":["post-14960","post","type-post","status-publish","format-standard","has-post-thumbnail","hentry","category-politica","category-ultimas"],"yoast_head":"<!-- This site is optimized with the Yoast SEO plugin v27.1.1 - https:\/\/yoast.com\/product\/yoast-seo-wordpress\/ -->\n<title>Pacheco sustenta autonomia do BC e diz que debate precisa de &quot;cautela e prud\u00eancia&quot; - Brasil not\u00edcias<\/title>\n<meta name=\"robots\" content=\"index, follow, max-snippet:-1, max-image-preview:large, max-video-preview:-1\" \/>\n<link rel=\"canonical\" href=\"https:\/\/brasilnoticias.org\/site\/pacheco-sustenta-autonomia-do-bc-e-diz-que-debate-precisa-de-cautela-e-prudencia\/\" \/>\n<meta property=\"og:locale\" content=\"pt_PT\" \/>\n<meta property=\"og:type\" content=\"article\" \/>\n<meta property=\"og:title\" content=\"Pacheco sustenta autonomia do BC e diz que debate precisa de &quot;cautela e prud\u00eancia&quot; - Brasil not\u00edcias\" \/>\n<meta property=\"og:description\" content=\"O senador argumentou que o tema continua sendo \u201cdecantado\u201d pela pr\u00f3pria sociedade, que ainda n\u00e3o teria se decidido a respeito\" \/>\n<meta property=\"og:url\" content=\"https:\/\/brasilnoticias.org\/site\/pacheco-sustenta-autonomia-do-bc-e-diz-que-debate-precisa-de-cautela-e-prudencia\/\" \/>\n<meta property=\"og:site_name\" content=\"Brasil not\u00edcias\" \/>\n<meta property=\"article:published_time\" content=\"2024-07-09T20:05:29+00:00\" \/>\n<meta property=\"og:image\" content=\"https:\/\/brasilnoticias.org\/site\/wp-content\/uploads\/2024\/07\/152583pacheco-sustenta-autonomia-do-bc-e-diz-que-debate-precisa-de-cautela-e-prudencia-3.jpg\" \/>\n\t<meta property=\"og:image:width\" content=\"1600\" \/>\n\t<meta property=\"og:image:height\" content=\"752\" \/>\n\t<meta property=\"og:image:type\" content=\"image\/jpeg\" \/>\n<meta name=\"author\" content=\"Reda\u00e7\u00e3o\" \/>\n<meta name=\"twitter:card\" content=\"summary_large_image\" \/>\n<meta name=\"twitter:label1\" content=\"Escrito por\" \/>\n\t<meta name=\"twitter:data1\" content=\"Reda\u00e7\u00e3o\" \/>\n\t<meta name=\"twitter:label2\" content=\"Tempo estimado de leitura\" \/>\n\t<meta name=\"twitter:data2\" content=\"1 minuto\" \/>\n<script type=\"application\/ld+json\" class=\"yoast-schema-graph\">{\"@context\":\"https:\/\/schema.org\",\"@graph\":[{\"@type\":\"Article\",\"@id\":\"https:\/\/brasilnoticias.org\/site\/pacheco-sustenta-autonomia-do-bc-e-diz-que-debate-precisa-de-cautela-e-prudencia\/#article\",\"isPartOf\":{\"@id\":\"https:\/\/brasilnoticias.org\/site\/pacheco-sustenta-autonomia-do-bc-e-diz-que-debate-precisa-de-cautela-e-prudencia\/\"},\"author\":{\"name\":\"Reda\u00e7\u00e3o\",\"@id\":\"https:\/\/brasilnoticias.org\/site\/#\/schema\/person\/03bbbfe6c7634ad18c26444ea39049fa\"},\"headline\":\"Pacheco sustenta autonomia do BC e diz que debate precisa de &#8220;cautela e prud\u00eancia&#8221;\",\"datePublished\":\"2024-07-09T20:05:29+00:00\",\"mainEntityOfPage\":{\"@id\":\"https:\/\/brasilnoticias.org\/site\/pacheco-sustenta-autonomia-do-bc-e-diz-que-debate-precisa-de-cautela-e-prudencia\/\"},\"wordCount\":303,\"commentCount\":0,\"publisher\":{\"@id\":\"https:\/\/brasilnoticias.org\/site\/#organization\"},\"image\":{\"@id\":\"https:\/\/brasilnoticias.org\/site\/pacheco-sustenta-autonomia-do-bc-e-diz-que-debate-precisa-de-cautela-e-prudencia\/#primaryimage\"},\"thumbnailUrl\":\"https:\/\/brasilnoticias.org\/site\/wp-content\/uploads\/2024\/07\/152583pacheco-sustenta-autonomia-do-bc-e-diz-que-debate-precisa-de-cautela-e-prudencia-3.jpg\",\"articleSection\":[\"Pol\u00edtica\",\"\u00daltimas\"],\"inLanguage\":\"pt-PT\",\"potentialAction\":[{\"@type\":\"CommentAction\",\"name\":\"Comment\",\"target\":[\"https:\/\/brasilnoticias.org\/site\/pacheco-sustenta-autonomia-do-bc-e-diz-que-debate-precisa-de-cautela-e-prudencia\/#respond\"]}]},{\"@type\":\"WebPage\",\"@id\":\"https:\/\/brasilnoticias.org\/site\/pacheco-sustenta-autonomia-do-bc-e-diz-que-debate-precisa-de-cautela-e-prudencia\/\",\"url\":\"https:\/\/brasilnoticias.org\/site\/pacheco-sustenta-autonomia-do-bc-e-diz-que-debate-precisa-de-cautela-e-prudencia\/\",\"name\":\"Pacheco sustenta autonomia do BC e diz que debate precisa de \\\"cautela e prud\u00eancia\\\" - Brasil not\u00edcias\",\"isPartOf\":{\"@id\":\"https:\/\/brasilnoticias.org\/site\/#website\"},\"primaryImageOfPage\":{\"@id\":\"https:\/\/brasilnoticias.org\/site\/pacheco-sustenta-autonomia-do-bc-e-diz-que-debate-precisa-de-cautela-e-prudencia\/#primaryimage\"},\"image\":{\"@id\":\"https:\/\/brasilnoticias.org\/site\/pacheco-sustenta-autonomia-do-bc-e-diz-que-debate-precisa-de-cautela-e-prudencia\/#primaryimage\"},\"thumbnailUrl\":\"https:\/\/brasilnoticias.org\/site\/wp-content\/uploads\/2024\/07\/152583pacheco-sustenta-autonomia-do-bc-e-diz-que-debate-precisa-de-cautela-e-prudencia-3.jpg\",\"datePublished\":\"2024-07-09T20:05:29+00:00\",\"breadcrumb\":{\"@id\":\"https:\/\/brasilnoticias.org\/site\/pacheco-sustenta-autonomia-do-bc-e-diz-que-debate-precisa-de-cautela-e-prudencia\/#breadcrumb\"},\"inLanguage\":\"pt-PT\",\"potentialAction\":[{\"@type\":\"ReadAction\",\"target\":[\"https:\/\/brasilnoticias.org\/site\/pacheco-sustenta-autonomia-do-bc-e-diz-que-debate-precisa-de-cautela-e-prudencia\/\"]}]},{\"@type\":\"ImageObject\",\"inLanguage\":\"pt-PT\",\"@id\":\"https:\/\/brasilnoticias.org\/site\/pacheco-sustenta-autonomia-do-bc-e-diz-que-debate-precisa-de-cautela-e-prudencia\/#primaryimage\",\"url\":\"https:\/\/brasilnoticias.org\/site\/wp-content\/uploads\/2024\/07\/152583pacheco-sustenta-autonomia-do-bc-e-diz-que-debate-precisa-de-cautela-e-prudencia-3.jpg\",\"contentUrl\":\"https:\/\/brasilnoticias.org\/site\/wp-content\/uploads\/2024\/07\/152583pacheco-sustenta-autonomia-do-bc-e-diz-que-debate-precisa-de-cautela-e-prudencia-3.jpg\",\"width\":1600,\"height\":752},{\"@type\":\"BreadcrumbList\",\"@id\":\"https:\/\/brasilnoticias.org\/site\/pacheco-sustenta-autonomia-do-bc-e-diz-que-debate-precisa-de-cautela-e-prudencia\/#breadcrumb\",\"itemListElement\":[{\"@type\":\"ListItem\",\"position\":1,\"name\":\"In\u00edcio\",\"item\":\"https:\/\/brasilnoticias.org\/site\/\"},{\"@type\":\"ListItem\",\"position\":2,\"name\":\"Pacheco sustenta autonomia do BC e diz que debate precisa de &#8220;cautela e prud\u00eancia&#8221;\"}]},{\"@type\":\"WebSite\",\"@id\":\"https:\/\/brasilnoticias.org\/site\/#website\",\"url\":\"https:\/\/brasilnoticias.org\/site\/\",\"name\":\"Brasil not\u00edcias\",\"description\":\"Brasil not\u00edcias\",\"publisher\":{\"@id\":\"https:\/\/brasilnoticias.org\/site\/#organization\"},\"potentialAction\":[{\"@type\":\"SearchAction\",\"target\":{\"@type\":\"EntryPoint\",\"urlTemplate\":\"https:\/\/brasilnoticias.org\/site\/?s={search_term_string}\"},\"query-input\":{\"@type\":\"PropertyValueSpecification\",\"valueRequired\":true,\"valueName\":\"search_term_string\"}}],\"inLanguage\":\"pt-PT\"},{\"@type\":\"Organization\",\"@id\":\"https:\/\/brasilnoticias.org\/site\/#organization\",\"name\":\"Brasil not\u00edcias\",\"url\":\"https:\/\/brasilnoticias.org\/site\/\",\"logo\":{\"@type\":\"ImageObject\",\"inLanguage\":\"pt-PT\",\"@id\":\"https:\/\/brasilnoticias.org\/site\/#\/schema\/logo\/image\/\",\"url\":\"https:\/\/brasilnoticias.org\/site\/wp-content\/uploads\/2022\/05\/cropped-brasilnoticias-mini.jpg\",\"contentUrl\":\"https:\/\/brasilnoticias.org\/site\/wp-content\/uploads\/2022\/05\/cropped-brasilnoticias-mini.jpg\",\"width\":314,\"height\":86,\"caption\":\"Brasil not\u00edcias\"},\"image\":{\"@id\":\"https:\/\/brasilnoticias.org\/site\/#\/schema\/logo\/image\/\"}},{\"@type\":\"Person\",\"@id\":\"https:\/\/brasilnoticias.org\/site\/#\/schema\/person\/03bbbfe6c7634ad18c26444ea39049fa\",\"name\":\"Reda\u00e7\u00e3o\",\"image\":{\"@type\":\"ImageObject\",\"inLanguage\":\"pt-PT\",\"@id\":\"https:\/\/brasilnoticias.org\/site\/#\/schema\/person\/image\/\",\"url\":\"https:\/\/secure.gravatar.com\/avatar\/9ecaf7327a696cb23ad926fedded5f1f04d7049de9e445375d55b48c001a6e42?s=96&d=mm&r=g\",\"contentUrl\":\"https:\/\/secure.gravatar.com\/avatar\/9ecaf7327a696cb23ad926fedded5f1f04d7049de9e445375d55b48c001a6e42?s=96&d=mm&r=g\",\"caption\":\"Reda\u00e7\u00e3o\"},\"url\":\"https:\/\/brasilnoticias.org\/site\/author\/henrique\/\"}]}<\/script>\n<!-- \/ Yoast SEO plugin. -->","yoast_head_json":{"title":"Pacheco sustenta autonomia do BC e diz que debate precisa de \"cautela e prud\u00eancia\" - Brasil not\u00edcias","robots":{"index":"index","follow":"follow","max-snippet":"max-snippet:-1","max-image-preview":"max-image-preview:large","max-video-preview":"max-video-preview:-1"},"canonical":"https:\/\/brasilnoticias.org\/site\/pacheco-sustenta-autonomia-do-bc-e-diz-que-debate-precisa-de-cautela-e-prudencia\/","og_locale":"pt_PT","og_type":"article","og_title":"Pacheco sustenta autonomia do BC e diz que debate precisa de \"cautela e prud\u00eancia\" - Brasil not\u00edcias","og_description":"O senador argumentou que o tema continua sendo \u201cdecantado\u201d pela pr\u00f3pria sociedade, que ainda n\u00e3o teria se decidido a respeito","og_url":"https:\/\/brasilnoticias.org\/site\/pacheco-sustenta-autonomia-do-bc-e-diz-que-debate-precisa-de-cautela-e-prudencia\/","og_site_name":"Brasil not\u00edcias","article_published_time":"2024-07-09T20:05:29+00:00","og_image":[{"width":1600,"height":752,"url":"https:\/\/brasilnoticias.org\/site\/wp-content\/uploads\/2024\/07\/152583pacheco-sustenta-autonomia-do-bc-e-diz-que-debate-precisa-de-cautela-e-prudencia-3.jpg","type":"image\/jpeg"}],"author":"Reda\u00e7\u00e3o","twitter_card":"summary_large_image","twitter_misc":{"Escrito por":"Reda\u00e7\u00e3o","Tempo estimado de leitura":"1 minuto"},"schema":{"@context":"https:\/\/schema.org","@graph":[{"@type":"Article","@id":"https:\/\/brasilnoticias.org\/site\/pacheco-sustenta-autonomia-do-bc-e-diz-que-debate-precisa-de-cautela-e-prudencia\/#article","isPartOf":{"@id":"https:\/\/brasilnoticias.org\/site\/pacheco-sustenta-autonomia-do-bc-e-diz-que-debate-precisa-de-cautela-e-prudencia\/"},"author":{"name":"Reda\u00e7\u00e3o","@id":"https:\/\/brasilnoticias.org\/site\/#\/schema\/person\/03bbbfe6c7634ad18c26444ea39049fa"},"headline":"Pacheco sustenta autonomia do BC e diz que debate precisa de &#8220;cautela e prud\u00eancia&#8221;","datePublished":"2024-07-09T20:05:29+00:00","mainEntityOfPage":{"@id":"https:\/\/brasilnoticias.org\/site\/pacheco-sustenta-autonomia-do-bc-e-diz-que-debate-precisa-de-cautela-e-prudencia\/"},"wordCount":303,"commentCount":0,"publisher":{"@id":"https:\/\/brasilnoticias.org\/site\/#organization"},"image":{"@id":"https:\/\/brasilnoticias.org\/site\/pacheco-sustenta-autonomia-do-bc-e-diz-que-debate-precisa-de-cautela-e-prudencia\/#primaryimage"},"thumbnailUrl":"https:\/\/brasilnoticias.org\/site\/wp-content\/uploads\/2024\/07\/152583pacheco-sustenta-autonomia-do-bc-e-diz-que-debate-precisa-de-cautela-e-prudencia-3.jpg","articleSection":["Pol\u00edtica","\u00daltimas"],"inLanguage":"pt-PT","potentialAction":[{"@type":"CommentAction","name":"Comment","target":["https:\/\/brasilnoticias.org\/site\/pacheco-sustenta-autonomia-do-bc-e-diz-que-debate-precisa-de-cautela-e-prudencia\/#respond"]}]},{"@type":"WebPage","@id":"https:\/\/brasilnoticias.org\/site\/pacheco-sustenta-autonomia-do-bc-e-diz-que-debate-precisa-de-cautela-e-prudencia\/","url":"https:\/\/brasilnoticias.org\/site\/pacheco-sustenta-autonomia-do-bc-e-diz-que-debate-precisa-de-cautela-e-prudencia\/","name":"Pacheco sustenta autonomia do BC e diz que debate precisa de \"cautela e prud\u00eancia\" - Brasil not\u00edcias","isPartOf":{"@id":"https:\/\/brasilnoticias.org\/site\/#website"},"primaryImageOfPage":{"@id":"https:\/\/brasilnoticias.org\/site\/pacheco-sustenta-autonomia-do-bc-e-diz-que-debate-precisa-de-cautela-e-prudencia\/#primaryimage"},"image":{"@id":"https:\/\/brasilnoticias.org\/site\/pacheco-sustenta-autonomia-do-bc-e-diz-que-debate-precisa-de-cautela-e-prudencia\/#primaryimage"},"thumbnailUrl":"https:\/\/brasilnoticias.org\/site\/wp-content\/uploads\/2024\/07\/152583pacheco-sustenta-autonomia-do-bc-e-diz-que-debate-precisa-de-cautela-e-prudencia-3.jpg","datePublished":"2024-07-09T20:05:29+00:00","breadcrumb":{"@id":"https:\/\/brasilnoticias.org\/site\/pacheco-sustenta-autonomia-do-bc-e-diz-que-debate-precisa-de-cautela-e-prudencia\/#breadcrumb"},"inLanguage":"pt-PT","potentialAction":[{"@type":"ReadAction","target":["https:\/\/brasilnoticias.org\/site\/pacheco-sustenta-autonomia-do-bc-e-diz-que-debate-precisa-de-cautela-e-prudencia\/"]}]},{"@type":"ImageObject","inLanguage":"pt-PT","@id":"https:\/\/brasilnoticias.org\/site\/pacheco-sustenta-autonomia-do-bc-e-diz-que-debate-precisa-de-cautela-e-prudencia\/#primaryimage","url":"https:\/\/brasilnoticias.org\/site\/wp-content\/uploads\/2024\/07\/152583pacheco-sustenta-autonomia-do-bc-e-diz-que-debate-precisa-de-cautela-e-prudencia-3.jpg","contentUrl":"https:\/\/brasilnoticias.org\/site\/wp-content\/uploads\/2024\/07\/152583pacheco-sustenta-autonomia-do-bc-e-diz-que-debate-precisa-de-cautela-e-prudencia-3.jpg","width":1600,"height":752},{"@type":"BreadcrumbList","@id":"https:\/\/brasilnoticias.org\/site\/pacheco-sustenta-autonomia-do-bc-e-diz-que-debate-precisa-de-cautela-e-prudencia\/#breadcrumb","itemListElement":[{"@type":"ListItem","position":1,"name":"In\u00edcio","item":"https:\/\/brasilnoticias.org\/site\/"},{"@type":"ListItem","position":2,"name":"Pacheco sustenta autonomia do BC e diz que debate precisa de &#8220;cautela e prud\u00eancia&#8221;"}]},{"@type":"WebSite","@id":"https:\/\/brasilnoticias.org\/site\/#website","url":"https:\/\/brasilnoticias.org\/site\/","name":"Brasil not\u00edcias","description":"Brasil not\u00edcias","publisher":{"@id":"https:\/\/brasilnoticias.org\/site\/#organization"},"potentialAction":[{"@type":"SearchAction","target":{"@type":"EntryPoint","urlTemplate":"https:\/\/brasilnoticias.org\/site\/?s={search_term_string}"},"query-input":{"@type":"PropertyValueSpecification","valueRequired":true,"valueName":"search_term_string"}}],"inLanguage":"pt-PT"},{"@type":"Organization","@id":"https:\/\/brasilnoticias.org\/site\/#organization","name":"Brasil not\u00edcias","url":"https:\/\/brasilnoticias.org\/site\/","logo":{"@type":"ImageObject","inLanguage":"pt-PT","@id":"https:\/\/brasilnoticias.org\/site\/#\/schema\/logo\/image\/","url":"https:\/\/brasilnoticias.org\/site\/wp-content\/uploads\/2022\/05\/cropped-brasilnoticias-mini.jpg","contentUrl":"https:\/\/brasilnoticias.org\/site\/wp-content\/uploads\/2022\/05\/cropped-brasilnoticias-mini.jpg","width":314,"height":86,"caption":"Brasil not\u00edcias"},"image":{"@id":"https:\/\/brasilnoticias.org\/site\/#\/schema\/logo\/image\/"}},{"@type":"Person","@id":"https:\/\/brasilnoticias.org\/site\/#\/schema\/person\/03bbbfe6c7634ad18c26444ea39049fa","name":"Reda\u00e7\u00e3o","image":{"@type":"ImageObject","inLanguage":"pt-PT","@id":"https:\/\/brasilnoticias.org\/site\/#\/schema\/person\/image\/","url":"https:\/\/secure.gravatar.com\/avatar\/9ecaf7327a696cb23ad926fedded5f1f04d7049de9e445375d55b48c001a6e42?s=96&d=mm&r=g","contentUrl":"https:\/\/secure.gravatar.com\/avatar\/9ecaf7327a696cb23ad926fedded5f1f04d7049de9e445375d55b48c001a6e42?s=96&d=mm&r=g","caption":"Reda\u00e7\u00e3o"},"url":"https:\/\/brasilnoticias.org\/site\/author\/henrique\/"}]}},"_links":{"self":[{"href":"https:\/\/brasilnoticias.org\/site\/wp-json\/wp\/v2\/posts\/14960","targetHints":{"allow":["GET"]}}],"collection":[{"href":"https:\/\/brasilnoticias.org\/site\/wp-json\/wp\/v2\/posts"}],"about":[{"href":"https:\/\/brasilnoticias.org\/site\/wp-json\/wp\/v2\/types\/post"}],"author":[{"embeddable":true,"href":"https:\/\/brasilnoticias.org\/site\/wp-json\/wp\/v2\/users\/4"}],"replies":[{"embeddable":true,"href":"https:\/\/brasilnoticias.org\/site\/wp-json\/wp\/v2\/comments?post=14960"}],"version-history":[{"count":1,"href":"https:\/\/brasilnoticias.org\/site\/wp-json\/wp\/v2\/posts\/14960\/revisions"}],"predecessor-version":[{"id":14962,"href":"https:\/\/brasilnoticias.org\/site\/wp-json\/wp\/v2\/posts\/14960\/revisions\/14962"}],"wp:featuredmedia":[{"embeddable":true,"href":"https:\/\/brasilnoticias.org\/site\/wp-json\/wp\/v2\/media\/14961"}],"wp:attachment":[{"href":"https:\/\/brasilnoticias.org\/site\/wp-json\/wp\/v2\/media?parent=14960"}],"wp:term":[{"taxonomy":"category","embeddable":true,"href":"https:\/\/brasilnoticias.org\/site\/wp-json\/wp\/v2\/categories?post=14960"},{"taxonomy":"post_tag","embeddable":true,"href":"https:\/\/brasilnoticias.org\/site\/wp-json\/wp\/v2\/tags?post=14960"}],"curies":[{"name":"wp","href":"https:\/\/api.w.org\/{rel}","templated":true}]}}