{"id":14963,"date":"2024-07-09T17:07:34","date_gmt":"2024-07-09T20:07:34","guid":{"rendered":"https:\/\/brasilnoticias.org\/site\/?p=14963"},"modified":"2024-07-09T17:07:34","modified_gmt":"2024-07-09T20:07:34","slug":"comissao-do-senado-adia-votacao-do-pl-da-inteligencia-artificial","status":"publish","type":"post","link":"https:\/\/brasilnoticias.org\/site\/comissao-do-senado-adia-votacao-do-pl-da-inteligencia-artificial\/","title":{"rendered":"Comiss\u00e3o do Senado adia vota\u00e7\u00e3o do PL da Intelig\u00eancia Artificial"},"content":{"rendered":"<p>Relator diz que n\u00e3o h\u00e1 pressa e que conversas v\u00e3o continuar<\/p>\n<p>A Comiss\u00e3o Tempor\u00e1ria  sobre Intelig\u00eancia Artificial (CTIA) do Senado Federal vai adiar a aprecia\u00e7\u00e3o do substitutivo do Projeto de Lei (PL) que regulamenta o uso da intelig\u00eancia artificial no Brasil. N\u00e3o h\u00e1 consenso entre os parlamentares do colegiado para a vota\u00e7\u00e3o.<\/p>\n<p>A proposta s\u00f3 dever\u00e1 ser apreciada na comiss\u00e3o ap\u00f3s o t\u00e9rmino do recesso parlamentar, que vai do dia 18 ao dia 31 deste m\u00eas, conforme informaram \u00e0 Ag\u00eancia Brasil as assessorias do presidente da comiss\u00e3o e do relator da mat\u00e9ria, respectivamente, os senadores Carlos Viana (Podemos-MG) e Eduardo Gomes (PL-TO).<\/p>\n<p>Este \u00e9 o segundo adiamento. A vota\u00e7\u00e3o deveria ter ocorrido no \u00faltimo dia 4, mas foi adiada para atualiza\u00e7\u00e3o do texto do projeto feita pelo relator. A CTIA \u00e9 a \u00fanica comiss\u00e3o que analisar\u00e1 o PL antes da ida deste ao plen\u00e1rio do Senado. Se aprovado na Casa, o texto ser\u00e1 encaminhado para a C\u00e2mara dos Deputados. O adiamento contraria a expectativa do presidente do Senado, Rodrigo Pacheco (PSD-MG), autor do PL, proposto em maio de 2023.<\/p>\n<p>Foto: Lula Marques\/Ag\u00eancia Brasil<br \/>\nPor: Metro1<\/p>\n","protected":false},"excerpt":{"rendered":"<p>Relator diz que n\u00e3o h\u00e1 pressa e que conversas v\u00e3o continuar A Comiss\u00e3o Tempor\u00e1ria sobre Intelig\u00eancia Artificial (CTIA) do Senado<\/p>\n","protected":false},"author":4,"featured_media":14964,"comment_status":"open","ping_status":"open","sticky":false,"template":"","format":"standard","meta":{"colormag_page_container_layout":"default_layout","colormag_page_sidebar_layout":"default_layout","_FSMCFIC_featured_image_caption":"","_FSMCFIC_featured_image_nocaption":"","_FSMCFIC_featured_image_hide":"","footnotes":""},"categories":[5,1],"tags":[],"class_list":["post-14963","post","type-post","status-publish","format-standard","has-post-thumbnail","hentry","category-politica","category-ultimas"],"yoast_head":"<!-- This site is optimized with the Yoast SEO plugin v27.1.1 - https:\/\/yoast.com\/product\/yoast-seo-wordpress\/ -->\n<title>Comiss\u00e3o do Senado adia vota\u00e7\u00e3o do PL da Intelig\u00eancia Artificial - Brasil not\u00edcias<\/title>\n<meta name=\"robots\" content=\"index, follow, max-snippet:-1, max-image-preview:large, max-video-preview:-1\" \/>\n<link rel=\"canonical\" href=\"https:\/\/brasilnoticias.org\/site\/comissao-do-senado-adia-votacao-do-pl-da-inteligencia-artificial\/\" \/>\n<meta property=\"og:locale\" content=\"pt_PT\" \/>\n<meta property=\"og:type\" content=\"article\" \/>\n<meta property=\"og:title\" content=\"Comiss\u00e3o do Senado adia vota\u00e7\u00e3o do PL da Intelig\u00eancia Artificial - Brasil not\u00edcias\" \/>\n<meta property=\"og:description\" content=\"Relator diz que n\u00e3o h\u00e1 pressa e que conversas v\u00e3o continuar A Comiss\u00e3o Tempor\u00e1ria sobre Intelig\u00eancia Artificial (CTIA) do Senado\" \/>\n<meta property=\"og:url\" content=\"https:\/\/brasilnoticias.org\/site\/comissao-do-senado-adia-votacao-do-pl-da-inteligencia-artificial\/\" \/>\n<meta property=\"og:site_name\" content=\"Brasil not\u00edcias\" \/>\n<meta property=\"article:published_time\" content=\"2024-07-09T20:07:34+00:00\" \/>\n<meta property=\"og:image\" content=\"https:\/\/brasilnoticias.org\/site\/wp-content\/uploads\/2024\/07\/152582comissao-do-senado-adia-votacao-do-pl-da-inteligencia-artificial-3.jpg\" \/>\n\t<meta property=\"og:image:width\" content=\"1600\" \/>\n\t<meta property=\"og:image:height\" content=\"752\" \/>\n\t<meta property=\"og:image:type\" content=\"image\/jpeg\" \/>\n<meta name=\"author\" content=\"Reda\u00e7\u00e3o\" \/>\n<meta name=\"twitter:card\" content=\"summary_large_image\" \/>\n<meta name=\"twitter:label1\" content=\"Escrito por\" \/>\n\t<meta name=\"twitter:data1\" content=\"Reda\u00e7\u00e3o\" \/>\n\t<meta name=\"twitter:label2\" content=\"Tempo estimado de leitura\" \/>\n\t<meta name=\"twitter:data2\" content=\"1 minuto\" \/>\n<script type=\"application\/ld+json\" class=\"yoast-schema-graph\">{\"@context\":\"https:\/\/schema.org\",\"@graph\":[{\"@type\":\"Article\",\"@id\":\"https:\/\/brasilnoticias.org\/site\/comissao-do-senado-adia-votacao-do-pl-da-inteligencia-artificial\/#article\",\"isPartOf\":{\"@id\":\"https:\/\/brasilnoticias.org\/site\/comissao-do-senado-adia-votacao-do-pl-da-inteligencia-artificial\/\"},\"author\":{\"name\":\"Reda\u00e7\u00e3o\",\"@id\":\"https:\/\/brasilnoticias.org\/site\/#\/schema\/person\/03bbbfe6c7634ad18c26444ea39049fa\"},\"headline\":\"Comiss\u00e3o do Senado adia vota\u00e7\u00e3o do PL da Intelig\u00eancia Artificial\",\"datePublished\":\"2024-07-09T20:07:34+00:00\",\"mainEntityOfPage\":{\"@id\":\"https:\/\/brasilnoticias.org\/site\/comissao-do-senado-adia-votacao-do-pl-da-inteligencia-artificial\/\"},\"wordCount\":214,\"commentCount\":0,\"publisher\":{\"@id\":\"https:\/\/brasilnoticias.org\/site\/#organization\"},\"image\":{\"@id\":\"https:\/\/brasilnoticias.org\/site\/comissao-do-senado-adia-votacao-do-pl-da-inteligencia-artificial\/#primaryimage\"},\"thumbnailUrl\":\"https:\/\/brasilnoticias.org\/site\/wp-content\/uploads\/2024\/07\/152582comissao-do-senado-adia-votacao-do-pl-da-inteligencia-artificial-3.jpg\",\"articleSection\":[\"Pol\u00edtica\",\"\u00daltimas\"],\"inLanguage\":\"pt-PT\",\"potentialAction\":[{\"@type\":\"CommentAction\",\"name\":\"Comment\",\"target\":[\"https:\/\/brasilnoticias.org\/site\/comissao-do-senado-adia-votacao-do-pl-da-inteligencia-artificial\/#respond\"]}]},{\"@type\":\"WebPage\",\"@id\":\"https:\/\/brasilnoticias.org\/site\/comissao-do-senado-adia-votacao-do-pl-da-inteligencia-artificial\/\",\"url\":\"https:\/\/brasilnoticias.org\/site\/comissao-do-senado-adia-votacao-do-pl-da-inteligencia-artificial\/\",\"name\":\"Comiss\u00e3o do Senado adia vota\u00e7\u00e3o do PL da Intelig\u00eancia Artificial - Brasil not\u00edcias\",\"isPartOf\":{\"@id\":\"https:\/\/brasilnoticias.org\/site\/#website\"},\"primaryImageOfPage\":{\"@id\":\"https:\/\/brasilnoticias.org\/site\/comissao-do-senado-adia-votacao-do-pl-da-inteligencia-artificial\/#primaryimage\"},\"image\":{\"@id\":\"https:\/\/brasilnoticias.org\/site\/comissao-do-senado-adia-votacao-do-pl-da-inteligencia-artificial\/#primaryimage\"},\"thumbnailUrl\":\"https:\/\/brasilnoticias.org\/site\/wp-content\/uploads\/2024\/07\/152582comissao-do-senado-adia-votacao-do-pl-da-inteligencia-artificial-3.jpg\",\"datePublished\":\"2024-07-09T20:07:34+00:00\",\"breadcrumb\":{\"@id\":\"https:\/\/brasilnoticias.org\/site\/comissao-do-senado-adia-votacao-do-pl-da-inteligencia-artificial\/#breadcrumb\"},\"inLanguage\":\"pt-PT\",\"potentialAction\":[{\"@type\":\"ReadAction\",\"target\":[\"https:\/\/brasilnoticias.org\/site\/comissao-do-senado-adia-votacao-do-pl-da-inteligencia-artificial\/\"]}]},{\"@type\":\"ImageObject\",\"inLanguage\":\"pt-PT\",\"@id\":\"https:\/\/brasilnoticias.org\/site\/comissao-do-senado-adia-votacao-do-pl-da-inteligencia-artificial\/#primaryimage\",\"url\":\"https:\/\/brasilnoticias.org\/site\/wp-content\/uploads\/2024\/07\/152582comissao-do-senado-adia-votacao-do-pl-da-inteligencia-artificial-3.jpg\",\"contentUrl\":\"https:\/\/brasilnoticias.org\/site\/wp-content\/uploads\/2024\/07\/152582comissao-do-senado-adia-votacao-do-pl-da-inteligencia-artificial-3.jpg\",\"width\":1600,\"height\":752},{\"@type\":\"BreadcrumbList\",\"@id\":\"https:\/\/brasilnoticias.org\/site\/comissao-do-senado-adia-votacao-do-pl-da-inteligencia-artificial\/#breadcrumb\",\"itemListElement\":[{\"@type\":\"ListItem\",\"position\":1,\"name\":\"In\u00edcio\",\"item\":\"https:\/\/brasilnoticias.org\/site\/\"},{\"@type\":\"ListItem\",\"position\":2,\"name\":\"Comiss\u00e3o do Senado adia vota\u00e7\u00e3o do PL da Intelig\u00eancia Artificial\"}]},{\"@type\":\"WebSite\",\"@id\":\"https:\/\/brasilnoticias.org\/site\/#website\",\"url\":\"https:\/\/brasilnoticias.org\/site\/\",\"name\":\"Brasil not\u00edcias\",\"description\":\"Brasil not\u00edcias\",\"publisher\":{\"@id\":\"https:\/\/brasilnoticias.org\/site\/#organization\"},\"potentialAction\":[{\"@type\":\"SearchAction\",\"target\":{\"@type\":\"EntryPoint\",\"urlTemplate\":\"https:\/\/brasilnoticias.org\/site\/?s={search_term_string}\"},\"query-input\":{\"@type\":\"PropertyValueSpecification\",\"valueRequired\":true,\"valueName\":\"search_term_string\"}}],\"inLanguage\":\"pt-PT\"},{\"@type\":\"Organization\",\"@id\":\"https:\/\/brasilnoticias.org\/site\/#organization\",\"name\":\"Brasil not\u00edcias\",\"url\":\"https:\/\/brasilnoticias.org\/site\/\",\"logo\":{\"@type\":\"ImageObject\",\"inLanguage\":\"pt-PT\",\"@id\":\"https:\/\/brasilnoticias.org\/site\/#\/schema\/logo\/image\/\",\"url\":\"https:\/\/brasilnoticias.org\/site\/wp-content\/uploads\/2022\/05\/cropped-brasilnoticias-mini.jpg\",\"contentUrl\":\"https:\/\/brasilnoticias.org\/site\/wp-content\/uploads\/2022\/05\/cropped-brasilnoticias-mini.jpg\",\"width\":314,\"height\":86,\"caption\":\"Brasil not\u00edcias\"},\"image\":{\"@id\":\"https:\/\/brasilnoticias.org\/site\/#\/schema\/logo\/image\/\"}},{\"@type\":\"Person\",\"@id\":\"https:\/\/brasilnoticias.org\/site\/#\/schema\/person\/03bbbfe6c7634ad18c26444ea39049fa\",\"name\":\"Reda\u00e7\u00e3o\",\"image\":{\"@type\":\"ImageObject\",\"inLanguage\":\"pt-PT\",\"@id\":\"https:\/\/brasilnoticias.org\/site\/#\/schema\/person\/image\/\",\"url\":\"https:\/\/secure.gravatar.com\/avatar\/9ecaf7327a696cb23ad926fedded5f1f04d7049de9e445375d55b48c001a6e42?s=96&d=mm&r=g\",\"contentUrl\":\"https:\/\/secure.gravatar.com\/avatar\/9ecaf7327a696cb23ad926fedded5f1f04d7049de9e445375d55b48c001a6e42?s=96&d=mm&r=g\",\"caption\":\"Reda\u00e7\u00e3o\"},\"url\":\"https:\/\/brasilnoticias.org\/site\/author\/henrique\/\"}]}<\/script>\n<!-- \/ Yoast SEO plugin. -->","yoast_head_json":{"title":"Comiss\u00e3o do Senado adia vota\u00e7\u00e3o do PL da Intelig\u00eancia Artificial - Brasil not\u00edcias","robots":{"index":"index","follow":"follow","max-snippet":"max-snippet:-1","max-image-preview":"max-image-preview:large","max-video-preview":"max-video-preview:-1"},"canonical":"https:\/\/brasilnoticias.org\/site\/comissao-do-senado-adia-votacao-do-pl-da-inteligencia-artificial\/","og_locale":"pt_PT","og_type":"article","og_title":"Comiss\u00e3o do Senado adia vota\u00e7\u00e3o do PL da Intelig\u00eancia Artificial - Brasil not\u00edcias","og_description":"Relator diz que n\u00e3o h\u00e1 pressa e que conversas v\u00e3o continuar A Comiss\u00e3o Tempor\u00e1ria sobre Intelig\u00eancia Artificial (CTIA) do Senado","og_url":"https:\/\/brasilnoticias.org\/site\/comissao-do-senado-adia-votacao-do-pl-da-inteligencia-artificial\/","og_site_name":"Brasil not\u00edcias","article_published_time":"2024-07-09T20:07:34+00:00","og_image":[{"width":1600,"height":752,"url":"https:\/\/brasilnoticias.org\/site\/wp-content\/uploads\/2024\/07\/152582comissao-do-senado-adia-votacao-do-pl-da-inteligencia-artificial-3.jpg","type":"image\/jpeg"}],"author":"Reda\u00e7\u00e3o","twitter_card":"summary_large_image","twitter_misc":{"Escrito por":"Reda\u00e7\u00e3o","Tempo estimado de leitura":"1 minuto"},"schema":{"@context":"https:\/\/schema.org","@graph":[{"@type":"Article","@id":"https:\/\/brasilnoticias.org\/site\/comissao-do-senado-adia-votacao-do-pl-da-inteligencia-artificial\/#article","isPartOf":{"@id":"https:\/\/brasilnoticias.org\/site\/comissao-do-senado-adia-votacao-do-pl-da-inteligencia-artificial\/"},"author":{"name":"Reda\u00e7\u00e3o","@id":"https:\/\/brasilnoticias.org\/site\/#\/schema\/person\/03bbbfe6c7634ad18c26444ea39049fa"},"headline":"Comiss\u00e3o do Senado adia vota\u00e7\u00e3o do PL da Intelig\u00eancia Artificial","datePublished":"2024-07-09T20:07:34+00:00","mainEntityOfPage":{"@id":"https:\/\/brasilnoticias.org\/site\/comissao-do-senado-adia-votacao-do-pl-da-inteligencia-artificial\/"},"wordCount":214,"commentCount":0,"publisher":{"@id":"https:\/\/brasilnoticias.org\/site\/#organization"},"image":{"@id":"https:\/\/brasilnoticias.org\/site\/comissao-do-senado-adia-votacao-do-pl-da-inteligencia-artificial\/#primaryimage"},"thumbnailUrl":"https:\/\/brasilnoticias.org\/site\/wp-content\/uploads\/2024\/07\/152582comissao-do-senado-adia-votacao-do-pl-da-inteligencia-artificial-3.jpg","articleSection":["Pol\u00edtica","\u00daltimas"],"inLanguage":"pt-PT","potentialAction":[{"@type":"CommentAction","name":"Comment","target":["https:\/\/brasilnoticias.org\/site\/comissao-do-senado-adia-votacao-do-pl-da-inteligencia-artificial\/#respond"]}]},{"@type":"WebPage","@id":"https:\/\/brasilnoticias.org\/site\/comissao-do-senado-adia-votacao-do-pl-da-inteligencia-artificial\/","url":"https:\/\/brasilnoticias.org\/site\/comissao-do-senado-adia-votacao-do-pl-da-inteligencia-artificial\/","name":"Comiss\u00e3o do Senado adia vota\u00e7\u00e3o do PL da Intelig\u00eancia Artificial - Brasil not\u00edcias","isPartOf":{"@id":"https:\/\/brasilnoticias.org\/site\/#website"},"primaryImageOfPage":{"@id":"https:\/\/brasilnoticias.org\/site\/comissao-do-senado-adia-votacao-do-pl-da-inteligencia-artificial\/#primaryimage"},"image":{"@id":"https:\/\/brasilnoticias.org\/site\/comissao-do-senado-adia-votacao-do-pl-da-inteligencia-artificial\/#primaryimage"},"thumbnailUrl":"https:\/\/brasilnoticias.org\/site\/wp-content\/uploads\/2024\/07\/152582comissao-do-senado-adia-votacao-do-pl-da-inteligencia-artificial-3.jpg","datePublished":"2024-07-09T20:07:34+00:00","breadcrumb":{"@id":"https:\/\/brasilnoticias.org\/site\/comissao-do-senado-adia-votacao-do-pl-da-inteligencia-artificial\/#breadcrumb"},"inLanguage":"pt-PT","potentialAction":[{"@type":"ReadAction","target":["https:\/\/brasilnoticias.org\/site\/comissao-do-senado-adia-votacao-do-pl-da-inteligencia-artificial\/"]}]},{"@type":"ImageObject","inLanguage":"pt-PT","@id":"https:\/\/brasilnoticias.org\/site\/comissao-do-senado-adia-votacao-do-pl-da-inteligencia-artificial\/#primaryimage","url":"https:\/\/brasilnoticias.org\/site\/wp-content\/uploads\/2024\/07\/152582comissao-do-senado-adia-votacao-do-pl-da-inteligencia-artificial-3.jpg","contentUrl":"https:\/\/brasilnoticias.org\/site\/wp-content\/uploads\/2024\/07\/152582comissao-do-senado-adia-votacao-do-pl-da-inteligencia-artificial-3.jpg","width":1600,"height":752},{"@type":"BreadcrumbList","@id":"https:\/\/brasilnoticias.org\/site\/comissao-do-senado-adia-votacao-do-pl-da-inteligencia-artificial\/#breadcrumb","itemListElement":[{"@type":"ListItem","position":1,"name":"In\u00edcio","item":"https:\/\/brasilnoticias.org\/site\/"},{"@type":"ListItem","position":2,"name":"Comiss\u00e3o do Senado adia vota\u00e7\u00e3o do PL da Intelig\u00eancia Artificial"}]},{"@type":"WebSite","@id":"https:\/\/brasilnoticias.org\/site\/#website","url":"https:\/\/brasilnoticias.org\/site\/","name":"Brasil not\u00edcias","description":"Brasil not\u00edcias","publisher":{"@id":"https:\/\/brasilnoticias.org\/site\/#organization"},"potentialAction":[{"@type":"SearchAction","target":{"@type":"EntryPoint","urlTemplate":"https:\/\/brasilnoticias.org\/site\/?s={search_term_string}"},"query-input":{"@type":"PropertyValueSpecification","valueRequired":true,"valueName":"search_term_string"}}],"inLanguage":"pt-PT"},{"@type":"Organization","@id":"https:\/\/brasilnoticias.org\/site\/#organization","name":"Brasil not\u00edcias","url":"https:\/\/brasilnoticias.org\/site\/","logo":{"@type":"ImageObject","inLanguage":"pt-PT","@id":"https:\/\/brasilnoticias.org\/site\/#\/schema\/logo\/image\/","url":"https:\/\/brasilnoticias.org\/site\/wp-content\/uploads\/2022\/05\/cropped-brasilnoticias-mini.jpg","contentUrl":"https:\/\/brasilnoticias.org\/site\/wp-content\/uploads\/2022\/05\/cropped-brasilnoticias-mini.jpg","width":314,"height":86,"caption":"Brasil not\u00edcias"},"image":{"@id":"https:\/\/brasilnoticias.org\/site\/#\/schema\/logo\/image\/"}},{"@type":"Person","@id":"https:\/\/brasilnoticias.org\/site\/#\/schema\/person\/03bbbfe6c7634ad18c26444ea39049fa","name":"Reda\u00e7\u00e3o","image":{"@type":"ImageObject","inLanguage":"pt-PT","@id":"https:\/\/brasilnoticias.org\/site\/#\/schema\/person\/image\/","url":"https:\/\/secure.gravatar.com\/avatar\/9ecaf7327a696cb23ad926fedded5f1f04d7049de9e445375d55b48c001a6e42?s=96&d=mm&r=g","contentUrl":"https:\/\/secure.gravatar.com\/avatar\/9ecaf7327a696cb23ad926fedded5f1f04d7049de9e445375d55b48c001a6e42?s=96&d=mm&r=g","caption":"Reda\u00e7\u00e3o"},"url":"https:\/\/brasilnoticias.org\/site\/author\/henrique\/"}]}},"_links":{"self":[{"href":"https:\/\/brasilnoticias.org\/site\/wp-json\/wp\/v2\/posts\/14963","targetHints":{"allow":["GET"]}}],"collection":[{"href":"https:\/\/brasilnoticias.org\/site\/wp-json\/wp\/v2\/posts"}],"about":[{"href":"https:\/\/brasilnoticias.org\/site\/wp-json\/wp\/v2\/types\/post"}],"author":[{"embeddable":true,"href":"https:\/\/brasilnoticias.org\/site\/wp-json\/wp\/v2\/users\/4"}],"replies":[{"embeddable":true,"href":"https:\/\/brasilnoticias.org\/site\/wp-json\/wp\/v2\/comments?post=14963"}],"version-history":[{"count":1,"href":"https:\/\/brasilnoticias.org\/site\/wp-json\/wp\/v2\/posts\/14963\/revisions"}],"predecessor-version":[{"id":14965,"href":"https:\/\/brasilnoticias.org\/site\/wp-json\/wp\/v2\/posts\/14963\/revisions\/14965"}],"wp:featuredmedia":[{"embeddable":true,"href":"https:\/\/brasilnoticias.org\/site\/wp-json\/wp\/v2\/media\/14964"}],"wp:attachment":[{"href":"https:\/\/brasilnoticias.org\/site\/wp-json\/wp\/v2\/media?parent=14963"}],"wp:term":[{"taxonomy":"category","embeddable":true,"href":"https:\/\/brasilnoticias.org\/site\/wp-json\/wp\/v2\/categories?post=14963"},{"taxonomy":"post_tag","embeddable":true,"href":"https:\/\/brasilnoticias.org\/site\/wp-json\/wp\/v2\/tags?post=14963"}],"curies":[{"name":"wp","href":"https:\/\/api.w.org\/{rel}","templated":true}]}}